{"id":15531,"date":"2024-12-24T13:42:26","date_gmt":"2024-12-24T11:42:26","guid":{"rendered":"https:\/\/haberkuzey.com\/index.php\/2024\/12\/24\/adiyaman-3-agir-ceza-mahkemesi-aileleri-dinledi-mezarlikta-bile-hava-boslugu-var-ama-isiasta-yoktu\/"},"modified":"2024-12-24T13:42:26","modified_gmt":"2024-12-24T11:42:26","slug":"adiyaman-3-agir-ceza-mahkemesi-aileleri-dinledi-mezarlikta-bile-hava-boslugu-var-ama-isiasta-yoktu","status":"publish","type":"post","link":"https:\/\/haberkuzey.com\/index.php\/2024\/12\/24\/adiyaman-3-agir-ceza-mahkemesi-aileleri-dinledi-mezarlikta-bile-hava-boslugu-var-ama-isiasta-yoktu\/","title":{"rendered":"Ad\u0131yaman 3. A\u011f\u0131r Ceza Mahkemesi aileleri dinledi: \u201c\u201cMezarl\u0131kta bile hava bo\u015flu\u011fu var ama \u0130sias\u2019ta yoktu\u201d"},"content":{"rendered":"<div>\n<div class=\"mariselle-image-container center\">\n                                            <\/div>\n<p>Ad\u0131yaman 3. A\u011f\u0131r Ceza Mahkemesi\u2019nde \u0130sias davas\u0131 alt\u0131nc\u0131 duru\u015fmas\u0131nda aileler dinlendi. \u015eu s\u0131ralar devam eden mahkemede ailelerin avukatlar\u0131na s\u00f6z verildi.<\/p>\n<p>Ailelerin dinlendi\u011fi davada s\u00f6z alan Kadir Aydo\u011fdu, bilirki\u015fi raporuna i\u015faret ederek, 72 can i\u00e7in ayr\u0131 ayr\u0131 ceza verilmesini isteyerek, olas\u0131 kast istemlerini yineledi.<\/p>\n<p>Ozan Da\u011fl\u0131, \u0130sias\u2019\u0131n depremde kum y\u0131\u011f\u0131n\u0131na d\u00f6nen tek bina oldu\u011funu kaydederek, hayat\u0131n\u0131 kaybedenlerin bir\u00e7o\u011funun bo\u011fularak \u00f6ld\u00fc\u011f\u00fcn\u00fc s\u00f6yledi.<\/p>\n<p>\u201cOtelde Ahmet Bozkurt\u2019un ya\u015f\u0131 kadar insan \u00f6ld\u00fc\u201d diyen Da\u011fl\u0131, e\u015fini ve iki k\u0131z\u0131n\u0131 kaybetti\u011fini belirterek, \u201cK\u0131sasa k\u0131sas istiyorum. Ama bu m\u00fcmk\u00fcn de\u011fil, en az\u0131ndan olas\u0131 kast talep ediyorum\u201d diye konu\u015ftu.<br \/>Hilal Alp, evlats\u0131z kald\u0131klar\u0131n\u0131 ifade ederek, t\u00fcm sorumlular\u0131n en a\u011f\u0131r \u015fekilde cezaland\u0131r\u0131lmas\u0131 taleplerini dile getirdi. Alp, \u201cAdalet istiyorum\u201d dedi.<\/p>\n<p>\u0130smail G\u00f6k\u00e7en ise konu\u015fmas\u0131nda, \u201c\u00c7ocu\u011fumu kendi ellerimle mezara indirdim. San\u0131klar\u0131n sadece 3-5 seneyle cezaland\u0131r\u0131lmas\u0131n\u0131 istemiyorum. Bizim hayatlar\u0131m\u0131z\u0131 bitirdiler, yar\u0131nlar\u0131m\u0131z\u0131 \u00e7ald\u0131lar. Olas\u0131 kast istiyoruz\u201d dedi.<\/p>\n<p>Hilal D\u00fczg\u00fcnce, ya\u015fananlar\u0131n r\u00fcya olmas\u0131n\u0131 diledi\u011fini ifade ederek,  \u201cSiz bizim sevdiklerimizi incittiniz. Her g\u00fcn Zincirlikuyu\u2019nun \u00f6n\u00fcnden o\u011fluma selam vererek i\u015fe gidiyorum. Nefret duygusunu bana a\u015f\u0131layan insanlar\u0131n da bunu ya\u015famas\u0131n\u0131 istiyorum. Y\u00fcz\u00fcm\u00fcz g\u00fclerek buradan \u00e7\u0131kmam\u0131z\u0131 sa\u011flay\u0131n.  Ben mahkemeye inan\u0131yor ve g\u00fcveniyorum\u201d diye konu\u015ftu.<\/p>\n<p>Meri\u00e7 \u0130\u00e7me, depremde 14 ya\u015f\u0131ndaki o\u011flunu kaybetti\u011fini ifade ederek, enkaza da ilk girenlerden oldu\u011funu s\u00f6yledi.<\/p>\n<p>Binan\u0131n kum y\u0131\u011f\u0131n\u0131 oldu\u011funu dile getiren \u0130\u00e7me, \u201cDeprem 11 ilde ya\u015fand\u0131. B\u00f6yle bir bina var m\u0131, bak\u0131n\u2026 Bu otel kum y\u0131\u011f\u0131n\u0131na d\u00f6nd\u00fc\u2026 Madencilerin kazma k\u00fcrek b\u0131rak\u0131p, a\u011flayarak ka\u00e7t\u0131klar\u0131n\u0131 bire bir g\u00f6rd\u00fck. Adalet olas\u0131 kastla gelsin, m\u00fcebbet istiyoruz\u201d diye konu\u015ftu.<\/p>\n<p>Serta\u00e7 \u0130pek\u00e7io\u011flu, g\u00fcle oynaya Ad\u0131yaman\u2019a gelen \u00e7ocuklar\u0131n\u0131n burada hayat\u0131n\u0131 kaybetti\u011fini s\u00f6yledi. \u0130pek\u00e7io\u011flu, bilirki\u015fi raporlar\u0131n\u0131n bilimsel ger\u00e7ekleri ispatlad\u0131\u011f\u0131n\u0131 da ifade etti.<\/p>\n<p>Pervin Aksoy \u0130pek\u00e7io\u011flu ise \u201c\u0130nsanl\u0131\u011f\u0131n \u00f6ld\u00fc\u011f\u00fcn\u00fc, sahtekarl\u0131kla \u00e7ocuklara mezar yap\u0131ld\u0131\u011f\u0131n\u0131 \u00f6\u011frendik\u201d diyerek ellerinde sahte bir ruhsat oldu\u011funu, bu ruhsat ge\u00e7erliymi\u015f gibi i\u015flem yapan kamu g\u00f6revlileri oldu\u011funu s\u00f6yledi. <\/p>\n<p>\u0130pek\u00e7io\u011flu, sahte ruhsat\u0131n al\u0131nma s\u00fcrece\u011fi hakk\u0131nda bilgi vererek, \u201cBir hukuk\u00e7u olarak olas\u0131 kast ve bilin\u00e7li taksirin ne oldu\u011funu \u00e7ok iyi biliyorum. Anne y\u00fcre\u011finin cezas\u0131 tabi ki olas\u0131 kast de\u011fildir\u201d diye konu\u015ftu.<\/p>\n<p>\u0130pek\u00e7io\u011flu, \u201cK\u0131z\u0131m umuttu bizim i\u00e7in. Ben bu mahkemede umudu \u00f6ld\u00fcrenleri g\u00f6rd\u00fcm, \u00f6\u011frendim. Ama vicdan sahibi ki\u015filerin ceza vermesini hen\u00fcz g\u00f6rmedim, bize bunu g\u00f6sterin. T\u00fcm san\u0131klar\u0131n olas\u0131 kastla cezaland\u0131r\u0131lmas\u0131n\u0131 istiyorum\u201d dedi.<\/p>\n<p>Enver Karakaya, konu\u015fmas\u0131nda annelerin taleplerine kar\u015f\u0131l\u0131k verilmesini isterken, Ru\u015fen Karakaya da k\u0131z\u0131 Selin\u2019den bahsetti.<\/p>\n<p>Ru\u015fen Karakaya, \u201cSelinim 14 ya\u015f\u0131nda, hayalleri olan muhte\u015fem bir k\u0131z \u00e7ocu\u011fuydu. \u00c7ocuklar\u0131m\u0131z\u0131 nefes alamadan bu kum y\u0131\u011f\u0131n\u0131n alt\u0131ndan ald\u0131k. Buna nas\u0131l bilin\u00e7li taksir diyebilirsiniz? Size yalvar\u0131r\u0131m, ger\u00e7ek cezay\u0131 verin. \u00c7ocuklar\u0131n can\u0131 bu kadar de\u011fersiz olmas\u0131n. Hi\u00e7bir \u00e7ocuk ve aile bir daha bunu ya\u015famas\u0131n. Bir imzay\u0131 atarken iki kez d\u00fc\u015f\u00fcns\u00fcnler\u201d diye konu\u015ftu.<\/p>\n<p>Fatma Karasel, t\u00fcm sevdiklerini onlardan koparan sorumlular\u0131n olas\u0131 kastla yarg\u0131lanmas\u0131n\u0131 isteyerek, adalete g\u00fcvendi\u011fini vurgulad\u0131.<\/p>\n<p>Orhan Ko\u00e7, \u201cY\u00fcce T\u00fcrk\u201d adaletine, yarg\u0131\u00e7lar\u0131n adaletine g\u00fcvendiklerini kaydederek, \u201c\u0130n\u015fallah bir daha g\u00fcn y\u00fcz\u00fc g\u00f6remeyecekler\u201d diye konu\u015ftu.<\/p>\n<p>\u0130hsan Nurlu\u00f6z, ise otelin enkaz\u0131n\u0131 kendilerinin de g\u00f6rd\u00fc\u011f\u00fcn\u00fc ifade ederek, \u201cMadenciler k\u00fc\u00e7\u00fck bir delik a\u00e7\u0131p i\u00e7eriye giremediler. T\u00fcrkiye\u2019de bu kadar \u00e7ok usuls\u00fczl\u00fc\u011f\u00fcn yap\u0131ld\u0131\u011f\u0131 ba\u015fka bir dava yok. Bu davadan emsal olacak olas\u0131 kast \u00e7\u0131kmal\u0131\u201d dedi.<\/p>\n<p>Nurlu\u00f6z, \u201cBizim m\u00fccadelemiz gelecek nesiller i\u00e7indir. Yoksa buradan \u00e7\u0131kacak karar benim \u00f6zlemimi gidermeyecek, ac\u0131m\u0131 dindirmeyecek\u201d diye konu\u015ftu.<\/p>\n<p>Esra \u00d6zberkman,  6 \u015eubat depremini bire bir ya\u015fad\u0131\u011f\u0131n\u0131 ve kum y\u0131\u011f\u0131n\u0131n\u0131n alt\u0131ndan \u00e7\u0131kt\u0131\u011f\u0131n\u0131 s\u00f6yledi.<\/p>\n<p>Yalanlar\u0131 dinlemenin zor oldu\u011funu kaydeden \u00d6zberkman, \u201cBiz bilime inanan insanlar\u0131z, kaderci de\u011filiz\u201d diye konu\u015ftu. Bozkurt\u2019un \u201cme\u015fhur\u201d tan\u0131klar\u0131n\u0131n otel sahiplerinin burada oturdu\u011funu s\u00f6yledi\u011fini an\u0131msatan \u00d6zberkman, \u2018Binlerce insan \u00f6ld\u00fc, 72 can\u0131n derdine d\u00fc\u015ft\u00fcn\u00fcz\u2019 diyenler oldu. Bizim canlar\u0131m\u0131z\u0131n geri gelmeyece\u011fini biliyoruz. Bizim sava\u015f\u0131m\u0131z geriye kalan \u00e7ocuklar i\u00e7indir, T\u00fcrkiye\u2019de ya\u015fayan 80 milyon i\u00e7indir\u201d dedi.<\/p>\n<p>Tayyip \u00d6zberkman ise en de\u011ferlisini kaybeden bir baba olarak hi\u00e7 kimsenin yak\u0131nlar\u0131n\u0131 kaybetmemesini diledi.<\/p>\n<p>Yalan beyanlara de\u011fil, bilimin g\u00f6sterdi\u011fi ger\u00e7eklere itibar edilmesini talep eden Tayyip \u00d6zberkman, bu davaya kamu g\u00f6revlilerinin davas\u0131n\u0131n da eklenmesini isteyerek, \u201cBa\u015fka 6 \u015eubatlar olmas\u0131n diye olas\u0131 kast istiyoruz\u201d diye konu\u015ftu.<\/p>\n<p>Mehmet Tabarl\u0131, kum y\u0131\u011f\u0131n\u0131na d\u00f6nen enkazda 3 g\u00fcn bekledi\u011fini, cenazesini elleriyle kazarak \u00e7\u0131kard\u0131\u011f\u0131n\u0131 ifade ederek, kendisinin de in\u015faat\u00e7\u0131 oldu\u011funu belirtti.<\/p>\n<p>Tabarl\u0131, \u201cApartman olan bina nas\u0131l otele \u00e7evrildi\u201d diye sorarak olas\u0131 kast taleplerini yineledi.<\/p>\n<p>Nurten Tan, kanunsuz yap\u0131lan otelde canlar\u0131n\u0131 kaybettiklerini kaydederek,  \u201c\u00c7ocuklar\u0131m\u0131z o otelde nefessiz kad\u0131. Ya\u015fam \u00fc\u00e7geni yoktu. Y\u00fcre\u011fim yan\u0131yor, ac\u0131yor. Bu dava umut olsun istiyorum\u201d diye konu\u015ftu.<\/p>\n<p>Mehmet T\u00fclek, bu a\u015famada m\u00fccadeleye gerek olmad\u0131\u011f\u0131n\u0131 kaydederek, \u201cHer \u015fey \u00e7ok somut. Kendi g\u00f6zlerimizle g\u00f6rd\u00fcklerimizi kan\u0131tlamaya \u00e7al\u0131\u015ft\u0131k. Usuls\u00fczl\u00fck, sahtekarl\u0131k var. Konuttan dev\u015firme otel var. Bir binan\u0131n y\u0131k\u0131m\u0131na sebep olacak her \u015fey var ama ceza yok. Biz ger\u00e7ek bir ceza istiyoruz\u201d dedi.<\/p>\n<p>T\u00fclek, \u201cAyaklar\u0131m\u0131n bir-iki metre alt\u0131nda k\u0131z\u0131m vard\u0131. Biz onlar\u0131 kurtarmaya \u00e7al\u0131\u015f\u0131rken, Ahmet Bozkurt ve Mehmet Fatih Bozkurt otele gelip para kasas\u0131 ar\u0131yordu\u201d diye konu\u015ftu.<\/p>\n<p> \u201cBeni vicdan\u0131mla ba\u015f ba\u015fa b\u0131rakmay\u0131n\u201d diyen T\u00fclek, \u201cBize, ellerini kollar\u0131n\u0131 sallayarak dola\u015ft\u0131klar\u0131n\u0131 g\u00f6stermeyin. Bizim i\u00e7in adalet onlar\u0131 da topra\u011fa g\u00f6mmek\u201d ifadelerini kulland\u0131.<\/p>\n<p>Burcu Y\u0131lmaz, depremde kaybetti\u011fi e\u015fiyle vedala\u015famad\u0131\u011f\u0131n\u0131 s\u00f6yleyerek, \u201cBana e\u015fimi g\u00f6stermediler. Kim bilir ne durumdayd\u0131\u2026\u201d dedi.<\/p>\n<p>San\u0131klar\u0131n orada durup kendini nas\u0131l savunabildi\u011fini soran Y\u0131lmaz,  \u201cBiz hayatlar\u0131m\u0131za d\u00f6nemeyece\u011fiz, l\u00fctfen onlar\u0131n da 3-5 sene sonra hayatlar\u0131na d\u00f6nd\u00fcklerini g\u00f6stermeyin\u201d diye konu\u015ftu.<\/p>\n<p>Erhan Ta\u015fk\u0131n, enkazdan yaral\u0131 \u00e7\u0131kt\u0131\u011f\u0131n\u0131 kaydederek, hi\u00e7bir arkada\u015f\u0131n\u0131n Ad\u0131yaman\u2019a gelmek istemedi\u011fini ancak kendisinin depremden sonra 13 sefer Ad\u0131yaman\u2019a geldi\u011fini s\u00f6yledi.<\/p>\n<p>\u201cAdalet i\u00e7in buraday\u0131z. L\u00fctfen adaletli olun, adalet da\u011f\u0131t\u0131n, olas\u0131 kast verin\u201d diyen Ta\u015fk\u0131n, \u201cBen burada \u00f6l\u00fcyordum\u201d diye konu\u015ftu.<\/p>\n<p>Ta\u015fk\u0131n, \u201c\u00c7ocuklar, insanlar so\u011fuktan \u00f6ld\u00fc dediler ama enkaz\u0131n i\u00e7i s\u0131cakt\u0131, 7 saat enkaz\u0131n \u00fczerinde arkada\u015flar\u0131m\u0131, \u00e7ocuklar\u0131 arad\u0131m. Is\u0131nmak i\u00e7in enkaza girdim. 30 arkada\u015f\u0131m \u00f6ld\u00fc, en yak\u0131nlar\u0131m \u00f6ld\u00fc\u201d dedi.<\/p>\n<p>Ya\u015far Gen\u00e7alio\u011flu, \u0130sias\u2019\u0131n enkaz\u0131ndan 14 ya\u015f\u0131ndaki k\u0131z\u0131n\u0131 \u00e7\u0131kard\u0131\u011f\u0131n\u0131 s\u00f6yleyerek, \u201cMezarl\u0131kta bile hava bo\u015flu\u011fu vard\u0131 ama o binada yoktu. K\u0131z\u0131m ya\u015fasayd\u0131 16 ya\u015f\u0131na girecekti ama bunu g\u00f6remeyece\u011fiz\u201d dedi.<\/p>\n<p>Karar\u0131n olas\u0131 kast olmas\u0131 talebini dile getiren Gen\u00e7alio\u011flu, \u201cBozkurt ve ailesi hapiste oldu\u011fu i\u00e7in \u00e7ok \u015fikayet\u00e7i ama ben k\u0131z\u0131m\u0131 mezara kendi ellerimle koydum. Su\u00e7lular\u0131n bedelini \u00f6demesini istiyorum. Sizlere g\u00fcveniyorum\u201d diye konu\u015ftu.<\/p>\n<p>Caner Kalayc\u0131, depremde e\u015fini ve k\u0131z\u0131n\u0131 kaybetti\u011fini ifade ederek,  \u201cE\u015fim de bir hukuk\u00e7uydu. K\u0131z\u0131na sar\u0131lm\u0131\u015f \u015fekilde hayat\u0131n\u0131 kaybetti. Kusuru olanlar\u0131n yar\u0131s\u0131 i\u00e7erde yar\u0131s\u0131 sokaklarda\u201d dedi.<\/p>\n<p>Kalayc\u0131, \u201cOlas\u0131 kast talebimiz var, cesaretle bu karar\u0131 \u00e7\u0131karman\u0131z\u0131 bekliyoruz\u201d diyerek bu karar\u0131n TC i\u00e7in bir \u201cnefes\u201d niteli\u011finde olaca\u011f\u0131n\u0131 s\u00f6yledi.<\/p>\n<p>Meltem Ekiz, 14 ya\u015f\u0131ndaki o\u011flunu topra\u011fa verdi\u011fini s\u00f6yleyerek, \u201cHepimiz evlatlar\u0131m\u0131z i\u00e7in ya\u015fad\u0131k ve ayakta kalmaya \u00e7al\u0131\u015ft\u0131k. \u00c7ok ba\u015far\u0131l\u0131 sporcular olsunlar diye u\u011fra\u015ft\u0131k. \u00c7ok b\u00fcy\u00fck hayalleri, umutlar\u0131 vard\u0131\u201d dedi.<\/p>\n<p>O\u011flunun kendisini \u00f6pmeden otob\u00fcse bindi\u011fini, cama t\u0131klay\u0131p \u201cbeni \u00f6pmedin\u201d dedi\u011fini anlatan Meltem Ekiz, \u201c \u2018Anne zaten birka\u00e7 g\u00fcn sonra yan\u0131nda olaca\u011f\u0131m\u2019 dedi. Cans\u0131z bedenine defalarca sar\u0131l\u0131p o\u011flumu \u00f6pt\u00fcm, koklad\u0131m. Ben o g\u00fcn mezar\u0131n dibine girdim. \u00c7ocu\u011fumun kokusu gitmesin diye g\u00fcnlerce ellerimi y\u0131kamad\u0131m\u201d dedi.<\/p>\n<p>\u201cBiz nas\u0131l ya\u015fam\u0131yorsak onlar da g\u00fcn y\u00fcz\u00fc g\u00f6rmesin \u201cdiyen Ekiz, \u201cBu ac\u0131yla ya\u015fayam\u0131yorum. Biz ya\u015fam\u0131yorsak onlar da ya\u015famas\u0131n\u201d diye konu\u015ftu.<\/p>\n<p>Sibel Kumsal, Ahmet Bozkurt\u2019a, \u201cHi\u00e7 \u00e7ocuklar\u0131n adli t\u0131ptaki foto\u011fraflar\u0131n\u0131 g\u00f6rd\u00fcn\u00fcz m\u00fc?\u201d diyerek seslendi.<\/p>\n<p>O d\u00f6nem hamile oldu\u011funu, sa\u011fl\u0131k sorunu nedeniyle \u00e7ocu\u011funun yan\u0131na gidemedi\u011fini belirten Kumsal, \u201c\u0130lk defa \u00e7ocu\u011funuzu bir yere g\u00f6nderip onu tabutla almak\u2026 Tan\u0131yamam diye endi\u015fe edip \u2018tan\u0131d\u0131m\u2019 diye sevinebilmek\u2026\u201ddiyerek ya\u015fad\u0131klar\u0131na i\u015faret etti.<\/p>\n<p>Adalete inanmak istedi\u011fini kaydeden Kumsal, \u201cKatiller kar\u015f\u0131m\u0131zda\u2026 Mahkeme heyetinin bizi anlad\u0131\u011f\u0131n\u0131 hissetmek istiyorum. \u00c7ocuklar\u0131n hakk\u0131 yerde kalmayacak, bu ya\u015fad\u0131klar\u0131m\u0131z\u0131n bir kar\u015f\u0131l\u0131\u011f\u0131 olacak. Adaletin keskin k\u0131l\u0131c\u0131n\u0131 ve cesaretini g\u00f6sterin\u201d dedi.<\/p>\n<p>Kumsal, su\u00e7lular\u0131n en a\u011f\u0131r cezay\u0131 almas\u0131n\u0131, b\u00fct\u00fcn bu ac\u0131lar\u0131n kar\u015f\u0131l\u0131\u011f\u0131n\u0131n olmas\u0131n\u0131 istedi\u011fini s\u00f6yledi.<\/p>\n<p>Mehmet Topuk\u00e7uo\u011flu, enkaza ilk gelenlerden oldu\u011funu s\u00f6yleyerek, \u201cDe\u011fi\u015fik iddialar ve yalanc\u0131 \u015fehitler var. Ben bahsi ge\u00e7en o \u00e7al\u0131\u015fan\u0131 g\u00f6rd\u00fcm. O \u00e7al\u0131\u015fan asfaltta bulundu. Onu sa\u00e7lar\u0131ndan dolay\u0131 o\u011flum zannettim. Yalanc\u0131 \u015fahidin dedi\u011fi gibi de\u011fildi olay, bina yana de\u011fil \u00f6ne d\u00fc\u015ft\u00fc\u201d diye konu\u015ftu.<\/p>\n<p>Ekmek\u00e7inin arabas\u0131n\u0131 \u00e7al\u0131\u015ft\u0131r\u0131p ka\u00e7amad\u0131\u011f\u0131n\u0131 s\u00f6yleyen Topuk\u00e7uo\u011flu, \u201cBizim \u00e7ocuklar\u0131m\u0131z\u0131n \u00e7ok b\u00fcy\u00fck ba\u015far\u0131lar\u0131 vard\u0131. Onlara kabirleri ba\u015f\u0131nda \u00e7ok \u015fey anlat\u0131yorum. D\u00f6n\u00fc\u015fte de anlataca\u011f\u0131m, ba\u015far\u0131 da sizin verece\u011finiz olas\u0131 kast karar\u0131yla gelecek\u201d diye konu\u015ftu.<\/p>\n<p>Muhammet Seyfettino\u011flu da sucular\u0131n en a\u011f\u0131r cezay\u0131 almas\u0131n\u0131 istedi.<\/p>\n<p>Cem Ahmet Yeni\u00e7eri ise savc\u0131n\u0131n m\u00fctalaas\u0131nda okudu\u011fu bilin\u00e7li taksir sebebine dikkat \u00e7ekerek, sonu\u00e7 olas\u0131 kast \u00e7\u0131karsa da \u00e7ok mutlu olmayaca\u011f\u0131n\u0131 s\u00f6yledi, \u201cBenim hayat\u0131m gitti. Sizler de Allah kat\u0131nda yarg\u0131lanacaks\u0131n\u0131z\u201d dedi.<\/p>\n<p> A\u00e7\u0131klamalara i\u015faret ederek, \u201cHepimizle dalga ge\u00e7iyorlar\u201d diyen Yeni\u00e7eri, \u201cBinalarda bir tane bo\u015fluk bulamad\u0131k. Ben k\u0131z\u0131m\u0131 ve e\u015fimi ceset torbas\u0131nda ald\u0131m. Ama biz Ahmet Bozkurt\u2019u ceset torbas\u0131nda g\u00f6remedik. Umar\u0131m bu dava TC ile KKTC aras\u0131nda bir k\u0131r\u0131lma noktas\u0131 olmaz. Oradaki insanlar adalet bekliyor\u201d dedi.<\/p>\n<p>Mehmet Sabanc\u0131 ise konu\u015fmas\u0131nda, \u201cS\u0131ram bozuldu, s\u0131ram\u0131 d\u00fczeltemeyeceksiniz\u201d diyerek ya\u015fad\u0131\u011f\u0131 ac\u0131y\u0131 dile getirdi.<\/p>\n<p>\u201cBurada bir daha ne i\u015fim olur dedim. Alt\u0131nc\u0131 seferdir buraday\u0131z\u201d diyen Sabanc\u0131, \u201cKim, evlad\u0131n\u0131 \u00e7\u0131kard\u0131\u011f\u0131 topraklarla y\u00fczle\u015fmek ister? Temeli yanl\u0131\u015f at\u0131lan binada canlar\u0131m\u0131z\u0131 kaybettik. Temeli do\u011fru at\u0131lacak kararla gelecek nesillere umut olun\u201d diye konu\u015ftu.<\/p>\n<\/p><\/div>\n<p><script async\n                    defer\n                    crossorigin=\"anonymous\"\n                    src=\"https:\/\/connect.facebook.net\/tr_TR\/sdk.js#xfbml=1&#038;version=v3.3\"\n            ><\/script><\/p>\n","protected":false},"excerpt":{"rendered":"<p>Ad\u0131yaman 3. A\u011f\u0131r Ceza Mahkemesi\u2019nde \u0130sias davas\u0131 alt\u0131nc\u0131 duru\u015fmas\u0131nda aileler dinlendi. \u015eu s\u0131ralar devam eden mahkemede ailelerin avukatlar\u0131na s\u00f6z verildi. Ailelerin dinlendi\u011fi davada s\u00f6z alan Kadir Aydo\u011fdu, bilirki\u015fi raporuna i\u015faret ederek, 72 can i\u00e7in ayr\u0131 ayr\u0131 ceza verilmesini isteyerek, olas\u0131 kast istemlerini yineledi. Ozan Da\u011fl\u0131, \u0130sias\u2019\u0131n depremde kum y\u0131\u011f\u0131n\u0131na d\u00f6nen tek bina oldu\u011funu kaydederek, hayat\u0131n\u0131 [&hellip;]<\/p>\n","protected":false},"author":1,"featured_media":15532,"comment_status":"open","ping_status":"open","sticky":false,"template":"","format":"standard","meta":{"jnews-multi-image_gallery":[],"jnews_single_post":[],"jnews_primary_category":[],"footnotes":""},"categories":[1],"tags":[],"class_list":["post-15531","post","type-post","status-publish","format-standard","has-post-thumbnail","hentry","category-kibris"],"yoast_head":"<!-- This site is optimized with the Yoast SEO plugin v27.5 - https:\/\/yoast.com\/product\/yoast-seo-wordpress\/ -->\n<title>Ad\u0131yaman 3. A\u011f\u0131r Ceza Mahkemesi aileleri dinledi: \u201c\u201cMezarl\u0131kta bile hava bo\u015flu\u011fu var ama \u0130sias\u2019ta yoktu\u201d - Haber Kuzey<\/title>\n<meta name=\"robots\" content=\"index, follow, max-snippet:-1, max-image-preview:large, max-video-preview:-1\" \/>\n<link rel=\"canonical\" href=\"https:\/\/haberkuzey.com\/index.php\/2024\/12\/24\/adiyaman-3-agir-ceza-mahkemesi-aileleri-dinledi-mezarlikta-bile-hava-boslugu-var-ama-isiasta-yoktu\/\" \/>\n<meta property=\"og:locale\" content=\"tr_TR\" \/>\n<meta property=\"og:type\" content=\"article\" \/>\n<meta property=\"og:title\" content=\"Ad\u0131yaman 3. A\u011f\u0131r Ceza Mahkemesi aileleri dinledi: \u201c\u201cMezarl\u0131kta bile hava bo\u015flu\u011fu var ama \u0130sias\u2019ta yoktu\u201d - Haber Kuzey\" \/>\n<meta property=\"og:description\" content=\"Ad\u0131yaman 3. A\u011f\u0131r Ceza Mahkemesi\u2019nde \u0130sias davas\u0131 alt\u0131nc\u0131 duru\u015fmas\u0131nda aileler dinlendi. \u015eu s\u0131ralar devam eden mahkemede ailelerin avukatlar\u0131na s\u00f6z verildi. Ailelerin dinlendi\u011fi davada s\u00f6z alan Kadir Aydo\u011fdu, bilirki\u015fi raporuna i\u015faret ederek, 72 can i\u00e7in ayr\u0131 ayr\u0131 ceza verilmesini isteyerek, olas\u0131 kast istemlerini yineledi. Ozan Da\u011fl\u0131, \u0130sias\u2019\u0131n depremde kum y\u0131\u011f\u0131n\u0131na d\u00f6nen tek bina oldu\u011funu kaydederek, hayat\u0131n\u0131 [&hellip;]\" \/>\n<meta property=\"og:url\" content=\"https:\/\/haberkuzey.com\/index.php\/2024\/12\/24\/adiyaman-3-agir-ceza-mahkemesi-aileleri-dinledi-mezarlikta-bile-hava-boslugu-var-ama-isiasta-yoktu\/\" \/>\n<meta property=\"og:site_name\" content=\"Haber Kuzey\" \/>\n<meta property=\"article:published_time\" content=\"2024-12-24T11:42:26+00:00\" \/>\n<meta property=\"og:image\" content=\"https:\/\/brtk.net\/wp-content\/uploads\/2024\/12\/24\/1735038267090isias-4.png?ver=348509a3f584e6d25b7551b8f61a0084\" \/>\n<meta name=\"author\" content=\"haberkuzey\" \/>\n<meta name=\"twitter:card\" content=\"summary_large_image\" \/>\n<meta name=\"twitter:label1\" content=\"Yazan:\" \/>\n\t<meta name=\"twitter:data1\" content=\"haberkuzey\" \/>\n\t<meta name=\"twitter:label2\" content=\"Tahmini okuma s\u00fcresi\" \/>\n\t<meta name=\"twitter:data2\" content=\"10 dakika\" \/>\n<script type=\"application\/ld+json\" class=\"yoast-schema-graph\">{\"@context\":\"https:\\\/\\\/schema.org\",\"@graph\":[{\"@type\":\"Article\",\"@id\":\"https:\\\/\\\/haberkuzey.com\\\/index.php\\\/2024\\\/12\\\/24\\\/adiyaman-3-agir-ceza-mahkemesi-aileleri-dinledi-mezarlikta-bile-hava-boslugu-var-ama-isiasta-yoktu\\\/#article\",\"isPartOf\":{\"@id\":\"https:\\\/\\\/haberkuzey.com\\\/index.php\\\/2024\\\/12\\\/24\\\/adiyaman-3-agir-ceza-mahkemesi-aileleri-dinledi-mezarlikta-bile-hava-boslugu-var-ama-isiasta-yoktu\\\/\"},\"author\":{\"name\":\"haberkuzey\",\"@id\":\"https:\\\/\\\/haberkuzey.com\\\/#\\\/schema\\\/person\\\/3372109ec735f9333f4fa47ebb9605ca\"},\"headline\":\"Ad\u0131yaman 3. A\u011f\u0131r Ceza Mahkemesi aileleri dinledi: \u201c\u201cMezarl\u0131kta bile hava bo\u015flu\u011fu var ama \u0130sias\u2019ta yoktu\u201d\",\"datePublished\":\"2024-12-24T11:42:26+00:00\",\"mainEntityOfPage\":{\"@id\":\"https:\\\/\\\/haberkuzey.com\\\/index.php\\\/2024\\\/12\\\/24\\\/adiyaman-3-agir-ceza-mahkemesi-aileleri-dinledi-mezarlikta-bile-hava-boslugu-var-ama-isiasta-yoktu\\\/\"},\"wordCount\":1999,\"commentCount\":0,\"image\":{\"@id\":\"https:\\\/\\\/haberkuzey.com\\\/index.php\\\/2024\\\/12\\\/24\\\/adiyaman-3-agir-ceza-mahkemesi-aileleri-dinledi-mezarlikta-bile-hava-boslugu-var-ama-isiasta-yoktu\\\/#primaryimage\"},\"thumbnailUrl\":\"https:\\\/\\\/haberkuzey.com\\\/wp-content\\\/uploads\\\/2024\\\/12\\\/1735038267090isias-4.png\",\"articleSection\":[\"K\u0131br\u0131s\"],\"inLanguage\":\"tr\",\"potentialAction\":[{\"@type\":\"CommentAction\",\"name\":\"Comment\",\"target\":[\"https:\\\/\\\/haberkuzey.com\\\/index.php\\\/2024\\\/12\\\/24\\\/adiyaman-3-agir-ceza-mahkemesi-aileleri-dinledi-mezarlikta-bile-hava-boslugu-var-ama-isiasta-yoktu\\\/#respond\"]}]},{\"@type\":\"WebPage\",\"@id\":\"https:\\\/\\\/haberkuzey.com\\\/index.php\\\/2024\\\/12\\\/24\\\/adiyaman-3-agir-ceza-mahkemesi-aileleri-dinledi-mezarlikta-bile-hava-boslugu-var-ama-isiasta-yoktu\\\/\",\"url\":\"https:\\\/\\\/haberkuzey.com\\\/index.php\\\/2024\\\/12\\\/24\\\/adiyaman-3-agir-ceza-mahkemesi-aileleri-dinledi-mezarlikta-bile-hava-boslugu-var-ama-isiasta-yoktu\\\/\",\"name\":\"Ad\u0131yaman 3. A\u011f\u0131r Ceza Mahkemesi aileleri dinledi: \u201c\u201cMezarl\u0131kta bile hava bo\u015flu\u011fu var ama \u0130sias\u2019ta yoktu\u201d - Haber Kuzey\",\"isPartOf\":{\"@id\":\"https:\\\/\\\/haberkuzey.com\\\/#website\"},\"primaryImageOfPage\":{\"@id\":\"https:\\\/\\\/haberkuzey.com\\\/index.php\\\/2024\\\/12\\\/24\\\/adiyaman-3-agir-ceza-mahkemesi-aileleri-dinledi-mezarlikta-bile-hava-boslugu-var-ama-isiasta-yoktu\\\/#primaryimage\"},\"image\":{\"@id\":\"https:\\\/\\\/haberkuzey.com\\\/index.php\\\/2024\\\/12\\\/24\\\/adiyaman-3-agir-ceza-mahkemesi-aileleri-dinledi-mezarlikta-bile-hava-boslugu-var-ama-isiasta-yoktu\\\/#primaryimage\"},\"thumbnailUrl\":\"https:\\\/\\\/haberkuzey.com\\\/wp-content\\\/uploads\\\/2024\\\/12\\\/1735038267090isias-4.png\",\"datePublished\":\"2024-12-24T11:42:26+00:00\",\"author\":{\"@id\":\"https:\\\/\\\/haberkuzey.com\\\/#\\\/schema\\\/person\\\/3372109ec735f9333f4fa47ebb9605ca\"},\"breadcrumb\":{\"@id\":\"https:\\\/\\\/haberkuzey.com\\\/index.php\\\/2024\\\/12\\\/24\\\/adiyaman-3-agir-ceza-mahkemesi-aileleri-dinledi-mezarlikta-bile-hava-boslugu-var-ama-isiasta-yoktu\\\/#breadcrumb\"},\"inLanguage\":\"tr\",\"potentialAction\":[{\"@type\":\"ReadAction\",\"target\":[\"https:\\\/\\\/haberkuzey.com\\\/index.php\\\/2024\\\/12\\\/24\\\/adiyaman-3-agir-ceza-mahkemesi-aileleri-dinledi-mezarlikta-bile-hava-boslugu-var-ama-isiasta-yoktu\\\/\"]}]},{\"@type\":\"ImageObject\",\"inLanguage\":\"tr\",\"@id\":\"https:\\\/\\\/haberkuzey.com\\\/index.php\\\/2024\\\/12\\\/24\\\/adiyaman-3-agir-ceza-mahkemesi-aileleri-dinledi-mezarlikta-bile-hava-boslugu-var-ama-isiasta-yoktu\\\/#primaryimage\",\"url\":\"https:\\\/\\\/haberkuzey.com\\\/wp-content\\\/uploads\\\/2024\\\/12\\\/1735038267090isias-4.png\",\"contentUrl\":\"https:\\\/\\\/haberkuzey.com\\\/wp-content\\\/uploads\\\/2024\\\/12\\\/1735038267090isias-4.png\",\"width\":1490,\"height\":647},{\"@type\":\"BreadcrumbList\",\"@id\":\"https:\\\/\\\/haberkuzey.com\\\/index.php\\\/2024\\\/12\\\/24\\\/adiyaman-3-agir-ceza-mahkemesi-aileleri-dinledi-mezarlikta-bile-hava-boslugu-var-ama-isiasta-yoktu\\\/#breadcrumb\",\"itemListElement\":[{\"@type\":\"ListItem\",\"position\":1,\"name\":\"Anasayfa\",\"item\":\"https:\\\/\\\/haberkuzey.com\\\/\"},{\"@type\":\"ListItem\",\"position\":2,\"name\":\"Ad\u0131yaman 3. A\u011f\u0131r Ceza Mahkemesi aileleri dinledi: \u201c\u201cMezarl\u0131kta bile hava bo\u015flu\u011fu var ama \u0130sias\u2019ta yoktu\u201d\"}]},{\"@type\":\"WebSite\",\"@id\":\"https:\\\/\\\/haberkuzey.com\\\/#website\",\"url\":\"https:\\\/\\\/haberkuzey.com\\\/\",\"name\":\"Haber Kuzey\",\"description\":\"Do\u011fru Haberin Adresi\",\"potentialAction\":[{\"@type\":\"SearchAction\",\"target\":{\"@type\":\"EntryPoint\",\"urlTemplate\":\"https:\\\/\\\/haberkuzey.com\\\/?s={search_term_string}\"},\"query-input\":{\"@type\":\"PropertyValueSpecification\",\"valueRequired\":true,\"valueName\":\"search_term_string\"}}],\"inLanguage\":\"tr\"},{\"@type\":\"Person\",\"@id\":\"https:\\\/\\\/haberkuzey.com\\\/#\\\/schema\\\/person\\\/3372109ec735f9333f4fa47ebb9605ca\",\"name\":\"haberkuzey\",\"image\":{\"@type\":\"ImageObject\",\"inLanguage\":\"tr\",\"@id\":\"https:\\\/\\\/secure.gravatar.com\\\/avatar\\\/f5fc875574b1575324358c3b9e6a32b8227aa5b74f3fa22e3cadb63e26fcc39c?s=96&d=mm&r=g\",\"url\":\"https:\\\/\\\/secure.gravatar.com\\\/avatar\\\/f5fc875574b1575324358c3b9e6a32b8227aa5b74f3fa22e3cadb63e26fcc39c?s=96&d=mm&r=g\",\"contentUrl\":\"https:\\\/\\\/secure.gravatar.com\\\/avatar\\\/f5fc875574b1575324358c3b9e6a32b8227aa5b74f3fa22e3cadb63e26fcc39c?s=96&d=mm&r=g\",\"caption\":\"haberkuzey\"},\"sameAs\":[\"https:\\\/\\\/haberkuzey.com\"],\"url\":\"https:\\\/\\\/haberkuzey.com\\\/index.php\\\/author\\\/haberkuzey\\\/\"}]}<\/script>\n<!-- \/ Yoast SEO plugin. -->","yoast_head_json":{"title":"Ad\u0131yaman 3. A\u011f\u0131r Ceza Mahkemesi aileleri dinledi: \u201c\u201cMezarl\u0131kta bile hava bo\u015flu\u011fu var ama \u0130sias\u2019ta yoktu\u201d - Haber Kuzey","robots":{"index":"index","follow":"follow","max-snippet":"max-snippet:-1","max-image-preview":"max-image-preview:large","max-video-preview":"max-video-preview:-1"},"canonical":"https:\/\/haberkuzey.com\/index.php\/2024\/12\/24\/adiyaman-3-agir-ceza-mahkemesi-aileleri-dinledi-mezarlikta-bile-hava-boslugu-var-ama-isiasta-yoktu\/","og_locale":"tr_TR","og_type":"article","og_title":"Ad\u0131yaman 3. A\u011f\u0131r Ceza Mahkemesi aileleri dinledi: \u201c\u201cMezarl\u0131kta bile hava bo\u015flu\u011fu var ama \u0130sias\u2019ta yoktu\u201d - Haber Kuzey","og_description":"Ad\u0131yaman 3. A\u011f\u0131r Ceza Mahkemesi\u2019nde \u0130sias davas\u0131 alt\u0131nc\u0131 duru\u015fmas\u0131nda aileler dinlendi. \u015eu s\u0131ralar devam eden mahkemede ailelerin avukatlar\u0131na s\u00f6z verildi. Ailelerin dinlendi\u011fi davada s\u00f6z alan Kadir Aydo\u011fdu, bilirki\u015fi raporuna i\u015faret ederek, 72 can i\u00e7in ayr\u0131 ayr\u0131 ceza verilmesini isteyerek, olas\u0131 kast istemlerini yineledi. Ozan Da\u011fl\u0131, \u0130sias\u2019\u0131n depremde kum y\u0131\u011f\u0131n\u0131na d\u00f6nen tek bina oldu\u011funu kaydederek, hayat\u0131n\u0131 [&hellip;]","og_url":"https:\/\/haberkuzey.com\/index.php\/2024\/12\/24\/adiyaman-3-agir-ceza-mahkemesi-aileleri-dinledi-mezarlikta-bile-hava-boslugu-var-ama-isiasta-yoktu\/","og_site_name":"Haber Kuzey","article_published_time":"2024-12-24T11:42:26+00:00","og_image":[{"url":"https:\/\/brtk.net\/wp-content\/uploads\/2024\/12\/24\/1735038267090isias-4.png?ver=348509a3f584e6d25b7551b8f61a0084","type":"","width":"","height":""}],"author":"haberkuzey","twitter_card":"summary_large_image","twitter_misc":{"Yazan:":"haberkuzey","Tahmini okuma s\u00fcresi":"10 dakika"},"schema":{"@context":"https:\/\/schema.org","@graph":[{"@type":"Article","@id":"https:\/\/haberkuzey.com\/index.php\/2024\/12\/24\/adiyaman-3-agir-ceza-mahkemesi-aileleri-dinledi-mezarlikta-bile-hava-boslugu-var-ama-isiasta-yoktu\/#article","isPartOf":{"@id":"https:\/\/haberkuzey.com\/index.php\/2024\/12\/24\/adiyaman-3-agir-ceza-mahkemesi-aileleri-dinledi-mezarlikta-bile-hava-boslugu-var-ama-isiasta-yoktu\/"},"author":{"name":"haberkuzey","@id":"https:\/\/haberkuzey.com\/#\/schema\/person\/3372109ec735f9333f4fa47ebb9605ca"},"headline":"Ad\u0131yaman 3. A\u011f\u0131r Ceza Mahkemesi aileleri dinledi: \u201c\u201cMezarl\u0131kta bile hava bo\u015flu\u011fu var ama \u0130sias\u2019ta yoktu\u201d","datePublished":"2024-12-24T11:42:26+00:00","mainEntityOfPage":{"@id":"https:\/\/haberkuzey.com\/index.php\/2024\/12\/24\/adiyaman-3-agir-ceza-mahkemesi-aileleri-dinledi-mezarlikta-bile-hava-boslugu-var-ama-isiasta-yoktu\/"},"wordCount":1999,"commentCount":0,"image":{"@id":"https:\/\/haberkuzey.com\/index.php\/2024\/12\/24\/adiyaman-3-agir-ceza-mahkemesi-aileleri-dinledi-mezarlikta-bile-hava-boslugu-var-ama-isiasta-yoktu\/#primaryimage"},"thumbnailUrl":"https:\/\/haberkuzey.com\/wp-content\/uploads\/2024\/12\/1735038267090isias-4.png","articleSection":["K\u0131br\u0131s"],"inLanguage":"tr","potentialAction":[{"@type":"CommentAction","name":"Comment","target":["https:\/\/haberkuzey.com\/index.php\/2024\/12\/24\/adiyaman-3-agir-ceza-mahkemesi-aileleri-dinledi-mezarlikta-bile-hava-boslugu-var-ama-isiasta-yoktu\/#respond"]}]},{"@type":"WebPage","@id":"https:\/\/haberkuzey.com\/index.php\/2024\/12\/24\/adiyaman-3-agir-ceza-mahkemesi-aileleri-dinledi-mezarlikta-bile-hava-boslugu-var-ama-isiasta-yoktu\/","url":"https:\/\/haberkuzey.com\/index.php\/2024\/12\/24\/adiyaman-3-agir-ceza-mahkemesi-aileleri-dinledi-mezarlikta-bile-hava-boslugu-var-ama-isiasta-yoktu\/","name":"Ad\u0131yaman 3. A\u011f\u0131r Ceza Mahkemesi aileleri dinledi: \u201c\u201cMezarl\u0131kta bile hava bo\u015flu\u011fu var ama \u0130sias\u2019ta yoktu\u201d - Haber Kuzey","isPartOf":{"@id":"https:\/\/haberkuzey.com\/#website"},"primaryImageOfPage":{"@id":"https:\/\/haberkuzey.com\/index.php\/2024\/12\/24\/adiyaman-3-agir-ceza-mahkemesi-aileleri-dinledi-mezarlikta-bile-hava-boslugu-var-ama-isiasta-yoktu\/#primaryimage"},"image":{"@id":"https:\/\/haberkuzey.com\/index.php\/2024\/12\/24\/adiyaman-3-agir-ceza-mahkemesi-aileleri-dinledi-mezarlikta-bile-hava-boslugu-var-ama-isiasta-yoktu\/#primaryimage"},"thumbnailUrl":"https:\/\/haberkuzey.com\/wp-content\/uploads\/2024\/12\/1735038267090isias-4.png","datePublished":"2024-12-24T11:42:26+00:00","author":{"@id":"https:\/\/haberkuzey.com\/#\/schema\/person\/3372109ec735f9333f4fa47ebb9605ca"},"breadcrumb":{"@id":"https:\/\/haberkuzey.com\/index.php\/2024\/12\/24\/adiyaman-3-agir-ceza-mahkemesi-aileleri-dinledi-mezarlikta-bile-hava-boslugu-var-ama-isiasta-yoktu\/#breadcrumb"},"inLanguage":"tr","potentialAction":[{"@type":"ReadAction","target":["https:\/\/haberkuzey.com\/index.php\/2024\/12\/24\/adiyaman-3-agir-ceza-mahkemesi-aileleri-dinledi-mezarlikta-bile-hava-boslugu-var-ama-isiasta-yoktu\/"]}]},{"@type":"ImageObject","inLanguage":"tr","@id":"https:\/\/haberkuzey.com\/index.php\/2024\/12\/24\/adiyaman-3-agir-ceza-mahkemesi-aileleri-dinledi-mezarlikta-bile-hava-boslugu-var-ama-isiasta-yoktu\/#primaryimage","url":"https:\/\/haberkuzey.com\/wp-content\/uploads\/2024\/12\/1735038267090isias-4.png","contentUrl":"https:\/\/haberkuzey.com\/wp-content\/uploads\/2024\/12\/1735038267090isias-4.png","width":1490,"height":647},{"@type":"BreadcrumbList","@id":"https:\/\/haberkuzey.com\/index.php\/2024\/12\/24\/adiyaman-3-agir-ceza-mahkemesi-aileleri-dinledi-mezarlikta-bile-hava-boslugu-var-ama-isiasta-yoktu\/#breadcrumb","itemListElement":[{"@type":"ListItem","position":1,"name":"Anasayfa","item":"https:\/\/haberkuzey.com\/"},{"@type":"ListItem","position":2,"name":"Ad\u0131yaman 3. A\u011f\u0131r Ceza Mahkemesi aileleri dinledi: \u201c\u201cMezarl\u0131kta bile hava bo\u015flu\u011fu var ama \u0130sias\u2019ta yoktu\u201d"}]},{"@type":"WebSite","@id":"https:\/\/haberkuzey.com\/#website","url":"https:\/\/haberkuzey.com\/","name":"Haber Kuzey","description":"Do\u011fru Haberin Adresi","potentialAction":[{"@type":"SearchAction","target":{"@type":"EntryPoint","urlTemplate":"https:\/\/haberkuzey.com\/?s={search_term_string}"},"query-input":{"@type":"PropertyValueSpecification","valueRequired":true,"valueName":"search_term_string"}}],"inLanguage":"tr"},{"@type":"Person","@id":"https:\/\/haberkuzey.com\/#\/schema\/person\/3372109ec735f9333f4fa47ebb9605ca","name":"haberkuzey","image":{"@type":"ImageObject","inLanguage":"tr","@id":"https:\/\/secure.gravatar.com\/avatar\/f5fc875574b1575324358c3b9e6a32b8227aa5b74f3fa22e3cadb63e26fcc39c?s=96&d=mm&r=g","url":"https:\/\/secure.gravatar.com\/avatar\/f5fc875574b1575324358c3b9e6a32b8227aa5b74f3fa22e3cadb63e26fcc39c?s=96&d=mm&r=g","contentUrl":"https:\/\/secure.gravatar.com\/avatar\/f5fc875574b1575324358c3b9e6a32b8227aa5b74f3fa22e3cadb63e26fcc39c?s=96&d=mm&r=g","caption":"haberkuzey"},"sameAs":["https:\/\/haberkuzey.com"],"url":"https:\/\/haberkuzey.com\/index.php\/author\/haberkuzey\/"}]}},"_links":{"self":[{"href":"https:\/\/haberkuzey.com\/index.php\/wp-json\/wp\/v2\/posts\/15531","targetHints":{"allow":["GET"]}}],"collection":[{"href":"https:\/\/haberkuzey.com\/index.php\/wp-json\/wp\/v2\/posts"}],"about":[{"href":"https:\/\/haberkuzey.com\/index.php\/wp-json\/wp\/v2\/types\/post"}],"author":[{"embeddable":true,"href":"https:\/\/haberkuzey.com\/index.php\/wp-json\/wp\/v2\/users\/1"}],"replies":[{"embeddable":true,"href":"https:\/\/haberkuzey.com\/index.php\/wp-json\/wp\/v2\/comments?post=15531"}],"version-history":[{"count":0,"href":"https:\/\/haberkuzey.com\/index.php\/wp-json\/wp\/v2\/posts\/15531\/revisions"}],"wp:featuredmedia":[{"embeddable":true,"href":"https:\/\/haberkuzey.com\/index.php\/wp-json\/wp\/v2\/media\/15532"}],"wp:attachment":[{"href":"https:\/\/haberkuzey.com\/index.php\/wp-json\/wp\/v2\/media?parent=15531"}],"wp:term":[{"taxonomy":"category","embeddable":true,"href":"https:\/\/haberkuzey.com\/index.php\/wp-json\/wp\/v2\/categories?post=15531"},{"taxonomy":"post_tag","embeddable":true,"href":"https:\/\/haberkuzey.com\/index.php\/wp-json\/wp\/v2\/tags?post=15531"}],"curies":[{"name":"wp","href":"https:\/\/api.w.org\/{rel}","templated":true}]}}