{"id":15499,"date":"2024-12-24T10:26:14","date_gmt":"2024-12-24T08:26:14","guid":{"rendered":"https:\/\/haberkuzey.com\/index.php\/2024\/12\/24\/erhurman-dava-sonuclanana-kadar-burada-olacagiz-insallah-ailelerin-acilarina-yanit-verecek-bir-sonuc-cikar\/"},"modified":"2024-12-24T10:26:14","modified_gmt":"2024-12-24T08:26:14","slug":"erhurman-dava-sonuclanana-kadar-burada-olacagiz-insallah-ailelerin-acilarina-yanit-verecek-bir-sonuc-cikar","status":"publish","type":"post","link":"https:\/\/haberkuzey.com\/index.php\/2024\/12\/24\/erhurman-dava-sonuclanana-kadar-burada-olacagiz-insallah-ailelerin-acilarina-yanit-verecek-bir-sonuc-cikar\/","title":{"rendered":"Erh\u00fcrman: Dava sonu\u00e7lanana kadar burada olaca\u011f\u0131z.. \u0130n\u015fallah ailelerin ac\u0131lar\u0131na yan\u0131t verecek bir sonu\u00e7 \u00e7\u0131kar"},"content":{"rendered":"<div>\n<div class=\"mariselle-image-container center\">\n                                            <\/div>\n<p>\u0130sias Otel davas\u0131 alt\u0131nc\u0131 duru\u015fmas\u0131n\u0131 takip etmek \u00fczere Ad\u0131yaman\u2019da bulunan Cumhuriyet\u00e7i T\u00fcrk Partisi Genel Ba\u015fkan\u0131 Tufan Erh\u00fcrman BRT\u2019ye a\u00e7\u0131klamalarda bulundu.<\/p>\n<p>Cumhuriyet\u00e7i T\u00fcrk Partisi Genel Ba\u015fkan\u0131 Tufan Erh\u00fcrman, dava \u00f6ncesi de\u011ferlendirmesinde \u201cBu alt\u0131nc\u0131 geli\u015fimiz ve tedirginiz\u201d diyerek, bir karar \u00e7\u0131kabilece\u011fini s\u00f6yledi.<\/p>\n<p>Erh\u00fcrman, \u201cHerhalde bir karar \u00e7\u0131kacak. Otel sahibinin ofisinin de orada olmas\u0131 bilin\u00e7li taksire daha yak\u0131n hale getirdi s\u00fcreci. \u2018Ben de, torun ve \u00e7ocuklar\u0131m da otelde kal\u0131rd\u0131k\u2019 demesi, bu umursamazl\u0131k hali asl\u0131nda bir t\u00fcr cezada indirim sebebine mi d\u00f6necek? Adalet duygusu ve vicdan\u0131n kald\u0131ramayaca\u011f\u0131 k\u0131s\u0131m da budur. Karar ne olursa olsun \u00e7ocuklar\u0131m\u0131z geri gelmeyecek. Bu dava art\u0131k ba\u015fka \u00e7ocuklar da ayn\u0131 \u015feyi ya\u015famas\u0131n diyedir.   Bu dava sonu\u00e7lanana kadar burada olaca\u011f\u0131z. Bunun daha istinaf\u0131 var. \u0130n\u015fallah burada ailelerin ac\u0131lar\u0131na yan\u0131t verecek bir sonu\u00e7 \u00e7\u0131kar\u201d dedi.<\/p>\n<\/p><\/div>\n<p><script async\n                    defer\n                    crossorigin=\"anonymous\"\n                    src=\"https:\/\/connect.facebook.net\/tr_TR\/sdk.js#xfbml=1&#038;version=v3.3\"\n            ><\/script><\/p>\n","protected":false},"excerpt":{"rendered":"<p>\u0130sias Otel davas\u0131 alt\u0131nc\u0131 duru\u015fmas\u0131n\u0131 takip etmek \u00fczere Ad\u0131yaman\u2019da bulunan Cumhuriyet\u00e7i T\u00fcrk Partisi Genel Ba\u015fkan\u0131 Tufan Erh\u00fcrman BRT\u2019ye a\u00e7\u0131klamalarda bulundu. Cumhuriyet\u00e7i T\u00fcrk Partisi Genel Ba\u015fkan\u0131 Tufan Erh\u00fcrman, dava \u00f6ncesi de\u011ferlendirmesinde \u201cBu alt\u0131nc\u0131 geli\u015fimiz ve tedirginiz\u201d diyerek, bir karar \u00e7\u0131kabilece\u011fini s\u00f6yledi. Erh\u00fcrman, \u201cHerhalde bir karar \u00e7\u0131kacak. Otel sahibinin ofisinin de orada olmas\u0131 bilin\u00e7li taksire daha yak\u0131n [&hellip;]<\/p>\n","protected":false},"author":1,"featured_media":15500,"comment_status":"open","ping_status":"open","sticky":false,"template":"","format":"standard","meta":{"jnews-multi-image_gallery":[],"jnews_single_post":[],"jnews_primary_category":[],"footnotes":""},"categories":[1],"tags":[],"class_list":["post-15499","post","type-post","status-publish","format-standard","has-post-thumbnail","hentry","category-kibris"],"yoast_head":"<!-- This site is optimized with the Yoast SEO plugin v27.4 - https:\/\/yoast.com\/product\/yoast-seo-wordpress\/ -->\n<title>Erh\u00fcrman: Dava sonu\u00e7lanana kadar burada olaca\u011f\u0131z.. \u0130n\u015fallah ailelerin ac\u0131lar\u0131na yan\u0131t verecek bir sonu\u00e7 \u00e7\u0131kar - Haber Kuzey<\/title>\n<meta name=\"robots\" content=\"index, follow, max-snippet:-1, max-image-preview:large, max-video-preview:-1\" \/>\n<link rel=\"canonical\" href=\"https:\/\/haberkuzey.com\/index.php\/2024\/12\/24\/erhurman-dava-sonuclanana-kadar-burada-olacagiz-insallah-ailelerin-acilarina-yanit-verecek-bir-sonuc-cikar\/\" \/>\n<meta property=\"og:locale\" content=\"tr_TR\" \/>\n<meta property=\"og:type\" content=\"article\" \/>\n<meta property=\"og:title\" content=\"Erh\u00fcrman: Dava sonu\u00e7lanana kadar burada olaca\u011f\u0131z.. \u0130n\u015fallah ailelerin ac\u0131lar\u0131na yan\u0131t verecek bir sonu\u00e7 \u00e7\u0131kar - Haber Kuzey\" \/>\n<meta property=\"og:description\" content=\"\u0130sias Otel davas\u0131 alt\u0131nc\u0131 duru\u015fmas\u0131n\u0131 takip etmek \u00fczere Ad\u0131yaman\u2019da bulunan Cumhuriyet\u00e7i T\u00fcrk Partisi Genel Ba\u015fkan\u0131 Tufan Erh\u00fcrman BRT\u2019ye a\u00e7\u0131klamalarda bulundu. Cumhuriyet\u00e7i T\u00fcrk Partisi Genel Ba\u015fkan\u0131 Tufan Erh\u00fcrman, dava \u00f6ncesi de\u011ferlendirmesinde \u201cBu alt\u0131nc\u0131 geli\u015fimiz ve tedirginiz\u201d diyerek, bir karar \u00e7\u0131kabilece\u011fini s\u00f6yledi. Erh\u00fcrman, \u201cHerhalde bir karar \u00e7\u0131kacak. Otel sahibinin ofisinin de orada olmas\u0131 bilin\u00e7li taksire daha yak\u0131n [&hellip;]\" \/>\n<meta property=\"og:url\" content=\"https:\/\/haberkuzey.com\/index.php\/2024\/12\/24\/erhurman-dava-sonuclanana-kadar-burada-olacagiz-insallah-ailelerin-acilarina-yanit-verecek-bir-sonuc-cikar\/\" \/>\n<meta property=\"og:site_name\" content=\"Haber Kuzey\" \/>\n<meta property=\"article:published_time\" content=\"2024-12-24T08:26:14+00:00\" \/>\n<meta property=\"og:image\" content=\"https:\/\/brtk.net\/wp-content\/uploads\/2024\/12\/24\/djalsjdlaj.jpg?ver=aa4620319cd298359e7f783f6fb5cbc1\" \/>\n<meta name=\"author\" content=\"haberkuzey\" \/>\n<meta name=\"twitter:card\" content=\"summary_large_image\" \/>\n<meta name=\"twitter:label1\" content=\"Yazan:\" \/>\n\t<meta name=\"twitter:data1\" content=\"haberkuzey\" \/>\n\t<meta name=\"twitter:label2\" content=\"Tahmini okuma s\u00fcresi\" \/>\n\t<meta name=\"twitter:data2\" content=\"1 dakika\" \/>\n<script type=\"application\/ld+json\" class=\"yoast-schema-graph\">{\"@context\":\"https:\\\/\\\/schema.org\",\"@graph\":[{\"@type\":\"Article\",\"@id\":\"https:\\\/\\\/haberkuzey.com\\\/index.php\\\/2024\\\/12\\\/24\\\/erhurman-dava-sonuclanana-kadar-burada-olacagiz-insallah-ailelerin-acilarina-yanit-verecek-bir-sonuc-cikar\\\/#article\",\"isPartOf\":{\"@id\":\"https:\\\/\\\/haberkuzey.com\\\/index.php\\\/2024\\\/12\\\/24\\\/erhurman-dava-sonuclanana-kadar-burada-olacagiz-insallah-ailelerin-acilarina-yanit-verecek-bir-sonuc-cikar\\\/\"},\"author\":{\"name\":\"haberkuzey\",\"@id\":\"https:\\\/\\\/haberkuzey.com\\\/#\\\/schema\\\/person\\\/3372109ec735f9333f4fa47ebb9605ca\"},\"headline\":\"Erh\u00fcrman: Dava sonu\u00e7lanana kadar burada olaca\u011f\u0131z.. \u0130n\u015fallah ailelerin ac\u0131lar\u0131na yan\u0131t verecek bir sonu\u00e7 \u00e7\u0131kar\",\"datePublished\":\"2024-12-24T08:26:14+00:00\",\"mainEntityOfPage\":{\"@id\":\"https:\\\/\\\/haberkuzey.com\\\/index.php\\\/2024\\\/12\\\/24\\\/erhurman-dava-sonuclanana-kadar-burada-olacagiz-insallah-ailelerin-acilarina-yanit-verecek-bir-sonuc-cikar\\\/\"},\"wordCount\":191,\"commentCount\":0,\"image\":{\"@id\":\"https:\\\/\\\/haberkuzey.com\\\/index.php\\\/2024\\\/12\\\/24\\\/erhurman-dava-sonuclanana-kadar-burada-olacagiz-insallah-ailelerin-acilarina-yanit-verecek-bir-sonuc-cikar\\\/#primaryimage\"},\"thumbnailUrl\":\"https:\\\/\\\/haberkuzey.com\\\/wp-content\\\/uploads\\\/2024\\\/12\\\/djalsjdlaj.jpg\",\"articleSection\":[\"K\u0131br\u0131s\"],\"inLanguage\":\"tr\",\"potentialAction\":[{\"@type\":\"CommentAction\",\"name\":\"Comment\",\"target\":[\"https:\\\/\\\/haberkuzey.com\\\/index.php\\\/2024\\\/12\\\/24\\\/erhurman-dava-sonuclanana-kadar-burada-olacagiz-insallah-ailelerin-acilarina-yanit-verecek-bir-sonuc-cikar\\\/#respond\"]}]},{\"@type\":\"WebPage\",\"@id\":\"https:\\\/\\\/haberkuzey.com\\\/index.php\\\/2024\\\/12\\\/24\\\/erhurman-dava-sonuclanana-kadar-burada-olacagiz-insallah-ailelerin-acilarina-yanit-verecek-bir-sonuc-cikar\\\/\",\"url\":\"https:\\\/\\\/haberkuzey.com\\\/index.php\\\/2024\\\/12\\\/24\\\/erhurman-dava-sonuclanana-kadar-burada-olacagiz-insallah-ailelerin-acilarina-yanit-verecek-bir-sonuc-cikar\\\/\",\"name\":\"Erh\u00fcrman: Dava sonu\u00e7lanana kadar burada olaca\u011f\u0131z.. \u0130n\u015fallah ailelerin ac\u0131lar\u0131na yan\u0131t verecek bir sonu\u00e7 \u00e7\u0131kar - Haber Kuzey\",\"isPartOf\":{\"@id\":\"https:\\\/\\\/haberkuzey.com\\\/#website\"},\"primaryImageOfPage\":{\"@id\":\"https:\\\/\\\/haberkuzey.com\\\/index.php\\\/2024\\\/12\\\/24\\\/erhurman-dava-sonuclanana-kadar-burada-olacagiz-insallah-ailelerin-acilarina-yanit-verecek-bir-sonuc-cikar\\\/#primaryimage\"},\"image\":{\"@id\":\"https:\\\/\\\/haberkuzey.com\\\/index.php\\\/2024\\\/12\\\/24\\\/erhurman-dava-sonuclanana-kadar-burada-olacagiz-insallah-ailelerin-acilarina-yanit-verecek-bir-sonuc-cikar\\\/#primaryimage\"},\"thumbnailUrl\":\"https:\\\/\\\/haberkuzey.com\\\/wp-content\\\/uploads\\\/2024\\\/12\\\/djalsjdlaj.jpg\",\"datePublished\":\"2024-12-24T08:26:14+00:00\",\"author\":{\"@id\":\"https:\\\/\\\/haberkuzey.com\\\/#\\\/schema\\\/person\\\/3372109ec735f9333f4fa47ebb9605ca\"},\"breadcrumb\":{\"@id\":\"https:\\\/\\\/haberkuzey.com\\\/index.php\\\/2024\\\/12\\\/24\\\/erhurman-dava-sonuclanana-kadar-burada-olacagiz-insallah-ailelerin-acilarina-yanit-verecek-bir-sonuc-cikar\\\/#breadcrumb\"},\"inLanguage\":\"tr\",\"potentialAction\":[{\"@type\":\"ReadAction\",\"target\":[\"https:\\\/\\\/haberkuzey.com\\\/index.php\\\/2024\\\/12\\\/24\\\/erhurman-dava-sonuclanana-kadar-burada-olacagiz-insallah-ailelerin-acilarina-yanit-verecek-bir-sonuc-cikar\\\/\"]}]},{\"@type\":\"ImageObject\",\"inLanguage\":\"tr\",\"@id\":\"https:\\\/\\\/haberkuzey.com\\\/index.php\\\/2024\\\/12\\\/24\\\/erhurman-dava-sonuclanana-kadar-burada-olacagiz-insallah-ailelerin-acilarina-yanit-verecek-bir-sonuc-cikar\\\/#primaryimage\",\"url\":\"https:\\\/\\\/haberkuzey.com\\\/wp-content\\\/uploads\\\/2024\\\/12\\\/djalsjdlaj.jpg\",\"contentUrl\":\"https:\\\/\\\/haberkuzey.com\\\/wp-content\\\/uploads\\\/2024\\\/12\\\/djalsjdlaj.jpg\",\"width\":768,\"height\":401},{\"@type\":\"BreadcrumbList\",\"@id\":\"https:\\\/\\\/haberkuzey.com\\\/index.php\\\/2024\\\/12\\\/24\\\/erhurman-dava-sonuclanana-kadar-burada-olacagiz-insallah-ailelerin-acilarina-yanit-verecek-bir-sonuc-cikar\\\/#breadcrumb\",\"itemListElement\":[{\"@type\":\"ListItem\",\"position\":1,\"name\":\"Anasayfa\",\"item\":\"https:\\\/\\\/haberkuzey.com\\\/\"},{\"@type\":\"ListItem\",\"position\":2,\"name\":\"Erh\u00fcrman: Dava sonu\u00e7lanana kadar burada olaca\u011f\u0131z.. \u0130n\u015fallah ailelerin ac\u0131lar\u0131na yan\u0131t verecek bir sonu\u00e7 \u00e7\u0131kar\"}]},{\"@type\":\"WebSite\",\"@id\":\"https:\\\/\\\/haberkuzey.com\\\/#website\",\"url\":\"https:\\\/\\\/haberkuzey.com\\\/\",\"name\":\"Haber Kuzey\",\"description\":\"Do\u011fru Haberin Adresi\",\"potentialAction\":[{\"@type\":\"SearchAction\",\"target\":{\"@type\":\"EntryPoint\",\"urlTemplate\":\"https:\\\/\\\/haberkuzey.com\\\/?s={search_term_string}\"},\"query-input\":{\"@type\":\"PropertyValueSpecification\",\"valueRequired\":true,\"valueName\":\"search_term_string\"}}],\"inLanguage\":\"tr\"},{\"@type\":\"Person\",\"@id\":\"https:\\\/\\\/haberkuzey.com\\\/#\\\/schema\\\/person\\\/3372109ec735f9333f4fa47ebb9605ca\",\"name\":\"haberkuzey\",\"image\":{\"@type\":\"ImageObject\",\"inLanguage\":\"tr\",\"@id\":\"https:\\\/\\\/secure.gravatar.com\\\/avatar\\\/f5fc875574b1575324358c3b9e6a32b8227aa5b74f3fa22e3cadb63e26fcc39c?s=96&d=mm&r=g\",\"url\":\"https:\\\/\\\/secure.gravatar.com\\\/avatar\\\/f5fc875574b1575324358c3b9e6a32b8227aa5b74f3fa22e3cadb63e26fcc39c?s=96&d=mm&r=g\",\"contentUrl\":\"https:\\\/\\\/secure.gravatar.com\\\/avatar\\\/f5fc875574b1575324358c3b9e6a32b8227aa5b74f3fa22e3cadb63e26fcc39c?s=96&d=mm&r=g\",\"caption\":\"haberkuzey\"},\"sameAs\":[\"https:\\\/\\\/haberkuzey.com\"],\"url\":\"https:\\\/\\\/haberkuzey.com\\\/index.php\\\/author\\\/haberkuzey\\\/\"}]}<\/script>\n<!-- \/ Yoast SEO plugin. -->","yoast_head_json":{"title":"Erh\u00fcrman: Dava sonu\u00e7lanana kadar burada olaca\u011f\u0131z.. \u0130n\u015fallah ailelerin ac\u0131lar\u0131na yan\u0131t verecek bir sonu\u00e7 \u00e7\u0131kar - Haber Kuzey","robots":{"index":"index","follow":"follow","max-snippet":"max-snippet:-1","max-image-preview":"max-image-preview:large","max-video-preview":"max-video-preview:-1"},"canonical":"https:\/\/haberkuzey.com\/index.php\/2024\/12\/24\/erhurman-dava-sonuclanana-kadar-burada-olacagiz-insallah-ailelerin-acilarina-yanit-verecek-bir-sonuc-cikar\/","og_locale":"tr_TR","og_type":"article","og_title":"Erh\u00fcrman: Dava sonu\u00e7lanana kadar burada olaca\u011f\u0131z.. \u0130n\u015fallah ailelerin ac\u0131lar\u0131na yan\u0131t verecek bir sonu\u00e7 \u00e7\u0131kar - Haber Kuzey","og_description":"\u0130sias Otel davas\u0131 alt\u0131nc\u0131 duru\u015fmas\u0131n\u0131 takip etmek \u00fczere Ad\u0131yaman\u2019da bulunan Cumhuriyet\u00e7i T\u00fcrk Partisi Genel Ba\u015fkan\u0131 Tufan Erh\u00fcrman BRT\u2019ye a\u00e7\u0131klamalarda bulundu. Cumhuriyet\u00e7i T\u00fcrk Partisi Genel Ba\u015fkan\u0131 Tufan Erh\u00fcrman, dava \u00f6ncesi de\u011ferlendirmesinde \u201cBu alt\u0131nc\u0131 geli\u015fimiz ve tedirginiz\u201d diyerek, bir karar \u00e7\u0131kabilece\u011fini s\u00f6yledi. Erh\u00fcrman, \u201cHerhalde bir karar \u00e7\u0131kacak. Otel sahibinin ofisinin de orada olmas\u0131 bilin\u00e7li taksire daha yak\u0131n [&hellip;]","og_url":"https:\/\/haberkuzey.com\/index.php\/2024\/12\/24\/erhurman-dava-sonuclanana-kadar-burada-olacagiz-insallah-ailelerin-acilarina-yanit-verecek-bir-sonuc-cikar\/","og_site_name":"Haber Kuzey","article_published_time":"2024-12-24T08:26:14+00:00","og_image":[{"url":"https:\/\/brtk.net\/wp-content\/uploads\/2024\/12\/24\/djalsjdlaj.jpg?ver=aa4620319cd298359e7f783f6fb5cbc1","type":"","width":"","height":""}],"author":"haberkuzey","twitter_card":"summary_large_image","twitter_misc":{"Yazan:":"haberkuzey","Tahmini okuma s\u00fcresi":"1 dakika"},"schema":{"@context":"https:\/\/schema.org","@graph":[{"@type":"Article","@id":"https:\/\/haberkuzey.com\/index.php\/2024\/12\/24\/erhurman-dava-sonuclanana-kadar-burada-olacagiz-insallah-ailelerin-acilarina-yanit-verecek-bir-sonuc-cikar\/#article","isPartOf":{"@id":"https:\/\/haberkuzey.com\/index.php\/2024\/12\/24\/erhurman-dava-sonuclanana-kadar-burada-olacagiz-insallah-ailelerin-acilarina-yanit-verecek-bir-sonuc-cikar\/"},"author":{"name":"haberkuzey","@id":"https:\/\/haberkuzey.com\/#\/schema\/person\/3372109ec735f9333f4fa47ebb9605ca"},"headline":"Erh\u00fcrman: Dava sonu\u00e7lanana kadar burada olaca\u011f\u0131z.. \u0130n\u015fallah ailelerin ac\u0131lar\u0131na yan\u0131t verecek bir sonu\u00e7 \u00e7\u0131kar","datePublished":"2024-12-24T08:26:14+00:00","mainEntityOfPage":{"@id":"https:\/\/haberkuzey.com\/index.php\/2024\/12\/24\/erhurman-dava-sonuclanana-kadar-burada-olacagiz-insallah-ailelerin-acilarina-yanit-verecek-bir-sonuc-cikar\/"},"wordCount":191,"commentCount":0,"image":{"@id":"https:\/\/haberkuzey.com\/index.php\/2024\/12\/24\/erhurman-dava-sonuclanana-kadar-burada-olacagiz-insallah-ailelerin-acilarina-yanit-verecek-bir-sonuc-cikar\/#primaryimage"},"thumbnailUrl":"https:\/\/haberkuzey.com\/wp-content\/uploads\/2024\/12\/djalsjdlaj.jpg","articleSection":["K\u0131br\u0131s"],"inLanguage":"tr","potentialAction":[{"@type":"CommentAction","name":"Comment","target":["https:\/\/haberkuzey.com\/index.php\/2024\/12\/24\/erhurman-dava-sonuclanana-kadar-burada-olacagiz-insallah-ailelerin-acilarina-yanit-verecek-bir-sonuc-cikar\/#respond"]}]},{"@type":"WebPage","@id":"https:\/\/haberkuzey.com\/index.php\/2024\/12\/24\/erhurman-dava-sonuclanana-kadar-burada-olacagiz-insallah-ailelerin-acilarina-yanit-verecek-bir-sonuc-cikar\/","url":"https:\/\/haberkuzey.com\/index.php\/2024\/12\/24\/erhurman-dava-sonuclanana-kadar-burada-olacagiz-insallah-ailelerin-acilarina-yanit-verecek-bir-sonuc-cikar\/","name":"Erh\u00fcrman: Dava sonu\u00e7lanana kadar burada olaca\u011f\u0131z.. \u0130n\u015fallah ailelerin ac\u0131lar\u0131na yan\u0131t verecek bir sonu\u00e7 \u00e7\u0131kar - Haber Kuzey","isPartOf":{"@id":"https:\/\/haberkuzey.com\/#website"},"primaryImageOfPage":{"@id":"https:\/\/haberkuzey.com\/index.php\/2024\/12\/24\/erhurman-dava-sonuclanana-kadar-burada-olacagiz-insallah-ailelerin-acilarina-yanit-verecek-bir-sonuc-cikar\/#primaryimage"},"image":{"@id":"https:\/\/haberkuzey.com\/index.php\/2024\/12\/24\/erhurman-dava-sonuclanana-kadar-burada-olacagiz-insallah-ailelerin-acilarina-yanit-verecek-bir-sonuc-cikar\/#primaryimage"},"thumbnailUrl":"https:\/\/haberkuzey.com\/wp-content\/uploads\/2024\/12\/djalsjdlaj.jpg","datePublished":"2024-12-24T08:26:14+00:00","author":{"@id":"https:\/\/haberkuzey.com\/#\/schema\/person\/3372109ec735f9333f4fa47ebb9605ca"},"breadcrumb":{"@id":"https:\/\/haberkuzey.com\/index.php\/2024\/12\/24\/erhurman-dava-sonuclanana-kadar-burada-olacagiz-insallah-ailelerin-acilarina-yanit-verecek-bir-sonuc-cikar\/#breadcrumb"},"inLanguage":"tr","potentialAction":[{"@type":"ReadAction","target":["https:\/\/haberkuzey.com\/index.php\/2024\/12\/24\/erhurman-dava-sonuclanana-kadar-burada-olacagiz-insallah-ailelerin-acilarina-yanit-verecek-bir-sonuc-cikar\/"]}]},{"@type":"ImageObject","inLanguage":"tr","@id":"https:\/\/haberkuzey.com\/index.php\/2024\/12\/24\/erhurman-dava-sonuclanana-kadar-burada-olacagiz-insallah-ailelerin-acilarina-yanit-verecek-bir-sonuc-cikar\/#primaryimage","url":"https:\/\/haberkuzey.com\/wp-content\/uploads\/2024\/12\/djalsjdlaj.jpg","contentUrl":"https:\/\/haberkuzey.com\/wp-content\/uploads\/2024\/12\/djalsjdlaj.jpg","width":768,"height":401},{"@type":"BreadcrumbList","@id":"https:\/\/haberkuzey.com\/index.php\/2024\/12\/24\/erhurman-dava-sonuclanana-kadar-burada-olacagiz-insallah-ailelerin-acilarina-yanit-verecek-bir-sonuc-cikar\/#breadcrumb","itemListElement":[{"@type":"ListItem","position":1,"name":"Anasayfa","item":"https:\/\/haberkuzey.com\/"},{"@type":"ListItem","position":2,"name":"Erh\u00fcrman: Dava sonu\u00e7lanana kadar burada olaca\u011f\u0131z.. \u0130n\u015fallah ailelerin ac\u0131lar\u0131na yan\u0131t verecek bir sonu\u00e7 \u00e7\u0131kar"}]},{"@type":"WebSite","@id":"https:\/\/haberkuzey.com\/#website","url":"https:\/\/haberkuzey.com\/","name":"Haber Kuzey","description":"Do\u011fru Haberin Adresi","potentialAction":[{"@type":"SearchAction","target":{"@type":"EntryPoint","urlTemplate":"https:\/\/haberkuzey.com\/?s={search_term_string}"},"query-input":{"@type":"PropertyValueSpecification","valueRequired":true,"valueName":"search_term_string"}}],"inLanguage":"tr"},{"@type":"Person","@id":"https:\/\/haberkuzey.com\/#\/schema\/person\/3372109ec735f9333f4fa47ebb9605ca","name":"haberkuzey","image":{"@type":"ImageObject","inLanguage":"tr","@id":"https:\/\/secure.gravatar.com\/avatar\/f5fc875574b1575324358c3b9e6a32b8227aa5b74f3fa22e3cadb63e26fcc39c?s=96&d=mm&r=g","url":"https:\/\/secure.gravatar.com\/avatar\/f5fc875574b1575324358c3b9e6a32b8227aa5b74f3fa22e3cadb63e26fcc39c?s=96&d=mm&r=g","contentUrl":"https:\/\/secure.gravatar.com\/avatar\/f5fc875574b1575324358c3b9e6a32b8227aa5b74f3fa22e3cadb63e26fcc39c?s=96&d=mm&r=g","caption":"haberkuzey"},"sameAs":["https:\/\/haberkuzey.com"],"url":"https:\/\/haberkuzey.com\/index.php\/author\/haberkuzey\/"}]}},"_links":{"self":[{"href":"https:\/\/haberkuzey.com\/index.php\/wp-json\/wp\/v2\/posts\/15499","targetHints":{"allow":["GET"]}}],"collection":[{"href":"https:\/\/haberkuzey.com\/index.php\/wp-json\/wp\/v2\/posts"}],"about":[{"href":"https:\/\/haberkuzey.com\/index.php\/wp-json\/wp\/v2\/types\/post"}],"author":[{"embeddable":true,"href":"https:\/\/haberkuzey.com\/index.php\/wp-json\/wp\/v2\/users\/1"}],"replies":[{"embeddable":true,"href":"https:\/\/haberkuzey.com\/index.php\/wp-json\/wp\/v2\/comments?post=15499"}],"version-history":[{"count":0,"href":"https:\/\/haberkuzey.com\/index.php\/wp-json\/wp\/v2\/posts\/15499\/revisions"}],"wp:featuredmedia":[{"embeddable":true,"href":"https:\/\/haberkuzey.com\/index.php\/wp-json\/wp\/v2\/media\/15500"}],"wp:attachment":[{"href":"https:\/\/haberkuzey.com\/index.php\/wp-json\/wp\/v2\/media?parent=15499"}],"wp:term":[{"taxonomy":"category","embeddable":true,"href":"https:\/\/haberkuzey.com\/index.php\/wp-json\/wp\/v2\/categories?post=15499"},{"taxonomy":"post_tag","embeddable":true,"href":"https:\/\/haberkuzey.com\/index.php\/wp-json\/wp\/v2\/tags?post=15499"}],"curies":[{"name":"wp","href":"https:\/\/api.w.org\/{rel}","templated":true}]}}