{"id":1545,"date":"2024-05-06T20:24:59","date_gmt":"2024-05-06T17:24:59","guid":{"rendered":"https:\/\/haberkuzey.com\/index.php\/2024\/05\/06\/isg-bir-isg-yasal-gereklerini-hayata-gecirmek-icin-tum-tedbirler-acilen-alinmalidir\/"},"modified":"2024-05-06T20:24:59","modified_gmt":"2024-05-06T17:24:59","slug":"isg-bir-isg-yasal-gereklerini-hayata-gecirmek-icin-tum-tedbirler-acilen-alinmalidir","status":"publish","type":"post","link":"https:\/\/haberkuzey.com\/index.php\/2024\/05\/06\/isg-bir-isg-yasal-gereklerini-hayata-gecirmek-icin-tum-tedbirler-acilen-alinmalidir\/","title":{"rendered":"\u0130SG-B\u0130R: \u201c\u0130SG yasal gereklerini hayata ge\u00e7irmek i\u00e7in t\u00fcm tedbirler acilen al\u0131nmal\u0131d\u0131r\u201d"},"content":{"rendered":"<div>\n<div class=\"mariselle-image-container center\">\n                                            <\/div>\n<p> \u0130\u015f Sa\u011fl\u0131\u011f\u0131 ve G\u00fcvenli\u011fi Uzmanlar\u0131 Birli\u011fi (\u0130SG-B\u0130R) \u00e7al\u0131\u015fma hayat\u0131n\u0131n denetlenmesi ve \u0130SG yasal gereklerini hayata ge\u00e7irmek i\u00e7in gerekli t\u00fcm tedbirlerin  acilen al\u0131nmas\u0131 \u00e7a\u011fr\u0131s\u0131nda bulundu.<\/p>\n<p>Birlik, bu konuda t\u00fcm idarecilere ve i\u015fverenlere \u00f6nemli sorumluluk d\u00fc\u015ft\u00fc\u011f\u00fcn\u00fc kaydetti. <\/p>\n<p>4-10 May\u0131s \u201c\u0130\u015f Sa\u011fl\u0131\u011f\u0131 ve G\u00fcvenli\u011fi Haftas\u0131\u201d dolay\u0131s\u0131yla mesaj yay\u0131mlayan \u0130SG-B\u0130R, sadece \u00f6zel sekt\u00f6rde de\u011fil t\u00fcm kamu kurum ve kurulu\u015flar\u0131nda da \u0130SG yasa ve uygulamalar\u0131n\u0131n bir an \u00f6nce hayat bulmas\u0131 gerekti\u011fini kaydetti, toplumsal huzur ve g\u00fcvenli \u00e7al\u0131\u015fma hayat\u0131 i\u00e7in i\u015f sa\u011fl\u0131\u011f\u0131 ve g\u00fcvenli\u011finin \u00f6nemini vurgulad\u0131. <\/p>\n<p>Birlik, \u201c\u0130\u015f Sa\u011fl\u0131\u011f\u0131 ve G\u00fcvenli\u011fi Haftas\u0131\u201dn\u0131n amac\u0131n\u0131n t\u00fcm i\u015f\u00e7i ve i\u015fverenlerin \u201ci\u015f sa\u011fl\u0131\u011f\u0131 ve g\u00fcvenli\u011fi k\u00fclt\u00fcr\u00fc\u201d edinmeleri, i\u015fyerlerinde bu k\u00fclt\u00fcr\u00fc uygulamaya d\u00f6n\u00fc\u015ft\u00fcrmelerini sa\u011flamak oldu\u011funu belirterek, bu \u015fekilde y\u00fcksek oranlarda ya\u015fanmaya devam eden i\u015f kazalar\u0131ndan kurtulman\u0131n ama\u00e7land\u0131\u011f\u0131n\u0131 ifade etti. <\/p>\n<p>Geli\u015fmi\u015f \u00fclkelerin yasal \u00f6nlemlerle, toplumsal e\u011fitim ve bilin\u00e7lendirme ile sorunun \u00e7\u00f6z\u00fcm\u00fc y\u00f6n\u00fcnde \u00f6nemli yol ald\u0131\u011f\u0131na i\u015faret eden Birlik, \u00fclkede gerekli e\u011fitim, d\u00fczenleme, denetim ve yat\u0131r\u0131mlar\u0131n yap\u0131lamamas\u0131ndan dolay\u0131 i\u015f kazalar\u0131n\u0131n meslek hastal\u0131klar\u0131 gibi insan ve toplum ya\u015fam\u0131n\u0131 ilgilendiren bir\u00e7ok olumsuz sonuca yol a\u00e7t\u0131\u011f\u0131 vurguland\u0131.<\/p>\n<p>\u201cSa\u011fl\u0131kl\u0131 \u00e7al\u0131\u015fma ortam\u0131 ve \u00e7evresi, i\u015f bar\u0131\u015f\u0131n\u0131n, h\u0131zl\u0131 ve sa\u011fl\u0131kl\u0131 kalk\u0131nman\u0131n da \u00f6n \u015fart\u0131d\u0131r. \u00c7al\u0131\u015f\u0131lan ortam\u0131n ve \u00fcretim s\u00fcre\u00e7lerinin yetersiz ve olumsuz ko\u015fullar\u0131, \u00e7al\u0131\u015fanlar\u0131n en temel hakk\u0131 olan sa\u011fl\u0131kl\u0131 ya\u015fama ve \u00e7al\u0131\u015fma hakk\u0131n\u0131 tehdit etmektedir. Bu nedenle \u0130\u015f Sa\u011fl\u0131\u011f\u0131 ve G\u00fcvenli\u011fi konusunda gerekli \u00f6nlemlerin al\u0131nmas\u0131 bir zorunluluk olmaktad\u0131r\u201d ifadelerini kullanan Birlik, i\u015f kazalar\u0131 ve meslek hastal\u0131klar\u0131n\u0131n ortadan kald\u0131r\u0131lmas\u0131 i\u00e7in bilimsel ve teknolojik olanaklar\u0131n geli\u015ftirilmesi gereklili\u011fine dikkat \u00e7ekti.<\/p>\n<p>\u0130\u015f Sa\u011fl\u0131\u011f\u0131 ve G\u00fcvenli\u011fi Uzmanlar\u0131 Birli\u011fi, \u00fclkede de i\u015f sa\u011fl\u0131\u011f\u0131 ve g\u00fcvenli\u011fiyle ilgili yasal d\u00fczenlemelerin 2008 y\u0131l\u0131nda yap\u0131lmaya ba\u015fland\u0131\u011f\u0131n\u0131 ve g\u00fcncel ko\u015fullara g\u00f6re yenilendi\u011fini hat\u0131rlatarak, i\u015f kazalar\u0131n\u0131n mevcut yasalar\u0131n uygulanmamas\u0131, yeterli uygulamalar\u0131n yap\u0131lmamas\u0131 ve etkin denetim yap\u0131lmamas\u0131ndan dolay\u0131 meydana geldi\u011fini kaydetti. <\/p>\n<p>\u201cYeterli denetimlerin olmamas\u0131, t\u00fcm payda\u015flar\u0131n bu konuda ayn\u0131 hassasiyeti g\u00f6stermemesi ve de i\u015fverenlerin mevcut yasal d\u00fczenlemelerden haberdar olmamas\u0131 \u0130SG uygulamalar\u0131 a\u00e7\u0131s\u0131ndan istedi\u011fimiz noktaya gelemememizin en \u00f6nemli fakt\u00f6rlerdendir.\u201d denilen mesajda \u015fu ifadelere yer verildi:<\/p>\n<p>\u201cBug\u00fcne kadar i\u015f kazalar\u0131ndan \u00f6lenleri rahmetle anar, t\u00fcm payda\u015flar\u0131 ya\u015fanm\u0131\u015fl\u0131klardan ders al\u0131p gerekli uygulamalar\u0131 ve tedbirleri hi\u00e7bir mazeret g\u00f6stermeden derhal hayata ge\u00e7irmesi gereklili\u011fini vurgular, t\u00fcm emek\u00e7ilerin sa\u011fl\u0131kl\u0131, g\u00fcvenli ve mutlu bir \u00e7al\u0131\u015fma ortam\u0131nda \u00e7al\u0131\u015fmas\u0131 dile\u011fiyle.\u201d<\/p>\n<\/p><\/div>\n<p><script async\n                    defer\n                    crossorigin=\"anonymous\"\n                    src=\"https:\/\/connect.facebook.net\/tr_TR\/sdk.js#xfbml=1&#038;version=v3.3\"\n            ><\/script><\/p>\n","protected":false},"excerpt":{"rendered":"<p>\u0130\u015f Sa\u011fl\u0131\u011f\u0131 ve G\u00fcvenli\u011fi Uzmanlar\u0131 Birli\u011fi (\u0130SG-B\u0130R) \u00e7al\u0131\u015fma hayat\u0131n\u0131n denetlenmesi ve \u0130SG yasal gereklerini hayata ge\u00e7irmek i\u00e7in gerekli t\u00fcm tedbirlerin acilen al\u0131nmas\u0131 \u00e7a\u011fr\u0131s\u0131nda bulundu. Birlik, bu konuda t\u00fcm idarecilere ve i\u015fverenlere \u00f6nemli sorumluluk d\u00fc\u015ft\u00fc\u011f\u00fcn\u00fc kaydetti. 4-10 May\u0131s \u201c\u0130\u015f Sa\u011fl\u0131\u011f\u0131 ve G\u00fcvenli\u011fi Haftas\u0131\u201d dolay\u0131s\u0131yla mesaj yay\u0131mlayan \u0130SG-B\u0130R, sadece \u00f6zel sekt\u00f6rde de\u011fil t\u00fcm kamu kurum ve kurulu\u015flar\u0131nda [&hellip;]<\/p>\n","protected":false},"author":1,"featured_media":1546,"comment_status":"open","ping_status":"open","sticky":false,"template":"","format":"standard","meta":{"jnews-multi-image_gallery":[],"jnews_single_post":[],"jnews_primary_category":[],"footnotes":""},"categories":[1],"tags":[],"class_list":["post-1545","post","type-post","status-publish","format-standard","has-post-thumbnail","hentry","category-kibris"],"yoast_head":"<!-- This site is optimized with the Yoast SEO plugin v27.5 - https:\/\/yoast.com\/product\/yoast-seo-wordpress\/ -->\n<title>\u0130SG-B\u0130R: \u201c\u0130SG yasal gereklerini hayata ge\u00e7irmek i\u00e7in t\u00fcm tedbirler acilen al\u0131nmal\u0131d\u0131r\u201d - Haber Kuzey<\/title>\n<meta name=\"robots\" content=\"index, follow, max-snippet:-1, max-image-preview:large, max-video-preview:-1\" \/>\n<link rel=\"canonical\" href=\"https:\/\/haberkuzey.com\/index.php\/2024\/05\/06\/isg-bir-isg-yasal-gereklerini-hayata-gecirmek-icin-tum-tedbirler-acilen-alinmalidir\/\" \/>\n<meta property=\"og:locale\" content=\"tr_TR\" \/>\n<meta property=\"og:type\" content=\"article\" \/>\n<meta property=\"og:title\" content=\"\u0130SG-B\u0130R: \u201c\u0130SG yasal gereklerini hayata ge\u00e7irmek i\u00e7in t\u00fcm tedbirler acilen al\u0131nmal\u0131d\u0131r\u201d - Haber Kuzey\" \/>\n<meta property=\"og:description\" content=\"\u0130\u015f Sa\u011fl\u0131\u011f\u0131 ve G\u00fcvenli\u011fi Uzmanlar\u0131 Birli\u011fi (\u0130SG-B\u0130R) \u00e7al\u0131\u015fma hayat\u0131n\u0131n denetlenmesi ve \u0130SG yasal gereklerini hayata ge\u00e7irmek i\u00e7in gerekli t\u00fcm tedbirlerin acilen al\u0131nmas\u0131 \u00e7a\u011fr\u0131s\u0131nda bulundu. Birlik, bu konuda t\u00fcm idarecilere ve i\u015fverenlere \u00f6nemli sorumluluk d\u00fc\u015ft\u00fc\u011f\u00fcn\u00fc kaydetti. 4-10 May\u0131s \u201c\u0130\u015f Sa\u011fl\u0131\u011f\u0131 ve G\u00fcvenli\u011fi Haftas\u0131\u201d dolay\u0131s\u0131yla mesaj yay\u0131mlayan \u0130SG-B\u0130R, sadece \u00f6zel sekt\u00f6rde de\u011fil t\u00fcm kamu kurum ve kurulu\u015flar\u0131nda [&hellip;]\" \/>\n<meta property=\"og:url\" content=\"https:\/\/haberkuzey.com\/index.php\/2024\/05\/06\/isg-bir-isg-yasal-gereklerini-hayata-gecirmek-icin-tum-tedbirler-acilen-alinmalidir\/\" \/>\n<meta property=\"og:site_name\" content=\"Haber Kuzey\" \/>\n<meta property=\"article:published_time\" content=\"2024-05-06T17:24:59+00:00\" \/>\n<meta property=\"og:image\" content=\"https:\/\/brtk.net\/wp-content\/uploads\/2023\/05\/23\/ISG-BIR.webp?ver=c105b60e1c90a42a6606eb117e903dcc\" \/>\n<meta name=\"author\" content=\"haberkuzey\" \/>\n<meta name=\"twitter:card\" content=\"summary_large_image\" \/>\n<meta name=\"twitter:label1\" content=\"Yazan:\" \/>\n\t<meta name=\"twitter:data1\" content=\"haberkuzey\" \/>\n\t<meta name=\"twitter:label2\" content=\"Tahmini okuma s\u00fcresi\" \/>\n\t<meta name=\"twitter:data2\" content=\"3 dakika\" \/>\n<script type=\"application\/ld+json\" class=\"yoast-schema-graph\">{\"@context\":\"https:\\\/\\\/schema.org\",\"@graph\":[{\"@type\":\"Article\",\"@id\":\"https:\\\/\\\/haberkuzey.com\\\/index.php\\\/2024\\\/05\\\/06\\\/isg-bir-isg-yasal-gereklerini-hayata-gecirmek-icin-tum-tedbirler-acilen-alinmalidir\\\/#article\",\"isPartOf\":{\"@id\":\"https:\\\/\\\/haberkuzey.com\\\/index.php\\\/2024\\\/05\\\/06\\\/isg-bir-isg-yasal-gereklerini-hayata-gecirmek-icin-tum-tedbirler-acilen-alinmalidir\\\/\"},\"author\":{\"name\":\"haberkuzey\",\"@id\":\"https:\\\/\\\/haberkuzey.com\\\/#\\\/schema\\\/person\\\/3372109ec735f9333f4fa47ebb9605ca\"},\"headline\":\"\u0130SG-B\u0130R: \u201c\u0130SG yasal gereklerini hayata ge\u00e7irmek i\u00e7in t\u00fcm tedbirler acilen al\u0131nmal\u0131d\u0131r\u201d\",\"datePublished\":\"2024-05-06T17:24:59+00:00\",\"mainEntityOfPage\":{\"@id\":\"https:\\\/\\\/haberkuzey.com\\\/index.php\\\/2024\\\/05\\\/06\\\/isg-bir-isg-yasal-gereklerini-hayata-gecirmek-icin-tum-tedbirler-acilen-alinmalidir\\\/\"},\"wordCount\":536,\"commentCount\":0,\"image\":{\"@id\":\"https:\\\/\\\/haberkuzey.com\\\/index.php\\\/2024\\\/05\\\/06\\\/isg-bir-isg-yasal-gereklerini-hayata-gecirmek-icin-tum-tedbirler-acilen-alinmalidir\\\/#primaryimage\"},\"thumbnailUrl\":\"https:\\\/\\\/haberkuzey.com\\\/wp-content\\\/uploads\\\/2024\\\/05\\\/ISG-BIR.webp.webp\",\"articleSection\":[\"K\u0131br\u0131s\"],\"inLanguage\":\"tr\",\"potentialAction\":[{\"@type\":\"CommentAction\",\"name\":\"Comment\",\"target\":[\"https:\\\/\\\/haberkuzey.com\\\/index.php\\\/2024\\\/05\\\/06\\\/isg-bir-isg-yasal-gereklerini-hayata-gecirmek-icin-tum-tedbirler-acilen-alinmalidir\\\/#respond\"]}]},{\"@type\":\"WebPage\",\"@id\":\"https:\\\/\\\/haberkuzey.com\\\/index.php\\\/2024\\\/05\\\/06\\\/isg-bir-isg-yasal-gereklerini-hayata-gecirmek-icin-tum-tedbirler-acilen-alinmalidir\\\/\",\"url\":\"https:\\\/\\\/haberkuzey.com\\\/index.php\\\/2024\\\/05\\\/06\\\/isg-bir-isg-yasal-gereklerini-hayata-gecirmek-icin-tum-tedbirler-acilen-alinmalidir\\\/\",\"name\":\"\u0130SG-B\u0130R: \u201c\u0130SG yasal gereklerini hayata ge\u00e7irmek i\u00e7in t\u00fcm tedbirler acilen al\u0131nmal\u0131d\u0131r\u201d - Haber Kuzey\",\"isPartOf\":{\"@id\":\"https:\\\/\\\/haberkuzey.com\\\/#website\"},\"primaryImageOfPage\":{\"@id\":\"https:\\\/\\\/haberkuzey.com\\\/index.php\\\/2024\\\/05\\\/06\\\/isg-bir-isg-yasal-gereklerini-hayata-gecirmek-icin-tum-tedbirler-acilen-alinmalidir\\\/#primaryimage\"},\"image\":{\"@id\":\"https:\\\/\\\/haberkuzey.com\\\/index.php\\\/2024\\\/05\\\/06\\\/isg-bir-isg-yasal-gereklerini-hayata-gecirmek-icin-tum-tedbirler-acilen-alinmalidir\\\/#primaryimage\"},\"thumbnailUrl\":\"https:\\\/\\\/haberkuzey.com\\\/wp-content\\\/uploads\\\/2024\\\/05\\\/ISG-BIR.webp.webp\",\"datePublished\":\"2024-05-06T17:24:59+00:00\",\"author\":{\"@id\":\"https:\\\/\\\/haberkuzey.com\\\/#\\\/schema\\\/person\\\/3372109ec735f9333f4fa47ebb9605ca\"},\"breadcrumb\":{\"@id\":\"https:\\\/\\\/haberkuzey.com\\\/index.php\\\/2024\\\/05\\\/06\\\/isg-bir-isg-yasal-gereklerini-hayata-gecirmek-icin-tum-tedbirler-acilen-alinmalidir\\\/#breadcrumb\"},\"inLanguage\":\"tr\",\"potentialAction\":[{\"@type\":\"ReadAction\",\"target\":[\"https:\\\/\\\/haberkuzey.com\\\/index.php\\\/2024\\\/05\\\/06\\\/isg-bir-isg-yasal-gereklerini-hayata-gecirmek-icin-tum-tedbirler-acilen-alinmalidir\\\/\"]}]},{\"@type\":\"ImageObject\",\"inLanguage\":\"tr\",\"@id\":\"https:\\\/\\\/haberkuzey.com\\\/index.php\\\/2024\\\/05\\\/06\\\/isg-bir-isg-yasal-gereklerini-hayata-gecirmek-icin-tum-tedbirler-acilen-alinmalidir\\\/#primaryimage\",\"url\":\"https:\\\/\\\/haberkuzey.com\\\/wp-content\\\/uploads\\\/2024\\\/05\\\/ISG-BIR.webp.webp\",\"contentUrl\":\"https:\\\/\\\/haberkuzey.com\\\/wp-content\\\/uploads\\\/2024\\\/05\\\/ISG-BIR.webp.webp\",\"width\":1280,\"height\":720},{\"@type\":\"BreadcrumbList\",\"@id\":\"https:\\\/\\\/haberkuzey.com\\\/index.php\\\/2024\\\/05\\\/06\\\/isg-bir-isg-yasal-gereklerini-hayata-gecirmek-icin-tum-tedbirler-acilen-alinmalidir\\\/#breadcrumb\",\"itemListElement\":[{\"@type\":\"ListItem\",\"position\":1,\"name\":\"Anasayfa\",\"item\":\"https:\\\/\\\/haberkuzey.com\\\/\"},{\"@type\":\"ListItem\",\"position\":2,\"name\":\"\u0130SG-B\u0130R: \u201c\u0130SG yasal gereklerini hayata ge\u00e7irmek i\u00e7in t\u00fcm tedbirler acilen al\u0131nmal\u0131d\u0131r\u201d\"}]},{\"@type\":\"WebSite\",\"@id\":\"https:\\\/\\\/haberkuzey.com\\\/#website\",\"url\":\"https:\\\/\\\/haberkuzey.com\\\/\",\"name\":\"Haber Kuzey\",\"description\":\"Do\u011fru Haberin Adresi\",\"potentialAction\":[{\"@type\":\"SearchAction\",\"target\":{\"@type\":\"EntryPoint\",\"urlTemplate\":\"https:\\\/\\\/haberkuzey.com\\\/?s={search_term_string}\"},\"query-input\":{\"@type\":\"PropertyValueSpecification\",\"valueRequired\":true,\"valueName\":\"search_term_string\"}}],\"inLanguage\":\"tr\"},{\"@type\":\"Person\",\"@id\":\"https:\\\/\\\/haberkuzey.com\\\/#\\\/schema\\\/person\\\/3372109ec735f9333f4fa47ebb9605ca\",\"name\":\"haberkuzey\",\"image\":{\"@type\":\"ImageObject\",\"inLanguage\":\"tr\",\"@id\":\"https:\\\/\\\/secure.gravatar.com\\\/avatar\\\/f5fc875574b1575324358c3b9e6a32b8227aa5b74f3fa22e3cadb63e26fcc39c?s=96&d=mm&r=g\",\"url\":\"https:\\\/\\\/secure.gravatar.com\\\/avatar\\\/f5fc875574b1575324358c3b9e6a32b8227aa5b74f3fa22e3cadb63e26fcc39c?s=96&d=mm&r=g\",\"contentUrl\":\"https:\\\/\\\/secure.gravatar.com\\\/avatar\\\/f5fc875574b1575324358c3b9e6a32b8227aa5b74f3fa22e3cadb63e26fcc39c?s=96&d=mm&r=g\",\"caption\":\"haberkuzey\"},\"sameAs\":[\"https:\\\/\\\/haberkuzey.com\"],\"url\":\"https:\\\/\\\/haberkuzey.com\\\/index.php\\\/author\\\/haberkuzey\\\/\"}]}<\/script>\n<!-- \/ Yoast SEO plugin. -->","yoast_head_json":{"title":"\u0130SG-B\u0130R: \u201c\u0130SG yasal gereklerini hayata ge\u00e7irmek i\u00e7in t\u00fcm tedbirler acilen al\u0131nmal\u0131d\u0131r\u201d - Haber Kuzey","robots":{"index":"index","follow":"follow","max-snippet":"max-snippet:-1","max-image-preview":"max-image-preview:large","max-video-preview":"max-video-preview:-1"},"canonical":"https:\/\/haberkuzey.com\/index.php\/2024\/05\/06\/isg-bir-isg-yasal-gereklerini-hayata-gecirmek-icin-tum-tedbirler-acilen-alinmalidir\/","og_locale":"tr_TR","og_type":"article","og_title":"\u0130SG-B\u0130R: \u201c\u0130SG yasal gereklerini hayata ge\u00e7irmek i\u00e7in t\u00fcm tedbirler acilen al\u0131nmal\u0131d\u0131r\u201d - Haber Kuzey","og_description":"\u0130\u015f Sa\u011fl\u0131\u011f\u0131 ve G\u00fcvenli\u011fi Uzmanlar\u0131 Birli\u011fi (\u0130SG-B\u0130R) \u00e7al\u0131\u015fma hayat\u0131n\u0131n denetlenmesi ve \u0130SG yasal gereklerini hayata ge\u00e7irmek i\u00e7in gerekli t\u00fcm tedbirlerin acilen al\u0131nmas\u0131 \u00e7a\u011fr\u0131s\u0131nda bulundu. Birlik, bu konuda t\u00fcm idarecilere ve i\u015fverenlere \u00f6nemli sorumluluk d\u00fc\u015ft\u00fc\u011f\u00fcn\u00fc kaydetti. 4-10 May\u0131s \u201c\u0130\u015f Sa\u011fl\u0131\u011f\u0131 ve G\u00fcvenli\u011fi Haftas\u0131\u201d dolay\u0131s\u0131yla mesaj yay\u0131mlayan \u0130SG-B\u0130R, sadece \u00f6zel sekt\u00f6rde de\u011fil t\u00fcm kamu kurum ve kurulu\u015flar\u0131nda [&hellip;]","og_url":"https:\/\/haberkuzey.com\/index.php\/2024\/05\/06\/isg-bir-isg-yasal-gereklerini-hayata-gecirmek-icin-tum-tedbirler-acilen-alinmalidir\/","og_site_name":"Haber Kuzey","article_published_time":"2024-05-06T17:24:59+00:00","og_image":[{"url":"https:\/\/brtk.net\/wp-content\/uploads\/2023\/05\/23\/ISG-BIR.webp?ver=c105b60e1c90a42a6606eb117e903dcc","type":"","width":"","height":""}],"author":"haberkuzey","twitter_card":"summary_large_image","twitter_misc":{"Yazan:":"haberkuzey","Tahmini okuma s\u00fcresi":"3 dakika"},"schema":{"@context":"https:\/\/schema.org","@graph":[{"@type":"Article","@id":"https:\/\/haberkuzey.com\/index.php\/2024\/05\/06\/isg-bir-isg-yasal-gereklerini-hayata-gecirmek-icin-tum-tedbirler-acilen-alinmalidir\/#article","isPartOf":{"@id":"https:\/\/haberkuzey.com\/index.php\/2024\/05\/06\/isg-bir-isg-yasal-gereklerini-hayata-gecirmek-icin-tum-tedbirler-acilen-alinmalidir\/"},"author":{"name":"haberkuzey","@id":"https:\/\/haberkuzey.com\/#\/schema\/person\/3372109ec735f9333f4fa47ebb9605ca"},"headline":"\u0130SG-B\u0130R: \u201c\u0130SG yasal gereklerini hayata ge\u00e7irmek i\u00e7in t\u00fcm tedbirler acilen al\u0131nmal\u0131d\u0131r\u201d","datePublished":"2024-05-06T17:24:59+00:00","mainEntityOfPage":{"@id":"https:\/\/haberkuzey.com\/index.php\/2024\/05\/06\/isg-bir-isg-yasal-gereklerini-hayata-gecirmek-icin-tum-tedbirler-acilen-alinmalidir\/"},"wordCount":536,"commentCount":0,"image":{"@id":"https:\/\/haberkuzey.com\/index.php\/2024\/05\/06\/isg-bir-isg-yasal-gereklerini-hayata-gecirmek-icin-tum-tedbirler-acilen-alinmalidir\/#primaryimage"},"thumbnailUrl":"https:\/\/haberkuzey.com\/wp-content\/uploads\/2024\/05\/ISG-BIR.webp.webp","articleSection":["K\u0131br\u0131s"],"inLanguage":"tr","potentialAction":[{"@type":"CommentAction","name":"Comment","target":["https:\/\/haberkuzey.com\/index.php\/2024\/05\/06\/isg-bir-isg-yasal-gereklerini-hayata-gecirmek-icin-tum-tedbirler-acilen-alinmalidir\/#respond"]}]},{"@type":"WebPage","@id":"https:\/\/haberkuzey.com\/index.php\/2024\/05\/06\/isg-bir-isg-yasal-gereklerini-hayata-gecirmek-icin-tum-tedbirler-acilen-alinmalidir\/","url":"https:\/\/haberkuzey.com\/index.php\/2024\/05\/06\/isg-bir-isg-yasal-gereklerini-hayata-gecirmek-icin-tum-tedbirler-acilen-alinmalidir\/","name":"\u0130SG-B\u0130R: \u201c\u0130SG yasal gereklerini hayata ge\u00e7irmek i\u00e7in t\u00fcm tedbirler acilen al\u0131nmal\u0131d\u0131r\u201d - Haber Kuzey","isPartOf":{"@id":"https:\/\/haberkuzey.com\/#website"},"primaryImageOfPage":{"@id":"https:\/\/haberkuzey.com\/index.php\/2024\/05\/06\/isg-bir-isg-yasal-gereklerini-hayata-gecirmek-icin-tum-tedbirler-acilen-alinmalidir\/#primaryimage"},"image":{"@id":"https:\/\/haberkuzey.com\/index.php\/2024\/05\/06\/isg-bir-isg-yasal-gereklerini-hayata-gecirmek-icin-tum-tedbirler-acilen-alinmalidir\/#primaryimage"},"thumbnailUrl":"https:\/\/haberkuzey.com\/wp-content\/uploads\/2024\/05\/ISG-BIR.webp.webp","datePublished":"2024-05-06T17:24:59+00:00","author":{"@id":"https:\/\/haberkuzey.com\/#\/schema\/person\/3372109ec735f9333f4fa47ebb9605ca"},"breadcrumb":{"@id":"https:\/\/haberkuzey.com\/index.php\/2024\/05\/06\/isg-bir-isg-yasal-gereklerini-hayata-gecirmek-icin-tum-tedbirler-acilen-alinmalidir\/#breadcrumb"},"inLanguage":"tr","potentialAction":[{"@type":"ReadAction","target":["https:\/\/haberkuzey.com\/index.php\/2024\/05\/06\/isg-bir-isg-yasal-gereklerini-hayata-gecirmek-icin-tum-tedbirler-acilen-alinmalidir\/"]}]},{"@type":"ImageObject","inLanguage":"tr","@id":"https:\/\/haberkuzey.com\/index.php\/2024\/05\/06\/isg-bir-isg-yasal-gereklerini-hayata-gecirmek-icin-tum-tedbirler-acilen-alinmalidir\/#primaryimage","url":"https:\/\/haberkuzey.com\/wp-content\/uploads\/2024\/05\/ISG-BIR.webp.webp","contentUrl":"https:\/\/haberkuzey.com\/wp-content\/uploads\/2024\/05\/ISG-BIR.webp.webp","width":1280,"height":720},{"@type":"BreadcrumbList","@id":"https:\/\/haberkuzey.com\/index.php\/2024\/05\/06\/isg-bir-isg-yasal-gereklerini-hayata-gecirmek-icin-tum-tedbirler-acilen-alinmalidir\/#breadcrumb","itemListElement":[{"@type":"ListItem","position":1,"name":"Anasayfa","item":"https:\/\/haberkuzey.com\/"},{"@type":"ListItem","position":2,"name":"\u0130SG-B\u0130R: \u201c\u0130SG yasal gereklerini hayata ge\u00e7irmek i\u00e7in t\u00fcm tedbirler acilen al\u0131nmal\u0131d\u0131r\u201d"}]},{"@type":"WebSite","@id":"https:\/\/haberkuzey.com\/#website","url":"https:\/\/haberkuzey.com\/","name":"Haber Kuzey","description":"Do\u011fru Haberin Adresi","potentialAction":[{"@type":"SearchAction","target":{"@type":"EntryPoint","urlTemplate":"https:\/\/haberkuzey.com\/?s={search_term_string}"},"query-input":{"@type":"PropertyValueSpecification","valueRequired":true,"valueName":"search_term_string"}}],"inLanguage":"tr"},{"@type":"Person","@id":"https:\/\/haberkuzey.com\/#\/schema\/person\/3372109ec735f9333f4fa47ebb9605ca","name":"haberkuzey","image":{"@type":"ImageObject","inLanguage":"tr","@id":"https:\/\/secure.gravatar.com\/avatar\/f5fc875574b1575324358c3b9e6a32b8227aa5b74f3fa22e3cadb63e26fcc39c?s=96&d=mm&r=g","url":"https:\/\/secure.gravatar.com\/avatar\/f5fc875574b1575324358c3b9e6a32b8227aa5b74f3fa22e3cadb63e26fcc39c?s=96&d=mm&r=g","contentUrl":"https:\/\/secure.gravatar.com\/avatar\/f5fc875574b1575324358c3b9e6a32b8227aa5b74f3fa22e3cadb63e26fcc39c?s=96&d=mm&r=g","caption":"haberkuzey"},"sameAs":["https:\/\/haberkuzey.com"],"url":"https:\/\/haberkuzey.com\/index.php\/author\/haberkuzey\/"}]}},"_links":{"self":[{"href":"https:\/\/haberkuzey.com\/index.php\/wp-json\/wp\/v2\/posts\/1545","targetHints":{"allow":["GET"]}}],"collection":[{"href":"https:\/\/haberkuzey.com\/index.php\/wp-json\/wp\/v2\/posts"}],"about":[{"href":"https:\/\/haberkuzey.com\/index.php\/wp-json\/wp\/v2\/types\/post"}],"author":[{"embeddable":true,"href":"https:\/\/haberkuzey.com\/index.php\/wp-json\/wp\/v2\/users\/1"}],"replies":[{"embeddable":true,"href":"https:\/\/haberkuzey.com\/index.php\/wp-json\/wp\/v2\/comments?post=1545"}],"version-history":[{"count":0,"href":"https:\/\/haberkuzey.com\/index.php\/wp-json\/wp\/v2\/posts\/1545\/revisions"}],"wp:featuredmedia":[{"embeddable":true,"href":"https:\/\/haberkuzey.com\/index.php\/wp-json\/wp\/v2\/media\/1546"}],"wp:attachment":[{"href":"https:\/\/haberkuzey.com\/index.php\/wp-json\/wp\/v2\/media?parent=1545"}],"wp:term":[{"taxonomy":"category","embeddable":true,"href":"https:\/\/haberkuzey.com\/index.php\/wp-json\/wp\/v2\/categories?post=1545"},{"taxonomy":"post_tag","embeddable":true,"href":"https:\/\/haberkuzey.com\/index.php\/wp-json\/wp\/v2\/tags?post=1545"}],"curies":[{"name":"wp","href":"https:\/\/api.w.org\/{rel}","templated":true}]}}