{"id":15270,"date":"2024-12-20T13:34:58","date_gmt":"2024-12-20T11:34:58","guid":{"rendered":"https:\/\/haberkuzey.com\/index.php\/2024\/12\/20\/falyali-davasinda-tutuklu-13-sanigin-tahliyesine-karar-verildi\/"},"modified":"2024-12-20T13:34:58","modified_gmt":"2024-12-20T11:34:58","slug":"falyali-davasinda-tutuklu-13-sanigin-tahliyesine-karar-verildi","status":"publish","type":"post","link":"https:\/\/haberkuzey.com\/index.php\/2024\/12\/20\/falyali-davasinda-tutuklu-13-sanigin-tahliyesine-karar-verildi\/","title":{"rendered":"Falyal\u0131 davas\u0131nda tutuklu 13 san\u0131\u011f\u0131n tahliyesine karar verildi"},"content":{"rendered":"<div>\n<div class=\"mariselle-image-container center\">\n                                            <\/div>\n<p>\u00d6ld\u00fcr\u00fclen i\u015f insan\u0131 Halil Falyal\u0131 ve e\u015fi ile kumarhane m\u00fcd\u00fcr\u00fcn\u00fcn de aralar\u0131nda bulundu\u011fu \u201cHalil Falyal\u0131 su\u00e7 \u00f6rg\u00fct\u00fc\u201d diye isimlendirilen dava Ankara\u2019da ba\u015flad\u0131. <\/p>\n<p>Ankara 20. Asliye Ceza Mahkemesi\u2019ndeki davada 13\u2019\u00fc tutuklu 250 san\u0131k yasa d\u0131\u015f\u0131 bahis organizasyonu kurdu\u011fu iddias\u0131yla yarg\u0131nlan\u0131yor.<br \/>13 tutuklu san\u0131k, tutuksuz san\u0131klardan baz\u0131lar\u0131 ve taraf avukatlar\u0131n\u0131n kat\u0131ld\u0131\u011f\u0131 davada , san\u0131klar\u0131n su\u00e7suz oldu\u011fu\u0131 iddia edildi, mahkemeden tahliye talebinde bulunuldu.<\/p>\n<p>Ara karar\u0131n\u0131 a\u00e7\u0131klayan mahkeme, Tutuklu 13 san\u0131\u011f\u0131n tahliyesine karar verdi.<br \/>Davan\u0131n bir sonraki duru\u015fmas\u0131 13 May\u0131s\u2019ta olacak.<\/p>\n<\/p><\/div>\n<p><script async\n                    defer\n                    crossorigin=\"anonymous\"\n                    src=\"https:\/\/connect.facebook.net\/tr_TR\/sdk.js#xfbml=1&#038;version=v3.3\"\n            ><\/script><\/p>\n","protected":false},"excerpt":{"rendered":"<p>\u00d6ld\u00fcr\u00fclen i\u015f insan\u0131 Halil Falyal\u0131 ve e\u015fi ile kumarhane m\u00fcd\u00fcr\u00fcn\u00fcn de aralar\u0131nda bulundu\u011fu \u201cHalil Falyal\u0131 su\u00e7 \u00f6rg\u00fct\u00fc\u201d diye isimlendirilen dava Ankara\u2019da ba\u015flad\u0131. Ankara 20. Asliye Ceza Mahkemesi\u2019ndeki davada 13\u2019\u00fc tutuklu 250 san\u0131k yasa d\u0131\u015f\u0131 bahis organizasyonu kurdu\u011fu iddias\u0131yla yarg\u0131nlan\u0131yor.13 tutuklu san\u0131k, tutuksuz san\u0131klardan baz\u0131lar\u0131 ve taraf avukatlar\u0131n\u0131n kat\u0131ld\u0131\u011f\u0131 davada , san\u0131klar\u0131n su\u00e7suz oldu\u011fu\u0131 iddia edildi, [&hellip;]<\/p>\n","protected":false},"author":1,"featured_media":15271,"comment_status":"open","ping_status":"open","sticky":false,"template":"","format":"standard","meta":{"jnews-multi-image_gallery":[],"jnews_single_post":[],"jnews_primary_category":[],"footnotes":""},"categories":[2],"tags":[],"class_list":["post-15270","post","type-post","status-publish","format-standard","has-post-thumbnail","hentry","category-dunya"],"yoast_head":"<!-- This site is optimized with the Yoast SEO plugin v27.5 - https:\/\/yoast.com\/product\/yoast-seo-wordpress\/ -->\n<title>Falyal\u0131 davas\u0131nda tutuklu 13 san\u0131\u011f\u0131n tahliyesine karar verildi - Haber Kuzey<\/title>\n<meta name=\"robots\" content=\"index, follow, max-snippet:-1, max-image-preview:large, max-video-preview:-1\" \/>\n<link rel=\"canonical\" href=\"https:\/\/haberkuzey.com\/index.php\/2024\/12\/20\/falyali-davasinda-tutuklu-13-sanigin-tahliyesine-karar-verildi\/\" \/>\n<meta property=\"og:locale\" content=\"tr_TR\" \/>\n<meta property=\"og:type\" content=\"article\" \/>\n<meta property=\"og:title\" content=\"Falyal\u0131 davas\u0131nda tutuklu 13 san\u0131\u011f\u0131n tahliyesine karar verildi - Haber Kuzey\" \/>\n<meta property=\"og:description\" content=\"\u00d6ld\u00fcr\u00fclen i\u015f insan\u0131 Halil Falyal\u0131 ve e\u015fi ile kumarhane m\u00fcd\u00fcr\u00fcn\u00fcn de aralar\u0131nda bulundu\u011fu \u201cHalil Falyal\u0131 su\u00e7 \u00f6rg\u00fct\u00fc\u201d diye isimlendirilen dava Ankara\u2019da ba\u015flad\u0131. Ankara 20. Asliye Ceza Mahkemesi\u2019ndeki davada 13\u2019\u00fc tutuklu 250 san\u0131k yasa d\u0131\u015f\u0131 bahis organizasyonu kurdu\u011fu iddias\u0131yla yarg\u0131nlan\u0131yor.13 tutuklu san\u0131k, tutuksuz san\u0131klardan baz\u0131lar\u0131 ve taraf avukatlar\u0131n\u0131n kat\u0131ld\u0131\u011f\u0131 davada , san\u0131klar\u0131n su\u00e7suz oldu\u011fu\u0131 iddia edildi, [&hellip;]\" \/>\n<meta property=\"og:url\" content=\"https:\/\/haberkuzey.com\/index.php\/2024\/12\/20\/falyali-davasinda-tutuklu-13-sanigin-tahliyesine-karar-verildi\/\" \/>\n<meta property=\"og:site_name\" content=\"Haber Kuzey\" \/>\n<meta property=\"article:published_time\" content=\"2024-12-20T11:34:58+00:00\" \/>\n<meta property=\"og:image\" content=\"https:\/\/brtk.net\/wp-content\/uploads\/2024\/12\/20\/falyali.webp?ver=d6b2176d6fb9dc3200c9a95847eda43a\" \/>\n<meta name=\"author\" content=\"haberkuzey\" \/>\n<meta name=\"twitter:card\" content=\"summary_large_image\" \/>\n<meta name=\"twitter:label1\" content=\"Yazan:\" \/>\n\t<meta name=\"twitter:data1\" content=\"haberkuzey\" \/>\n\t<meta name=\"twitter:label2\" content=\"Tahmini okuma s\u00fcresi\" \/>\n\t<meta name=\"twitter:data2\" content=\"1 dakika\" \/>\n<script type=\"application\/ld+json\" class=\"yoast-schema-graph\">{\"@context\":\"https:\\\/\\\/schema.org\",\"@graph\":[{\"@type\":\"Article\",\"@id\":\"https:\\\/\\\/haberkuzey.com\\\/index.php\\\/2024\\\/12\\\/20\\\/falyali-davasinda-tutuklu-13-sanigin-tahliyesine-karar-verildi\\\/#article\",\"isPartOf\":{\"@id\":\"https:\\\/\\\/haberkuzey.com\\\/index.php\\\/2024\\\/12\\\/20\\\/falyali-davasinda-tutuklu-13-sanigin-tahliyesine-karar-verildi\\\/\"},\"author\":{\"name\":\"haberkuzey\",\"@id\":\"https:\\\/\\\/haberkuzey.com\\\/#\\\/schema\\\/person\\\/3372109ec735f9333f4fa47ebb9605ca\"},\"headline\":\"Falyal\u0131 davas\u0131nda tutuklu 13 san\u0131\u011f\u0131n tahliyesine karar verildi\",\"datePublished\":\"2024-12-20T11:34:58+00:00\",\"mainEntityOfPage\":{\"@id\":\"https:\\\/\\\/haberkuzey.com\\\/index.php\\\/2024\\\/12\\\/20\\\/falyali-davasinda-tutuklu-13-sanigin-tahliyesine-karar-verildi\\\/\"},\"wordCount\":114,\"commentCount\":0,\"image\":{\"@id\":\"https:\\\/\\\/haberkuzey.com\\\/index.php\\\/2024\\\/12\\\/20\\\/falyali-davasinda-tutuklu-13-sanigin-tahliyesine-karar-verildi\\\/#primaryimage\"},\"thumbnailUrl\":\"https:\\\/\\\/haberkuzey.com\\\/wp-content\\\/uploads\\\/2024\\\/12\\\/falyali.webp.webp\",\"articleSection\":[\"D\u00fcnya\"],\"inLanguage\":\"tr\",\"potentialAction\":[{\"@type\":\"CommentAction\",\"name\":\"Comment\",\"target\":[\"https:\\\/\\\/haberkuzey.com\\\/index.php\\\/2024\\\/12\\\/20\\\/falyali-davasinda-tutuklu-13-sanigin-tahliyesine-karar-verildi\\\/#respond\"]}]},{\"@type\":\"WebPage\",\"@id\":\"https:\\\/\\\/haberkuzey.com\\\/index.php\\\/2024\\\/12\\\/20\\\/falyali-davasinda-tutuklu-13-sanigin-tahliyesine-karar-verildi\\\/\",\"url\":\"https:\\\/\\\/haberkuzey.com\\\/index.php\\\/2024\\\/12\\\/20\\\/falyali-davasinda-tutuklu-13-sanigin-tahliyesine-karar-verildi\\\/\",\"name\":\"Falyal\u0131 davas\u0131nda tutuklu 13 san\u0131\u011f\u0131n tahliyesine karar verildi - Haber Kuzey\",\"isPartOf\":{\"@id\":\"https:\\\/\\\/haberkuzey.com\\\/#website\"},\"primaryImageOfPage\":{\"@id\":\"https:\\\/\\\/haberkuzey.com\\\/index.php\\\/2024\\\/12\\\/20\\\/falyali-davasinda-tutuklu-13-sanigin-tahliyesine-karar-verildi\\\/#primaryimage\"},\"image\":{\"@id\":\"https:\\\/\\\/haberkuzey.com\\\/index.php\\\/2024\\\/12\\\/20\\\/falyali-davasinda-tutuklu-13-sanigin-tahliyesine-karar-verildi\\\/#primaryimage\"},\"thumbnailUrl\":\"https:\\\/\\\/haberkuzey.com\\\/wp-content\\\/uploads\\\/2024\\\/12\\\/falyali.webp.webp\",\"datePublished\":\"2024-12-20T11:34:58+00:00\",\"author\":{\"@id\":\"https:\\\/\\\/haberkuzey.com\\\/#\\\/schema\\\/person\\\/3372109ec735f9333f4fa47ebb9605ca\"},\"breadcrumb\":{\"@id\":\"https:\\\/\\\/haberkuzey.com\\\/index.php\\\/2024\\\/12\\\/20\\\/falyali-davasinda-tutuklu-13-sanigin-tahliyesine-karar-verildi\\\/#breadcrumb\"},\"inLanguage\":\"tr\",\"potentialAction\":[{\"@type\":\"ReadAction\",\"target\":[\"https:\\\/\\\/haberkuzey.com\\\/index.php\\\/2024\\\/12\\\/20\\\/falyali-davasinda-tutuklu-13-sanigin-tahliyesine-karar-verildi\\\/\"]}]},{\"@type\":\"ImageObject\",\"inLanguage\":\"tr\",\"@id\":\"https:\\\/\\\/haberkuzey.com\\\/index.php\\\/2024\\\/12\\\/20\\\/falyali-davasinda-tutuklu-13-sanigin-tahliyesine-karar-verildi\\\/#primaryimage\",\"url\":\"https:\\\/\\\/haberkuzey.com\\\/wp-content\\\/uploads\\\/2024\\\/12\\\/falyali.webp.webp\",\"contentUrl\":\"https:\\\/\\\/haberkuzey.com\\\/wp-content\\\/uploads\\\/2024\\\/12\\\/falyali.webp.webp\",\"width\":971,\"height\":551},{\"@type\":\"BreadcrumbList\",\"@id\":\"https:\\\/\\\/haberkuzey.com\\\/index.php\\\/2024\\\/12\\\/20\\\/falyali-davasinda-tutuklu-13-sanigin-tahliyesine-karar-verildi\\\/#breadcrumb\",\"itemListElement\":[{\"@type\":\"ListItem\",\"position\":1,\"name\":\"Anasayfa\",\"item\":\"https:\\\/\\\/haberkuzey.com\\\/\"},{\"@type\":\"ListItem\",\"position\":2,\"name\":\"Falyal\u0131 davas\u0131nda tutuklu 13 san\u0131\u011f\u0131n tahliyesine karar verildi\"}]},{\"@type\":\"WebSite\",\"@id\":\"https:\\\/\\\/haberkuzey.com\\\/#website\",\"url\":\"https:\\\/\\\/haberkuzey.com\\\/\",\"name\":\"Haber Kuzey\",\"description\":\"Do\u011fru Haberin Adresi\",\"potentialAction\":[{\"@type\":\"SearchAction\",\"target\":{\"@type\":\"EntryPoint\",\"urlTemplate\":\"https:\\\/\\\/haberkuzey.com\\\/?s={search_term_string}\"},\"query-input\":{\"@type\":\"PropertyValueSpecification\",\"valueRequired\":true,\"valueName\":\"search_term_string\"}}],\"inLanguage\":\"tr\"},{\"@type\":\"Person\",\"@id\":\"https:\\\/\\\/haberkuzey.com\\\/#\\\/schema\\\/person\\\/3372109ec735f9333f4fa47ebb9605ca\",\"name\":\"haberkuzey\",\"image\":{\"@type\":\"ImageObject\",\"inLanguage\":\"tr\",\"@id\":\"https:\\\/\\\/secure.gravatar.com\\\/avatar\\\/f5fc875574b1575324358c3b9e6a32b8227aa5b74f3fa22e3cadb63e26fcc39c?s=96&d=mm&r=g\",\"url\":\"https:\\\/\\\/secure.gravatar.com\\\/avatar\\\/f5fc875574b1575324358c3b9e6a32b8227aa5b74f3fa22e3cadb63e26fcc39c?s=96&d=mm&r=g\",\"contentUrl\":\"https:\\\/\\\/secure.gravatar.com\\\/avatar\\\/f5fc875574b1575324358c3b9e6a32b8227aa5b74f3fa22e3cadb63e26fcc39c?s=96&d=mm&r=g\",\"caption\":\"haberkuzey\"},\"sameAs\":[\"https:\\\/\\\/haberkuzey.com\"],\"url\":\"https:\\\/\\\/haberkuzey.com\\\/index.php\\\/author\\\/haberkuzey\\\/\"}]}<\/script>\n<!-- \/ Yoast SEO plugin. -->","yoast_head_json":{"title":"Falyal\u0131 davas\u0131nda tutuklu 13 san\u0131\u011f\u0131n tahliyesine karar verildi - Haber Kuzey","robots":{"index":"index","follow":"follow","max-snippet":"max-snippet:-1","max-image-preview":"max-image-preview:large","max-video-preview":"max-video-preview:-1"},"canonical":"https:\/\/haberkuzey.com\/index.php\/2024\/12\/20\/falyali-davasinda-tutuklu-13-sanigin-tahliyesine-karar-verildi\/","og_locale":"tr_TR","og_type":"article","og_title":"Falyal\u0131 davas\u0131nda tutuklu 13 san\u0131\u011f\u0131n tahliyesine karar verildi - Haber Kuzey","og_description":"\u00d6ld\u00fcr\u00fclen i\u015f insan\u0131 Halil Falyal\u0131 ve e\u015fi ile kumarhane m\u00fcd\u00fcr\u00fcn\u00fcn de aralar\u0131nda bulundu\u011fu \u201cHalil Falyal\u0131 su\u00e7 \u00f6rg\u00fct\u00fc\u201d diye isimlendirilen dava Ankara\u2019da ba\u015flad\u0131. Ankara 20. Asliye Ceza Mahkemesi\u2019ndeki davada 13\u2019\u00fc tutuklu 250 san\u0131k yasa d\u0131\u015f\u0131 bahis organizasyonu kurdu\u011fu iddias\u0131yla yarg\u0131nlan\u0131yor.13 tutuklu san\u0131k, tutuksuz san\u0131klardan baz\u0131lar\u0131 ve taraf avukatlar\u0131n\u0131n kat\u0131ld\u0131\u011f\u0131 davada , san\u0131klar\u0131n su\u00e7suz oldu\u011fu\u0131 iddia edildi, [&hellip;]","og_url":"https:\/\/haberkuzey.com\/index.php\/2024\/12\/20\/falyali-davasinda-tutuklu-13-sanigin-tahliyesine-karar-verildi\/","og_site_name":"Haber Kuzey","article_published_time":"2024-12-20T11:34:58+00:00","og_image":[{"url":"https:\/\/brtk.net\/wp-content\/uploads\/2024\/12\/20\/falyali.webp?ver=d6b2176d6fb9dc3200c9a95847eda43a","type":"","width":"","height":""}],"author":"haberkuzey","twitter_card":"summary_large_image","twitter_misc":{"Yazan:":"haberkuzey","Tahmini okuma s\u00fcresi":"1 dakika"},"schema":{"@context":"https:\/\/schema.org","@graph":[{"@type":"Article","@id":"https:\/\/haberkuzey.com\/index.php\/2024\/12\/20\/falyali-davasinda-tutuklu-13-sanigin-tahliyesine-karar-verildi\/#article","isPartOf":{"@id":"https:\/\/haberkuzey.com\/index.php\/2024\/12\/20\/falyali-davasinda-tutuklu-13-sanigin-tahliyesine-karar-verildi\/"},"author":{"name":"haberkuzey","@id":"https:\/\/haberkuzey.com\/#\/schema\/person\/3372109ec735f9333f4fa47ebb9605ca"},"headline":"Falyal\u0131 davas\u0131nda tutuklu 13 san\u0131\u011f\u0131n tahliyesine karar verildi","datePublished":"2024-12-20T11:34:58+00:00","mainEntityOfPage":{"@id":"https:\/\/haberkuzey.com\/index.php\/2024\/12\/20\/falyali-davasinda-tutuklu-13-sanigin-tahliyesine-karar-verildi\/"},"wordCount":114,"commentCount":0,"image":{"@id":"https:\/\/haberkuzey.com\/index.php\/2024\/12\/20\/falyali-davasinda-tutuklu-13-sanigin-tahliyesine-karar-verildi\/#primaryimage"},"thumbnailUrl":"https:\/\/haberkuzey.com\/wp-content\/uploads\/2024\/12\/falyali.webp.webp","articleSection":["D\u00fcnya"],"inLanguage":"tr","potentialAction":[{"@type":"CommentAction","name":"Comment","target":["https:\/\/haberkuzey.com\/index.php\/2024\/12\/20\/falyali-davasinda-tutuklu-13-sanigin-tahliyesine-karar-verildi\/#respond"]}]},{"@type":"WebPage","@id":"https:\/\/haberkuzey.com\/index.php\/2024\/12\/20\/falyali-davasinda-tutuklu-13-sanigin-tahliyesine-karar-verildi\/","url":"https:\/\/haberkuzey.com\/index.php\/2024\/12\/20\/falyali-davasinda-tutuklu-13-sanigin-tahliyesine-karar-verildi\/","name":"Falyal\u0131 davas\u0131nda tutuklu 13 san\u0131\u011f\u0131n tahliyesine karar verildi - Haber Kuzey","isPartOf":{"@id":"https:\/\/haberkuzey.com\/#website"},"primaryImageOfPage":{"@id":"https:\/\/haberkuzey.com\/index.php\/2024\/12\/20\/falyali-davasinda-tutuklu-13-sanigin-tahliyesine-karar-verildi\/#primaryimage"},"image":{"@id":"https:\/\/haberkuzey.com\/index.php\/2024\/12\/20\/falyali-davasinda-tutuklu-13-sanigin-tahliyesine-karar-verildi\/#primaryimage"},"thumbnailUrl":"https:\/\/haberkuzey.com\/wp-content\/uploads\/2024\/12\/falyali.webp.webp","datePublished":"2024-12-20T11:34:58+00:00","author":{"@id":"https:\/\/haberkuzey.com\/#\/schema\/person\/3372109ec735f9333f4fa47ebb9605ca"},"breadcrumb":{"@id":"https:\/\/haberkuzey.com\/index.php\/2024\/12\/20\/falyali-davasinda-tutuklu-13-sanigin-tahliyesine-karar-verildi\/#breadcrumb"},"inLanguage":"tr","potentialAction":[{"@type":"ReadAction","target":["https:\/\/haberkuzey.com\/index.php\/2024\/12\/20\/falyali-davasinda-tutuklu-13-sanigin-tahliyesine-karar-verildi\/"]}]},{"@type":"ImageObject","inLanguage":"tr","@id":"https:\/\/haberkuzey.com\/index.php\/2024\/12\/20\/falyali-davasinda-tutuklu-13-sanigin-tahliyesine-karar-verildi\/#primaryimage","url":"https:\/\/haberkuzey.com\/wp-content\/uploads\/2024\/12\/falyali.webp.webp","contentUrl":"https:\/\/haberkuzey.com\/wp-content\/uploads\/2024\/12\/falyali.webp.webp","width":971,"height":551},{"@type":"BreadcrumbList","@id":"https:\/\/haberkuzey.com\/index.php\/2024\/12\/20\/falyali-davasinda-tutuklu-13-sanigin-tahliyesine-karar-verildi\/#breadcrumb","itemListElement":[{"@type":"ListItem","position":1,"name":"Anasayfa","item":"https:\/\/haberkuzey.com\/"},{"@type":"ListItem","position":2,"name":"Falyal\u0131 davas\u0131nda tutuklu 13 san\u0131\u011f\u0131n tahliyesine karar verildi"}]},{"@type":"WebSite","@id":"https:\/\/haberkuzey.com\/#website","url":"https:\/\/haberkuzey.com\/","name":"Haber Kuzey","description":"Do\u011fru Haberin Adresi","potentialAction":[{"@type":"SearchAction","target":{"@type":"EntryPoint","urlTemplate":"https:\/\/haberkuzey.com\/?s={search_term_string}"},"query-input":{"@type":"PropertyValueSpecification","valueRequired":true,"valueName":"search_term_string"}}],"inLanguage":"tr"},{"@type":"Person","@id":"https:\/\/haberkuzey.com\/#\/schema\/person\/3372109ec735f9333f4fa47ebb9605ca","name":"haberkuzey","image":{"@type":"ImageObject","inLanguage":"tr","@id":"https:\/\/secure.gravatar.com\/avatar\/f5fc875574b1575324358c3b9e6a32b8227aa5b74f3fa22e3cadb63e26fcc39c?s=96&d=mm&r=g","url":"https:\/\/secure.gravatar.com\/avatar\/f5fc875574b1575324358c3b9e6a32b8227aa5b74f3fa22e3cadb63e26fcc39c?s=96&d=mm&r=g","contentUrl":"https:\/\/secure.gravatar.com\/avatar\/f5fc875574b1575324358c3b9e6a32b8227aa5b74f3fa22e3cadb63e26fcc39c?s=96&d=mm&r=g","caption":"haberkuzey"},"sameAs":["https:\/\/haberkuzey.com"],"url":"https:\/\/haberkuzey.com\/index.php\/author\/haberkuzey\/"}]}},"_links":{"self":[{"href":"https:\/\/haberkuzey.com\/index.php\/wp-json\/wp\/v2\/posts\/15270","targetHints":{"allow":["GET"]}}],"collection":[{"href":"https:\/\/haberkuzey.com\/index.php\/wp-json\/wp\/v2\/posts"}],"about":[{"href":"https:\/\/haberkuzey.com\/index.php\/wp-json\/wp\/v2\/types\/post"}],"author":[{"embeddable":true,"href":"https:\/\/haberkuzey.com\/index.php\/wp-json\/wp\/v2\/users\/1"}],"replies":[{"embeddable":true,"href":"https:\/\/haberkuzey.com\/index.php\/wp-json\/wp\/v2\/comments?post=15270"}],"version-history":[{"count":0,"href":"https:\/\/haberkuzey.com\/index.php\/wp-json\/wp\/v2\/posts\/15270\/revisions"}],"wp:featuredmedia":[{"embeddable":true,"href":"https:\/\/haberkuzey.com\/index.php\/wp-json\/wp\/v2\/media\/15271"}],"wp:attachment":[{"href":"https:\/\/haberkuzey.com\/index.php\/wp-json\/wp\/v2\/media?parent=15270"}],"wp:term":[{"taxonomy":"category","embeddable":true,"href":"https:\/\/haberkuzey.com\/index.php\/wp-json\/wp\/v2\/categories?post=15270"},{"taxonomy":"post_tag","embeddable":true,"href":"https:\/\/haberkuzey.com\/index.php\/wp-json\/wp\/v2\/tags?post=15270"}],"curies":[{"name":"wp","href":"https:\/\/api.w.org\/{rel}","templated":true}]}}