{"id":1515,"date":"2024-05-06T16:20:57","date_gmt":"2024-05-06T13:20:57","guid":{"rendered":"https:\/\/haberkuzey.com\/index.php\/2024\/05\/06\/tore-kibris-tmt-mucahitler-dernegini-kabul-etti-verilen-mucadele-genc-nesillere-anlatilmalidir\/"},"modified":"2024-05-06T16:20:57","modified_gmt":"2024-05-06T13:20:57","slug":"tore-kibris-tmt-mucahitler-dernegini-kabul-etti-verilen-mucadele-genc-nesillere-anlatilmalidir","status":"publish","type":"post","link":"https:\/\/haberkuzey.com\/index.php\/2024\/05\/06\/tore-kibris-tmt-mucahitler-dernegini-kabul-etti-verilen-mucadele-genc-nesillere-anlatilmalidir\/","title":{"rendered":"T\u00f6re, K\u0131br\u0131s TMT M\u00fccahitler Derne\u011fi\u2019ni kabul etti: Verilen m\u00fccadele gen\u00e7 nesillere anlat\u0131lmal\u0131d\u0131r"},"content":{"rendered":"<div>\n<div class=\"mariselle-image-container none\">\n                                            <\/div>\n<p>Cumhuriyet Meclisi Ba\u015fkan\u0131 Zorlu T\u00f6re, K\u0131br\u0131s TMT M\u00fccahitler Derne\u011fi Genel Ba\u015fkan\u0131 Celal Bayar ve dernek y\u00f6neticilerini kabul etti.<\/p>\n<p>Meclis\u2019ten yap\u0131lan a\u00e7\u0131klamaya g\u00f6re, Meclis \u015eeref Salonu\u2019nda yer alan kabulde konu\u015fan T\u00f6re, \u201cm\u00fccahit ve mukavemet ruhunun azald\u0131k\u00e7a be\u015finci kol faaliyetlerinin artt\u0131\u011f\u0131n\u0131\u201d s\u00f6yledi.<\/p>\n<p>T\u00f6re, \u201cdevlet, T\u00fcrkiye ve TMT kar\u015f\u0131tl\u0131\u011f\u0131n\u0131n bir propaganda arac\u0131 olarak be\u015finci kol taraf\u0131ndan devam ettirildi\u011fini\u201d ifade etti.<\/p>\n<p>T\u00f6re, \u201cVolkan, Kara\u00e7ete ve 9 Eyl\u00fcl te\u015fkilatlar\u0131n\u0131n ba\u015flatt\u0131\u011f\u0131 m\u00fccadelenin T\u00fcrk Mukavemet Te\u015fkilat\u0131 ile devam etti\u011fini ve 20 Temmuz 1974 Mutlu Bar\u0131\u015f Harekat\u0131\u2019na kadar gelindi\u011fini\u201d belirtti.<\/p>\n<p>GKK\u2019n\u0131n TMT\u2019nin devam\u0131 oldu\u011funu belirten T\u00f6re, \u201cMutlu Bar\u0131\u015f Harekat\u0131\u2019ndan sonra g\u00f6revin GKK\u2019ya devredildi\u011fini, bug\u00fcn GKK ve K\u0131br\u0131s T\u00fcrk Bar\u0131\u015f Kuvvetleri Komutanl\u0131\u011f\u0131 g\u00fcvencesinde huzurla ya\u015fad\u0131klar\u0131n\u0131\u201d s\u00f6yledi.<\/p>\n<p>\u201cKKTC\u2019nin ebediyete kadar ya\u015fayaca\u011f\u0131n\u0131 ve kendilerinin de sahip \u00e7\u0131kaca\u011f\u0131n\u0131\u201d vurgulayan T\u00f6re, \u201cgen\u00e7 nesillere verilen m\u00fccadelenin anlat\u0131lmas\u0131nda TMT Derne\u011fi \u00fcyelerine de g\u00f6revler d\u00fc\u015ft\u00fc\u011f\u00fcn\u00fc ve bu ruhun devam etmesi gerekti\u011fini\u201d s\u00f6yledi.<\/p>\n<p>T\u00fcrk Mukavemet Te\u015fkilat\u0131\u2019n\u0131n bug\u00fcnlere gelmesinde eme\u011fi ge\u00e7en herkese te\u015fekk\u00fcr eden T\u00f6re, \u201cHep birlikte yola devam edece\u011fiz\u201d dedi.<\/p>\n<p>K\u0131br\u0131s TMT M\u00fccahitler Derne\u011fi Genel Ba\u015fkan\u0131 Celal Bayar da T\u00f6re\u2019ye verdi\u011fi destekten dolay\u0131 te\u015fekk\u00fcr ederek yeni olu\u015fan y\u00f6netim kurulunu tan\u0131tt\u0131.<\/p>\n<p>Konu\u015fmalar\u0131n ard\u0131ndan kar\u015f\u0131l\u0131k hediye teatisinde bulunuldu.<\/p>\n<\/p><\/div>\n<p><script async\n                    defer\n                    crossorigin=\"anonymous\"\n                    src=\"https:\/\/connect.facebook.net\/tr_TR\/sdk.js#xfbml=1&#038;version=v3.3\"\n            ><\/script><\/p>\n","protected":false},"excerpt":{"rendered":"<p>Cumhuriyet Meclisi Ba\u015fkan\u0131 Zorlu T\u00f6re, K\u0131br\u0131s TMT M\u00fccahitler Derne\u011fi Genel Ba\u015fkan\u0131 Celal Bayar ve dernek y\u00f6neticilerini kabul etti. Meclis\u2019ten yap\u0131lan a\u00e7\u0131klamaya g\u00f6re, Meclis \u015eeref Salonu\u2019nda yer alan kabulde konu\u015fan T\u00f6re, \u201cm\u00fccahit ve mukavemet ruhunun azald\u0131k\u00e7a be\u015finci kol faaliyetlerinin artt\u0131\u011f\u0131n\u0131\u201d s\u00f6yledi. T\u00f6re, \u201cdevlet, T\u00fcrkiye ve TMT kar\u015f\u0131tl\u0131\u011f\u0131n\u0131n bir propaganda arac\u0131 olarak be\u015finci kol taraf\u0131ndan devam ettirildi\u011fini\u201d [&hellip;]<\/p>\n","protected":false},"author":1,"featured_media":1516,"comment_status":"open","ping_status":"open","sticky":false,"template":"","format":"standard","meta":{"jnews-multi-image_gallery":[],"jnews_single_post":[],"jnews_primary_category":[],"footnotes":""},"categories":[1],"tags":[],"class_list":["post-1515","post","type-post","status-publish","format-standard","has-post-thumbnail","hentry","category-kibris"],"yoast_head":"<!-- This site is optimized with the Yoast SEO plugin v27.5 - https:\/\/yoast.com\/product\/yoast-seo-wordpress\/ -->\n<title>T\u00f6re, K\u0131br\u0131s TMT M\u00fccahitler Derne\u011fi\u2019ni kabul etti: Verilen m\u00fccadele gen\u00e7 nesillere anlat\u0131lmal\u0131d\u0131r - Haber Kuzey<\/title>\n<meta name=\"robots\" content=\"index, follow, max-snippet:-1, max-image-preview:large, max-video-preview:-1\" \/>\n<link rel=\"canonical\" href=\"https:\/\/haberkuzey.com\/index.php\/2024\/05\/06\/tore-kibris-tmt-mucahitler-dernegini-kabul-etti-verilen-mucadele-genc-nesillere-anlatilmalidir\/\" \/>\n<meta property=\"og:locale\" content=\"tr_TR\" \/>\n<meta property=\"og:type\" content=\"article\" \/>\n<meta property=\"og:title\" content=\"T\u00f6re, K\u0131br\u0131s TMT M\u00fccahitler Derne\u011fi\u2019ni kabul etti: Verilen m\u00fccadele gen\u00e7 nesillere anlat\u0131lmal\u0131d\u0131r - Haber Kuzey\" \/>\n<meta property=\"og:description\" content=\"Cumhuriyet Meclisi Ba\u015fkan\u0131 Zorlu T\u00f6re, K\u0131br\u0131s TMT M\u00fccahitler Derne\u011fi Genel Ba\u015fkan\u0131 Celal Bayar ve dernek y\u00f6neticilerini kabul etti. Meclis\u2019ten yap\u0131lan a\u00e7\u0131klamaya g\u00f6re, Meclis \u015eeref Salonu\u2019nda yer alan kabulde konu\u015fan T\u00f6re, \u201cm\u00fccahit ve mukavemet ruhunun azald\u0131k\u00e7a be\u015finci kol faaliyetlerinin artt\u0131\u011f\u0131n\u0131\u201d s\u00f6yledi. T\u00f6re, \u201cdevlet, T\u00fcrkiye ve TMT kar\u015f\u0131tl\u0131\u011f\u0131n\u0131n bir propaganda arac\u0131 olarak be\u015finci kol taraf\u0131ndan devam ettirildi\u011fini\u201d [&hellip;]\" \/>\n<meta property=\"og:url\" content=\"https:\/\/haberkuzey.com\/index.php\/2024\/05\/06\/tore-kibris-tmt-mucahitler-dernegini-kabul-etti-verilen-mucadele-genc-nesillere-anlatilmalidir\/\" \/>\n<meta property=\"og:site_name\" content=\"Haber Kuzey\" \/>\n<meta property=\"article:published_time\" content=\"2024-05-06T13:20:57+00:00\" \/>\n<meta property=\"og:image\" content=\"https:\/\/brtk.net\/wp-content\/uploads\/2024\/05\/06\/tore-tmt-4-.jpeg?ver=0a715b5e69b1229cbfb3b0844db891e9\" \/>\n<meta name=\"author\" content=\"haberkuzey\" \/>\n<meta name=\"twitter:card\" content=\"summary_large_image\" \/>\n<meta name=\"twitter:label1\" content=\"Yazan:\" \/>\n\t<meta name=\"twitter:data1\" content=\"haberkuzey\" \/>\n\t<meta name=\"twitter:label2\" content=\"Tahmini okuma s\u00fcresi\" \/>\n\t<meta name=\"twitter:data2\" content=\"1 dakika\" \/>\n<script type=\"application\/ld+json\" class=\"yoast-schema-graph\">{\"@context\":\"https:\\\/\\\/schema.org\",\"@graph\":[{\"@type\":\"Article\",\"@id\":\"https:\\\/\\\/haberkuzey.com\\\/index.php\\\/2024\\\/05\\\/06\\\/tore-kibris-tmt-mucahitler-dernegini-kabul-etti-verilen-mucadele-genc-nesillere-anlatilmalidir\\\/#article\",\"isPartOf\":{\"@id\":\"https:\\\/\\\/haberkuzey.com\\\/index.php\\\/2024\\\/05\\\/06\\\/tore-kibris-tmt-mucahitler-dernegini-kabul-etti-verilen-mucadele-genc-nesillere-anlatilmalidir\\\/\"},\"author\":{\"name\":\"haberkuzey\",\"@id\":\"https:\\\/\\\/haberkuzey.com\\\/#\\\/schema\\\/person\\\/3372109ec735f9333f4fa47ebb9605ca\"},\"headline\":\"T\u00f6re, K\u0131br\u0131s TMT M\u00fccahitler Derne\u011fi\u2019ni kabul etti: Verilen m\u00fccadele gen\u00e7 nesillere anlat\u0131lmal\u0131d\u0131r\",\"datePublished\":\"2024-05-06T13:20:57+00:00\",\"mainEntityOfPage\":{\"@id\":\"https:\\\/\\\/haberkuzey.com\\\/index.php\\\/2024\\\/05\\\/06\\\/tore-kibris-tmt-mucahitler-dernegini-kabul-etti-verilen-mucadele-genc-nesillere-anlatilmalidir\\\/\"},\"wordCount\":301,\"commentCount\":0,\"image\":{\"@id\":\"https:\\\/\\\/haberkuzey.com\\\/index.php\\\/2024\\\/05\\\/06\\\/tore-kibris-tmt-mucahitler-dernegini-kabul-etti-verilen-mucadele-genc-nesillere-anlatilmalidir\\\/#primaryimage\"},\"thumbnailUrl\":\"https:\\\/\\\/haberkuzey.com\\\/wp-content\\\/uploads\\\/2024\\\/05\\\/tore-tmt-4-.jpeg\",\"articleSection\":[\"K\u0131br\u0131s\"],\"inLanguage\":\"tr\",\"potentialAction\":[{\"@type\":\"CommentAction\",\"name\":\"Comment\",\"target\":[\"https:\\\/\\\/haberkuzey.com\\\/index.php\\\/2024\\\/05\\\/06\\\/tore-kibris-tmt-mucahitler-dernegini-kabul-etti-verilen-mucadele-genc-nesillere-anlatilmalidir\\\/#respond\"]}]},{\"@type\":\"WebPage\",\"@id\":\"https:\\\/\\\/haberkuzey.com\\\/index.php\\\/2024\\\/05\\\/06\\\/tore-kibris-tmt-mucahitler-dernegini-kabul-etti-verilen-mucadele-genc-nesillere-anlatilmalidir\\\/\",\"url\":\"https:\\\/\\\/haberkuzey.com\\\/index.php\\\/2024\\\/05\\\/06\\\/tore-kibris-tmt-mucahitler-dernegini-kabul-etti-verilen-mucadele-genc-nesillere-anlatilmalidir\\\/\",\"name\":\"T\u00f6re, K\u0131br\u0131s TMT M\u00fccahitler Derne\u011fi\u2019ni kabul etti: Verilen m\u00fccadele gen\u00e7 nesillere anlat\u0131lmal\u0131d\u0131r - Haber Kuzey\",\"isPartOf\":{\"@id\":\"https:\\\/\\\/haberkuzey.com\\\/#website\"},\"primaryImageOfPage\":{\"@id\":\"https:\\\/\\\/haberkuzey.com\\\/index.php\\\/2024\\\/05\\\/06\\\/tore-kibris-tmt-mucahitler-dernegini-kabul-etti-verilen-mucadele-genc-nesillere-anlatilmalidir\\\/#primaryimage\"},\"image\":{\"@id\":\"https:\\\/\\\/haberkuzey.com\\\/index.php\\\/2024\\\/05\\\/06\\\/tore-kibris-tmt-mucahitler-dernegini-kabul-etti-verilen-mucadele-genc-nesillere-anlatilmalidir\\\/#primaryimage\"},\"thumbnailUrl\":\"https:\\\/\\\/haberkuzey.com\\\/wp-content\\\/uploads\\\/2024\\\/05\\\/tore-tmt-4-.jpeg\",\"datePublished\":\"2024-05-06T13:20:57+00:00\",\"author\":{\"@id\":\"https:\\\/\\\/haberkuzey.com\\\/#\\\/schema\\\/person\\\/3372109ec735f9333f4fa47ebb9605ca\"},\"breadcrumb\":{\"@id\":\"https:\\\/\\\/haberkuzey.com\\\/index.php\\\/2024\\\/05\\\/06\\\/tore-kibris-tmt-mucahitler-dernegini-kabul-etti-verilen-mucadele-genc-nesillere-anlatilmalidir\\\/#breadcrumb\"},\"inLanguage\":\"tr\",\"potentialAction\":[{\"@type\":\"ReadAction\",\"target\":[\"https:\\\/\\\/haberkuzey.com\\\/index.php\\\/2024\\\/05\\\/06\\\/tore-kibris-tmt-mucahitler-dernegini-kabul-etti-verilen-mucadele-genc-nesillere-anlatilmalidir\\\/\"]}]},{\"@type\":\"ImageObject\",\"inLanguage\":\"tr\",\"@id\":\"https:\\\/\\\/haberkuzey.com\\\/index.php\\\/2024\\\/05\\\/06\\\/tore-kibris-tmt-mucahitler-dernegini-kabul-etti-verilen-mucadele-genc-nesillere-anlatilmalidir\\\/#primaryimage\",\"url\":\"https:\\\/\\\/haberkuzey.com\\\/wp-content\\\/uploads\\\/2024\\\/05\\\/tore-tmt-4-.jpeg\",\"contentUrl\":\"https:\\\/\\\/haberkuzey.com\\\/wp-content\\\/uploads\\\/2024\\\/05\\\/tore-tmt-4-.jpeg\",\"width\":1600,\"height\":1200},{\"@type\":\"BreadcrumbList\",\"@id\":\"https:\\\/\\\/haberkuzey.com\\\/index.php\\\/2024\\\/05\\\/06\\\/tore-kibris-tmt-mucahitler-dernegini-kabul-etti-verilen-mucadele-genc-nesillere-anlatilmalidir\\\/#breadcrumb\",\"itemListElement\":[{\"@type\":\"ListItem\",\"position\":1,\"name\":\"Anasayfa\",\"item\":\"https:\\\/\\\/haberkuzey.com\\\/\"},{\"@type\":\"ListItem\",\"position\":2,\"name\":\"T\u00f6re, K\u0131br\u0131s TMT M\u00fccahitler Derne\u011fi\u2019ni kabul etti: Verilen m\u00fccadele gen\u00e7 nesillere anlat\u0131lmal\u0131d\u0131r\"}]},{\"@type\":\"WebSite\",\"@id\":\"https:\\\/\\\/haberkuzey.com\\\/#website\",\"url\":\"https:\\\/\\\/haberkuzey.com\\\/\",\"name\":\"Haber Kuzey\",\"description\":\"Do\u011fru Haberin Adresi\",\"potentialAction\":[{\"@type\":\"SearchAction\",\"target\":{\"@type\":\"EntryPoint\",\"urlTemplate\":\"https:\\\/\\\/haberkuzey.com\\\/?s={search_term_string}\"},\"query-input\":{\"@type\":\"PropertyValueSpecification\",\"valueRequired\":true,\"valueName\":\"search_term_string\"}}],\"inLanguage\":\"tr\"},{\"@type\":\"Person\",\"@id\":\"https:\\\/\\\/haberkuzey.com\\\/#\\\/schema\\\/person\\\/3372109ec735f9333f4fa47ebb9605ca\",\"name\":\"haberkuzey\",\"image\":{\"@type\":\"ImageObject\",\"inLanguage\":\"tr\",\"@id\":\"https:\\\/\\\/secure.gravatar.com\\\/avatar\\\/f5fc875574b1575324358c3b9e6a32b8227aa5b74f3fa22e3cadb63e26fcc39c?s=96&d=mm&r=g\",\"url\":\"https:\\\/\\\/secure.gravatar.com\\\/avatar\\\/f5fc875574b1575324358c3b9e6a32b8227aa5b74f3fa22e3cadb63e26fcc39c?s=96&d=mm&r=g\",\"contentUrl\":\"https:\\\/\\\/secure.gravatar.com\\\/avatar\\\/f5fc875574b1575324358c3b9e6a32b8227aa5b74f3fa22e3cadb63e26fcc39c?s=96&d=mm&r=g\",\"caption\":\"haberkuzey\"},\"sameAs\":[\"https:\\\/\\\/haberkuzey.com\"],\"url\":\"https:\\\/\\\/haberkuzey.com\\\/index.php\\\/author\\\/haberkuzey\\\/\"}]}<\/script>\n<!-- \/ Yoast SEO plugin. -->","yoast_head_json":{"title":"T\u00f6re, K\u0131br\u0131s TMT M\u00fccahitler Derne\u011fi\u2019ni kabul etti: Verilen m\u00fccadele gen\u00e7 nesillere anlat\u0131lmal\u0131d\u0131r - Haber Kuzey","robots":{"index":"index","follow":"follow","max-snippet":"max-snippet:-1","max-image-preview":"max-image-preview:large","max-video-preview":"max-video-preview:-1"},"canonical":"https:\/\/haberkuzey.com\/index.php\/2024\/05\/06\/tore-kibris-tmt-mucahitler-dernegini-kabul-etti-verilen-mucadele-genc-nesillere-anlatilmalidir\/","og_locale":"tr_TR","og_type":"article","og_title":"T\u00f6re, K\u0131br\u0131s TMT M\u00fccahitler Derne\u011fi\u2019ni kabul etti: Verilen m\u00fccadele gen\u00e7 nesillere anlat\u0131lmal\u0131d\u0131r - Haber Kuzey","og_description":"Cumhuriyet Meclisi Ba\u015fkan\u0131 Zorlu T\u00f6re, K\u0131br\u0131s TMT M\u00fccahitler Derne\u011fi Genel Ba\u015fkan\u0131 Celal Bayar ve dernek y\u00f6neticilerini kabul etti. Meclis\u2019ten yap\u0131lan a\u00e7\u0131klamaya g\u00f6re, Meclis \u015eeref Salonu\u2019nda yer alan kabulde konu\u015fan T\u00f6re, \u201cm\u00fccahit ve mukavemet ruhunun azald\u0131k\u00e7a be\u015finci kol faaliyetlerinin artt\u0131\u011f\u0131n\u0131\u201d s\u00f6yledi. T\u00f6re, \u201cdevlet, T\u00fcrkiye ve TMT kar\u015f\u0131tl\u0131\u011f\u0131n\u0131n bir propaganda arac\u0131 olarak be\u015finci kol taraf\u0131ndan devam ettirildi\u011fini\u201d [&hellip;]","og_url":"https:\/\/haberkuzey.com\/index.php\/2024\/05\/06\/tore-kibris-tmt-mucahitler-dernegini-kabul-etti-verilen-mucadele-genc-nesillere-anlatilmalidir\/","og_site_name":"Haber Kuzey","article_published_time":"2024-05-06T13:20:57+00:00","og_image":[{"url":"https:\/\/brtk.net\/wp-content\/uploads\/2024\/05\/06\/tore-tmt-4-.jpeg?ver=0a715b5e69b1229cbfb3b0844db891e9","type":"","width":"","height":""}],"author":"haberkuzey","twitter_card":"summary_large_image","twitter_misc":{"Yazan:":"haberkuzey","Tahmini okuma s\u00fcresi":"1 dakika"},"schema":{"@context":"https:\/\/schema.org","@graph":[{"@type":"Article","@id":"https:\/\/haberkuzey.com\/index.php\/2024\/05\/06\/tore-kibris-tmt-mucahitler-dernegini-kabul-etti-verilen-mucadele-genc-nesillere-anlatilmalidir\/#article","isPartOf":{"@id":"https:\/\/haberkuzey.com\/index.php\/2024\/05\/06\/tore-kibris-tmt-mucahitler-dernegini-kabul-etti-verilen-mucadele-genc-nesillere-anlatilmalidir\/"},"author":{"name":"haberkuzey","@id":"https:\/\/haberkuzey.com\/#\/schema\/person\/3372109ec735f9333f4fa47ebb9605ca"},"headline":"T\u00f6re, K\u0131br\u0131s TMT M\u00fccahitler Derne\u011fi\u2019ni kabul etti: Verilen m\u00fccadele gen\u00e7 nesillere anlat\u0131lmal\u0131d\u0131r","datePublished":"2024-05-06T13:20:57+00:00","mainEntityOfPage":{"@id":"https:\/\/haberkuzey.com\/index.php\/2024\/05\/06\/tore-kibris-tmt-mucahitler-dernegini-kabul-etti-verilen-mucadele-genc-nesillere-anlatilmalidir\/"},"wordCount":301,"commentCount":0,"image":{"@id":"https:\/\/haberkuzey.com\/index.php\/2024\/05\/06\/tore-kibris-tmt-mucahitler-dernegini-kabul-etti-verilen-mucadele-genc-nesillere-anlatilmalidir\/#primaryimage"},"thumbnailUrl":"https:\/\/haberkuzey.com\/wp-content\/uploads\/2024\/05\/tore-tmt-4-.jpeg","articleSection":["K\u0131br\u0131s"],"inLanguage":"tr","potentialAction":[{"@type":"CommentAction","name":"Comment","target":["https:\/\/haberkuzey.com\/index.php\/2024\/05\/06\/tore-kibris-tmt-mucahitler-dernegini-kabul-etti-verilen-mucadele-genc-nesillere-anlatilmalidir\/#respond"]}]},{"@type":"WebPage","@id":"https:\/\/haberkuzey.com\/index.php\/2024\/05\/06\/tore-kibris-tmt-mucahitler-dernegini-kabul-etti-verilen-mucadele-genc-nesillere-anlatilmalidir\/","url":"https:\/\/haberkuzey.com\/index.php\/2024\/05\/06\/tore-kibris-tmt-mucahitler-dernegini-kabul-etti-verilen-mucadele-genc-nesillere-anlatilmalidir\/","name":"T\u00f6re, K\u0131br\u0131s TMT M\u00fccahitler Derne\u011fi\u2019ni kabul etti: Verilen m\u00fccadele gen\u00e7 nesillere anlat\u0131lmal\u0131d\u0131r - Haber Kuzey","isPartOf":{"@id":"https:\/\/haberkuzey.com\/#website"},"primaryImageOfPage":{"@id":"https:\/\/haberkuzey.com\/index.php\/2024\/05\/06\/tore-kibris-tmt-mucahitler-dernegini-kabul-etti-verilen-mucadele-genc-nesillere-anlatilmalidir\/#primaryimage"},"image":{"@id":"https:\/\/haberkuzey.com\/index.php\/2024\/05\/06\/tore-kibris-tmt-mucahitler-dernegini-kabul-etti-verilen-mucadele-genc-nesillere-anlatilmalidir\/#primaryimage"},"thumbnailUrl":"https:\/\/haberkuzey.com\/wp-content\/uploads\/2024\/05\/tore-tmt-4-.jpeg","datePublished":"2024-05-06T13:20:57+00:00","author":{"@id":"https:\/\/haberkuzey.com\/#\/schema\/person\/3372109ec735f9333f4fa47ebb9605ca"},"breadcrumb":{"@id":"https:\/\/haberkuzey.com\/index.php\/2024\/05\/06\/tore-kibris-tmt-mucahitler-dernegini-kabul-etti-verilen-mucadele-genc-nesillere-anlatilmalidir\/#breadcrumb"},"inLanguage":"tr","potentialAction":[{"@type":"ReadAction","target":["https:\/\/haberkuzey.com\/index.php\/2024\/05\/06\/tore-kibris-tmt-mucahitler-dernegini-kabul-etti-verilen-mucadele-genc-nesillere-anlatilmalidir\/"]}]},{"@type":"ImageObject","inLanguage":"tr","@id":"https:\/\/haberkuzey.com\/index.php\/2024\/05\/06\/tore-kibris-tmt-mucahitler-dernegini-kabul-etti-verilen-mucadele-genc-nesillere-anlatilmalidir\/#primaryimage","url":"https:\/\/haberkuzey.com\/wp-content\/uploads\/2024\/05\/tore-tmt-4-.jpeg","contentUrl":"https:\/\/haberkuzey.com\/wp-content\/uploads\/2024\/05\/tore-tmt-4-.jpeg","width":1600,"height":1200},{"@type":"BreadcrumbList","@id":"https:\/\/haberkuzey.com\/index.php\/2024\/05\/06\/tore-kibris-tmt-mucahitler-dernegini-kabul-etti-verilen-mucadele-genc-nesillere-anlatilmalidir\/#breadcrumb","itemListElement":[{"@type":"ListItem","position":1,"name":"Anasayfa","item":"https:\/\/haberkuzey.com\/"},{"@type":"ListItem","position":2,"name":"T\u00f6re, K\u0131br\u0131s TMT M\u00fccahitler Derne\u011fi\u2019ni kabul etti: Verilen m\u00fccadele gen\u00e7 nesillere anlat\u0131lmal\u0131d\u0131r"}]},{"@type":"WebSite","@id":"https:\/\/haberkuzey.com\/#website","url":"https:\/\/haberkuzey.com\/","name":"Haber Kuzey","description":"Do\u011fru Haberin Adresi","potentialAction":[{"@type":"SearchAction","target":{"@type":"EntryPoint","urlTemplate":"https:\/\/haberkuzey.com\/?s={search_term_string}"},"query-input":{"@type":"PropertyValueSpecification","valueRequired":true,"valueName":"search_term_string"}}],"inLanguage":"tr"},{"@type":"Person","@id":"https:\/\/haberkuzey.com\/#\/schema\/person\/3372109ec735f9333f4fa47ebb9605ca","name":"haberkuzey","image":{"@type":"ImageObject","inLanguage":"tr","@id":"https:\/\/secure.gravatar.com\/avatar\/f5fc875574b1575324358c3b9e6a32b8227aa5b74f3fa22e3cadb63e26fcc39c?s=96&d=mm&r=g","url":"https:\/\/secure.gravatar.com\/avatar\/f5fc875574b1575324358c3b9e6a32b8227aa5b74f3fa22e3cadb63e26fcc39c?s=96&d=mm&r=g","contentUrl":"https:\/\/secure.gravatar.com\/avatar\/f5fc875574b1575324358c3b9e6a32b8227aa5b74f3fa22e3cadb63e26fcc39c?s=96&d=mm&r=g","caption":"haberkuzey"},"sameAs":["https:\/\/haberkuzey.com"],"url":"https:\/\/haberkuzey.com\/index.php\/author\/haberkuzey\/"}]}},"_links":{"self":[{"href":"https:\/\/haberkuzey.com\/index.php\/wp-json\/wp\/v2\/posts\/1515","targetHints":{"allow":["GET"]}}],"collection":[{"href":"https:\/\/haberkuzey.com\/index.php\/wp-json\/wp\/v2\/posts"}],"about":[{"href":"https:\/\/haberkuzey.com\/index.php\/wp-json\/wp\/v2\/types\/post"}],"author":[{"embeddable":true,"href":"https:\/\/haberkuzey.com\/index.php\/wp-json\/wp\/v2\/users\/1"}],"replies":[{"embeddable":true,"href":"https:\/\/haberkuzey.com\/index.php\/wp-json\/wp\/v2\/comments?post=1515"}],"version-history":[{"count":0,"href":"https:\/\/haberkuzey.com\/index.php\/wp-json\/wp\/v2\/posts\/1515\/revisions"}],"wp:featuredmedia":[{"embeddable":true,"href":"https:\/\/haberkuzey.com\/index.php\/wp-json\/wp\/v2\/media\/1516"}],"wp:attachment":[{"href":"https:\/\/haberkuzey.com\/index.php\/wp-json\/wp\/v2\/media?parent=1515"}],"wp:term":[{"taxonomy":"category","embeddable":true,"href":"https:\/\/haberkuzey.com\/index.php\/wp-json\/wp\/v2\/categories?post=1515"},{"taxonomy":"post_tag","embeddable":true,"href":"https:\/\/haberkuzey.com\/index.php\/wp-json\/wp\/v2\/tags?post=1515"}],"curies":[{"name":"wp","href":"https:\/\/api.w.org\/{rel}","templated":true}]}}