{"id":1509,"date":"2024-05-06T16:02:57","date_gmt":"2024-05-06T13:02:57","guid":{"rendered":"https:\/\/haberkuzey.com\/index.php\/2024\/05\/06\/hayvan-ureticileri-ve-yetistiricileri-birligi-aracli-eylem-uyarisi-yapti\/"},"modified":"2024-05-06T16:02:57","modified_gmt":"2024-05-06T13:02:57","slug":"hayvan-ureticileri-ve-yetistiricileri-birligi-aracli-eylem-uyarisi-yapti","status":"publish","type":"post","link":"https:\/\/haberkuzey.com\/index.php\/2024\/05\/06\/hayvan-ureticileri-ve-yetistiricileri-birligi-aracli-eylem-uyarisi-yapti\/","title":{"rendered":"Hayvan \u00dcreticileri ve Yeti\u015ftiricileri Birli\u011fi ara\u00e7l\u0131 eylem uyar\u0131s\u0131 yapt\u0131"},"content":{"rendered":"<div>\n<p style=\"font-weight: 300;\"><span style=\"font-weight: 300 !important;\"><\/p>\n<div class=\"mariselle-image-container none\">\n                                            <\/div>\n<p><\/span><\/p>\n<p style=\"font-weight: 300;\"><span style=\"font-weight: 300 !important;\">K\u0131br\u0131s T\u00fcrk Hayvan \u00dcreticileri ve Yeti\u015ftiricileri Birli\u011fi, Tar\u0131m ve Do\u011fal Kaynaklar Bakanl\u0131\u011f\u0131 ile Ba\u015fbakanl\u0131k \u00f6n\u00fcne siyah \u00e7elenk b\u0131rakt\u0131. H\u00fck\u00fcmete pazartesi g\u00fcn\u00fcne kadar s\u00fcre tan\u0131d\u0131klar\u0131n\u0131 a\u00e7\u0131klayan Birlik Ba\u015fkan\u0131 Mustafa Naimo\u011fullar\u0131, ba\u015fkent Lefko\u015fa\u2019da ara\u00e7l\u0131 eylem uyar\u0131s\u0131 yapt\u0131.<\/span><\/p>\n<p style=\"font-weight: 300;\"><span style=\"font-weight: 300 !important;\">Naimo\u011fullar\u0131, bir litre s\u00fct\u00fcn maliyetinin ortaya konulmas\u0131n\u0131, girdi maliyetlerine indirim yap\u0131lmas\u0131n\u0131 ve ithal et konusunda al\u0131nan karar\u0131n kald\u0131r\u0131lmas\u0131n\u0131 talep etti.<\/span><\/p>\n<p style=\"font-weight: 300;\"><span style=\"font-weight: 300 !important;\">Birlik yetkilileri ilk olarak Tar\u0131m ve Do\u011fal Kaynaklar Bakanl\u0131\u011f\u0131\u2019na siyah \u00e7elenk b\u0131rakt\u0131.<\/span><\/p>\n<p style=\"font-weight: 300;\"><span style=\"font-weight: 300 !important;\">K\u0131br\u0131s T\u00fcrk Hayvan \u00dcreticileri ve Yeti\u015ftiricileri Birli\u011fi Ba\u015fkan\u0131 Mustafa Naimo\u011fullar\u0131 burada yapt\u0131\u011f\u0131 konu\u015fmada, taleplerine do\u011fru d\u00fczg\u00fcn cevap verilmedi\u011fini savunarak, bug\u00fcnk\u00fc bas\u0131n a\u00e7\u0131klamas\u0131n\u0131n bir ikaz oldu\u011funu kaydetti.<\/span><\/p>\n<p style=\"font-weight: 300;\"><span style=\"font-weight: 300 !important;\">Sorunlar\u0131n ge\u00e7i\u015ftirildi\u011fini ifade eden Naimo\u011fullar\u0131, bir\u00e7ok konuda a\u00e7\u0131klama beklediklerini s\u00f6yledi. Bakanlar Kurulu\u2019nun ithal ete izin verdi\u011fini dile getiren Naimo\u011fullar\u0131, \u201cNeye izin verdiler biliyor musunuz? Niteliksiz ete, dana, ku\u015fba\u015f\u0131 ve donmu\u015f k\u0131ymaya\u2026\u201d dedi.<\/span><\/p>\n<p style=\"font-weight: 300;\"><span style=\"font-weight: 300 !important;\">Hayvanlar\u0131 randevu ile satmaya ba\u015flad\u0131klar\u0131n\u0131 belirten Naimo\u011fullar\u0131, kasaplara ellerinde inek kald\u0131\u011f\u0131 i\u00e7in yalvard\u0131klar\u0131n\u0131 kaydederek, bir senedir canl\u0131 hayvan fiyat\u0131n\u0131n de\u011fi\u015fmedi\u011fini s\u00f6yledi. Mustafa Naimo\u011fullar\u0131, Bakanlar Kurulu\u2019nda al\u0131nan ithal et karar\u0131n\u0131n gerek\u00e7esinin a\u00e7\u0131klanmas\u0131 gerekti\u011fini ifade etti.<\/span><\/p>\n<p style=\"font-weight: 300;\"><span style=\"font-weight: 300 !important;\">Tar\u0131m ve Do\u011fal Kaynaklar Bakan\u0131\u2019n\u0131n g\u00f6revinin, halk\u0131n ucuza et yemesini, ucuza s\u00fct \u00fcr\u00fcnleri t\u00fcketmesini sa\u011flamak olmad\u0131\u011f\u0131n\u0131 kaydeden Naimo\u011fullar\u0131, \u201cTar\u0131m Bakan\u0131n\u0131n g\u00f6revi, \u00fcreticinin haklar\u0131n\u0131 korumakt\u0131r, s\u00fct bedellerini g\u00fcn\u00fcnde ger\u00e7ek de\u011ferinde \u00f6demektir. \u00dcreticinin haklar\u0131n\u0131 koruyarak, zarar etmemesini sa\u011flamakt\u0131r. Halk ucuza et yemek istiyorsa, s\u00fct i\u00e7mek istiyorsa bu g\u00f6rev Ekonomi Bakanl\u0131\u011f\u0131\u2019n\u0131n, Maliye Bakanl\u0131\u011f\u0131\u2019n\u0131nd\u0131r\u201d \u015feklinde konu\u015ftu.<\/span><\/p>\n<p style=\"font-weight: 300;\"><span style=\"font-weight: 300 !important;\">Bir kilo saman\u0131n 5-6 lira oldu\u011funu ifade eden Naimo\u011fullar\u0131, elektri\u011fe y\u00fczde 120 zam geldi\u011fini, hayat pahal\u0131l\u0131\u011f\u0131 art\u0131\u015f\u0131 oldu\u011funu belirterek, \u201cBana 10 ayda \u00e7i\u011f s\u00fcte verilen art\u0131\u015f y\u00fczde 11, b\u00f6yle bir \u015fey olabilir mi?\u201d diye sordu.<\/span><\/p>\n<p style=\"font-weight: 300;\"><span style=\"font-weight: 300 !important;\">\u201cHayat pahal\u0131l\u0131\u011f\u0131n\u0131 bize yans\u0131tm\u0131yorsunuz\u201d diyen Naimo\u011fullar\u0131, buna kar\u015f\u0131n hayvanc\u0131n\u0131n bedel \u00f6demesinin istendi\u011fini ileri s\u00fcrd\u00fc. Aylard\u0131r et konusunda su\u00e7lu hayvan \u00fcreticisiymi\u015f gibi konu\u015fuldu\u011funu savunan Naimo\u011fullar\u0131, \u201cSu\u00e7lu hayvanc\u0131 de\u011fil. Biz aylard\u0131r ayn\u0131 fiyata canl\u0131 hayvan veriyoruz\u201d dedi. Naimo\u011fullar\u0131, denetim yap\u0131lmas\u0131 \u00e7a\u011fr\u0131s\u0131nda bulundu.<\/span><\/p>\n<p style=\"font-weight: 300;\"><span style=\"font-weight: 300 !important;\">S\u00fct maliyeti ger\u00e7ek fiyata verilmezse, hayvanc\u0131n\u0131n ayakta kalamayaca\u011f\u0131n\u0131 dile getiren Naimo\u011fullar\u0131, g\u00fcn\u00fcn sonunda yap\u0131lan zamlarla \u00fcretimin duraca\u011f\u0131n\u0131 \u00f6ne s\u00fcrd\u00fc. Naimo\u011fullar\u0131, h\u00fck\u00fcmetin g\u00f6revinin, buna zaman\u0131nda m\u00fcdahale etmek oldu\u011funu kaydetti.<\/span><\/p>\n<p style=\"font-weight: 300;\"><span style=\"font-weight: 300 !important;\">Tar\u0131m Bakan\u0131\u2019n\u0131n son konu\u015fmas\u0131nda, \u201c15 May\u0131s\u2019a kadar \u00e7i\u011f s\u00fct fiyat\u0131n\u0131 de\u011ferlendireceklerini\u201d s\u00f6yledi\u011fini belirten Mustafa Naimo\u011fullar\u0131, \u201cBunlar\u0131n i\u015fi g\u00fcc\u00fc zam yapmak\u201d dedi. Dolar\u0131n ge\u00e7en y\u0131l a\u011fustos ay\u0131ndan bug\u00fcne y\u00fczde 25 artt\u0131\u011f\u0131n\u0131 dile getiren Naimo\u011fullar\u0131, \u00e7i\u011f s\u00fcte, bu oran\u0131n yans\u0131t\u0131lmas\u0131 gerekti\u011fini s\u00f6yledi.<\/span><\/p>\n<p style=\"font-weight: 300;\"><span style=\"font-weight: 300 !important;\">Yar\u0131 kurak bir \u00fclkede ya\u015fad\u0131klar\u0131n\u0131 belirten Birlik Ba\u015fkan\u0131 Naimo\u011fullar\u0131, bir balyan\u0131n 2 bin TL oldu\u011funa i\u015faret etti. Naimo\u011fullar\u0131, memleketin ba\u015fka sorunu yokmu\u015f her g\u00fcn et konusunun g\u00fcndemde oldu\u011funu ifade etti.<\/span><\/p>\n<p style=\"font-weight: 300;\"><span style=\"font-weight: 300 !important;\">\u201c\u0130thal ete izin verilmezse \u00fclkede \u00fc\u00e7 ayda et kalmaz\u201d s\u00f6ylemine de yan\u0131t veren Naimo\u011fullar\u0131, \u00fclkede 270 bin tane canl\u0131 koyun-ke\u00e7i, bunun yan\u0131nda 77 bin tane b\u00fcy\u00fckba\u015f oldu\u011funu s\u00f6yledi.<\/span><\/p>\n<p style=\"font-weight: 300;\"><span style=\"font-weight: 300 !important;\">Naimo\u011fullar\u0131\u2019n\u0131n konu\u015fmas\u0131 s\u0131ras\u0131nda, bir \u00fcretici sinek ilac\u0131n\u0131n 10 bin TL oldu\u011funu belirterek, bu duruma tepki g\u00f6sterdi.<\/span><\/p>\n<p style=\"font-weight: 300;\"><em><span style=\"font-weight: 300 !important;\">-\u201c\u00c7i\u011f s\u00fct fiyat\u0131 d\u00f6vize endeksli olmal\u0131\u201d<\/span><\/em><\/p>\n<p style=\"font-weight: 300;\"><span style=\"font-weight: 300 !important;\">Maliyetlerinin d\u00f6viz, gelirlerinin ise T\u00fcrk Liras\u0131 oldu\u011funu ifade eden Naimo\u011fullar\u0131, \u201c\u00c7i\u011f s\u00fct fiyat\u0131 d\u00f6vize endeksli olmal\u0131\u201d diyerek, 10 ayda s\u00fcte iki lira zam yap\u0131lmas\u0131n\u0131 ele\u015ftirdi. Birlik Ba\u015fkan\u0131 Naimo\u011fullar\u0131, 10 ayl\u0131k hayat pahal\u0131\u011f\u0131n\u0131n ise y\u00fczde 107 oldu\u011funu s\u00f6yledi.<\/span><\/p>\n<p style=\"font-weight: 300;\"><span style=\"font-weight: 300 !important;\">Beklemekten usand\u0131klar\u0131n\u0131 belirten Naimo\u011fullar\u0131, bir ton uyu suyu 21.5 TL\u2019ye ald\u0131klar\u0131n\u0131 kaydetti. Mustafa Naimo\u011fullar\u0131, \u201c\u00c7\u0131ks\u0131nlar, karar als\u0131nlar, her \u015feyi ithal yaps\u0131nlar bizi de 100\u2019er bin TL maa\u015fla memur yaps\u0131nlar\u201d dedi.<\/span><\/p>\n<p style=\"font-weight: 300;\"><span style=\"font-weight: 300 !important;\">Tar\u0131m ve Do\u011fal Kaynaklar Bakanl\u0131\u011f\u0131 \u00f6n\u00fcnden alk\u0131\u015flarla ayr\u0131lan \u00fcreticiler daha sonra Ba\u015fbakanl\u0131k \u00f6n\u00fcne gitti.<\/span><\/p>\n<p style=\"font-weight: 300;\"><span style=\"font-weight: 300 !important;\">Birlik Ba\u015fkan\u0131 Mustafa Naimo\u011fullar\u0131 buradaki konu\u015fmas\u0131nda, Ba\u015fbakan\u0131n, \u201chayvanc\u0131 ve kasap ile anla\u015fma yapt\u0131k\u201d \u015feklinde a\u00e7\u0131klama yapt\u0131\u011f\u0131n\u0131 savunarak, bunu ele\u015ftirdi ve \u201cBizim haberimiz yok\u201d dedi.<\/span><\/p>\n<p style=\"font-weight: 300;\"><span style=\"font-weight: 300 !important;\">Bakanlar Kurulu\u2019na g\u00f6nderdikleri iki ki\u015finin tepkilerini ortaya koydu\u011funu dile getiren Naimo\u011fulllar\u0131, Hayvanc\u0131lar Birli\u011fi\u2019nin de onay\u0131 al\u0131narak, ithal ete izin verildi\u011finin do\u011fru olmad\u0131\u011f\u0131n\u0131 s\u00f6yledi.<\/span><\/p>\n<p style=\"font-weight: 300;\"><span style=\"font-weight: 300 !important;\">G\u00fcney K\u0131br\u0131s\u2019ta domuz eti ve niteliksiz etin ucuz oldu\u011funu kaydeden Naimo\u011fullar\u0131, kasapta da, markette de ayn\u0131 fiyat oldu\u011funu \u00e7\u00fcnk\u00fc denetim oldu\u011funu ifade etti. \u00a0Naimo\u011fullar\u0131, \u00fclkede ise fiyatlar\u0131n farkl\u0131 oldu\u011funu, denetim yap\u0131lmad\u0131\u011f\u0131n\u0131 belirtti. Halka \u015firin g\u00f6r\u00fcnmeye \u00e7al\u0131\u015f\u0131ld\u0131\u011f\u0131n\u0131 savunan Mustafa Naimo\u011fullar\u0131, bu \u015fekilde \u00fcretimin kaybedilece\u011fini s\u00f6yledi.<\/span><\/p>\n<p style=\"font-weight: 300;\"><em><span style=\"font-weight: 300 !important;\">-\u201cAra\u00e7l\u0131 eylem karar\u0131 alaca\u011f\u0131z, haftalarca gerekirse burada kalaca\u011f\u0131z\u201d<\/span><\/em><\/p>\n<p style=\"font-weight: 300;\"><span style=\"font-weight: 300 !important;\">\u201cPazartesine kadar s\u00fcreleri var. Pazartesi g\u00fcn\u00fc eylem karar\u0131n\u0131 a\u00e7\u0131klayaca\u011f\u0131z\u201d diyen Naimo\u011fullar\u0131, \u015funlar\u0131 kaydetti:<\/span><\/p>\n<p style=\"font-weight: 300;\"><span style=\"font-weight: 300 !important;\">\u201cGer\u00e7ek anlamda bir litre s\u00fct\u00fcn maliyetini ortaya koymazlarsa, hayvanc\u0131n\u0131n girdi maliyetlerine indirim yap\u0131lmazsa, ithal et konusunda al\u0131nan karar ortadan kald\u0131r\u0131lmazsa her t\u00fcrl\u00fc tedbiri alarak, eylem karar\u0131 alaca\u011f\u0131z. Ba\u015fka siyah \u00e7elenk yoktur, ba\u015fka konu\u015fma da yoktur. Bundan sonraki ad\u0131m eylem karar\u0131d\u0131r\u2026 Ara\u00e7l\u0131 eylem karar\u0131 alaca\u011f\u0131z, haftalarca gerekirse burada kalaca\u011f\u0131z.\u201d<\/span><\/p>\n<p style=\"font-weight: 300;\"><span style=\"font-weight: 300 !important;\">Sekt\u00f6rden 50 bin ki\u015finin ekmek yedi\u011fini dile getiren Naimo\u011fullar\u0131, \u201cBu sekt\u00f6re g\u00f6zleri gibi bakmalar\u0131 laz\u0131m\u201d dedi.<\/span><\/p>\n<p>TAK<\/p>\n<\/p><\/div>\n<p><script async\n                    defer\n                    crossorigin=\"anonymous\"\n                    src=\"https:\/\/connect.facebook.net\/tr_TR\/sdk.js#xfbml=1&#038;version=v3.3\"\n            ><\/script><\/p>\n","protected":false},"excerpt":{"rendered":"<p>K\u0131br\u0131s T\u00fcrk Hayvan \u00dcreticileri ve Yeti\u015ftiricileri Birli\u011fi, Tar\u0131m ve Do\u011fal Kaynaklar Bakanl\u0131\u011f\u0131 ile Ba\u015fbakanl\u0131k \u00f6n\u00fcne siyah \u00e7elenk b\u0131rakt\u0131. H\u00fck\u00fcmete pazartesi g\u00fcn\u00fcne kadar s\u00fcre tan\u0131d\u0131klar\u0131n\u0131 a\u00e7\u0131klayan Birlik Ba\u015fkan\u0131 Mustafa Naimo\u011fullar\u0131, ba\u015fkent Lefko\u015fa\u2019da ara\u00e7l\u0131 eylem uyar\u0131s\u0131 yapt\u0131. Naimo\u011fullar\u0131, bir litre s\u00fct\u00fcn maliyetinin ortaya konulmas\u0131n\u0131, girdi maliyetlerine indirim yap\u0131lmas\u0131n\u0131 ve ithal et konusunda al\u0131nan karar\u0131n kald\u0131r\u0131lmas\u0131n\u0131 talep etti. [&hellip;]<\/p>\n","protected":false},"author":1,"featured_media":1510,"comment_status":"open","ping_status":"open","sticky":false,"template":"","format":"standard","meta":{"jnews-multi-image_gallery":[],"jnews_single_post":[],"jnews_primary_category":[],"footnotes":""},"categories":[1],"tags":[],"class_list":["post-1509","post","type-post","status-publish","format-standard","has-post-thumbnail","hentry","category-kibris"],"yoast_head":"<!-- This site is optimized with the Yoast SEO plugin v27.5 - https:\/\/yoast.com\/product\/yoast-seo-wordpress\/ -->\n<title>Hayvan \u00dcreticileri ve Yeti\u015ftiricileri Birli\u011fi ara\u00e7l\u0131 eylem uyar\u0131s\u0131 yapt\u0131 - Haber Kuzey<\/title>\n<meta name=\"robots\" content=\"index, follow, max-snippet:-1, max-image-preview:large, max-video-preview:-1\" \/>\n<link rel=\"canonical\" href=\"https:\/\/haberkuzey.com\/index.php\/2024\/05\/06\/hayvan-ureticileri-ve-yetistiricileri-birligi-aracli-eylem-uyarisi-yapti\/\" \/>\n<meta property=\"og:locale\" content=\"tr_TR\" \/>\n<meta property=\"og:type\" content=\"article\" \/>\n<meta property=\"og:title\" content=\"Hayvan \u00dcreticileri ve Yeti\u015ftiricileri Birli\u011fi ara\u00e7l\u0131 eylem uyar\u0131s\u0131 yapt\u0131 - Haber Kuzey\" \/>\n<meta property=\"og:description\" content=\"K\u0131br\u0131s T\u00fcrk Hayvan \u00dcreticileri ve Yeti\u015ftiricileri Birli\u011fi, Tar\u0131m ve Do\u011fal Kaynaklar Bakanl\u0131\u011f\u0131 ile Ba\u015fbakanl\u0131k \u00f6n\u00fcne siyah \u00e7elenk b\u0131rakt\u0131. H\u00fck\u00fcmete pazartesi g\u00fcn\u00fcne kadar s\u00fcre tan\u0131d\u0131klar\u0131n\u0131 a\u00e7\u0131klayan Birlik Ba\u015fkan\u0131 Mustafa Naimo\u011fullar\u0131, ba\u015fkent Lefko\u015fa\u2019da ara\u00e7l\u0131 eylem uyar\u0131s\u0131 yapt\u0131. Naimo\u011fullar\u0131, bir litre s\u00fct\u00fcn maliyetinin ortaya konulmas\u0131n\u0131, girdi maliyetlerine indirim yap\u0131lmas\u0131n\u0131 ve ithal et konusunda al\u0131nan karar\u0131n kald\u0131r\u0131lmas\u0131n\u0131 talep etti. [&hellip;]\" \/>\n<meta property=\"og:url\" content=\"https:\/\/haberkuzey.com\/index.php\/2024\/05\/06\/hayvan-ureticileri-ve-yetistiricileri-birligi-aracli-eylem-uyarisi-yapti\/\" \/>\n<meta property=\"og:site_name\" content=\"Haber Kuzey\" \/>\n<meta property=\"article:published_time\" content=\"2024-05-06T13:02:57+00:00\" \/>\n<meta property=\"og:image\" content=\"https:\/\/brtk.net\/wp-content\/uploads\/2024\/05\/06\/hayvancilar-birligi-hukumete-sure-tanidi-1-so.jpg?ver=546a95d2013efbadce265beee1df25a5\" \/>\n<meta name=\"author\" content=\"haberkuzey\" \/>\n<meta name=\"twitter:card\" content=\"summary_large_image\" \/>\n<meta name=\"twitter:label1\" content=\"Yazan:\" \/>\n\t<meta name=\"twitter:data1\" content=\"haberkuzey\" \/>\n\t<meta name=\"twitter:label2\" content=\"Tahmini okuma s\u00fcresi\" \/>\n\t<meta name=\"twitter:data2\" content=\"5 dakika\" \/>\n<script type=\"application\/ld+json\" class=\"yoast-schema-graph\">{\"@context\":\"https:\\\/\\\/schema.org\",\"@graph\":[{\"@type\":\"Article\",\"@id\":\"https:\\\/\\\/haberkuzey.com\\\/index.php\\\/2024\\\/05\\\/06\\\/hayvan-ureticileri-ve-yetistiricileri-birligi-aracli-eylem-uyarisi-yapti\\\/#article\",\"isPartOf\":{\"@id\":\"https:\\\/\\\/haberkuzey.com\\\/index.php\\\/2024\\\/05\\\/06\\\/hayvan-ureticileri-ve-yetistiricileri-birligi-aracli-eylem-uyarisi-yapti\\\/\"},\"author\":{\"name\":\"haberkuzey\",\"@id\":\"https:\\\/\\\/haberkuzey.com\\\/#\\\/schema\\\/person\\\/3372109ec735f9333f4fa47ebb9605ca\"},\"headline\":\"Hayvan \u00dcreticileri ve Yeti\u015ftiricileri Birli\u011fi ara\u00e7l\u0131 eylem uyar\u0131s\u0131 yapt\u0131\",\"datePublished\":\"2024-05-06T13:02:57+00:00\",\"mainEntityOfPage\":{\"@id\":\"https:\\\/\\\/haberkuzey.com\\\/index.php\\\/2024\\\/05\\\/06\\\/hayvan-ureticileri-ve-yetistiricileri-birligi-aracli-eylem-uyarisi-yapti\\\/\"},\"wordCount\":1056,\"commentCount\":0,\"image\":{\"@id\":\"https:\\\/\\\/haberkuzey.com\\\/index.php\\\/2024\\\/05\\\/06\\\/hayvan-ureticileri-ve-yetistiricileri-birligi-aracli-eylem-uyarisi-yapti\\\/#primaryimage\"},\"thumbnailUrl\":\"https:\\\/\\\/haberkuzey.com\\\/wp-content\\\/uploads\\\/2024\\\/05\\\/hayvancilar-birligi-hukumete-sure-tanidi-1-so.jpg\",\"articleSection\":[\"K\u0131br\u0131s\"],\"inLanguage\":\"tr\",\"potentialAction\":[{\"@type\":\"CommentAction\",\"name\":\"Comment\",\"target\":[\"https:\\\/\\\/haberkuzey.com\\\/index.php\\\/2024\\\/05\\\/06\\\/hayvan-ureticileri-ve-yetistiricileri-birligi-aracli-eylem-uyarisi-yapti\\\/#respond\"]}]},{\"@type\":\"WebPage\",\"@id\":\"https:\\\/\\\/haberkuzey.com\\\/index.php\\\/2024\\\/05\\\/06\\\/hayvan-ureticileri-ve-yetistiricileri-birligi-aracli-eylem-uyarisi-yapti\\\/\",\"url\":\"https:\\\/\\\/haberkuzey.com\\\/index.php\\\/2024\\\/05\\\/06\\\/hayvan-ureticileri-ve-yetistiricileri-birligi-aracli-eylem-uyarisi-yapti\\\/\",\"name\":\"Hayvan \u00dcreticileri ve Yeti\u015ftiricileri Birli\u011fi ara\u00e7l\u0131 eylem uyar\u0131s\u0131 yapt\u0131 - Haber Kuzey\",\"isPartOf\":{\"@id\":\"https:\\\/\\\/haberkuzey.com\\\/#website\"},\"primaryImageOfPage\":{\"@id\":\"https:\\\/\\\/haberkuzey.com\\\/index.php\\\/2024\\\/05\\\/06\\\/hayvan-ureticileri-ve-yetistiricileri-birligi-aracli-eylem-uyarisi-yapti\\\/#primaryimage\"},\"image\":{\"@id\":\"https:\\\/\\\/haberkuzey.com\\\/index.php\\\/2024\\\/05\\\/06\\\/hayvan-ureticileri-ve-yetistiricileri-birligi-aracli-eylem-uyarisi-yapti\\\/#primaryimage\"},\"thumbnailUrl\":\"https:\\\/\\\/haberkuzey.com\\\/wp-content\\\/uploads\\\/2024\\\/05\\\/hayvancilar-birligi-hukumete-sure-tanidi-1-so.jpg\",\"datePublished\":\"2024-05-06T13:02:57+00:00\",\"author\":{\"@id\":\"https:\\\/\\\/haberkuzey.com\\\/#\\\/schema\\\/person\\\/3372109ec735f9333f4fa47ebb9605ca\"},\"breadcrumb\":{\"@id\":\"https:\\\/\\\/haberkuzey.com\\\/index.php\\\/2024\\\/05\\\/06\\\/hayvan-ureticileri-ve-yetistiricileri-birligi-aracli-eylem-uyarisi-yapti\\\/#breadcrumb\"},\"inLanguage\":\"tr\",\"potentialAction\":[{\"@type\":\"ReadAction\",\"target\":[\"https:\\\/\\\/haberkuzey.com\\\/index.php\\\/2024\\\/05\\\/06\\\/hayvan-ureticileri-ve-yetistiricileri-birligi-aracli-eylem-uyarisi-yapti\\\/\"]}]},{\"@type\":\"ImageObject\",\"inLanguage\":\"tr\",\"@id\":\"https:\\\/\\\/haberkuzey.com\\\/index.php\\\/2024\\\/05\\\/06\\\/hayvan-ureticileri-ve-yetistiricileri-birligi-aracli-eylem-uyarisi-yapti\\\/#primaryimage\",\"url\":\"https:\\\/\\\/haberkuzey.com\\\/wp-content\\\/uploads\\\/2024\\\/05\\\/hayvancilar-birligi-hukumete-sure-tanidi-1-so.jpg\",\"contentUrl\":\"https:\\\/\\\/haberkuzey.com\\\/wp-content\\\/uploads\\\/2024\\\/05\\\/hayvancilar-birligi-hukumete-sure-tanidi-1-so.jpg\",\"width\":2480,\"height\":1656},{\"@type\":\"BreadcrumbList\",\"@id\":\"https:\\\/\\\/haberkuzey.com\\\/index.php\\\/2024\\\/05\\\/06\\\/hayvan-ureticileri-ve-yetistiricileri-birligi-aracli-eylem-uyarisi-yapti\\\/#breadcrumb\",\"itemListElement\":[{\"@type\":\"ListItem\",\"position\":1,\"name\":\"Anasayfa\",\"item\":\"https:\\\/\\\/haberkuzey.com\\\/\"},{\"@type\":\"ListItem\",\"position\":2,\"name\":\"Hayvan \u00dcreticileri ve Yeti\u015ftiricileri Birli\u011fi ara\u00e7l\u0131 eylem uyar\u0131s\u0131 yapt\u0131\"}]},{\"@type\":\"WebSite\",\"@id\":\"https:\\\/\\\/haberkuzey.com\\\/#website\",\"url\":\"https:\\\/\\\/haberkuzey.com\\\/\",\"name\":\"Haber Kuzey\",\"description\":\"Do\u011fru Haberin Adresi\",\"potentialAction\":[{\"@type\":\"SearchAction\",\"target\":{\"@type\":\"EntryPoint\",\"urlTemplate\":\"https:\\\/\\\/haberkuzey.com\\\/?s={search_term_string}\"},\"query-input\":{\"@type\":\"PropertyValueSpecification\",\"valueRequired\":true,\"valueName\":\"search_term_string\"}}],\"inLanguage\":\"tr\"},{\"@type\":\"Person\",\"@id\":\"https:\\\/\\\/haberkuzey.com\\\/#\\\/schema\\\/person\\\/3372109ec735f9333f4fa47ebb9605ca\",\"name\":\"haberkuzey\",\"image\":{\"@type\":\"ImageObject\",\"inLanguage\":\"tr\",\"@id\":\"https:\\\/\\\/secure.gravatar.com\\\/avatar\\\/f5fc875574b1575324358c3b9e6a32b8227aa5b74f3fa22e3cadb63e26fcc39c?s=96&d=mm&r=g\",\"url\":\"https:\\\/\\\/secure.gravatar.com\\\/avatar\\\/f5fc875574b1575324358c3b9e6a32b8227aa5b74f3fa22e3cadb63e26fcc39c?s=96&d=mm&r=g\",\"contentUrl\":\"https:\\\/\\\/secure.gravatar.com\\\/avatar\\\/f5fc875574b1575324358c3b9e6a32b8227aa5b74f3fa22e3cadb63e26fcc39c?s=96&d=mm&r=g\",\"caption\":\"haberkuzey\"},\"sameAs\":[\"https:\\\/\\\/haberkuzey.com\"],\"url\":\"https:\\\/\\\/haberkuzey.com\\\/index.php\\\/author\\\/haberkuzey\\\/\"}]}<\/script>\n<!-- \/ Yoast SEO plugin. -->","yoast_head_json":{"title":"Hayvan \u00dcreticileri ve Yeti\u015ftiricileri Birli\u011fi ara\u00e7l\u0131 eylem uyar\u0131s\u0131 yapt\u0131 - Haber Kuzey","robots":{"index":"index","follow":"follow","max-snippet":"max-snippet:-1","max-image-preview":"max-image-preview:large","max-video-preview":"max-video-preview:-1"},"canonical":"https:\/\/haberkuzey.com\/index.php\/2024\/05\/06\/hayvan-ureticileri-ve-yetistiricileri-birligi-aracli-eylem-uyarisi-yapti\/","og_locale":"tr_TR","og_type":"article","og_title":"Hayvan \u00dcreticileri ve Yeti\u015ftiricileri Birli\u011fi ara\u00e7l\u0131 eylem uyar\u0131s\u0131 yapt\u0131 - Haber Kuzey","og_description":"K\u0131br\u0131s T\u00fcrk Hayvan \u00dcreticileri ve Yeti\u015ftiricileri Birli\u011fi, Tar\u0131m ve Do\u011fal Kaynaklar Bakanl\u0131\u011f\u0131 ile Ba\u015fbakanl\u0131k \u00f6n\u00fcne siyah \u00e7elenk b\u0131rakt\u0131. H\u00fck\u00fcmete pazartesi g\u00fcn\u00fcne kadar s\u00fcre tan\u0131d\u0131klar\u0131n\u0131 a\u00e7\u0131klayan Birlik Ba\u015fkan\u0131 Mustafa Naimo\u011fullar\u0131, ba\u015fkent Lefko\u015fa\u2019da ara\u00e7l\u0131 eylem uyar\u0131s\u0131 yapt\u0131. Naimo\u011fullar\u0131, bir litre s\u00fct\u00fcn maliyetinin ortaya konulmas\u0131n\u0131, girdi maliyetlerine indirim yap\u0131lmas\u0131n\u0131 ve ithal et konusunda al\u0131nan karar\u0131n kald\u0131r\u0131lmas\u0131n\u0131 talep etti. [&hellip;]","og_url":"https:\/\/haberkuzey.com\/index.php\/2024\/05\/06\/hayvan-ureticileri-ve-yetistiricileri-birligi-aracli-eylem-uyarisi-yapti\/","og_site_name":"Haber Kuzey","article_published_time":"2024-05-06T13:02:57+00:00","og_image":[{"url":"https:\/\/brtk.net\/wp-content\/uploads\/2024\/05\/06\/hayvancilar-birligi-hukumete-sure-tanidi-1-so.jpg?ver=546a95d2013efbadce265beee1df25a5","type":"","width":"","height":""}],"author":"haberkuzey","twitter_card":"summary_large_image","twitter_misc":{"Yazan:":"haberkuzey","Tahmini okuma s\u00fcresi":"5 dakika"},"schema":{"@context":"https:\/\/schema.org","@graph":[{"@type":"Article","@id":"https:\/\/haberkuzey.com\/index.php\/2024\/05\/06\/hayvan-ureticileri-ve-yetistiricileri-birligi-aracli-eylem-uyarisi-yapti\/#article","isPartOf":{"@id":"https:\/\/haberkuzey.com\/index.php\/2024\/05\/06\/hayvan-ureticileri-ve-yetistiricileri-birligi-aracli-eylem-uyarisi-yapti\/"},"author":{"name":"haberkuzey","@id":"https:\/\/haberkuzey.com\/#\/schema\/person\/3372109ec735f9333f4fa47ebb9605ca"},"headline":"Hayvan \u00dcreticileri ve Yeti\u015ftiricileri Birli\u011fi ara\u00e7l\u0131 eylem uyar\u0131s\u0131 yapt\u0131","datePublished":"2024-05-06T13:02:57+00:00","mainEntityOfPage":{"@id":"https:\/\/haberkuzey.com\/index.php\/2024\/05\/06\/hayvan-ureticileri-ve-yetistiricileri-birligi-aracli-eylem-uyarisi-yapti\/"},"wordCount":1056,"commentCount":0,"image":{"@id":"https:\/\/haberkuzey.com\/index.php\/2024\/05\/06\/hayvan-ureticileri-ve-yetistiricileri-birligi-aracli-eylem-uyarisi-yapti\/#primaryimage"},"thumbnailUrl":"https:\/\/haberkuzey.com\/wp-content\/uploads\/2024\/05\/hayvancilar-birligi-hukumete-sure-tanidi-1-so.jpg","articleSection":["K\u0131br\u0131s"],"inLanguage":"tr","potentialAction":[{"@type":"CommentAction","name":"Comment","target":["https:\/\/haberkuzey.com\/index.php\/2024\/05\/06\/hayvan-ureticileri-ve-yetistiricileri-birligi-aracli-eylem-uyarisi-yapti\/#respond"]}]},{"@type":"WebPage","@id":"https:\/\/haberkuzey.com\/index.php\/2024\/05\/06\/hayvan-ureticileri-ve-yetistiricileri-birligi-aracli-eylem-uyarisi-yapti\/","url":"https:\/\/haberkuzey.com\/index.php\/2024\/05\/06\/hayvan-ureticileri-ve-yetistiricileri-birligi-aracli-eylem-uyarisi-yapti\/","name":"Hayvan \u00dcreticileri ve Yeti\u015ftiricileri Birli\u011fi ara\u00e7l\u0131 eylem uyar\u0131s\u0131 yapt\u0131 - Haber Kuzey","isPartOf":{"@id":"https:\/\/haberkuzey.com\/#website"},"primaryImageOfPage":{"@id":"https:\/\/haberkuzey.com\/index.php\/2024\/05\/06\/hayvan-ureticileri-ve-yetistiricileri-birligi-aracli-eylem-uyarisi-yapti\/#primaryimage"},"image":{"@id":"https:\/\/haberkuzey.com\/index.php\/2024\/05\/06\/hayvan-ureticileri-ve-yetistiricileri-birligi-aracli-eylem-uyarisi-yapti\/#primaryimage"},"thumbnailUrl":"https:\/\/haberkuzey.com\/wp-content\/uploads\/2024\/05\/hayvancilar-birligi-hukumete-sure-tanidi-1-so.jpg","datePublished":"2024-05-06T13:02:57+00:00","author":{"@id":"https:\/\/haberkuzey.com\/#\/schema\/person\/3372109ec735f9333f4fa47ebb9605ca"},"breadcrumb":{"@id":"https:\/\/haberkuzey.com\/index.php\/2024\/05\/06\/hayvan-ureticileri-ve-yetistiricileri-birligi-aracli-eylem-uyarisi-yapti\/#breadcrumb"},"inLanguage":"tr","potentialAction":[{"@type":"ReadAction","target":["https:\/\/haberkuzey.com\/index.php\/2024\/05\/06\/hayvan-ureticileri-ve-yetistiricileri-birligi-aracli-eylem-uyarisi-yapti\/"]}]},{"@type":"ImageObject","inLanguage":"tr","@id":"https:\/\/haberkuzey.com\/index.php\/2024\/05\/06\/hayvan-ureticileri-ve-yetistiricileri-birligi-aracli-eylem-uyarisi-yapti\/#primaryimage","url":"https:\/\/haberkuzey.com\/wp-content\/uploads\/2024\/05\/hayvancilar-birligi-hukumete-sure-tanidi-1-so.jpg","contentUrl":"https:\/\/haberkuzey.com\/wp-content\/uploads\/2024\/05\/hayvancilar-birligi-hukumete-sure-tanidi-1-so.jpg","width":2480,"height":1656},{"@type":"BreadcrumbList","@id":"https:\/\/haberkuzey.com\/index.php\/2024\/05\/06\/hayvan-ureticileri-ve-yetistiricileri-birligi-aracli-eylem-uyarisi-yapti\/#breadcrumb","itemListElement":[{"@type":"ListItem","position":1,"name":"Anasayfa","item":"https:\/\/haberkuzey.com\/"},{"@type":"ListItem","position":2,"name":"Hayvan \u00dcreticileri ve Yeti\u015ftiricileri Birli\u011fi ara\u00e7l\u0131 eylem uyar\u0131s\u0131 yapt\u0131"}]},{"@type":"WebSite","@id":"https:\/\/haberkuzey.com\/#website","url":"https:\/\/haberkuzey.com\/","name":"Haber Kuzey","description":"Do\u011fru Haberin Adresi","potentialAction":[{"@type":"SearchAction","target":{"@type":"EntryPoint","urlTemplate":"https:\/\/haberkuzey.com\/?s={search_term_string}"},"query-input":{"@type":"PropertyValueSpecification","valueRequired":true,"valueName":"search_term_string"}}],"inLanguage":"tr"},{"@type":"Person","@id":"https:\/\/haberkuzey.com\/#\/schema\/person\/3372109ec735f9333f4fa47ebb9605ca","name":"haberkuzey","image":{"@type":"ImageObject","inLanguage":"tr","@id":"https:\/\/secure.gravatar.com\/avatar\/f5fc875574b1575324358c3b9e6a32b8227aa5b74f3fa22e3cadb63e26fcc39c?s=96&d=mm&r=g","url":"https:\/\/secure.gravatar.com\/avatar\/f5fc875574b1575324358c3b9e6a32b8227aa5b74f3fa22e3cadb63e26fcc39c?s=96&d=mm&r=g","contentUrl":"https:\/\/secure.gravatar.com\/avatar\/f5fc875574b1575324358c3b9e6a32b8227aa5b74f3fa22e3cadb63e26fcc39c?s=96&d=mm&r=g","caption":"haberkuzey"},"sameAs":["https:\/\/haberkuzey.com"],"url":"https:\/\/haberkuzey.com\/index.php\/author\/haberkuzey\/"}]}},"_links":{"self":[{"href":"https:\/\/haberkuzey.com\/index.php\/wp-json\/wp\/v2\/posts\/1509","targetHints":{"allow":["GET"]}}],"collection":[{"href":"https:\/\/haberkuzey.com\/index.php\/wp-json\/wp\/v2\/posts"}],"about":[{"href":"https:\/\/haberkuzey.com\/index.php\/wp-json\/wp\/v2\/types\/post"}],"author":[{"embeddable":true,"href":"https:\/\/haberkuzey.com\/index.php\/wp-json\/wp\/v2\/users\/1"}],"replies":[{"embeddable":true,"href":"https:\/\/haberkuzey.com\/index.php\/wp-json\/wp\/v2\/comments?post=1509"}],"version-history":[{"count":0,"href":"https:\/\/haberkuzey.com\/index.php\/wp-json\/wp\/v2\/posts\/1509\/revisions"}],"wp:featuredmedia":[{"embeddable":true,"href":"https:\/\/haberkuzey.com\/index.php\/wp-json\/wp\/v2\/media\/1510"}],"wp:attachment":[{"href":"https:\/\/haberkuzey.com\/index.php\/wp-json\/wp\/v2\/media?parent=1509"}],"wp:term":[{"taxonomy":"category","embeddable":true,"href":"https:\/\/haberkuzey.com\/index.php\/wp-json\/wp\/v2\/categories?post=1509"},{"taxonomy":"post_tag","embeddable":true,"href":"https:\/\/haberkuzey.com\/index.php\/wp-json\/wp\/v2\/tags?post=1509"}],"curies":[{"name":"wp","href":"https:\/\/api.w.org\/{rel}","templated":true}]}}