{"id":1474,"date":"2024-05-06T10:14:58","date_gmt":"2024-05-06T07:14:58","guid":{"rendered":"https:\/\/haberkuzey.com\/index.php\/2024\/05\/06\/lefkosa-yunus-emre-enstitusu-kursiyerleri-kultur-gezisinde-bulustu\/"},"modified":"2024-05-06T10:14:58","modified_gmt":"2024-05-06T07:14:58","slug":"lefkosa-yunus-emre-enstitusu-kursiyerleri-kultur-gezisinde-bulustu","status":"publish","type":"post","link":"https:\/\/haberkuzey.com\/index.php\/2024\/05\/06\/lefkosa-yunus-emre-enstitusu-kursiyerleri-kultur-gezisinde-bulustu\/","title":{"rendered":"Lefko\u015fa Yunus Emre Enstit\u00fcs\u00fc kursiyerleri k\u00fclt\u00fcr gezisinde bulu\u015ftu"},"content":{"rendered":"<div>\n<div class=\"mariselle-image-container center\">\n                                            <\/div>\n<p> T\u00fcrk\u00e7e \u00f6\u011fretimi, k\u00fclt\u00fcr ve sanat alan\u0131ndaki \u00e7al\u0131\u015fmalar\u0131yla KKTC\u2019de faaliyetlerini s\u00fcrd\u00fcren Lefko\u015fa Yunus Emre Enstit\u00fcs\u00fc, b\u00fcnyesindeki ve Uluslararas\u0131 Final \u00dcniversitesi\u2019ndeki T\u00fcrk\u00e7e kurslar\u0131nda \u00f6\u011frenim g\u00f6ren yabanc\u0131 kursiyerleri i\u00e7in k\u00fclt\u00fcr gezisi d\u00fczenledi.<\/p>\n<p>Lefko\u015fa Yunus Emre Enstit\u00fcs\u00fc\u2019nden yap\u0131lan a\u00e7\u0131klamaya g\u00f6re, 2017 y\u0131l\u0131ndan bu yana her sene d\u00fczenlenen etkinli\u011fin bu y\u0131lki dura\u011f\u0131 Gazima\u011fusa oldu. St. Barnabas M\u00fczesi\u2019nde ba\u015flayan etkinlik, Salamis Antik Kenti, Lala Mustafa Pa\u015fa Camii, Otello Burcu, Canbulat M\u00fczesi, Nam\u0131k Kemal Zindan\u0131 ziyaretiyle devam etti, \u00f6\u011fle yeme\u011finin ard\u0131ndan Mara\u015f ziyareti ile sona erdi.<\/p>\n<\/p><\/div>\n<p><script async\n                    defer\n                    crossorigin=\"anonymous\"\n                    src=\"https:\/\/connect.facebook.net\/tr_TR\/sdk.js#xfbml=1&#038;version=v3.3\"\n            ><\/script><\/p>\n","protected":false},"excerpt":{"rendered":"<p>T\u00fcrk\u00e7e \u00f6\u011fretimi, k\u00fclt\u00fcr ve sanat alan\u0131ndaki \u00e7al\u0131\u015fmalar\u0131yla KKTC\u2019de faaliyetlerini s\u00fcrd\u00fcren Lefko\u015fa Yunus Emre Enstit\u00fcs\u00fc, b\u00fcnyesindeki ve Uluslararas\u0131 Final \u00dcniversitesi\u2019ndeki T\u00fcrk\u00e7e kurslar\u0131nda \u00f6\u011frenim g\u00f6ren yabanc\u0131 kursiyerleri i\u00e7in k\u00fclt\u00fcr gezisi d\u00fczenledi. Lefko\u015fa Yunus Emre Enstit\u00fcs\u00fc\u2019nden yap\u0131lan a\u00e7\u0131klamaya g\u00f6re, 2017 y\u0131l\u0131ndan bu yana her sene d\u00fczenlenen etkinli\u011fin bu y\u0131lki dura\u011f\u0131 Gazima\u011fusa oldu. St. Barnabas M\u00fczesi\u2019nde ba\u015flayan etkinlik, Salamis [&hellip;]<\/p>\n","protected":false},"author":1,"featured_media":1475,"comment_status":"open","ping_status":"open","sticky":false,"template":"","format":"standard","meta":{"jnews-multi-image_gallery":[],"jnews_single_post":[],"jnews_primary_category":[],"footnotes":""},"categories":[1],"tags":[],"class_list":["post-1474","post","type-post","status-publish","format-standard","has-post-thumbnail","hentry","category-kibris"],"yoast_head":"<!-- This site is optimized with the Yoast SEO plugin v27.5 - https:\/\/yoast.com\/product\/yoast-seo-wordpress\/ -->\n<title>Lefko\u015fa Yunus Emre Enstit\u00fcs\u00fc kursiyerleri k\u00fclt\u00fcr gezisinde bulu\u015ftu - Haber Kuzey<\/title>\n<meta name=\"robots\" content=\"index, follow, max-snippet:-1, max-image-preview:large, max-video-preview:-1\" \/>\n<link rel=\"canonical\" href=\"https:\/\/haberkuzey.com\/index.php\/2024\/05\/06\/lefkosa-yunus-emre-enstitusu-kursiyerleri-kultur-gezisinde-bulustu\/\" \/>\n<meta property=\"og:locale\" content=\"tr_TR\" \/>\n<meta property=\"og:type\" content=\"article\" \/>\n<meta property=\"og:title\" content=\"Lefko\u015fa Yunus Emre Enstit\u00fcs\u00fc kursiyerleri k\u00fclt\u00fcr gezisinde bulu\u015ftu - Haber Kuzey\" \/>\n<meta property=\"og:description\" content=\"T\u00fcrk\u00e7e \u00f6\u011fretimi, k\u00fclt\u00fcr ve sanat alan\u0131ndaki \u00e7al\u0131\u015fmalar\u0131yla KKTC\u2019de faaliyetlerini s\u00fcrd\u00fcren Lefko\u015fa Yunus Emre Enstit\u00fcs\u00fc, b\u00fcnyesindeki ve Uluslararas\u0131 Final \u00dcniversitesi\u2019ndeki T\u00fcrk\u00e7e kurslar\u0131nda \u00f6\u011frenim g\u00f6ren yabanc\u0131 kursiyerleri i\u00e7in k\u00fclt\u00fcr gezisi d\u00fczenledi. Lefko\u015fa Yunus Emre Enstit\u00fcs\u00fc\u2019nden yap\u0131lan a\u00e7\u0131klamaya g\u00f6re, 2017 y\u0131l\u0131ndan bu yana her sene d\u00fczenlenen etkinli\u011fin bu y\u0131lki dura\u011f\u0131 Gazima\u011fusa oldu. St. Barnabas M\u00fczesi\u2019nde ba\u015flayan etkinlik, Salamis [&hellip;]\" \/>\n<meta property=\"og:url\" content=\"https:\/\/haberkuzey.com\/index.php\/2024\/05\/06\/lefkosa-yunus-emre-enstitusu-kursiyerleri-kultur-gezisinde-bulustu\/\" \/>\n<meta property=\"og:site_name\" content=\"Haber Kuzey\" \/>\n<meta property=\"article:published_time\" content=\"2024-05-06T07:14:58+00:00\" \/>\n<meta property=\"og:image\" content=\"https:\/\/brtk.net\/wp-content\/uploads\/2024\/05\/06\/alskdjlakjsdal.jpeg?ver=b8189f4f6e50e755b5f3725241a6a9d7\" \/>\n<meta name=\"author\" content=\"haberkuzey\" \/>\n<meta name=\"twitter:card\" content=\"summary_large_image\" \/>\n<meta name=\"twitter:label1\" content=\"Yazan:\" \/>\n\t<meta name=\"twitter:data1\" content=\"haberkuzey\" \/>\n\t<meta name=\"twitter:label2\" content=\"Tahmini okuma s\u00fcresi\" \/>\n\t<meta name=\"twitter:data2\" content=\"1 dakika\" \/>\n<script type=\"application\/ld+json\" class=\"yoast-schema-graph\">{\"@context\":\"https:\\\/\\\/schema.org\",\"@graph\":[{\"@type\":\"Article\",\"@id\":\"https:\\\/\\\/haberkuzey.com\\\/index.php\\\/2024\\\/05\\\/06\\\/lefkosa-yunus-emre-enstitusu-kursiyerleri-kultur-gezisinde-bulustu\\\/#article\",\"isPartOf\":{\"@id\":\"https:\\\/\\\/haberkuzey.com\\\/index.php\\\/2024\\\/05\\\/06\\\/lefkosa-yunus-emre-enstitusu-kursiyerleri-kultur-gezisinde-bulustu\\\/\"},\"author\":{\"name\":\"haberkuzey\",\"@id\":\"https:\\\/\\\/haberkuzey.com\\\/#\\\/schema\\\/person\\\/3372109ec735f9333f4fa47ebb9605ca\"},\"headline\":\"Lefko\u015fa Yunus Emre Enstit\u00fcs\u00fc kursiyerleri k\u00fclt\u00fcr gezisinde bulu\u015ftu\",\"datePublished\":\"2024-05-06T07:14:58+00:00\",\"mainEntityOfPage\":{\"@id\":\"https:\\\/\\\/haberkuzey.com\\\/index.php\\\/2024\\\/05\\\/06\\\/lefkosa-yunus-emre-enstitusu-kursiyerleri-kultur-gezisinde-bulustu\\\/\"},\"wordCount\":133,\"commentCount\":0,\"image\":{\"@id\":\"https:\\\/\\\/haberkuzey.com\\\/index.php\\\/2024\\\/05\\\/06\\\/lefkosa-yunus-emre-enstitusu-kursiyerleri-kultur-gezisinde-bulustu\\\/#primaryimage\"},\"thumbnailUrl\":\"https:\\\/\\\/haberkuzey.com\\\/wp-content\\\/uploads\\\/2024\\\/05\\\/alskdjlakjsdal.jpeg\",\"articleSection\":[\"K\u0131br\u0131s\"],\"inLanguage\":\"tr\",\"potentialAction\":[{\"@type\":\"CommentAction\",\"name\":\"Comment\",\"target\":[\"https:\\\/\\\/haberkuzey.com\\\/index.php\\\/2024\\\/05\\\/06\\\/lefkosa-yunus-emre-enstitusu-kursiyerleri-kultur-gezisinde-bulustu\\\/#respond\"]}]},{\"@type\":\"WebPage\",\"@id\":\"https:\\\/\\\/haberkuzey.com\\\/index.php\\\/2024\\\/05\\\/06\\\/lefkosa-yunus-emre-enstitusu-kursiyerleri-kultur-gezisinde-bulustu\\\/\",\"url\":\"https:\\\/\\\/haberkuzey.com\\\/index.php\\\/2024\\\/05\\\/06\\\/lefkosa-yunus-emre-enstitusu-kursiyerleri-kultur-gezisinde-bulustu\\\/\",\"name\":\"Lefko\u015fa Yunus Emre Enstit\u00fcs\u00fc kursiyerleri k\u00fclt\u00fcr gezisinde bulu\u015ftu - Haber Kuzey\",\"isPartOf\":{\"@id\":\"https:\\\/\\\/haberkuzey.com\\\/#website\"},\"primaryImageOfPage\":{\"@id\":\"https:\\\/\\\/haberkuzey.com\\\/index.php\\\/2024\\\/05\\\/06\\\/lefkosa-yunus-emre-enstitusu-kursiyerleri-kultur-gezisinde-bulustu\\\/#primaryimage\"},\"image\":{\"@id\":\"https:\\\/\\\/haberkuzey.com\\\/index.php\\\/2024\\\/05\\\/06\\\/lefkosa-yunus-emre-enstitusu-kursiyerleri-kultur-gezisinde-bulustu\\\/#primaryimage\"},\"thumbnailUrl\":\"https:\\\/\\\/haberkuzey.com\\\/wp-content\\\/uploads\\\/2024\\\/05\\\/alskdjlakjsdal.jpeg\",\"datePublished\":\"2024-05-06T07:14:58+00:00\",\"author\":{\"@id\":\"https:\\\/\\\/haberkuzey.com\\\/#\\\/schema\\\/person\\\/3372109ec735f9333f4fa47ebb9605ca\"},\"breadcrumb\":{\"@id\":\"https:\\\/\\\/haberkuzey.com\\\/index.php\\\/2024\\\/05\\\/06\\\/lefkosa-yunus-emre-enstitusu-kursiyerleri-kultur-gezisinde-bulustu\\\/#breadcrumb\"},\"inLanguage\":\"tr\",\"potentialAction\":[{\"@type\":\"ReadAction\",\"target\":[\"https:\\\/\\\/haberkuzey.com\\\/index.php\\\/2024\\\/05\\\/06\\\/lefkosa-yunus-emre-enstitusu-kursiyerleri-kultur-gezisinde-bulustu\\\/\"]}]},{\"@type\":\"ImageObject\",\"inLanguage\":\"tr\",\"@id\":\"https:\\\/\\\/haberkuzey.com\\\/index.php\\\/2024\\\/05\\\/06\\\/lefkosa-yunus-emre-enstitusu-kursiyerleri-kultur-gezisinde-bulustu\\\/#primaryimage\",\"url\":\"https:\\\/\\\/haberkuzey.com\\\/wp-content\\\/uploads\\\/2024\\\/05\\\/alskdjlakjsdal.jpeg\",\"contentUrl\":\"https:\\\/\\\/haberkuzey.com\\\/wp-content\\\/uploads\\\/2024\\\/05\\\/alskdjlakjsdal.jpeg\",\"width\":1600,\"height\":1066},{\"@type\":\"BreadcrumbList\",\"@id\":\"https:\\\/\\\/haberkuzey.com\\\/index.php\\\/2024\\\/05\\\/06\\\/lefkosa-yunus-emre-enstitusu-kursiyerleri-kultur-gezisinde-bulustu\\\/#breadcrumb\",\"itemListElement\":[{\"@type\":\"ListItem\",\"position\":1,\"name\":\"Anasayfa\",\"item\":\"https:\\\/\\\/haberkuzey.com\\\/\"},{\"@type\":\"ListItem\",\"position\":2,\"name\":\"Lefko\u015fa Yunus Emre Enstit\u00fcs\u00fc kursiyerleri k\u00fclt\u00fcr gezisinde bulu\u015ftu\"}]},{\"@type\":\"WebSite\",\"@id\":\"https:\\\/\\\/haberkuzey.com\\\/#website\",\"url\":\"https:\\\/\\\/haberkuzey.com\\\/\",\"name\":\"Haber Kuzey\",\"description\":\"Do\u011fru Haberin Adresi\",\"potentialAction\":[{\"@type\":\"SearchAction\",\"target\":{\"@type\":\"EntryPoint\",\"urlTemplate\":\"https:\\\/\\\/haberkuzey.com\\\/?s={search_term_string}\"},\"query-input\":{\"@type\":\"PropertyValueSpecification\",\"valueRequired\":true,\"valueName\":\"search_term_string\"}}],\"inLanguage\":\"tr\"},{\"@type\":\"Person\",\"@id\":\"https:\\\/\\\/haberkuzey.com\\\/#\\\/schema\\\/person\\\/3372109ec735f9333f4fa47ebb9605ca\",\"name\":\"haberkuzey\",\"image\":{\"@type\":\"ImageObject\",\"inLanguage\":\"tr\",\"@id\":\"https:\\\/\\\/secure.gravatar.com\\\/avatar\\\/f5fc875574b1575324358c3b9e6a32b8227aa5b74f3fa22e3cadb63e26fcc39c?s=96&d=mm&r=g\",\"url\":\"https:\\\/\\\/secure.gravatar.com\\\/avatar\\\/f5fc875574b1575324358c3b9e6a32b8227aa5b74f3fa22e3cadb63e26fcc39c?s=96&d=mm&r=g\",\"contentUrl\":\"https:\\\/\\\/secure.gravatar.com\\\/avatar\\\/f5fc875574b1575324358c3b9e6a32b8227aa5b74f3fa22e3cadb63e26fcc39c?s=96&d=mm&r=g\",\"caption\":\"haberkuzey\"},\"sameAs\":[\"https:\\\/\\\/haberkuzey.com\"],\"url\":\"https:\\\/\\\/haberkuzey.com\\\/index.php\\\/author\\\/haberkuzey\\\/\"}]}<\/script>\n<!-- \/ Yoast SEO plugin. -->","yoast_head_json":{"title":"Lefko\u015fa Yunus Emre Enstit\u00fcs\u00fc kursiyerleri k\u00fclt\u00fcr gezisinde bulu\u015ftu - Haber Kuzey","robots":{"index":"index","follow":"follow","max-snippet":"max-snippet:-1","max-image-preview":"max-image-preview:large","max-video-preview":"max-video-preview:-1"},"canonical":"https:\/\/haberkuzey.com\/index.php\/2024\/05\/06\/lefkosa-yunus-emre-enstitusu-kursiyerleri-kultur-gezisinde-bulustu\/","og_locale":"tr_TR","og_type":"article","og_title":"Lefko\u015fa Yunus Emre Enstit\u00fcs\u00fc kursiyerleri k\u00fclt\u00fcr gezisinde bulu\u015ftu - Haber Kuzey","og_description":"T\u00fcrk\u00e7e \u00f6\u011fretimi, k\u00fclt\u00fcr ve sanat alan\u0131ndaki \u00e7al\u0131\u015fmalar\u0131yla KKTC\u2019de faaliyetlerini s\u00fcrd\u00fcren Lefko\u015fa Yunus Emre Enstit\u00fcs\u00fc, b\u00fcnyesindeki ve Uluslararas\u0131 Final \u00dcniversitesi\u2019ndeki T\u00fcrk\u00e7e kurslar\u0131nda \u00f6\u011frenim g\u00f6ren yabanc\u0131 kursiyerleri i\u00e7in k\u00fclt\u00fcr gezisi d\u00fczenledi. Lefko\u015fa Yunus Emre Enstit\u00fcs\u00fc\u2019nden yap\u0131lan a\u00e7\u0131klamaya g\u00f6re, 2017 y\u0131l\u0131ndan bu yana her sene d\u00fczenlenen etkinli\u011fin bu y\u0131lki dura\u011f\u0131 Gazima\u011fusa oldu. St. Barnabas M\u00fczesi\u2019nde ba\u015flayan etkinlik, Salamis [&hellip;]","og_url":"https:\/\/haberkuzey.com\/index.php\/2024\/05\/06\/lefkosa-yunus-emre-enstitusu-kursiyerleri-kultur-gezisinde-bulustu\/","og_site_name":"Haber Kuzey","article_published_time":"2024-05-06T07:14:58+00:00","og_image":[{"url":"https:\/\/brtk.net\/wp-content\/uploads\/2024\/05\/06\/alskdjlakjsdal.jpeg?ver=b8189f4f6e50e755b5f3725241a6a9d7","type":"","width":"","height":""}],"author":"haberkuzey","twitter_card":"summary_large_image","twitter_misc":{"Yazan:":"haberkuzey","Tahmini okuma s\u00fcresi":"1 dakika"},"schema":{"@context":"https:\/\/schema.org","@graph":[{"@type":"Article","@id":"https:\/\/haberkuzey.com\/index.php\/2024\/05\/06\/lefkosa-yunus-emre-enstitusu-kursiyerleri-kultur-gezisinde-bulustu\/#article","isPartOf":{"@id":"https:\/\/haberkuzey.com\/index.php\/2024\/05\/06\/lefkosa-yunus-emre-enstitusu-kursiyerleri-kultur-gezisinde-bulustu\/"},"author":{"name":"haberkuzey","@id":"https:\/\/haberkuzey.com\/#\/schema\/person\/3372109ec735f9333f4fa47ebb9605ca"},"headline":"Lefko\u015fa Yunus Emre Enstit\u00fcs\u00fc kursiyerleri k\u00fclt\u00fcr gezisinde bulu\u015ftu","datePublished":"2024-05-06T07:14:58+00:00","mainEntityOfPage":{"@id":"https:\/\/haberkuzey.com\/index.php\/2024\/05\/06\/lefkosa-yunus-emre-enstitusu-kursiyerleri-kultur-gezisinde-bulustu\/"},"wordCount":133,"commentCount":0,"image":{"@id":"https:\/\/haberkuzey.com\/index.php\/2024\/05\/06\/lefkosa-yunus-emre-enstitusu-kursiyerleri-kultur-gezisinde-bulustu\/#primaryimage"},"thumbnailUrl":"https:\/\/haberkuzey.com\/wp-content\/uploads\/2024\/05\/alskdjlakjsdal.jpeg","articleSection":["K\u0131br\u0131s"],"inLanguage":"tr","potentialAction":[{"@type":"CommentAction","name":"Comment","target":["https:\/\/haberkuzey.com\/index.php\/2024\/05\/06\/lefkosa-yunus-emre-enstitusu-kursiyerleri-kultur-gezisinde-bulustu\/#respond"]}]},{"@type":"WebPage","@id":"https:\/\/haberkuzey.com\/index.php\/2024\/05\/06\/lefkosa-yunus-emre-enstitusu-kursiyerleri-kultur-gezisinde-bulustu\/","url":"https:\/\/haberkuzey.com\/index.php\/2024\/05\/06\/lefkosa-yunus-emre-enstitusu-kursiyerleri-kultur-gezisinde-bulustu\/","name":"Lefko\u015fa Yunus Emre Enstit\u00fcs\u00fc kursiyerleri k\u00fclt\u00fcr gezisinde bulu\u015ftu - Haber Kuzey","isPartOf":{"@id":"https:\/\/haberkuzey.com\/#website"},"primaryImageOfPage":{"@id":"https:\/\/haberkuzey.com\/index.php\/2024\/05\/06\/lefkosa-yunus-emre-enstitusu-kursiyerleri-kultur-gezisinde-bulustu\/#primaryimage"},"image":{"@id":"https:\/\/haberkuzey.com\/index.php\/2024\/05\/06\/lefkosa-yunus-emre-enstitusu-kursiyerleri-kultur-gezisinde-bulustu\/#primaryimage"},"thumbnailUrl":"https:\/\/haberkuzey.com\/wp-content\/uploads\/2024\/05\/alskdjlakjsdal.jpeg","datePublished":"2024-05-06T07:14:58+00:00","author":{"@id":"https:\/\/haberkuzey.com\/#\/schema\/person\/3372109ec735f9333f4fa47ebb9605ca"},"breadcrumb":{"@id":"https:\/\/haberkuzey.com\/index.php\/2024\/05\/06\/lefkosa-yunus-emre-enstitusu-kursiyerleri-kultur-gezisinde-bulustu\/#breadcrumb"},"inLanguage":"tr","potentialAction":[{"@type":"ReadAction","target":["https:\/\/haberkuzey.com\/index.php\/2024\/05\/06\/lefkosa-yunus-emre-enstitusu-kursiyerleri-kultur-gezisinde-bulustu\/"]}]},{"@type":"ImageObject","inLanguage":"tr","@id":"https:\/\/haberkuzey.com\/index.php\/2024\/05\/06\/lefkosa-yunus-emre-enstitusu-kursiyerleri-kultur-gezisinde-bulustu\/#primaryimage","url":"https:\/\/haberkuzey.com\/wp-content\/uploads\/2024\/05\/alskdjlakjsdal.jpeg","contentUrl":"https:\/\/haberkuzey.com\/wp-content\/uploads\/2024\/05\/alskdjlakjsdal.jpeg","width":1600,"height":1066},{"@type":"BreadcrumbList","@id":"https:\/\/haberkuzey.com\/index.php\/2024\/05\/06\/lefkosa-yunus-emre-enstitusu-kursiyerleri-kultur-gezisinde-bulustu\/#breadcrumb","itemListElement":[{"@type":"ListItem","position":1,"name":"Anasayfa","item":"https:\/\/haberkuzey.com\/"},{"@type":"ListItem","position":2,"name":"Lefko\u015fa Yunus Emre Enstit\u00fcs\u00fc kursiyerleri k\u00fclt\u00fcr gezisinde bulu\u015ftu"}]},{"@type":"WebSite","@id":"https:\/\/haberkuzey.com\/#website","url":"https:\/\/haberkuzey.com\/","name":"Haber Kuzey","description":"Do\u011fru Haberin Adresi","potentialAction":[{"@type":"SearchAction","target":{"@type":"EntryPoint","urlTemplate":"https:\/\/haberkuzey.com\/?s={search_term_string}"},"query-input":{"@type":"PropertyValueSpecification","valueRequired":true,"valueName":"search_term_string"}}],"inLanguage":"tr"},{"@type":"Person","@id":"https:\/\/haberkuzey.com\/#\/schema\/person\/3372109ec735f9333f4fa47ebb9605ca","name":"haberkuzey","image":{"@type":"ImageObject","inLanguage":"tr","@id":"https:\/\/secure.gravatar.com\/avatar\/f5fc875574b1575324358c3b9e6a32b8227aa5b74f3fa22e3cadb63e26fcc39c?s=96&d=mm&r=g","url":"https:\/\/secure.gravatar.com\/avatar\/f5fc875574b1575324358c3b9e6a32b8227aa5b74f3fa22e3cadb63e26fcc39c?s=96&d=mm&r=g","contentUrl":"https:\/\/secure.gravatar.com\/avatar\/f5fc875574b1575324358c3b9e6a32b8227aa5b74f3fa22e3cadb63e26fcc39c?s=96&d=mm&r=g","caption":"haberkuzey"},"sameAs":["https:\/\/haberkuzey.com"],"url":"https:\/\/haberkuzey.com\/index.php\/author\/haberkuzey\/"}]}},"_links":{"self":[{"href":"https:\/\/haberkuzey.com\/index.php\/wp-json\/wp\/v2\/posts\/1474","targetHints":{"allow":["GET"]}}],"collection":[{"href":"https:\/\/haberkuzey.com\/index.php\/wp-json\/wp\/v2\/posts"}],"about":[{"href":"https:\/\/haberkuzey.com\/index.php\/wp-json\/wp\/v2\/types\/post"}],"author":[{"embeddable":true,"href":"https:\/\/haberkuzey.com\/index.php\/wp-json\/wp\/v2\/users\/1"}],"replies":[{"embeddable":true,"href":"https:\/\/haberkuzey.com\/index.php\/wp-json\/wp\/v2\/comments?post=1474"}],"version-history":[{"count":0,"href":"https:\/\/haberkuzey.com\/index.php\/wp-json\/wp\/v2\/posts\/1474\/revisions"}],"wp:featuredmedia":[{"embeddable":true,"href":"https:\/\/haberkuzey.com\/index.php\/wp-json\/wp\/v2\/media\/1475"}],"wp:attachment":[{"href":"https:\/\/haberkuzey.com\/index.php\/wp-json\/wp\/v2\/media?parent=1474"}],"wp:term":[{"taxonomy":"category","embeddable":true,"href":"https:\/\/haberkuzey.com\/index.php\/wp-json\/wp\/v2\/categories?post=1474"},{"taxonomy":"post_tag","embeddable":true,"href":"https:\/\/haberkuzey.com\/index.php\/wp-json\/wp\/v2\/tags?post=1474"}],"curies":[{"name":"wp","href":"https:\/\/api.w.org\/{rel}","templated":true}]}}