{"id":1468,"date":"2024-05-06T08:38:55","date_gmt":"2024-05-06T05:38:55","guid":{"rendered":"https:\/\/haberkuzey.com\/index.php\/2024\/05\/06\/israil-sinirdaki-mahalleleri-bosaltiyor\/"},"modified":"2024-05-06T08:38:55","modified_gmt":"2024-05-06T05:38:55","slug":"israil-sinirdaki-mahalleleri-bosaltiyor","status":"publish","type":"post","link":"https:\/\/haberkuzey.com\/index.php\/2024\/05\/06\/israil-sinirdaki-mahalleleri-bosaltiyor\/","title":{"rendered":"\u0130srail s\u0131n\u0131rdaki mahalleleri bo\u015falt\u0131yor"},"content":{"rendered":"<p><\/p>\n<div>\n<p>&#13;<br \/>\n\t\u0130srail Devlet Televizyonu KAN&#8217;\u0131n haberinde, \u0130srail ordusunun, Refah&#8217;\u0131n do\u011fusunda \u0130srail s\u0131n\u0131r\u0131 yak\u0131n\u0131ndaki bir\u00e7ok mahalleyi bo\u015faltmaya ba\u015flad\u0131\u011f\u0131 belirtildi.<\/p>\n<p>&#13;<br \/>\n\tThe Times of Israel gazetesinin haberinde de \u0130srail ordusunun, Refah s\u0131n\u0131r\u0131n\u0131n do\u011fusundaki mahallelerde ya\u015fayan Filistinlilere el-Mevasi ve Han Yunus&#8217;taki &#8220;insani b\u00f6lgelere gitme&#8221; \u00e7a\u011fr\u0131s\u0131 yapt\u0131\u011f\u0131 kaydedildi.<\/p>\n<p>&#13;<br \/>\n\t<strong>Gazze&#8217;de yerinden edilenlerin son s\u0131\u011f\u0131na\u011f\u0131 Refah<\/strong><\/p>\n<p>&#13;<br \/>\n\t\u0130srail&#8217;in 7 Ekim 2023&#8217;ten bu yana s\u00fcrd\u00fcrd\u00fc\u011f\u00fc sald\u0131r\u0131lar\u0131 nedeniyle yakla\u015f\u0131k 2,3 milyon n\u00fcfuslu Gazze \u015eeridi&#8217;nde 1,9 milyon ki\u015fi, yerinden edildi. Bu Filistinlilerin \u00e7o\u011fu, \u0130srail&#8217;in daha \u00f6nce &#8220;g\u00fcvenli b\u00f6lge&#8221; oldu\u011funu iddia etti\u011fi Refah kentine s\u0131\u011f\u0131nd\u0131.<\/p>\n<p>&#13;<br \/>\n\tGazze \u015eeridi&#8217;nin en g\u00fcneyinde, M\u0131s\u0131r s\u0131n\u0131r\u0131nda yer alan Refah&#8217;\u0131n \u0130srail sald\u0131r\u0131lar\u0131ndan \u00f6nce 280 bin olan n\u00fcfusu, halihaz\u0131rda 5 kat\u0131ndan fazla artarak neredeyse 1,5 milyona ula\u015ft\u0131.<\/p>\n<p>&#13;<br \/>\n\t\u0130srail sald\u0131r\u0131lar\u0131ndan ka\u00e7arak, yeterli kalacak yerin bulunmad\u0131\u011f\u0131 ve altyap\u0131n\u0131n yetersiz kald\u0131\u011f\u0131 Refah&#8217;a s\u0131\u011f\u0131nan Filistinlilerin b\u00fcy\u00fck b\u00f6l\u00fcm\u00fc, derme \u00e7atma \u00e7ad\u0131rlardan olu\u015fan kamplarda ya\u015fam m\u00fccadelesi veriyor.<\/p>\n<p>&#13;<br \/>\n\t\u0130srail ordusunun s\u0131k s\u0131k hava sald\u0131r\u0131lar\u0131 d\u00fczenledi\u011fi Refah&#8217;a kara sald\u0131r\u0131s\u0131 ba\u015flatmas\u0131 halinde sivillerin Gazze \u015eeridi&#8217;nde s\u0131\u011f\u0131nacak yerinin kalmayaca\u011f\u0131ndan endi\u015fe edilirken, uluslararas\u0131 toplumdan gelen uyar\u0131lara ra\u011fmen \u0130srail makamlar\u0131, Refah&#8217;\u0131 i\u015fgal etme tehdidini s\u00fcrd\u00fcr\u00fcyordu.<\/p>\n<p>&#13;<br \/>\n\tSavunma Bakan\u0131 Yoav Gallant, d\u00fcn, Hamas hareketinin Tel Aviv h\u00fck\u00fcmetiyle esir takas\u0131 anla\u015fmas\u0131na varmak istemedi\u011fine dair g\u00f6stergeler oldu\u011funu iddia ederek, Gazze \u015eeridi\u2019nin g\u00fcneyindeki Refah kentini &#8220;\u00e7ok yak\u0131nda i\u015fgal edeceklerini&#8221; belirtti.<\/p>\n<p>&#13;<br \/>\n\t\u0130srail&#8217;in 7 Ekim&#8217;den bu yana Gazze \u015eeridi&#8217;ne d\u00fczenledi\u011fi sald\u0131r\u0131larda en az 14 bin 944\u2019\u00fc \u00e7ocuk, 9 bin 849&#8217;u kad\u0131n olmak \u00fczere 34 bin 683 Filistinli \u00f6ld\u00fcr\u00fcld\u00fc, 78 bin 18 ki\u015fi yaraland\u0131.<\/p>\n<p>&#13;<br \/>\n\tEnkaz alt\u0131nda halen binlerce \u00f6l\u00fc oldu\u011fu bildirilirken, halk\u0131n s\u0131\u011f\u0131nd\u0131\u011f\u0131 hastane ve e\u011fitim kurumlar\u0131 hedef al\u0131narak sivil altyap\u0131 da tahrip ediliyor.<\/p>\n<\/p><\/div>\n","protected":false},"excerpt":{"rendered":"<p>&#13; \u0130srail Devlet Televizyonu KAN&#8217;\u0131n haberinde, \u0130srail ordusunun, Refah&#8217;\u0131n do\u011fusunda \u0130srail s\u0131n\u0131r\u0131 yak\u0131n\u0131ndaki bir\u00e7ok mahalleyi bo\u015faltmaya ba\u015flad\u0131\u011f\u0131 belirtildi. &#13; The Times of Israel gazetesinin haberinde de \u0130srail ordusunun, Refah s\u0131n\u0131r\u0131n\u0131n do\u011fusundaki mahallelerde ya\u015fayan Filistinlilere el-Mevasi ve Han Yunus&#8217;taki &#8220;insani b\u00f6lgelere gitme&#8221; \u00e7a\u011fr\u0131s\u0131 yapt\u0131\u011f\u0131 kaydedildi. &#13; Gazze&#8217;de yerinden edilenlerin son s\u0131\u011f\u0131na\u011f\u0131 Refah &#13; \u0130srail&#8217;in 7 Ekim [&hellip;]<\/p>\n","protected":false},"author":1,"featured_media":1469,"comment_status":"open","ping_status":"open","sticky":false,"template":"","format":"standard","meta":{"jnews-multi-image_gallery":[],"jnews_single_post":[],"jnews_primary_category":[],"footnotes":""},"categories":[],"tags":[],"class_list":["post-1468","post","type-post","status-publish","format-standard","has-post-thumbnail","hentry"],"yoast_head":"<!-- This site is optimized with the Yoast SEO plugin v27.5 - https:\/\/yoast.com\/product\/yoast-seo-wordpress\/ -->\n<title>\u0130srail s\u0131n\u0131rdaki mahalleleri bo\u015falt\u0131yor - Haber Kuzey<\/title>\n<meta name=\"robots\" content=\"index, follow, max-snippet:-1, max-image-preview:large, max-video-preview:-1\" \/>\n<link rel=\"canonical\" href=\"https:\/\/haberkuzey.com\/index.php\/2024\/05\/06\/israil-sinirdaki-mahalleleri-bosaltiyor\/\" \/>\n<meta property=\"og:locale\" content=\"tr_TR\" \/>\n<meta property=\"og:type\" content=\"article\" \/>\n<meta property=\"og:title\" content=\"\u0130srail s\u0131n\u0131rdaki mahalleleri bo\u015falt\u0131yor - Haber Kuzey\" \/>\n<meta property=\"og:description\" content=\"&#013; \u0130srail Devlet Televizyonu KAN&#8217;\u0131n haberinde, \u0130srail ordusunun, Refah&#8217;\u0131n do\u011fusunda \u0130srail s\u0131n\u0131r\u0131 yak\u0131n\u0131ndaki bir\u00e7ok mahalleyi bo\u015faltmaya ba\u015flad\u0131\u011f\u0131 belirtildi. &#013; The Times of Israel gazetesinin haberinde de \u0130srail ordusunun, Refah s\u0131n\u0131r\u0131n\u0131n do\u011fusundaki mahallelerde ya\u015fayan Filistinlilere el-Mevasi ve Han Yunus&#8217;taki &#8220;insani b\u00f6lgelere gitme&#8221; \u00e7a\u011fr\u0131s\u0131 yapt\u0131\u011f\u0131 kaydedildi. &#013; Gazze&#8217;de yerinden edilenlerin son s\u0131\u011f\u0131na\u011f\u0131 Refah &#013; \u0130srail&#8217;in 7 Ekim [&hellip;]\" \/>\n<meta property=\"og:url\" content=\"https:\/\/haberkuzey.com\/index.php\/2024\/05\/06\/israil-sinirdaki-mahalleleri-bosaltiyor\/\" \/>\n<meta property=\"og:site_name\" content=\"Haber Kuzey\" \/>\n<meta property=\"article:published_time\" content=\"2024-05-06T05:38:55+00:00\" \/>\n<meta property=\"og:image\" content=\"https:\/\/trthaberstatic.cdn.wp.trt.com.tr\/resimler\/2158000\/refah-reu-2159447.jpg\" \/>\n<meta name=\"author\" content=\"haberkuzey\" \/>\n<meta name=\"twitter:card\" content=\"summary_large_image\" \/>\n<meta name=\"twitter:label1\" content=\"Yazan:\" \/>\n\t<meta name=\"twitter:data1\" content=\"haberkuzey\" \/>\n\t<meta name=\"twitter:label2\" content=\"Tahmini okuma s\u00fcresi\" \/>\n\t<meta name=\"twitter:data2\" content=\"2 dakika\" \/>\n<script type=\"application\/ld+json\" class=\"yoast-schema-graph\">{\"@context\":\"https:\\\/\\\/schema.org\",\"@graph\":[{\"@type\":\"Article\",\"@id\":\"https:\\\/\\\/haberkuzey.com\\\/index.php\\\/2024\\\/05\\\/06\\\/israil-sinirdaki-mahalleleri-bosaltiyor\\\/#article\",\"isPartOf\":{\"@id\":\"https:\\\/\\\/haberkuzey.com\\\/index.php\\\/2024\\\/05\\\/06\\\/israil-sinirdaki-mahalleleri-bosaltiyor\\\/\"},\"author\":{\"name\":\"haberkuzey\",\"@id\":\"https:\\\/\\\/haberkuzey.com\\\/#\\\/schema\\\/person\\\/3372109ec735f9333f4fa47ebb9605ca\"},\"headline\":\"\u0130srail s\u0131n\u0131rdaki mahalleleri bo\u015falt\u0131yor\",\"datePublished\":\"2024-05-06T05:38:55+00:00\",\"mainEntityOfPage\":{\"@id\":\"https:\\\/\\\/haberkuzey.com\\\/index.php\\\/2024\\\/05\\\/06\\\/israil-sinirdaki-mahalleleri-bosaltiyor\\\/\"},\"wordCount\":356,\"commentCount\":0,\"image\":{\"@id\":\"https:\\\/\\\/haberkuzey.com\\\/index.php\\\/2024\\\/05\\\/06\\\/israil-sinirdaki-mahalleleri-bosaltiyor\\\/#primaryimage\"},\"thumbnailUrl\":\"https:\\\/\\\/haberkuzey.com\\\/wp-content\\\/uploads\\\/2024\\\/05\\\/refah-reu-2159447.jpg\",\"inLanguage\":\"tr\",\"potentialAction\":[{\"@type\":\"CommentAction\",\"name\":\"Comment\",\"target\":[\"https:\\\/\\\/haberkuzey.com\\\/index.php\\\/2024\\\/05\\\/06\\\/israil-sinirdaki-mahalleleri-bosaltiyor\\\/#respond\"]}]},{\"@type\":\"WebPage\",\"@id\":\"https:\\\/\\\/haberkuzey.com\\\/index.php\\\/2024\\\/05\\\/06\\\/israil-sinirdaki-mahalleleri-bosaltiyor\\\/\",\"url\":\"https:\\\/\\\/haberkuzey.com\\\/index.php\\\/2024\\\/05\\\/06\\\/israil-sinirdaki-mahalleleri-bosaltiyor\\\/\",\"name\":\"\u0130srail s\u0131n\u0131rdaki mahalleleri bo\u015falt\u0131yor - Haber Kuzey\",\"isPartOf\":{\"@id\":\"https:\\\/\\\/haberkuzey.com\\\/#website\"},\"primaryImageOfPage\":{\"@id\":\"https:\\\/\\\/haberkuzey.com\\\/index.php\\\/2024\\\/05\\\/06\\\/israil-sinirdaki-mahalleleri-bosaltiyor\\\/#primaryimage\"},\"image\":{\"@id\":\"https:\\\/\\\/haberkuzey.com\\\/index.php\\\/2024\\\/05\\\/06\\\/israil-sinirdaki-mahalleleri-bosaltiyor\\\/#primaryimage\"},\"thumbnailUrl\":\"https:\\\/\\\/haberkuzey.com\\\/wp-content\\\/uploads\\\/2024\\\/05\\\/refah-reu-2159447.jpg\",\"datePublished\":\"2024-05-06T05:38:55+00:00\",\"author\":{\"@id\":\"https:\\\/\\\/haberkuzey.com\\\/#\\\/schema\\\/person\\\/3372109ec735f9333f4fa47ebb9605ca\"},\"breadcrumb\":{\"@id\":\"https:\\\/\\\/haberkuzey.com\\\/index.php\\\/2024\\\/05\\\/06\\\/israil-sinirdaki-mahalleleri-bosaltiyor\\\/#breadcrumb\"},\"inLanguage\":\"tr\",\"potentialAction\":[{\"@type\":\"ReadAction\",\"target\":[\"https:\\\/\\\/haberkuzey.com\\\/index.php\\\/2024\\\/05\\\/06\\\/israil-sinirdaki-mahalleleri-bosaltiyor\\\/\"]}]},{\"@type\":\"ImageObject\",\"inLanguage\":\"tr\",\"@id\":\"https:\\\/\\\/haberkuzey.com\\\/index.php\\\/2024\\\/05\\\/06\\\/israil-sinirdaki-mahalleleri-bosaltiyor\\\/#primaryimage\",\"url\":\"https:\\\/\\\/haberkuzey.com\\\/wp-content\\\/uploads\\\/2024\\\/05\\\/refah-reu-2159447.jpg\",\"contentUrl\":\"https:\\\/\\\/haberkuzey.com\\\/wp-content\\\/uploads\\\/2024\\\/05\\\/refah-reu-2159447.jpg\",\"width\":1280,\"height\":720},{\"@type\":\"BreadcrumbList\",\"@id\":\"https:\\\/\\\/haberkuzey.com\\\/index.php\\\/2024\\\/05\\\/06\\\/israil-sinirdaki-mahalleleri-bosaltiyor\\\/#breadcrumb\",\"itemListElement\":[{\"@type\":\"ListItem\",\"position\":1,\"name\":\"Anasayfa\",\"item\":\"https:\\\/\\\/haberkuzey.com\\\/\"},{\"@type\":\"ListItem\",\"position\":2,\"name\":\"\u0130srail s\u0131n\u0131rdaki mahalleleri bo\u015falt\u0131yor\"}]},{\"@type\":\"WebSite\",\"@id\":\"https:\\\/\\\/haberkuzey.com\\\/#website\",\"url\":\"https:\\\/\\\/haberkuzey.com\\\/\",\"name\":\"Haber Kuzey\",\"description\":\"Do\u011fru Haberin Adresi\",\"potentialAction\":[{\"@type\":\"SearchAction\",\"target\":{\"@type\":\"EntryPoint\",\"urlTemplate\":\"https:\\\/\\\/haberkuzey.com\\\/?s={search_term_string}\"},\"query-input\":{\"@type\":\"PropertyValueSpecification\",\"valueRequired\":true,\"valueName\":\"search_term_string\"}}],\"inLanguage\":\"tr\"},{\"@type\":\"Person\",\"@id\":\"https:\\\/\\\/haberkuzey.com\\\/#\\\/schema\\\/person\\\/3372109ec735f9333f4fa47ebb9605ca\",\"name\":\"haberkuzey\",\"image\":{\"@type\":\"ImageObject\",\"inLanguage\":\"tr\",\"@id\":\"https:\\\/\\\/secure.gravatar.com\\\/avatar\\\/f5fc875574b1575324358c3b9e6a32b8227aa5b74f3fa22e3cadb63e26fcc39c?s=96&d=mm&r=g\",\"url\":\"https:\\\/\\\/secure.gravatar.com\\\/avatar\\\/f5fc875574b1575324358c3b9e6a32b8227aa5b74f3fa22e3cadb63e26fcc39c?s=96&d=mm&r=g\",\"contentUrl\":\"https:\\\/\\\/secure.gravatar.com\\\/avatar\\\/f5fc875574b1575324358c3b9e6a32b8227aa5b74f3fa22e3cadb63e26fcc39c?s=96&d=mm&r=g\",\"caption\":\"haberkuzey\"},\"sameAs\":[\"https:\\\/\\\/haberkuzey.com\"],\"url\":\"https:\\\/\\\/haberkuzey.com\\\/index.php\\\/author\\\/haberkuzey\\\/\"}]}<\/script>\n<!-- \/ Yoast SEO plugin. -->","yoast_head_json":{"title":"\u0130srail s\u0131n\u0131rdaki mahalleleri bo\u015falt\u0131yor - Haber Kuzey","robots":{"index":"index","follow":"follow","max-snippet":"max-snippet:-1","max-image-preview":"max-image-preview:large","max-video-preview":"max-video-preview:-1"},"canonical":"https:\/\/haberkuzey.com\/index.php\/2024\/05\/06\/israil-sinirdaki-mahalleleri-bosaltiyor\/","og_locale":"tr_TR","og_type":"article","og_title":"\u0130srail s\u0131n\u0131rdaki mahalleleri bo\u015falt\u0131yor - Haber Kuzey","og_description":"&#13; \u0130srail Devlet Televizyonu KAN&#8217;\u0131n haberinde, \u0130srail ordusunun, Refah&#8217;\u0131n do\u011fusunda \u0130srail s\u0131n\u0131r\u0131 yak\u0131n\u0131ndaki bir\u00e7ok mahalleyi bo\u015faltmaya ba\u015flad\u0131\u011f\u0131 belirtildi. &#13; The Times of Israel gazetesinin haberinde de \u0130srail ordusunun, Refah s\u0131n\u0131r\u0131n\u0131n do\u011fusundaki mahallelerde ya\u015fayan Filistinlilere el-Mevasi ve Han Yunus&#8217;taki &#8220;insani b\u00f6lgelere gitme&#8221; \u00e7a\u011fr\u0131s\u0131 yapt\u0131\u011f\u0131 kaydedildi. &#13; Gazze&#8217;de yerinden edilenlerin son s\u0131\u011f\u0131na\u011f\u0131 Refah &#13; \u0130srail&#8217;in 7 Ekim [&hellip;]","og_url":"https:\/\/haberkuzey.com\/index.php\/2024\/05\/06\/israil-sinirdaki-mahalleleri-bosaltiyor\/","og_site_name":"Haber Kuzey","article_published_time":"2024-05-06T05:38:55+00:00","og_image":[{"url":"https:\/\/trthaberstatic.cdn.wp.trt.com.tr\/resimler\/2158000\/refah-reu-2159447.jpg","type":"","width":"","height":""}],"author":"haberkuzey","twitter_card":"summary_large_image","twitter_misc":{"Yazan:":"haberkuzey","Tahmini okuma s\u00fcresi":"2 dakika"},"schema":{"@context":"https:\/\/schema.org","@graph":[{"@type":"Article","@id":"https:\/\/haberkuzey.com\/index.php\/2024\/05\/06\/israil-sinirdaki-mahalleleri-bosaltiyor\/#article","isPartOf":{"@id":"https:\/\/haberkuzey.com\/index.php\/2024\/05\/06\/israil-sinirdaki-mahalleleri-bosaltiyor\/"},"author":{"name":"haberkuzey","@id":"https:\/\/haberkuzey.com\/#\/schema\/person\/3372109ec735f9333f4fa47ebb9605ca"},"headline":"\u0130srail s\u0131n\u0131rdaki mahalleleri bo\u015falt\u0131yor","datePublished":"2024-05-06T05:38:55+00:00","mainEntityOfPage":{"@id":"https:\/\/haberkuzey.com\/index.php\/2024\/05\/06\/israil-sinirdaki-mahalleleri-bosaltiyor\/"},"wordCount":356,"commentCount":0,"image":{"@id":"https:\/\/haberkuzey.com\/index.php\/2024\/05\/06\/israil-sinirdaki-mahalleleri-bosaltiyor\/#primaryimage"},"thumbnailUrl":"https:\/\/haberkuzey.com\/wp-content\/uploads\/2024\/05\/refah-reu-2159447.jpg","inLanguage":"tr","potentialAction":[{"@type":"CommentAction","name":"Comment","target":["https:\/\/haberkuzey.com\/index.php\/2024\/05\/06\/israil-sinirdaki-mahalleleri-bosaltiyor\/#respond"]}]},{"@type":"WebPage","@id":"https:\/\/haberkuzey.com\/index.php\/2024\/05\/06\/israil-sinirdaki-mahalleleri-bosaltiyor\/","url":"https:\/\/haberkuzey.com\/index.php\/2024\/05\/06\/israil-sinirdaki-mahalleleri-bosaltiyor\/","name":"\u0130srail s\u0131n\u0131rdaki mahalleleri bo\u015falt\u0131yor - Haber Kuzey","isPartOf":{"@id":"https:\/\/haberkuzey.com\/#website"},"primaryImageOfPage":{"@id":"https:\/\/haberkuzey.com\/index.php\/2024\/05\/06\/israil-sinirdaki-mahalleleri-bosaltiyor\/#primaryimage"},"image":{"@id":"https:\/\/haberkuzey.com\/index.php\/2024\/05\/06\/israil-sinirdaki-mahalleleri-bosaltiyor\/#primaryimage"},"thumbnailUrl":"https:\/\/haberkuzey.com\/wp-content\/uploads\/2024\/05\/refah-reu-2159447.jpg","datePublished":"2024-05-06T05:38:55+00:00","author":{"@id":"https:\/\/haberkuzey.com\/#\/schema\/person\/3372109ec735f9333f4fa47ebb9605ca"},"breadcrumb":{"@id":"https:\/\/haberkuzey.com\/index.php\/2024\/05\/06\/israil-sinirdaki-mahalleleri-bosaltiyor\/#breadcrumb"},"inLanguage":"tr","potentialAction":[{"@type":"ReadAction","target":["https:\/\/haberkuzey.com\/index.php\/2024\/05\/06\/israil-sinirdaki-mahalleleri-bosaltiyor\/"]}]},{"@type":"ImageObject","inLanguage":"tr","@id":"https:\/\/haberkuzey.com\/index.php\/2024\/05\/06\/israil-sinirdaki-mahalleleri-bosaltiyor\/#primaryimage","url":"https:\/\/haberkuzey.com\/wp-content\/uploads\/2024\/05\/refah-reu-2159447.jpg","contentUrl":"https:\/\/haberkuzey.com\/wp-content\/uploads\/2024\/05\/refah-reu-2159447.jpg","width":1280,"height":720},{"@type":"BreadcrumbList","@id":"https:\/\/haberkuzey.com\/index.php\/2024\/05\/06\/israil-sinirdaki-mahalleleri-bosaltiyor\/#breadcrumb","itemListElement":[{"@type":"ListItem","position":1,"name":"Anasayfa","item":"https:\/\/haberkuzey.com\/"},{"@type":"ListItem","position":2,"name":"\u0130srail s\u0131n\u0131rdaki mahalleleri bo\u015falt\u0131yor"}]},{"@type":"WebSite","@id":"https:\/\/haberkuzey.com\/#website","url":"https:\/\/haberkuzey.com\/","name":"Haber Kuzey","description":"Do\u011fru Haberin Adresi","potentialAction":[{"@type":"SearchAction","target":{"@type":"EntryPoint","urlTemplate":"https:\/\/haberkuzey.com\/?s={search_term_string}"},"query-input":{"@type":"PropertyValueSpecification","valueRequired":true,"valueName":"search_term_string"}}],"inLanguage":"tr"},{"@type":"Person","@id":"https:\/\/haberkuzey.com\/#\/schema\/person\/3372109ec735f9333f4fa47ebb9605ca","name":"haberkuzey","image":{"@type":"ImageObject","inLanguage":"tr","@id":"https:\/\/secure.gravatar.com\/avatar\/f5fc875574b1575324358c3b9e6a32b8227aa5b74f3fa22e3cadb63e26fcc39c?s=96&d=mm&r=g","url":"https:\/\/secure.gravatar.com\/avatar\/f5fc875574b1575324358c3b9e6a32b8227aa5b74f3fa22e3cadb63e26fcc39c?s=96&d=mm&r=g","contentUrl":"https:\/\/secure.gravatar.com\/avatar\/f5fc875574b1575324358c3b9e6a32b8227aa5b74f3fa22e3cadb63e26fcc39c?s=96&d=mm&r=g","caption":"haberkuzey"},"sameAs":["https:\/\/haberkuzey.com"],"url":"https:\/\/haberkuzey.com\/index.php\/author\/haberkuzey\/"}]}},"_links":{"self":[{"href":"https:\/\/haberkuzey.com\/index.php\/wp-json\/wp\/v2\/posts\/1468","targetHints":{"allow":["GET"]}}],"collection":[{"href":"https:\/\/haberkuzey.com\/index.php\/wp-json\/wp\/v2\/posts"}],"about":[{"href":"https:\/\/haberkuzey.com\/index.php\/wp-json\/wp\/v2\/types\/post"}],"author":[{"embeddable":true,"href":"https:\/\/haberkuzey.com\/index.php\/wp-json\/wp\/v2\/users\/1"}],"replies":[{"embeddable":true,"href":"https:\/\/haberkuzey.com\/index.php\/wp-json\/wp\/v2\/comments?post=1468"}],"version-history":[{"count":0,"href":"https:\/\/haberkuzey.com\/index.php\/wp-json\/wp\/v2\/posts\/1468\/revisions"}],"wp:featuredmedia":[{"embeddable":true,"href":"https:\/\/haberkuzey.com\/index.php\/wp-json\/wp\/v2\/media\/1469"}],"wp:attachment":[{"href":"https:\/\/haberkuzey.com\/index.php\/wp-json\/wp\/v2\/media?parent=1468"}],"wp:term":[{"taxonomy":"category","embeddable":true,"href":"https:\/\/haberkuzey.com\/index.php\/wp-json\/wp\/v2\/categories?post=1468"},{"taxonomy":"post_tag","embeddable":true,"href":"https:\/\/haberkuzey.com\/index.php\/wp-json\/wp\/v2\/tags?post=1468"}],"curies":[{"name":"wp","href":"https:\/\/api.w.org\/{rel}","templated":true}]}}