{"id":14298,"date":"2024-12-04T11:49:49","date_gmt":"2024-12-04T09:49:49","guid":{"rendered":"https:\/\/haberkuzey.com\/index.php\/2024\/12\/04\/basbakan-ustel-ankarada-turkiye-cumhurbaskani-yardimcisi-yilmaz-ile-bir-araya-geldi\/"},"modified":"2024-12-04T11:49:49","modified_gmt":"2024-12-04T09:49:49","slug":"basbakan-ustel-ankarada-turkiye-cumhurbaskani-yardimcisi-yilmaz-ile-bir-araya-geldi","status":"publish","type":"post","link":"https:\/\/haberkuzey.com\/index.php\/2024\/12\/04\/basbakan-ustel-ankarada-turkiye-cumhurbaskani-yardimcisi-yilmaz-ile-bir-araya-geldi\/","title":{"rendered":"Ba\u015fbakan \u00dcstel Ankara\u2019da T\u00fcrkiye Cumhurba\u015fkan\u0131 Yard\u0131mc\u0131s\u0131 Y\u0131lmaz ile bir araya geldi"},"content":{"rendered":"<div>\n<div class=\"mariselle-image-container center\">\n                                            <\/div>\n<p>Ba\u015fbakan \u00dcnal \u00dcstel resmi temaslarda bulunmak \u00fczere  T\u00fcrkiye Cumhurba\u015fkan\u0131 Yard\u0131mc\u0131s\u0131 Cevdet Y\u0131lmaz\u2019la Ankara Cumhurba\u015fkanl\u0131\u011f\u0131 K\u00fclliyesinde bir araya geldi.<\/p>\n<p>\u0130kilinin ba\u015f ba\u015fa yapaca\u011f\u0131 g\u00f6r\u00fc\u015fmenin ard\u0131ndan heyetleraras\u0131 toplant\u0131lara ge\u00e7ilecek.<\/p>\n<p>G\u00f6r\u00fc\u015fmelerde Kuzey K\u0131br\u0131s T\u00fcrk Cumhuriyeti\u2019nde devam eden ve yeni ba\u015flat\u0131lacak projelerle ilgili konular\u0131n ele al\u0131nmas\u0131 bekleniyor.<\/p>\n<\/p><\/div>\n<p><script async\n                    defer\n                    crossorigin=\"anonymous\"\n                    src=\"https:\/\/connect.facebook.net\/tr_TR\/sdk.js#xfbml=1&#038;version=v3.3\"\n            ><\/script><\/p>\n","protected":false},"excerpt":{"rendered":"<p>Ba\u015fbakan \u00dcnal \u00dcstel resmi temaslarda bulunmak \u00fczere T\u00fcrkiye Cumhurba\u015fkan\u0131 Yard\u0131mc\u0131s\u0131 Cevdet Y\u0131lmaz\u2019la Ankara Cumhurba\u015fkanl\u0131\u011f\u0131 K\u00fclliyesinde bir araya geldi. \u0130kilinin ba\u015f ba\u015fa yapaca\u011f\u0131 g\u00f6r\u00fc\u015fmenin ard\u0131ndan heyetleraras\u0131 toplant\u0131lara ge\u00e7ilecek. G\u00f6r\u00fc\u015fmelerde Kuzey K\u0131br\u0131s T\u00fcrk Cumhuriyeti\u2019nde devam eden ve yeni ba\u015flat\u0131lacak projelerle ilgili konular\u0131n ele al\u0131nmas\u0131 bekleniyor.<\/p>\n","protected":false},"author":1,"featured_media":14299,"comment_status":"open","ping_status":"open","sticky":false,"template":"","format":"standard","meta":{"jnews-multi-image_gallery":[],"jnews_single_post":[],"jnews_primary_category":[],"footnotes":""},"categories":[2],"tags":[],"class_list":["post-14298","post","type-post","status-publish","format-standard","has-post-thumbnail","hentry","category-dunya"],"yoast_head":"<!-- This site is optimized with the Yoast SEO plugin v27.4 - https:\/\/yoast.com\/product\/yoast-seo-wordpress\/ -->\n<title>Ba\u015fbakan \u00dcstel Ankara\u2019da T\u00fcrkiye Cumhurba\u015fkan\u0131 Yard\u0131mc\u0131s\u0131 Y\u0131lmaz ile bir araya geldi - Haber Kuzey<\/title>\n<meta name=\"robots\" content=\"index, follow, max-snippet:-1, max-image-preview:large, max-video-preview:-1\" \/>\n<link rel=\"canonical\" href=\"https:\/\/haberkuzey.com\/index.php\/2024\/12\/04\/basbakan-ustel-ankarada-turkiye-cumhurbaskani-yardimcisi-yilmaz-ile-bir-araya-geldi\/\" \/>\n<meta property=\"og:locale\" content=\"tr_TR\" \/>\n<meta property=\"og:type\" content=\"article\" \/>\n<meta property=\"og:title\" content=\"Ba\u015fbakan \u00dcstel Ankara\u2019da T\u00fcrkiye Cumhurba\u015fkan\u0131 Yard\u0131mc\u0131s\u0131 Y\u0131lmaz ile bir araya geldi - Haber Kuzey\" \/>\n<meta property=\"og:description\" content=\"Ba\u015fbakan \u00dcnal \u00dcstel resmi temaslarda bulunmak \u00fczere T\u00fcrkiye Cumhurba\u015fkan\u0131 Yard\u0131mc\u0131s\u0131 Cevdet Y\u0131lmaz\u2019la Ankara Cumhurba\u015fkanl\u0131\u011f\u0131 K\u00fclliyesinde bir araya geldi. \u0130kilinin ba\u015f ba\u015fa yapaca\u011f\u0131 g\u00f6r\u00fc\u015fmenin ard\u0131ndan heyetleraras\u0131 toplant\u0131lara ge\u00e7ilecek. G\u00f6r\u00fc\u015fmelerde Kuzey K\u0131br\u0131s T\u00fcrk Cumhuriyeti\u2019nde devam eden ve yeni ba\u015flat\u0131lacak projelerle ilgili konular\u0131n ele al\u0131nmas\u0131 bekleniyor.\" \/>\n<meta property=\"og:url\" content=\"https:\/\/haberkuzey.com\/index.php\/2024\/12\/04\/basbakan-ustel-ankarada-turkiye-cumhurbaskani-yardimcisi-yilmaz-ile-bir-araya-geldi\/\" \/>\n<meta property=\"og:site_name\" content=\"Haber Kuzey\" \/>\n<meta property=\"article:published_time\" content=\"2024-12-04T09:49:49+00:00\" \/>\n<meta property=\"og:image\" content=\"https:\/\/brtk.net\/wp-content\/uploads\/2024\/12\/04\/ustel-yilmaz1.jpg?ver=4fa7307e02a776393e81874a65ef3b49\" \/>\n<meta name=\"author\" content=\"haberkuzey\" \/>\n<meta name=\"twitter:card\" content=\"summary_large_image\" \/>\n<meta name=\"twitter:label1\" content=\"Yazan:\" \/>\n\t<meta name=\"twitter:data1\" content=\"haberkuzey\" \/>\n<script type=\"application\/ld+json\" class=\"yoast-schema-graph\">{\"@context\":\"https:\\\/\\\/schema.org\",\"@graph\":[{\"@type\":\"Article\",\"@id\":\"https:\\\/\\\/haberkuzey.com\\\/index.php\\\/2024\\\/12\\\/04\\\/basbakan-ustel-ankarada-turkiye-cumhurbaskani-yardimcisi-yilmaz-ile-bir-araya-geldi\\\/#article\",\"isPartOf\":{\"@id\":\"https:\\\/\\\/haberkuzey.com\\\/index.php\\\/2024\\\/12\\\/04\\\/basbakan-ustel-ankarada-turkiye-cumhurbaskani-yardimcisi-yilmaz-ile-bir-araya-geldi\\\/\"},\"author\":{\"name\":\"haberkuzey\",\"@id\":\"https:\\\/\\\/haberkuzey.com\\\/#\\\/schema\\\/person\\\/3372109ec735f9333f4fa47ebb9605ca\"},\"headline\":\"Ba\u015fbakan \u00dcstel Ankara\u2019da T\u00fcrkiye Cumhurba\u015fkan\u0131 Yard\u0131mc\u0131s\u0131 Y\u0131lmaz ile bir araya geldi\",\"datePublished\":\"2024-12-04T09:49:49+00:00\",\"mainEntityOfPage\":{\"@id\":\"https:\\\/\\\/haberkuzey.com\\\/index.php\\\/2024\\\/12\\\/04\\\/basbakan-ustel-ankarada-turkiye-cumhurbaskani-yardimcisi-yilmaz-ile-bir-araya-geldi\\\/\"},\"wordCount\":86,\"commentCount\":0,\"image\":{\"@id\":\"https:\\\/\\\/haberkuzey.com\\\/index.php\\\/2024\\\/12\\\/04\\\/basbakan-ustel-ankarada-turkiye-cumhurbaskani-yardimcisi-yilmaz-ile-bir-araya-geldi\\\/#primaryimage\"},\"thumbnailUrl\":\"https:\\\/\\\/haberkuzey.com\\\/wp-content\\\/uploads\\\/2024\\\/12\\\/ustel-yilmaz1.jpg\",\"articleSection\":[\"D\u00fcnya\"],\"inLanguage\":\"tr\",\"potentialAction\":[{\"@type\":\"CommentAction\",\"name\":\"Comment\",\"target\":[\"https:\\\/\\\/haberkuzey.com\\\/index.php\\\/2024\\\/12\\\/04\\\/basbakan-ustel-ankarada-turkiye-cumhurbaskani-yardimcisi-yilmaz-ile-bir-araya-geldi\\\/#respond\"]}]},{\"@type\":\"WebPage\",\"@id\":\"https:\\\/\\\/haberkuzey.com\\\/index.php\\\/2024\\\/12\\\/04\\\/basbakan-ustel-ankarada-turkiye-cumhurbaskani-yardimcisi-yilmaz-ile-bir-araya-geldi\\\/\",\"url\":\"https:\\\/\\\/haberkuzey.com\\\/index.php\\\/2024\\\/12\\\/04\\\/basbakan-ustel-ankarada-turkiye-cumhurbaskani-yardimcisi-yilmaz-ile-bir-araya-geldi\\\/\",\"name\":\"Ba\u015fbakan \u00dcstel Ankara\u2019da T\u00fcrkiye Cumhurba\u015fkan\u0131 Yard\u0131mc\u0131s\u0131 Y\u0131lmaz ile bir araya geldi - Haber Kuzey\",\"isPartOf\":{\"@id\":\"https:\\\/\\\/haberkuzey.com\\\/#website\"},\"primaryImageOfPage\":{\"@id\":\"https:\\\/\\\/haberkuzey.com\\\/index.php\\\/2024\\\/12\\\/04\\\/basbakan-ustel-ankarada-turkiye-cumhurbaskani-yardimcisi-yilmaz-ile-bir-araya-geldi\\\/#primaryimage\"},\"image\":{\"@id\":\"https:\\\/\\\/haberkuzey.com\\\/index.php\\\/2024\\\/12\\\/04\\\/basbakan-ustel-ankarada-turkiye-cumhurbaskani-yardimcisi-yilmaz-ile-bir-araya-geldi\\\/#primaryimage\"},\"thumbnailUrl\":\"https:\\\/\\\/haberkuzey.com\\\/wp-content\\\/uploads\\\/2024\\\/12\\\/ustel-yilmaz1.jpg\",\"datePublished\":\"2024-12-04T09:49:49+00:00\",\"author\":{\"@id\":\"https:\\\/\\\/haberkuzey.com\\\/#\\\/schema\\\/person\\\/3372109ec735f9333f4fa47ebb9605ca\"},\"breadcrumb\":{\"@id\":\"https:\\\/\\\/haberkuzey.com\\\/index.php\\\/2024\\\/12\\\/04\\\/basbakan-ustel-ankarada-turkiye-cumhurbaskani-yardimcisi-yilmaz-ile-bir-araya-geldi\\\/#breadcrumb\"},\"inLanguage\":\"tr\",\"potentialAction\":[{\"@type\":\"ReadAction\",\"target\":[\"https:\\\/\\\/haberkuzey.com\\\/index.php\\\/2024\\\/12\\\/04\\\/basbakan-ustel-ankarada-turkiye-cumhurbaskani-yardimcisi-yilmaz-ile-bir-araya-geldi\\\/\"]}]},{\"@type\":\"ImageObject\",\"inLanguage\":\"tr\",\"@id\":\"https:\\\/\\\/haberkuzey.com\\\/index.php\\\/2024\\\/12\\\/04\\\/basbakan-ustel-ankarada-turkiye-cumhurbaskani-yardimcisi-yilmaz-ile-bir-araya-geldi\\\/#primaryimage\",\"url\":\"https:\\\/\\\/haberkuzey.com\\\/wp-content\\\/uploads\\\/2024\\\/12\\\/ustel-yilmaz1.jpg\",\"contentUrl\":\"https:\\\/\\\/haberkuzey.com\\\/wp-content\\\/uploads\\\/2024\\\/12\\\/ustel-yilmaz1.jpg\",\"width\":864,\"height\":486},{\"@type\":\"BreadcrumbList\",\"@id\":\"https:\\\/\\\/haberkuzey.com\\\/index.php\\\/2024\\\/12\\\/04\\\/basbakan-ustel-ankarada-turkiye-cumhurbaskani-yardimcisi-yilmaz-ile-bir-araya-geldi\\\/#breadcrumb\",\"itemListElement\":[{\"@type\":\"ListItem\",\"position\":1,\"name\":\"Anasayfa\",\"item\":\"https:\\\/\\\/haberkuzey.com\\\/\"},{\"@type\":\"ListItem\",\"position\":2,\"name\":\"Ba\u015fbakan \u00dcstel Ankara\u2019da T\u00fcrkiye Cumhurba\u015fkan\u0131 Yard\u0131mc\u0131s\u0131 Y\u0131lmaz ile bir araya geldi\"}]},{\"@type\":\"WebSite\",\"@id\":\"https:\\\/\\\/haberkuzey.com\\\/#website\",\"url\":\"https:\\\/\\\/haberkuzey.com\\\/\",\"name\":\"Haber Kuzey\",\"description\":\"Do\u011fru Haberin Adresi\",\"potentialAction\":[{\"@type\":\"SearchAction\",\"target\":{\"@type\":\"EntryPoint\",\"urlTemplate\":\"https:\\\/\\\/haberkuzey.com\\\/?s={search_term_string}\"},\"query-input\":{\"@type\":\"PropertyValueSpecification\",\"valueRequired\":true,\"valueName\":\"search_term_string\"}}],\"inLanguage\":\"tr\"},{\"@type\":\"Person\",\"@id\":\"https:\\\/\\\/haberkuzey.com\\\/#\\\/schema\\\/person\\\/3372109ec735f9333f4fa47ebb9605ca\",\"name\":\"haberkuzey\",\"image\":{\"@type\":\"ImageObject\",\"inLanguage\":\"tr\",\"@id\":\"https:\\\/\\\/secure.gravatar.com\\\/avatar\\\/f5fc875574b1575324358c3b9e6a32b8227aa5b74f3fa22e3cadb63e26fcc39c?s=96&d=mm&r=g\",\"url\":\"https:\\\/\\\/secure.gravatar.com\\\/avatar\\\/f5fc875574b1575324358c3b9e6a32b8227aa5b74f3fa22e3cadb63e26fcc39c?s=96&d=mm&r=g\",\"contentUrl\":\"https:\\\/\\\/secure.gravatar.com\\\/avatar\\\/f5fc875574b1575324358c3b9e6a32b8227aa5b74f3fa22e3cadb63e26fcc39c?s=96&d=mm&r=g\",\"caption\":\"haberkuzey\"},\"sameAs\":[\"https:\\\/\\\/haberkuzey.com\"],\"url\":\"https:\\\/\\\/haberkuzey.com\\\/index.php\\\/author\\\/haberkuzey\\\/\"}]}<\/script>\n<!-- \/ Yoast SEO plugin. -->","yoast_head_json":{"title":"Ba\u015fbakan \u00dcstel Ankara\u2019da T\u00fcrkiye Cumhurba\u015fkan\u0131 Yard\u0131mc\u0131s\u0131 Y\u0131lmaz ile bir araya geldi - Haber Kuzey","robots":{"index":"index","follow":"follow","max-snippet":"max-snippet:-1","max-image-preview":"max-image-preview:large","max-video-preview":"max-video-preview:-1"},"canonical":"https:\/\/haberkuzey.com\/index.php\/2024\/12\/04\/basbakan-ustel-ankarada-turkiye-cumhurbaskani-yardimcisi-yilmaz-ile-bir-araya-geldi\/","og_locale":"tr_TR","og_type":"article","og_title":"Ba\u015fbakan \u00dcstel Ankara\u2019da T\u00fcrkiye Cumhurba\u015fkan\u0131 Yard\u0131mc\u0131s\u0131 Y\u0131lmaz ile bir araya geldi - Haber Kuzey","og_description":"Ba\u015fbakan \u00dcnal \u00dcstel resmi temaslarda bulunmak \u00fczere T\u00fcrkiye Cumhurba\u015fkan\u0131 Yard\u0131mc\u0131s\u0131 Cevdet Y\u0131lmaz\u2019la Ankara Cumhurba\u015fkanl\u0131\u011f\u0131 K\u00fclliyesinde bir araya geldi. \u0130kilinin ba\u015f ba\u015fa yapaca\u011f\u0131 g\u00f6r\u00fc\u015fmenin ard\u0131ndan heyetleraras\u0131 toplant\u0131lara ge\u00e7ilecek. G\u00f6r\u00fc\u015fmelerde Kuzey K\u0131br\u0131s T\u00fcrk Cumhuriyeti\u2019nde devam eden ve yeni ba\u015flat\u0131lacak projelerle ilgili konular\u0131n ele al\u0131nmas\u0131 bekleniyor.","og_url":"https:\/\/haberkuzey.com\/index.php\/2024\/12\/04\/basbakan-ustel-ankarada-turkiye-cumhurbaskani-yardimcisi-yilmaz-ile-bir-araya-geldi\/","og_site_name":"Haber Kuzey","article_published_time":"2024-12-04T09:49:49+00:00","og_image":[{"url":"https:\/\/brtk.net\/wp-content\/uploads\/2024\/12\/04\/ustel-yilmaz1.jpg?ver=4fa7307e02a776393e81874a65ef3b49","type":"","width":"","height":""}],"author":"haberkuzey","twitter_card":"summary_large_image","twitter_misc":{"Yazan:":"haberkuzey"},"schema":{"@context":"https:\/\/schema.org","@graph":[{"@type":"Article","@id":"https:\/\/haberkuzey.com\/index.php\/2024\/12\/04\/basbakan-ustel-ankarada-turkiye-cumhurbaskani-yardimcisi-yilmaz-ile-bir-araya-geldi\/#article","isPartOf":{"@id":"https:\/\/haberkuzey.com\/index.php\/2024\/12\/04\/basbakan-ustel-ankarada-turkiye-cumhurbaskani-yardimcisi-yilmaz-ile-bir-araya-geldi\/"},"author":{"name":"haberkuzey","@id":"https:\/\/haberkuzey.com\/#\/schema\/person\/3372109ec735f9333f4fa47ebb9605ca"},"headline":"Ba\u015fbakan \u00dcstel Ankara\u2019da T\u00fcrkiye Cumhurba\u015fkan\u0131 Yard\u0131mc\u0131s\u0131 Y\u0131lmaz ile bir araya geldi","datePublished":"2024-12-04T09:49:49+00:00","mainEntityOfPage":{"@id":"https:\/\/haberkuzey.com\/index.php\/2024\/12\/04\/basbakan-ustel-ankarada-turkiye-cumhurbaskani-yardimcisi-yilmaz-ile-bir-araya-geldi\/"},"wordCount":86,"commentCount":0,"image":{"@id":"https:\/\/haberkuzey.com\/index.php\/2024\/12\/04\/basbakan-ustel-ankarada-turkiye-cumhurbaskani-yardimcisi-yilmaz-ile-bir-araya-geldi\/#primaryimage"},"thumbnailUrl":"https:\/\/haberkuzey.com\/wp-content\/uploads\/2024\/12\/ustel-yilmaz1.jpg","articleSection":["D\u00fcnya"],"inLanguage":"tr","potentialAction":[{"@type":"CommentAction","name":"Comment","target":["https:\/\/haberkuzey.com\/index.php\/2024\/12\/04\/basbakan-ustel-ankarada-turkiye-cumhurbaskani-yardimcisi-yilmaz-ile-bir-araya-geldi\/#respond"]}]},{"@type":"WebPage","@id":"https:\/\/haberkuzey.com\/index.php\/2024\/12\/04\/basbakan-ustel-ankarada-turkiye-cumhurbaskani-yardimcisi-yilmaz-ile-bir-araya-geldi\/","url":"https:\/\/haberkuzey.com\/index.php\/2024\/12\/04\/basbakan-ustel-ankarada-turkiye-cumhurbaskani-yardimcisi-yilmaz-ile-bir-araya-geldi\/","name":"Ba\u015fbakan \u00dcstel Ankara\u2019da T\u00fcrkiye Cumhurba\u015fkan\u0131 Yard\u0131mc\u0131s\u0131 Y\u0131lmaz ile bir araya geldi - Haber Kuzey","isPartOf":{"@id":"https:\/\/haberkuzey.com\/#website"},"primaryImageOfPage":{"@id":"https:\/\/haberkuzey.com\/index.php\/2024\/12\/04\/basbakan-ustel-ankarada-turkiye-cumhurbaskani-yardimcisi-yilmaz-ile-bir-araya-geldi\/#primaryimage"},"image":{"@id":"https:\/\/haberkuzey.com\/index.php\/2024\/12\/04\/basbakan-ustel-ankarada-turkiye-cumhurbaskani-yardimcisi-yilmaz-ile-bir-araya-geldi\/#primaryimage"},"thumbnailUrl":"https:\/\/haberkuzey.com\/wp-content\/uploads\/2024\/12\/ustel-yilmaz1.jpg","datePublished":"2024-12-04T09:49:49+00:00","author":{"@id":"https:\/\/haberkuzey.com\/#\/schema\/person\/3372109ec735f9333f4fa47ebb9605ca"},"breadcrumb":{"@id":"https:\/\/haberkuzey.com\/index.php\/2024\/12\/04\/basbakan-ustel-ankarada-turkiye-cumhurbaskani-yardimcisi-yilmaz-ile-bir-araya-geldi\/#breadcrumb"},"inLanguage":"tr","potentialAction":[{"@type":"ReadAction","target":["https:\/\/haberkuzey.com\/index.php\/2024\/12\/04\/basbakan-ustel-ankarada-turkiye-cumhurbaskani-yardimcisi-yilmaz-ile-bir-araya-geldi\/"]}]},{"@type":"ImageObject","inLanguage":"tr","@id":"https:\/\/haberkuzey.com\/index.php\/2024\/12\/04\/basbakan-ustel-ankarada-turkiye-cumhurbaskani-yardimcisi-yilmaz-ile-bir-araya-geldi\/#primaryimage","url":"https:\/\/haberkuzey.com\/wp-content\/uploads\/2024\/12\/ustel-yilmaz1.jpg","contentUrl":"https:\/\/haberkuzey.com\/wp-content\/uploads\/2024\/12\/ustel-yilmaz1.jpg","width":864,"height":486},{"@type":"BreadcrumbList","@id":"https:\/\/haberkuzey.com\/index.php\/2024\/12\/04\/basbakan-ustel-ankarada-turkiye-cumhurbaskani-yardimcisi-yilmaz-ile-bir-araya-geldi\/#breadcrumb","itemListElement":[{"@type":"ListItem","position":1,"name":"Anasayfa","item":"https:\/\/haberkuzey.com\/"},{"@type":"ListItem","position":2,"name":"Ba\u015fbakan \u00dcstel Ankara\u2019da T\u00fcrkiye Cumhurba\u015fkan\u0131 Yard\u0131mc\u0131s\u0131 Y\u0131lmaz ile bir araya geldi"}]},{"@type":"WebSite","@id":"https:\/\/haberkuzey.com\/#website","url":"https:\/\/haberkuzey.com\/","name":"Haber Kuzey","description":"Do\u011fru Haberin Adresi","potentialAction":[{"@type":"SearchAction","target":{"@type":"EntryPoint","urlTemplate":"https:\/\/haberkuzey.com\/?s={search_term_string}"},"query-input":{"@type":"PropertyValueSpecification","valueRequired":true,"valueName":"search_term_string"}}],"inLanguage":"tr"},{"@type":"Person","@id":"https:\/\/haberkuzey.com\/#\/schema\/person\/3372109ec735f9333f4fa47ebb9605ca","name":"haberkuzey","image":{"@type":"ImageObject","inLanguage":"tr","@id":"https:\/\/secure.gravatar.com\/avatar\/f5fc875574b1575324358c3b9e6a32b8227aa5b74f3fa22e3cadb63e26fcc39c?s=96&d=mm&r=g","url":"https:\/\/secure.gravatar.com\/avatar\/f5fc875574b1575324358c3b9e6a32b8227aa5b74f3fa22e3cadb63e26fcc39c?s=96&d=mm&r=g","contentUrl":"https:\/\/secure.gravatar.com\/avatar\/f5fc875574b1575324358c3b9e6a32b8227aa5b74f3fa22e3cadb63e26fcc39c?s=96&d=mm&r=g","caption":"haberkuzey"},"sameAs":["https:\/\/haberkuzey.com"],"url":"https:\/\/haberkuzey.com\/index.php\/author\/haberkuzey\/"}]}},"_links":{"self":[{"href":"https:\/\/haberkuzey.com\/index.php\/wp-json\/wp\/v2\/posts\/14298","targetHints":{"allow":["GET"]}}],"collection":[{"href":"https:\/\/haberkuzey.com\/index.php\/wp-json\/wp\/v2\/posts"}],"about":[{"href":"https:\/\/haberkuzey.com\/index.php\/wp-json\/wp\/v2\/types\/post"}],"author":[{"embeddable":true,"href":"https:\/\/haberkuzey.com\/index.php\/wp-json\/wp\/v2\/users\/1"}],"replies":[{"embeddable":true,"href":"https:\/\/haberkuzey.com\/index.php\/wp-json\/wp\/v2\/comments?post=14298"}],"version-history":[{"count":0,"href":"https:\/\/haberkuzey.com\/index.php\/wp-json\/wp\/v2\/posts\/14298\/revisions"}],"wp:featuredmedia":[{"embeddable":true,"href":"https:\/\/haberkuzey.com\/index.php\/wp-json\/wp\/v2\/media\/14299"}],"wp:attachment":[{"href":"https:\/\/haberkuzey.com\/index.php\/wp-json\/wp\/v2\/media?parent=14298"}],"wp:term":[{"taxonomy":"category","embeddable":true,"href":"https:\/\/haberkuzey.com\/index.php\/wp-json\/wp\/v2\/categories?post=14298"},{"taxonomy":"post_tag","embeddable":true,"href":"https:\/\/haberkuzey.com\/index.php\/wp-json\/wp\/v2\/tags?post=14298"}],"curies":[{"name":"wp","href":"https:\/\/api.w.org\/{rel}","templated":true}]}}