{"id":14167,"date":"2024-12-02T17:44:25","date_gmt":"2024-12-02T15:44:25","guid":{"rendered":"https:\/\/haberkuzey.com\/index.php\/2024\/12\/02\/ab-komisyonu-sozcusu-podesta-turkiye-kilit-bir-ortak-ve-aday-ulke\/"},"modified":"2024-12-02T17:44:25","modified_gmt":"2024-12-02T15:44:25","slug":"ab-komisyonu-sozcusu-podesta-turkiye-kilit-bir-ortak-ve-aday-ulke","status":"publish","type":"post","link":"https:\/\/haberkuzey.com\/index.php\/2024\/12\/02\/ab-komisyonu-sozcusu-podesta-turkiye-kilit-bir-ortak-ve-aday-ulke\/","title":{"rendered":"AB Komisyonu S\u00f6zc\u00fcs\u00fc Podesta: \u201cT\u00fcrkiye kilit bir ortak ve aday \u00fclke\u201d"},"content":{"rendered":"<div>\n<div class=\"mariselle-image-container none\">\n                                            <\/div>\n<p>Avrupa Birli\u011fi (AB) Komisyonunun yeni d\u00f6nem s\u00f6zc\u00fclerinden Arianna Podesta, \u201cT\u00fcrkiye kilit bir ortak ve bir aday \u00fclke olmaya devam ediyor.\u201d dedi.<\/p>\n<p>Haziran ay\u0131nda yap\u0131lan Avrupa Parlamentosu se\u00e7imlerinin ard\u0131ndan d\u00fcn, AB\u2019nin gelecek 5 y\u0131l\u0131nda s\u00f6z sahibi olacak \u00fcst y\u00f6netim i\u015fba\u015f\u0131 yapt\u0131.<\/p>\n<p>AB Komisyonunun yeni s\u00f6zc\u00fcleri gazetecilerle ilk kez bir araya geldi. Yeni ekip kendini tan\u0131tmas\u0131n\u0131n ard\u0131ndan, bas\u0131n mensuplar\u0131n\u0131n sorular\u0131n\u0131 yan\u0131tlad\u0131.<\/p>\n<p>AB Komisyonunun yeni Ba\u015fs\u00f6zc\u00fcs\u00fc Paula Pinho, yard\u0131mc\u0131s\u0131 da Podesta oldu. D\u0131\u015f \u0130li\u015fkiler ve G\u00fcvenlik Politikas\u0131 S\u00f6zc\u00fcl\u00fc\u011f\u00fcn\u00fc Anitta Hipper ile Anouar El Anouni birlikte \u00fcstlendi.<\/p>\n<p>AB Komisyonu\u2019nun Geni\u015fleme ve Kom\u015fuluk Politikas\u0131ndan sorumlu yeni s\u00f6zc\u00fcl\u00fc\u011f\u00fcne de Guillaume Mercier getirildi.<\/p>\n<p>AA muhabirinin yeni d\u00f6nemde T\u00fcrkiye ile ili\u015fkilerle ilgili sorusunu yan\u0131tlayan Podesta, \u201cT\u00fcrkiye kilit bir ortak ve bir aday \u00fclke olmaya devam ediyor.\u201d ifadesini kulland\u0131.<\/p>\n<p>\u00a0<\/p>\n<\/p><\/div>\n<p><script async\n                    defer\n                    crossorigin=\"anonymous\"\n                    src=\"https:\/\/connect.facebook.net\/tr_TR\/sdk.js#xfbml=1&#038;version=v3.3\"\n            ><\/script><\/p>\n","protected":false},"excerpt":{"rendered":"<p>Avrupa Birli\u011fi (AB) Komisyonunun yeni d\u00f6nem s\u00f6zc\u00fclerinden Arianna Podesta, \u201cT\u00fcrkiye kilit bir ortak ve bir aday \u00fclke olmaya devam ediyor.\u201d dedi. Haziran ay\u0131nda yap\u0131lan Avrupa Parlamentosu se\u00e7imlerinin ard\u0131ndan d\u00fcn, AB\u2019nin gelecek 5 y\u0131l\u0131nda s\u00f6z sahibi olacak \u00fcst y\u00f6netim i\u015fba\u015f\u0131 yapt\u0131. AB Komisyonunun yeni s\u00f6zc\u00fcleri gazetecilerle ilk kez bir araya geldi. Yeni ekip kendini tan\u0131tmas\u0131n\u0131n ard\u0131ndan, [&hellip;]<\/p>\n","protected":false},"author":1,"featured_media":14168,"comment_status":"open","ping_status":"open","sticky":false,"template":"","format":"standard","meta":{"jnews-multi-image_gallery":[],"jnews_single_post":[],"jnews_primary_category":[],"footnotes":""},"categories":[2],"tags":[],"class_list":["post-14167","post","type-post","status-publish","format-standard","has-post-thumbnail","hentry","category-dunya"],"yoast_head":"<!-- This site is optimized with the Yoast SEO plugin v27.4 - https:\/\/yoast.com\/product\/yoast-seo-wordpress\/ -->\n<title>AB Komisyonu S\u00f6zc\u00fcs\u00fc Podesta: \u201cT\u00fcrkiye kilit bir ortak ve aday \u00fclke\u201d - Haber Kuzey<\/title>\n<meta name=\"robots\" content=\"index, follow, max-snippet:-1, max-image-preview:large, max-video-preview:-1\" \/>\n<link rel=\"canonical\" href=\"https:\/\/haberkuzey.com\/index.php\/2024\/12\/02\/ab-komisyonu-sozcusu-podesta-turkiye-kilit-bir-ortak-ve-aday-ulke\/\" \/>\n<meta property=\"og:locale\" content=\"tr_TR\" \/>\n<meta property=\"og:type\" content=\"article\" \/>\n<meta property=\"og:title\" content=\"AB Komisyonu S\u00f6zc\u00fcs\u00fc Podesta: \u201cT\u00fcrkiye kilit bir ortak ve aday \u00fclke\u201d - Haber Kuzey\" \/>\n<meta property=\"og:description\" content=\"Avrupa Birli\u011fi (AB) Komisyonunun yeni d\u00f6nem s\u00f6zc\u00fclerinden Arianna Podesta, \u201cT\u00fcrkiye kilit bir ortak ve bir aday \u00fclke olmaya devam ediyor.\u201d dedi. Haziran ay\u0131nda yap\u0131lan Avrupa Parlamentosu se\u00e7imlerinin ard\u0131ndan d\u00fcn, AB\u2019nin gelecek 5 y\u0131l\u0131nda s\u00f6z sahibi olacak \u00fcst y\u00f6netim i\u015fba\u015f\u0131 yapt\u0131. AB Komisyonunun yeni s\u00f6zc\u00fcleri gazetecilerle ilk kez bir araya geldi. Yeni ekip kendini tan\u0131tmas\u0131n\u0131n ard\u0131ndan, [&hellip;]\" \/>\n<meta property=\"og:url\" content=\"https:\/\/haberkuzey.com\/index.php\/2024\/12\/02\/ab-komisyonu-sozcusu-podesta-turkiye-kilit-bir-ortak-ve-aday-ulke\/\" \/>\n<meta property=\"og:site_name\" content=\"Haber Kuzey\" \/>\n<meta property=\"article:published_time\" content=\"2024-12-02T15:44:25+00:00\" \/>\n<meta property=\"og:image\" content=\"https:\/\/brtk.net\/wp-content\/uploads\/2024\/12\/02\/yeni-donemine-baslayan-ab-komisyonu-turkiye-kilit-bir-ortak-ve-aday-ulke.png?ver=bf7b1701409bbf4a10b7e4bb7a7e8758\" \/>\n<meta name=\"author\" content=\"haberkuzey\" \/>\n<meta name=\"twitter:card\" content=\"summary_large_image\" \/>\n<meta name=\"twitter:label1\" content=\"Yazan:\" \/>\n\t<meta name=\"twitter:data1\" content=\"haberkuzey\" \/>\n\t<meta name=\"twitter:label2\" content=\"Tahmini okuma s\u00fcresi\" \/>\n\t<meta name=\"twitter:data2\" content=\"1 dakika\" \/>\n<script type=\"application\/ld+json\" class=\"yoast-schema-graph\">{\"@context\":\"https:\\\/\\\/schema.org\",\"@graph\":[{\"@type\":\"Article\",\"@id\":\"https:\\\/\\\/haberkuzey.com\\\/index.php\\\/2024\\\/12\\\/02\\\/ab-komisyonu-sozcusu-podesta-turkiye-kilit-bir-ortak-ve-aday-ulke\\\/#article\",\"isPartOf\":{\"@id\":\"https:\\\/\\\/haberkuzey.com\\\/index.php\\\/2024\\\/12\\\/02\\\/ab-komisyonu-sozcusu-podesta-turkiye-kilit-bir-ortak-ve-aday-ulke\\\/\"},\"author\":{\"name\":\"haberkuzey\",\"@id\":\"https:\\\/\\\/haberkuzey.com\\\/#\\\/schema\\\/person\\\/3372109ec735f9333f4fa47ebb9605ca\"},\"headline\":\"AB Komisyonu S\u00f6zc\u00fcs\u00fc Podesta: \u201cT\u00fcrkiye kilit bir ortak ve aday \u00fclke\u201d\",\"datePublished\":\"2024-12-02T15:44:25+00:00\",\"mainEntityOfPage\":{\"@id\":\"https:\\\/\\\/haberkuzey.com\\\/index.php\\\/2024\\\/12\\\/02\\\/ab-komisyonu-sozcusu-podesta-turkiye-kilit-bir-ortak-ve-aday-ulke\\\/\"},\"wordCount\":182,\"commentCount\":0,\"image\":{\"@id\":\"https:\\\/\\\/haberkuzey.com\\\/index.php\\\/2024\\\/12\\\/02\\\/ab-komisyonu-sozcusu-podesta-turkiye-kilit-bir-ortak-ve-aday-ulke\\\/#primaryimage\"},\"thumbnailUrl\":\"https:\\\/\\\/haberkuzey.com\\\/wp-content\\\/uploads\\\/2024\\\/12\\\/yeni-donemine-baslayan-ab-komisyonu-turkiye-kilit-bir-ortak-ve-aday-ulke.png\",\"articleSection\":[\"D\u00fcnya\"],\"inLanguage\":\"tr\",\"potentialAction\":[{\"@type\":\"CommentAction\",\"name\":\"Comment\",\"target\":[\"https:\\\/\\\/haberkuzey.com\\\/index.php\\\/2024\\\/12\\\/02\\\/ab-komisyonu-sozcusu-podesta-turkiye-kilit-bir-ortak-ve-aday-ulke\\\/#respond\"]}]},{\"@type\":\"WebPage\",\"@id\":\"https:\\\/\\\/haberkuzey.com\\\/index.php\\\/2024\\\/12\\\/02\\\/ab-komisyonu-sozcusu-podesta-turkiye-kilit-bir-ortak-ve-aday-ulke\\\/\",\"url\":\"https:\\\/\\\/haberkuzey.com\\\/index.php\\\/2024\\\/12\\\/02\\\/ab-komisyonu-sozcusu-podesta-turkiye-kilit-bir-ortak-ve-aday-ulke\\\/\",\"name\":\"AB Komisyonu S\u00f6zc\u00fcs\u00fc Podesta: \u201cT\u00fcrkiye kilit bir ortak ve aday \u00fclke\u201d - Haber Kuzey\",\"isPartOf\":{\"@id\":\"https:\\\/\\\/haberkuzey.com\\\/#website\"},\"primaryImageOfPage\":{\"@id\":\"https:\\\/\\\/haberkuzey.com\\\/index.php\\\/2024\\\/12\\\/02\\\/ab-komisyonu-sozcusu-podesta-turkiye-kilit-bir-ortak-ve-aday-ulke\\\/#primaryimage\"},\"image\":{\"@id\":\"https:\\\/\\\/haberkuzey.com\\\/index.php\\\/2024\\\/12\\\/02\\\/ab-komisyonu-sozcusu-podesta-turkiye-kilit-bir-ortak-ve-aday-ulke\\\/#primaryimage\"},\"thumbnailUrl\":\"https:\\\/\\\/haberkuzey.com\\\/wp-content\\\/uploads\\\/2024\\\/12\\\/yeni-donemine-baslayan-ab-komisyonu-turkiye-kilit-bir-ortak-ve-aday-ulke.png\",\"datePublished\":\"2024-12-02T15:44:25+00:00\",\"author\":{\"@id\":\"https:\\\/\\\/haberkuzey.com\\\/#\\\/schema\\\/person\\\/3372109ec735f9333f4fa47ebb9605ca\"},\"breadcrumb\":{\"@id\":\"https:\\\/\\\/haberkuzey.com\\\/index.php\\\/2024\\\/12\\\/02\\\/ab-komisyonu-sozcusu-podesta-turkiye-kilit-bir-ortak-ve-aday-ulke\\\/#breadcrumb\"},\"inLanguage\":\"tr\",\"potentialAction\":[{\"@type\":\"ReadAction\",\"target\":[\"https:\\\/\\\/haberkuzey.com\\\/index.php\\\/2024\\\/12\\\/02\\\/ab-komisyonu-sozcusu-podesta-turkiye-kilit-bir-ortak-ve-aday-ulke\\\/\"]}]},{\"@type\":\"ImageObject\",\"inLanguage\":\"tr\",\"@id\":\"https:\\\/\\\/haberkuzey.com\\\/index.php\\\/2024\\\/12\\\/02\\\/ab-komisyonu-sozcusu-podesta-turkiye-kilit-bir-ortak-ve-aday-ulke\\\/#primaryimage\",\"url\":\"https:\\\/\\\/haberkuzey.com\\\/wp-content\\\/uploads\\\/2024\\\/12\\\/yeni-donemine-baslayan-ab-komisyonu-turkiye-kilit-bir-ortak-ve-aday-ulke.png\",\"contentUrl\":\"https:\\\/\\\/haberkuzey.com\\\/wp-content\\\/uploads\\\/2024\\\/12\\\/yeni-donemine-baslayan-ab-komisyonu-turkiye-kilit-bir-ortak-ve-aday-ulke.png\",\"width\":1280,\"height\":720},{\"@type\":\"BreadcrumbList\",\"@id\":\"https:\\\/\\\/haberkuzey.com\\\/index.php\\\/2024\\\/12\\\/02\\\/ab-komisyonu-sozcusu-podesta-turkiye-kilit-bir-ortak-ve-aday-ulke\\\/#breadcrumb\",\"itemListElement\":[{\"@type\":\"ListItem\",\"position\":1,\"name\":\"Anasayfa\",\"item\":\"https:\\\/\\\/haberkuzey.com\\\/\"},{\"@type\":\"ListItem\",\"position\":2,\"name\":\"AB Komisyonu S\u00f6zc\u00fcs\u00fc Podesta: \u201cT\u00fcrkiye kilit bir ortak ve aday \u00fclke\u201d\"}]},{\"@type\":\"WebSite\",\"@id\":\"https:\\\/\\\/haberkuzey.com\\\/#website\",\"url\":\"https:\\\/\\\/haberkuzey.com\\\/\",\"name\":\"Haber Kuzey\",\"description\":\"Do\u011fru Haberin Adresi\",\"potentialAction\":[{\"@type\":\"SearchAction\",\"target\":{\"@type\":\"EntryPoint\",\"urlTemplate\":\"https:\\\/\\\/haberkuzey.com\\\/?s={search_term_string}\"},\"query-input\":{\"@type\":\"PropertyValueSpecification\",\"valueRequired\":true,\"valueName\":\"search_term_string\"}}],\"inLanguage\":\"tr\"},{\"@type\":\"Person\",\"@id\":\"https:\\\/\\\/haberkuzey.com\\\/#\\\/schema\\\/person\\\/3372109ec735f9333f4fa47ebb9605ca\",\"name\":\"haberkuzey\",\"image\":{\"@type\":\"ImageObject\",\"inLanguage\":\"tr\",\"@id\":\"https:\\\/\\\/secure.gravatar.com\\\/avatar\\\/f5fc875574b1575324358c3b9e6a32b8227aa5b74f3fa22e3cadb63e26fcc39c?s=96&d=mm&r=g\",\"url\":\"https:\\\/\\\/secure.gravatar.com\\\/avatar\\\/f5fc875574b1575324358c3b9e6a32b8227aa5b74f3fa22e3cadb63e26fcc39c?s=96&d=mm&r=g\",\"contentUrl\":\"https:\\\/\\\/secure.gravatar.com\\\/avatar\\\/f5fc875574b1575324358c3b9e6a32b8227aa5b74f3fa22e3cadb63e26fcc39c?s=96&d=mm&r=g\",\"caption\":\"haberkuzey\"},\"sameAs\":[\"https:\\\/\\\/haberkuzey.com\"],\"url\":\"https:\\\/\\\/haberkuzey.com\\\/index.php\\\/author\\\/haberkuzey\\\/\"}]}<\/script>\n<!-- \/ Yoast SEO plugin. -->","yoast_head_json":{"title":"AB Komisyonu S\u00f6zc\u00fcs\u00fc Podesta: \u201cT\u00fcrkiye kilit bir ortak ve aday \u00fclke\u201d - Haber Kuzey","robots":{"index":"index","follow":"follow","max-snippet":"max-snippet:-1","max-image-preview":"max-image-preview:large","max-video-preview":"max-video-preview:-1"},"canonical":"https:\/\/haberkuzey.com\/index.php\/2024\/12\/02\/ab-komisyonu-sozcusu-podesta-turkiye-kilit-bir-ortak-ve-aday-ulke\/","og_locale":"tr_TR","og_type":"article","og_title":"AB Komisyonu S\u00f6zc\u00fcs\u00fc Podesta: \u201cT\u00fcrkiye kilit bir ortak ve aday \u00fclke\u201d - Haber Kuzey","og_description":"Avrupa Birli\u011fi (AB) Komisyonunun yeni d\u00f6nem s\u00f6zc\u00fclerinden Arianna Podesta, \u201cT\u00fcrkiye kilit bir ortak ve bir aday \u00fclke olmaya devam ediyor.\u201d dedi. Haziran ay\u0131nda yap\u0131lan Avrupa Parlamentosu se\u00e7imlerinin ard\u0131ndan d\u00fcn, AB\u2019nin gelecek 5 y\u0131l\u0131nda s\u00f6z sahibi olacak \u00fcst y\u00f6netim i\u015fba\u015f\u0131 yapt\u0131. AB Komisyonunun yeni s\u00f6zc\u00fcleri gazetecilerle ilk kez bir araya geldi. Yeni ekip kendini tan\u0131tmas\u0131n\u0131n ard\u0131ndan, [&hellip;]","og_url":"https:\/\/haberkuzey.com\/index.php\/2024\/12\/02\/ab-komisyonu-sozcusu-podesta-turkiye-kilit-bir-ortak-ve-aday-ulke\/","og_site_name":"Haber Kuzey","article_published_time":"2024-12-02T15:44:25+00:00","og_image":[{"url":"https:\/\/brtk.net\/wp-content\/uploads\/2024\/12\/02\/yeni-donemine-baslayan-ab-komisyonu-turkiye-kilit-bir-ortak-ve-aday-ulke.png?ver=bf7b1701409bbf4a10b7e4bb7a7e8758","type":"","width":"","height":""}],"author":"haberkuzey","twitter_card":"summary_large_image","twitter_misc":{"Yazan:":"haberkuzey","Tahmini okuma s\u00fcresi":"1 dakika"},"schema":{"@context":"https:\/\/schema.org","@graph":[{"@type":"Article","@id":"https:\/\/haberkuzey.com\/index.php\/2024\/12\/02\/ab-komisyonu-sozcusu-podesta-turkiye-kilit-bir-ortak-ve-aday-ulke\/#article","isPartOf":{"@id":"https:\/\/haberkuzey.com\/index.php\/2024\/12\/02\/ab-komisyonu-sozcusu-podesta-turkiye-kilit-bir-ortak-ve-aday-ulke\/"},"author":{"name":"haberkuzey","@id":"https:\/\/haberkuzey.com\/#\/schema\/person\/3372109ec735f9333f4fa47ebb9605ca"},"headline":"AB Komisyonu S\u00f6zc\u00fcs\u00fc Podesta: \u201cT\u00fcrkiye kilit bir ortak ve aday \u00fclke\u201d","datePublished":"2024-12-02T15:44:25+00:00","mainEntityOfPage":{"@id":"https:\/\/haberkuzey.com\/index.php\/2024\/12\/02\/ab-komisyonu-sozcusu-podesta-turkiye-kilit-bir-ortak-ve-aday-ulke\/"},"wordCount":182,"commentCount":0,"image":{"@id":"https:\/\/haberkuzey.com\/index.php\/2024\/12\/02\/ab-komisyonu-sozcusu-podesta-turkiye-kilit-bir-ortak-ve-aday-ulke\/#primaryimage"},"thumbnailUrl":"https:\/\/haberkuzey.com\/wp-content\/uploads\/2024\/12\/yeni-donemine-baslayan-ab-komisyonu-turkiye-kilit-bir-ortak-ve-aday-ulke.png","articleSection":["D\u00fcnya"],"inLanguage":"tr","potentialAction":[{"@type":"CommentAction","name":"Comment","target":["https:\/\/haberkuzey.com\/index.php\/2024\/12\/02\/ab-komisyonu-sozcusu-podesta-turkiye-kilit-bir-ortak-ve-aday-ulke\/#respond"]}]},{"@type":"WebPage","@id":"https:\/\/haberkuzey.com\/index.php\/2024\/12\/02\/ab-komisyonu-sozcusu-podesta-turkiye-kilit-bir-ortak-ve-aday-ulke\/","url":"https:\/\/haberkuzey.com\/index.php\/2024\/12\/02\/ab-komisyonu-sozcusu-podesta-turkiye-kilit-bir-ortak-ve-aday-ulke\/","name":"AB Komisyonu S\u00f6zc\u00fcs\u00fc Podesta: \u201cT\u00fcrkiye kilit bir ortak ve aday \u00fclke\u201d - Haber Kuzey","isPartOf":{"@id":"https:\/\/haberkuzey.com\/#website"},"primaryImageOfPage":{"@id":"https:\/\/haberkuzey.com\/index.php\/2024\/12\/02\/ab-komisyonu-sozcusu-podesta-turkiye-kilit-bir-ortak-ve-aday-ulke\/#primaryimage"},"image":{"@id":"https:\/\/haberkuzey.com\/index.php\/2024\/12\/02\/ab-komisyonu-sozcusu-podesta-turkiye-kilit-bir-ortak-ve-aday-ulke\/#primaryimage"},"thumbnailUrl":"https:\/\/haberkuzey.com\/wp-content\/uploads\/2024\/12\/yeni-donemine-baslayan-ab-komisyonu-turkiye-kilit-bir-ortak-ve-aday-ulke.png","datePublished":"2024-12-02T15:44:25+00:00","author":{"@id":"https:\/\/haberkuzey.com\/#\/schema\/person\/3372109ec735f9333f4fa47ebb9605ca"},"breadcrumb":{"@id":"https:\/\/haberkuzey.com\/index.php\/2024\/12\/02\/ab-komisyonu-sozcusu-podesta-turkiye-kilit-bir-ortak-ve-aday-ulke\/#breadcrumb"},"inLanguage":"tr","potentialAction":[{"@type":"ReadAction","target":["https:\/\/haberkuzey.com\/index.php\/2024\/12\/02\/ab-komisyonu-sozcusu-podesta-turkiye-kilit-bir-ortak-ve-aday-ulke\/"]}]},{"@type":"ImageObject","inLanguage":"tr","@id":"https:\/\/haberkuzey.com\/index.php\/2024\/12\/02\/ab-komisyonu-sozcusu-podesta-turkiye-kilit-bir-ortak-ve-aday-ulke\/#primaryimage","url":"https:\/\/haberkuzey.com\/wp-content\/uploads\/2024\/12\/yeni-donemine-baslayan-ab-komisyonu-turkiye-kilit-bir-ortak-ve-aday-ulke.png","contentUrl":"https:\/\/haberkuzey.com\/wp-content\/uploads\/2024\/12\/yeni-donemine-baslayan-ab-komisyonu-turkiye-kilit-bir-ortak-ve-aday-ulke.png","width":1280,"height":720},{"@type":"BreadcrumbList","@id":"https:\/\/haberkuzey.com\/index.php\/2024\/12\/02\/ab-komisyonu-sozcusu-podesta-turkiye-kilit-bir-ortak-ve-aday-ulke\/#breadcrumb","itemListElement":[{"@type":"ListItem","position":1,"name":"Anasayfa","item":"https:\/\/haberkuzey.com\/"},{"@type":"ListItem","position":2,"name":"AB Komisyonu S\u00f6zc\u00fcs\u00fc Podesta: \u201cT\u00fcrkiye kilit bir ortak ve aday \u00fclke\u201d"}]},{"@type":"WebSite","@id":"https:\/\/haberkuzey.com\/#website","url":"https:\/\/haberkuzey.com\/","name":"Haber Kuzey","description":"Do\u011fru Haberin Adresi","potentialAction":[{"@type":"SearchAction","target":{"@type":"EntryPoint","urlTemplate":"https:\/\/haberkuzey.com\/?s={search_term_string}"},"query-input":{"@type":"PropertyValueSpecification","valueRequired":true,"valueName":"search_term_string"}}],"inLanguage":"tr"},{"@type":"Person","@id":"https:\/\/haberkuzey.com\/#\/schema\/person\/3372109ec735f9333f4fa47ebb9605ca","name":"haberkuzey","image":{"@type":"ImageObject","inLanguage":"tr","@id":"https:\/\/secure.gravatar.com\/avatar\/f5fc875574b1575324358c3b9e6a32b8227aa5b74f3fa22e3cadb63e26fcc39c?s=96&d=mm&r=g","url":"https:\/\/secure.gravatar.com\/avatar\/f5fc875574b1575324358c3b9e6a32b8227aa5b74f3fa22e3cadb63e26fcc39c?s=96&d=mm&r=g","contentUrl":"https:\/\/secure.gravatar.com\/avatar\/f5fc875574b1575324358c3b9e6a32b8227aa5b74f3fa22e3cadb63e26fcc39c?s=96&d=mm&r=g","caption":"haberkuzey"},"sameAs":["https:\/\/haberkuzey.com"],"url":"https:\/\/haberkuzey.com\/index.php\/author\/haberkuzey\/"}]}},"_links":{"self":[{"href":"https:\/\/haberkuzey.com\/index.php\/wp-json\/wp\/v2\/posts\/14167","targetHints":{"allow":["GET"]}}],"collection":[{"href":"https:\/\/haberkuzey.com\/index.php\/wp-json\/wp\/v2\/posts"}],"about":[{"href":"https:\/\/haberkuzey.com\/index.php\/wp-json\/wp\/v2\/types\/post"}],"author":[{"embeddable":true,"href":"https:\/\/haberkuzey.com\/index.php\/wp-json\/wp\/v2\/users\/1"}],"replies":[{"embeddable":true,"href":"https:\/\/haberkuzey.com\/index.php\/wp-json\/wp\/v2\/comments?post=14167"}],"version-history":[{"count":0,"href":"https:\/\/haberkuzey.com\/index.php\/wp-json\/wp\/v2\/posts\/14167\/revisions"}],"wp:featuredmedia":[{"embeddable":true,"href":"https:\/\/haberkuzey.com\/index.php\/wp-json\/wp\/v2\/media\/14168"}],"wp:attachment":[{"href":"https:\/\/haberkuzey.com\/index.php\/wp-json\/wp\/v2\/media?parent=14167"}],"wp:term":[{"taxonomy":"category","embeddable":true,"href":"https:\/\/haberkuzey.com\/index.php\/wp-json\/wp\/v2\/categories?post=14167"},{"taxonomy":"post_tag","embeddable":true,"href":"https:\/\/haberkuzey.com\/index.php\/wp-json\/wp\/v2\/tags?post=14167"}],"curies":[{"name":"wp","href":"https:\/\/api.w.org\/{rel}","templated":true}]}}