{"id":14064,"date":"2024-11-30T13:37:48","date_gmt":"2024-11-30T11:37:48","guid":{"rendered":"https:\/\/haberkuzey.com\/index.php\/2024\/11\/30\/erdogan-20-musiad-expo-ticaret-fuarina-katilarak-bir-konusma-yapti\/"},"modified":"2024-11-30T13:37:48","modified_gmt":"2024-11-30T11:37:48","slug":"erdogan-20-musiad-expo-ticaret-fuarina-katilarak-bir-konusma-yapti","status":"publish","type":"post","link":"https:\/\/haberkuzey.com\/index.php\/2024\/11\/30\/erdogan-20-musiad-expo-ticaret-fuarina-katilarak-bir-konusma-yapti\/","title":{"rendered":"Erdo\u011fan 20. M\u00dcS\u0130AD EXPO Ticaret Fuar\u0131\u2019na kat\u0131larak, bir konu\u015fma yapt\u0131"},"content":{"rendered":"<div>\n<div class=\"mariselle-image-container center\">\n                                            <\/div>\n<p>\nT\u00fcrkiye Cumhuriyeti Cumhurba\u015fkan\u0131 Recep Tayyip Erdo\u011fan, \u0130stanbul T\u00dcYAP Fuar ve Kongre Merkezi\u2019nde d\u00fcn ak\u015fam d\u00fczenlenen ve KKTC stand\u0131n\u0131n da bulundu\u011fu 20. M\u00dcS\u0130AD EXPO Ticaret Fuar\u0131\u2019na kat\u0131larak, bir konu\u015fma yapt\u0131.<\/p>\n<p>Bakanl\u0131k a\u00e7\u0131klamas\u0131na g\u00f6re Ba\u015fbakan Yard\u0131mc\u0131s\u0131 Turizm, K\u00fclt\u00fcr, Gen\u00e7lik ve \u00c7evre Bakan\u0131 Fikri Atao\u011flu da Cumhurba\u015fkan\u0131 Recep Tayyip Erdo\u011fan\u2019\u0131n Fuar ziyaretinde yer ald\u0131.<\/p>\n<p>Cumhurba\u015fkan\u0131 Recep Tayyip Erdo\u011fan, konu\u015fmas\u0131nda fuar\u0131n \u00f6nemine dikkat \u00e7ekti.<\/p>\n<p>Cumhurba\u015fkan\u0131 Erdo\u011fan\u2019\u0131n konu\u015fmas\u0131n\u0131n ard\u0131ndan, Ba\u015fbakan Yard\u0131mc\u0131s\u0131 Turizm, K\u00fclt\u00fcr, Gen\u00e7lik ve \u00c7evre Bakan\u0131 Fikri Atao\u011flu\u2019nun da yer ald\u0131\u011f\u0131 an\u0131 foto\u011fraf\u0131 \u00e7ekildi.<\/p>\n<\/p><\/div>\n<p><script async\n                    defer\n                    crossorigin=\"anonymous\"\n                    src=\"https:\/\/connect.facebook.net\/tr_TR\/sdk.js#xfbml=1&#038;version=v3.3\"\n            ><\/script><\/p>\n","protected":false},"excerpt":{"rendered":"<p>T\u00fcrkiye Cumhuriyeti Cumhurba\u015fkan\u0131 Recep Tayyip Erdo\u011fan, \u0130stanbul T\u00dcYAP Fuar ve Kongre Merkezi\u2019nde d\u00fcn ak\u015fam d\u00fczenlenen ve KKTC stand\u0131n\u0131n da bulundu\u011fu 20. M\u00dcS\u0130AD EXPO Ticaret Fuar\u0131\u2019na kat\u0131larak, bir konu\u015fma yapt\u0131. Bakanl\u0131k a\u00e7\u0131klamas\u0131na g\u00f6re Ba\u015fbakan Yard\u0131mc\u0131s\u0131 Turizm, K\u00fclt\u00fcr, Gen\u00e7lik ve \u00c7evre Bakan\u0131 Fikri Atao\u011flu da Cumhurba\u015fkan\u0131 Recep Tayyip Erdo\u011fan\u2019\u0131n Fuar ziyaretinde yer ald\u0131. Cumhurba\u015fkan\u0131 Recep Tayyip Erdo\u011fan, [&hellip;]<\/p>\n","protected":false},"author":1,"featured_media":14065,"comment_status":"open","ping_status":"open","sticky":false,"template":"","format":"standard","meta":{"jnews-multi-image_gallery":[],"jnews_single_post":[],"jnews_primary_category":[],"footnotes":""},"categories":[2],"tags":[],"class_list":["post-14064","post","type-post","status-publish","format-standard","has-post-thumbnail","hentry","category-dunya"],"yoast_head":"<!-- This site is optimized with the Yoast SEO plugin v27.4 - https:\/\/yoast.com\/product\/yoast-seo-wordpress\/ -->\n<title>Erdo\u011fan 20. M\u00dcS\u0130AD EXPO Ticaret Fuar\u0131\u2019na kat\u0131larak, bir konu\u015fma yapt\u0131 - Haber Kuzey<\/title>\n<meta name=\"robots\" content=\"index, follow, max-snippet:-1, max-image-preview:large, max-video-preview:-1\" \/>\n<link rel=\"canonical\" href=\"https:\/\/haberkuzey.com\/index.php\/2024\/11\/30\/erdogan-20-musiad-expo-ticaret-fuarina-katilarak-bir-konusma-yapti\/\" \/>\n<meta property=\"og:locale\" content=\"tr_TR\" \/>\n<meta property=\"og:type\" content=\"article\" \/>\n<meta property=\"og:title\" content=\"Erdo\u011fan 20. M\u00dcS\u0130AD EXPO Ticaret Fuar\u0131\u2019na kat\u0131larak, bir konu\u015fma yapt\u0131 - Haber Kuzey\" \/>\n<meta property=\"og:description\" content=\"T\u00fcrkiye Cumhuriyeti Cumhurba\u015fkan\u0131 Recep Tayyip Erdo\u011fan, \u0130stanbul T\u00dcYAP Fuar ve Kongre Merkezi\u2019nde d\u00fcn ak\u015fam d\u00fczenlenen ve KKTC stand\u0131n\u0131n da bulundu\u011fu 20. M\u00dcS\u0130AD EXPO Ticaret Fuar\u0131\u2019na kat\u0131larak, bir konu\u015fma yapt\u0131. Bakanl\u0131k a\u00e7\u0131klamas\u0131na g\u00f6re Ba\u015fbakan Yard\u0131mc\u0131s\u0131 Turizm, K\u00fclt\u00fcr, Gen\u00e7lik ve \u00c7evre Bakan\u0131 Fikri Atao\u011flu da Cumhurba\u015fkan\u0131 Recep Tayyip Erdo\u011fan\u2019\u0131n Fuar ziyaretinde yer ald\u0131. Cumhurba\u015fkan\u0131 Recep Tayyip Erdo\u011fan, [&hellip;]\" \/>\n<meta property=\"og:url\" content=\"https:\/\/haberkuzey.com\/index.php\/2024\/11\/30\/erdogan-20-musiad-expo-ticaret-fuarina-katilarak-bir-konusma-yapti\/\" \/>\n<meta property=\"og:site_name\" content=\"Haber Kuzey\" \/>\n<meta property=\"article:published_time\" content=\"2024-11-30T11:37:48+00:00\" \/>\n<meta property=\"og:image\" content=\"https:\/\/brtk.net\/wp-content\/uploads\/2024\/11\/30\/e-musiad-erdogan-ziyaret-3--scaled.jpg?ver=86f6291cab90d441852bc4f24aff7caf\" \/>\n<meta name=\"author\" content=\"haberkuzey\" \/>\n<meta name=\"twitter:card\" content=\"summary_large_image\" \/>\n<meta name=\"twitter:label1\" content=\"Yazan:\" \/>\n\t<meta name=\"twitter:data1\" content=\"haberkuzey\" \/>\n\t<meta name=\"twitter:label2\" content=\"Tahmini okuma s\u00fcresi\" \/>\n\t<meta name=\"twitter:data2\" content=\"1 dakika\" \/>\n<script type=\"application\/ld+json\" class=\"yoast-schema-graph\">{\"@context\":\"https:\\\/\\\/schema.org\",\"@graph\":[{\"@type\":\"Article\",\"@id\":\"https:\\\/\\\/haberkuzey.com\\\/index.php\\\/2024\\\/11\\\/30\\\/erdogan-20-musiad-expo-ticaret-fuarina-katilarak-bir-konusma-yapti\\\/#article\",\"isPartOf\":{\"@id\":\"https:\\\/\\\/haberkuzey.com\\\/index.php\\\/2024\\\/11\\\/30\\\/erdogan-20-musiad-expo-ticaret-fuarina-katilarak-bir-konusma-yapti\\\/\"},\"author\":{\"name\":\"haberkuzey\",\"@id\":\"https:\\\/\\\/haberkuzey.com\\\/#\\\/schema\\\/person\\\/3372109ec735f9333f4fa47ebb9605ca\"},\"headline\":\"Erdo\u011fan 20. M\u00dcS\u0130AD EXPO Ticaret Fuar\u0131\u2019na kat\u0131larak, bir konu\u015fma yapt\u0131\",\"datePublished\":\"2024-11-30T11:37:48+00:00\",\"mainEntityOfPage\":{\"@id\":\"https:\\\/\\\/haberkuzey.com\\\/index.php\\\/2024\\\/11\\\/30\\\/erdogan-20-musiad-expo-ticaret-fuarina-katilarak-bir-konusma-yapti\\\/\"},\"wordCount\":145,\"commentCount\":0,\"image\":{\"@id\":\"https:\\\/\\\/haberkuzey.com\\\/index.php\\\/2024\\\/11\\\/30\\\/erdogan-20-musiad-expo-ticaret-fuarina-katilarak-bir-konusma-yapti\\\/#primaryimage\"},\"thumbnailUrl\":\"https:\\\/\\\/haberkuzey.com\\\/wp-content\\\/uploads\\\/2024\\\/11\\\/e-musiad-erdogan-ziyaret-3-scaled.jpg\",\"articleSection\":[\"D\u00fcnya\"],\"inLanguage\":\"tr\",\"potentialAction\":[{\"@type\":\"CommentAction\",\"name\":\"Comment\",\"target\":[\"https:\\\/\\\/haberkuzey.com\\\/index.php\\\/2024\\\/11\\\/30\\\/erdogan-20-musiad-expo-ticaret-fuarina-katilarak-bir-konusma-yapti\\\/#respond\"]}]},{\"@type\":\"WebPage\",\"@id\":\"https:\\\/\\\/haberkuzey.com\\\/index.php\\\/2024\\\/11\\\/30\\\/erdogan-20-musiad-expo-ticaret-fuarina-katilarak-bir-konusma-yapti\\\/\",\"url\":\"https:\\\/\\\/haberkuzey.com\\\/index.php\\\/2024\\\/11\\\/30\\\/erdogan-20-musiad-expo-ticaret-fuarina-katilarak-bir-konusma-yapti\\\/\",\"name\":\"Erdo\u011fan 20. M\u00dcS\u0130AD EXPO Ticaret Fuar\u0131\u2019na kat\u0131larak, bir konu\u015fma yapt\u0131 - Haber Kuzey\",\"isPartOf\":{\"@id\":\"https:\\\/\\\/haberkuzey.com\\\/#website\"},\"primaryImageOfPage\":{\"@id\":\"https:\\\/\\\/haberkuzey.com\\\/index.php\\\/2024\\\/11\\\/30\\\/erdogan-20-musiad-expo-ticaret-fuarina-katilarak-bir-konusma-yapti\\\/#primaryimage\"},\"image\":{\"@id\":\"https:\\\/\\\/haberkuzey.com\\\/index.php\\\/2024\\\/11\\\/30\\\/erdogan-20-musiad-expo-ticaret-fuarina-katilarak-bir-konusma-yapti\\\/#primaryimage\"},\"thumbnailUrl\":\"https:\\\/\\\/haberkuzey.com\\\/wp-content\\\/uploads\\\/2024\\\/11\\\/e-musiad-erdogan-ziyaret-3-scaled.jpg\",\"datePublished\":\"2024-11-30T11:37:48+00:00\",\"author\":{\"@id\":\"https:\\\/\\\/haberkuzey.com\\\/#\\\/schema\\\/person\\\/3372109ec735f9333f4fa47ebb9605ca\"},\"breadcrumb\":{\"@id\":\"https:\\\/\\\/haberkuzey.com\\\/index.php\\\/2024\\\/11\\\/30\\\/erdogan-20-musiad-expo-ticaret-fuarina-katilarak-bir-konusma-yapti\\\/#breadcrumb\"},\"inLanguage\":\"tr\",\"potentialAction\":[{\"@type\":\"ReadAction\",\"target\":[\"https:\\\/\\\/haberkuzey.com\\\/index.php\\\/2024\\\/11\\\/30\\\/erdogan-20-musiad-expo-ticaret-fuarina-katilarak-bir-konusma-yapti\\\/\"]}]},{\"@type\":\"ImageObject\",\"inLanguage\":\"tr\",\"@id\":\"https:\\\/\\\/haberkuzey.com\\\/index.php\\\/2024\\\/11\\\/30\\\/erdogan-20-musiad-expo-ticaret-fuarina-katilarak-bir-konusma-yapti\\\/#primaryimage\",\"url\":\"https:\\\/\\\/haberkuzey.com\\\/wp-content\\\/uploads\\\/2024\\\/11\\\/e-musiad-erdogan-ziyaret-3-scaled.jpg\",\"contentUrl\":\"https:\\\/\\\/haberkuzey.com\\\/wp-content\\\/uploads\\\/2024\\\/11\\\/e-musiad-erdogan-ziyaret-3-scaled.jpg\",\"width\":2560,\"height\":1711},{\"@type\":\"BreadcrumbList\",\"@id\":\"https:\\\/\\\/haberkuzey.com\\\/index.php\\\/2024\\\/11\\\/30\\\/erdogan-20-musiad-expo-ticaret-fuarina-katilarak-bir-konusma-yapti\\\/#breadcrumb\",\"itemListElement\":[{\"@type\":\"ListItem\",\"position\":1,\"name\":\"Anasayfa\",\"item\":\"https:\\\/\\\/haberkuzey.com\\\/\"},{\"@type\":\"ListItem\",\"position\":2,\"name\":\"Erdo\u011fan 20. M\u00dcS\u0130AD EXPO Ticaret Fuar\u0131\u2019na kat\u0131larak, bir konu\u015fma yapt\u0131\"}]},{\"@type\":\"WebSite\",\"@id\":\"https:\\\/\\\/haberkuzey.com\\\/#website\",\"url\":\"https:\\\/\\\/haberkuzey.com\\\/\",\"name\":\"Haber Kuzey\",\"description\":\"Do\u011fru Haberin Adresi\",\"potentialAction\":[{\"@type\":\"SearchAction\",\"target\":{\"@type\":\"EntryPoint\",\"urlTemplate\":\"https:\\\/\\\/haberkuzey.com\\\/?s={search_term_string}\"},\"query-input\":{\"@type\":\"PropertyValueSpecification\",\"valueRequired\":true,\"valueName\":\"search_term_string\"}}],\"inLanguage\":\"tr\"},{\"@type\":\"Person\",\"@id\":\"https:\\\/\\\/haberkuzey.com\\\/#\\\/schema\\\/person\\\/3372109ec735f9333f4fa47ebb9605ca\",\"name\":\"haberkuzey\",\"image\":{\"@type\":\"ImageObject\",\"inLanguage\":\"tr\",\"@id\":\"https:\\\/\\\/secure.gravatar.com\\\/avatar\\\/f5fc875574b1575324358c3b9e6a32b8227aa5b74f3fa22e3cadb63e26fcc39c?s=96&d=mm&r=g\",\"url\":\"https:\\\/\\\/secure.gravatar.com\\\/avatar\\\/f5fc875574b1575324358c3b9e6a32b8227aa5b74f3fa22e3cadb63e26fcc39c?s=96&d=mm&r=g\",\"contentUrl\":\"https:\\\/\\\/secure.gravatar.com\\\/avatar\\\/f5fc875574b1575324358c3b9e6a32b8227aa5b74f3fa22e3cadb63e26fcc39c?s=96&d=mm&r=g\",\"caption\":\"haberkuzey\"},\"sameAs\":[\"https:\\\/\\\/haberkuzey.com\"],\"url\":\"https:\\\/\\\/haberkuzey.com\\\/index.php\\\/author\\\/haberkuzey\\\/\"}]}<\/script>\n<!-- \/ Yoast SEO plugin. -->","yoast_head_json":{"title":"Erdo\u011fan 20. M\u00dcS\u0130AD EXPO Ticaret Fuar\u0131\u2019na kat\u0131larak, bir konu\u015fma yapt\u0131 - Haber Kuzey","robots":{"index":"index","follow":"follow","max-snippet":"max-snippet:-1","max-image-preview":"max-image-preview:large","max-video-preview":"max-video-preview:-1"},"canonical":"https:\/\/haberkuzey.com\/index.php\/2024\/11\/30\/erdogan-20-musiad-expo-ticaret-fuarina-katilarak-bir-konusma-yapti\/","og_locale":"tr_TR","og_type":"article","og_title":"Erdo\u011fan 20. M\u00dcS\u0130AD EXPO Ticaret Fuar\u0131\u2019na kat\u0131larak, bir konu\u015fma yapt\u0131 - Haber Kuzey","og_description":"T\u00fcrkiye Cumhuriyeti Cumhurba\u015fkan\u0131 Recep Tayyip Erdo\u011fan, \u0130stanbul T\u00dcYAP Fuar ve Kongre Merkezi\u2019nde d\u00fcn ak\u015fam d\u00fczenlenen ve KKTC stand\u0131n\u0131n da bulundu\u011fu 20. M\u00dcS\u0130AD EXPO Ticaret Fuar\u0131\u2019na kat\u0131larak, bir konu\u015fma yapt\u0131. Bakanl\u0131k a\u00e7\u0131klamas\u0131na g\u00f6re Ba\u015fbakan Yard\u0131mc\u0131s\u0131 Turizm, K\u00fclt\u00fcr, Gen\u00e7lik ve \u00c7evre Bakan\u0131 Fikri Atao\u011flu da Cumhurba\u015fkan\u0131 Recep Tayyip Erdo\u011fan\u2019\u0131n Fuar ziyaretinde yer ald\u0131. Cumhurba\u015fkan\u0131 Recep Tayyip Erdo\u011fan, [&hellip;]","og_url":"https:\/\/haberkuzey.com\/index.php\/2024\/11\/30\/erdogan-20-musiad-expo-ticaret-fuarina-katilarak-bir-konusma-yapti\/","og_site_name":"Haber Kuzey","article_published_time":"2024-11-30T11:37:48+00:00","og_image":[{"url":"https:\/\/brtk.net\/wp-content\/uploads\/2024\/11\/30\/e-musiad-erdogan-ziyaret-3--scaled.jpg?ver=86f6291cab90d441852bc4f24aff7caf","type":"","width":"","height":""}],"author":"haberkuzey","twitter_card":"summary_large_image","twitter_misc":{"Yazan:":"haberkuzey","Tahmini okuma s\u00fcresi":"1 dakika"},"schema":{"@context":"https:\/\/schema.org","@graph":[{"@type":"Article","@id":"https:\/\/haberkuzey.com\/index.php\/2024\/11\/30\/erdogan-20-musiad-expo-ticaret-fuarina-katilarak-bir-konusma-yapti\/#article","isPartOf":{"@id":"https:\/\/haberkuzey.com\/index.php\/2024\/11\/30\/erdogan-20-musiad-expo-ticaret-fuarina-katilarak-bir-konusma-yapti\/"},"author":{"name":"haberkuzey","@id":"https:\/\/haberkuzey.com\/#\/schema\/person\/3372109ec735f9333f4fa47ebb9605ca"},"headline":"Erdo\u011fan 20. M\u00dcS\u0130AD EXPO Ticaret Fuar\u0131\u2019na kat\u0131larak, bir konu\u015fma yapt\u0131","datePublished":"2024-11-30T11:37:48+00:00","mainEntityOfPage":{"@id":"https:\/\/haberkuzey.com\/index.php\/2024\/11\/30\/erdogan-20-musiad-expo-ticaret-fuarina-katilarak-bir-konusma-yapti\/"},"wordCount":145,"commentCount":0,"image":{"@id":"https:\/\/haberkuzey.com\/index.php\/2024\/11\/30\/erdogan-20-musiad-expo-ticaret-fuarina-katilarak-bir-konusma-yapti\/#primaryimage"},"thumbnailUrl":"https:\/\/haberkuzey.com\/wp-content\/uploads\/2024\/11\/e-musiad-erdogan-ziyaret-3-scaled.jpg","articleSection":["D\u00fcnya"],"inLanguage":"tr","potentialAction":[{"@type":"CommentAction","name":"Comment","target":["https:\/\/haberkuzey.com\/index.php\/2024\/11\/30\/erdogan-20-musiad-expo-ticaret-fuarina-katilarak-bir-konusma-yapti\/#respond"]}]},{"@type":"WebPage","@id":"https:\/\/haberkuzey.com\/index.php\/2024\/11\/30\/erdogan-20-musiad-expo-ticaret-fuarina-katilarak-bir-konusma-yapti\/","url":"https:\/\/haberkuzey.com\/index.php\/2024\/11\/30\/erdogan-20-musiad-expo-ticaret-fuarina-katilarak-bir-konusma-yapti\/","name":"Erdo\u011fan 20. M\u00dcS\u0130AD EXPO Ticaret Fuar\u0131\u2019na kat\u0131larak, bir konu\u015fma yapt\u0131 - Haber Kuzey","isPartOf":{"@id":"https:\/\/haberkuzey.com\/#website"},"primaryImageOfPage":{"@id":"https:\/\/haberkuzey.com\/index.php\/2024\/11\/30\/erdogan-20-musiad-expo-ticaret-fuarina-katilarak-bir-konusma-yapti\/#primaryimage"},"image":{"@id":"https:\/\/haberkuzey.com\/index.php\/2024\/11\/30\/erdogan-20-musiad-expo-ticaret-fuarina-katilarak-bir-konusma-yapti\/#primaryimage"},"thumbnailUrl":"https:\/\/haberkuzey.com\/wp-content\/uploads\/2024\/11\/e-musiad-erdogan-ziyaret-3-scaled.jpg","datePublished":"2024-11-30T11:37:48+00:00","author":{"@id":"https:\/\/haberkuzey.com\/#\/schema\/person\/3372109ec735f9333f4fa47ebb9605ca"},"breadcrumb":{"@id":"https:\/\/haberkuzey.com\/index.php\/2024\/11\/30\/erdogan-20-musiad-expo-ticaret-fuarina-katilarak-bir-konusma-yapti\/#breadcrumb"},"inLanguage":"tr","potentialAction":[{"@type":"ReadAction","target":["https:\/\/haberkuzey.com\/index.php\/2024\/11\/30\/erdogan-20-musiad-expo-ticaret-fuarina-katilarak-bir-konusma-yapti\/"]}]},{"@type":"ImageObject","inLanguage":"tr","@id":"https:\/\/haberkuzey.com\/index.php\/2024\/11\/30\/erdogan-20-musiad-expo-ticaret-fuarina-katilarak-bir-konusma-yapti\/#primaryimage","url":"https:\/\/haberkuzey.com\/wp-content\/uploads\/2024\/11\/e-musiad-erdogan-ziyaret-3-scaled.jpg","contentUrl":"https:\/\/haberkuzey.com\/wp-content\/uploads\/2024\/11\/e-musiad-erdogan-ziyaret-3-scaled.jpg","width":2560,"height":1711},{"@type":"BreadcrumbList","@id":"https:\/\/haberkuzey.com\/index.php\/2024\/11\/30\/erdogan-20-musiad-expo-ticaret-fuarina-katilarak-bir-konusma-yapti\/#breadcrumb","itemListElement":[{"@type":"ListItem","position":1,"name":"Anasayfa","item":"https:\/\/haberkuzey.com\/"},{"@type":"ListItem","position":2,"name":"Erdo\u011fan 20. M\u00dcS\u0130AD EXPO Ticaret Fuar\u0131\u2019na kat\u0131larak, bir konu\u015fma yapt\u0131"}]},{"@type":"WebSite","@id":"https:\/\/haberkuzey.com\/#website","url":"https:\/\/haberkuzey.com\/","name":"Haber Kuzey","description":"Do\u011fru Haberin Adresi","potentialAction":[{"@type":"SearchAction","target":{"@type":"EntryPoint","urlTemplate":"https:\/\/haberkuzey.com\/?s={search_term_string}"},"query-input":{"@type":"PropertyValueSpecification","valueRequired":true,"valueName":"search_term_string"}}],"inLanguage":"tr"},{"@type":"Person","@id":"https:\/\/haberkuzey.com\/#\/schema\/person\/3372109ec735f9333f4fa47ebb9605ca","name":"haberkuzey","image":{"@type":"ImageObject","inLanguage":"tr","@id":"https:\/\/secure.gravatar.com\/avatar\/f5fc875574b1575324358c3b9e6a32b8227aa5b74f3fa22e3cadb63e26fcc39c?s=96&d=mm&r=g","url":"https:\/\/secure.gravatar.com\/avatar\/f5fc875574b1575324358c3b9e6a32b8227aa5b74f3fa22e3cadb63e26fcc39c?s=96&d=mm&r=g","contentUrl":"https:\/\/secure.gravatar.com\/avatar\/f5fc875574b1575324358c3b9e6a32b8227aa5b74f3fa22e3cadb63e26fcc39c?s=96&d=mm&r=g","caption":"haberkuzey"},"sameAs":["https:\/\/haberkuzey.com"],"url":"https:\/\/haberkuzey.com\/index.php\/author\/haberkuzey\/"}]}},"_links":{"self":[{"href":"https:\/\/haberkuzey.com\/index.php\/wp-json\/wp\/v2\/posts\/14064","targetHints":{"allow":["GET"]}}],"collection":[{"href":"https:\/\/haberkuzey.com\/index.php\/wp-json\/wp\/v2\/posts"}],"about":[{"href":"https:\/\/haberkuzey.com\/index.php\/wp-json\/wp\/v2\/types\/post"}],"author":[{"embeddable":true,"href":"https:\/\/haberkuzey.com\/index.php\/wp-json\/wp\/v2\/users\/1"}],"replies":[{"embeddable":true,"href":"https:\/\/haberkuzey.com\/index.php\/wp-json\/wp\/v2\/comments?post=14064"}],"version-history":[{"count":0,"href":"https:\/\/haberkuzey.com\/index.php\/wp-json\/wp\/v2\/posts\/14064\/revisions"}],"wp:featuredmedia":[{"embeddable":true,"href":"https:\/\/haberkuzey.com\/index.php\/wp-json\/wp\/v2\/media\/14065"}],"wp:attachment":[{"href":"https:\/\/haberkuzey.com\/index.php\/wp-json\/wp\/v2\/media?parent=14064"}],"wp:term":[{"taxonomy":"category","embeddable":true,"href":"https:\/\/haberkuzey.com\/index.php\/wp-json\/wp\/v2\/categories?post=14064"},{"taxonomy":"post_tag","embeddable":true,"href":"https:\/\/haberkuzey.com\/index.php\/wp-json\/wp\/v2\/tags?post=14064"}],"curies":[{"name":"wp","href":"https:\/\/api.w.org\/{rel}","templated":true}]}}