{"id":1393,"date":"2024-05-05T11:13:55","date_gmt":"2024-05-05T08:13:55","guid":{"rendered":"https:\/\/haberkuzey.com\/index.php\/2024\/05\/05\/dogu-akdenizli-bir-sair-oykucu-m-kansu\/"},"modified":"2024-05-05T11:13:55","modified_gmt":"2024-05-05T08:13:55","slug":"dogu-akdenizli-bir-sair-oykucu-m-kansu","status":"publish","type":"post","link":"https:\/\/haberkuzey.com\/index.php\/2024\/05\/05\/dogu-akdenizli-bir-sair-oykucu-m-kansu\/","title":{"rendered":"Do\u011fu Akdenizli bir \u015fair-\u00f6yk\u00fcc\u00fc: \u201cM. Kansu\u201d"},"content":{"rendered":"<div>\n<div class=\"mariselle-image-container center\">\n                                            <\/div>\n<p>Sanat hayat\u0131nda 65 y\u0131l\u0131 geride b\u0131rakan e\u011fitimci, \u015fair ve \u00f6yk\u00fcc\u00fc Mehmet Kansu, \u201cYa\u015fad\u0131klar\u0131m\u0131 yazd\u0131m, yazmak bana her zaman iyi geldi\u201d dedi.<\/p>\n<p>\u201cAnneme borcumdur\u201d dedi\u011fi yeni bir kitap \u00e7al\u0131\u015fmas\u0131 oldu\u011funu s\u00f6yleyen Kansu, 1963\u2019te yazd\u0131\u011f\u0131 \u201cA\u011fa\u00e7kakanlar\u201d isimli tek perdelik fantastik oyunun da kitapla\u015fmak \u00fczere oldu\u011funu belirtti.<\/p>\n<p>1959\u2019dan bu yana \u015fiir, \u00f6yk\u00fc, anlat\u0131, \u00e7eviri ve deneme t\u00fcr\u00fcnde 47 esere imza koyan, bir\u00e7ok \u00f6d\u00fcl alan Mehmet Kansu, (M. Kansu) yazmas\u0131na vesile olan \u00f6zellikle \u00e7ocukluk y\u0131llar\u0131n\u0131, hayata tutunma ve okuma \u00e7abas\u0131n\u0131 T\u00fcrk Ajans\u0131 K\u0131br\u0131s\u2019a (TAK) anlatt\u0131.<\/p>\n<p>TAK M\u00fcd\u00fcr\u00fc Fehmi G\u00fcrdall\u0131\u2019n\u0131n r\u00f6portaj talebiyle ilgili \u00f6nce heyecan sonra da endi\u015fe duydu\u011funu s\u00f6yleyen Mehmet Kansu, ya\u015fam\u0131na dair travmalar\u0131 ilk kez b\u00f6yle bir r\u00f6portajda payla\u015ft\u0131\u011f\u0131n\u0131 ifade ederek, \u201cBunlar\u0131 anlatmak kolay de\u011fil\u201d dedi.<\/p>\n<p>Kansu, i\u015fitme ve konu\u015fma engelli annesiyle kalacak yerleri olmad\u0131\u011f\u0131ndan yazlar\u0131 mezarl\u0131kta k\u0131\u015flar\u0131 da hamam\u0131n k\u00fclhan\u0131nda uyuduklar\u0131n\u0131, annesi \u00e7al\u0131\u015ft\u0131\u011f\u0131, ona bakacak kimse olmad\u0131\u011f\u0131 i\u00e7in zaman\u0131n\u0131 hep sokakta ge\u00e7irdi\u011fini anlatt\u0131.<\/p>\n<p>\u201cDaha iyi bir \u00e7ocukluk\u201d i\u00e7in evlatl\u0131k verildi\u011fi Baf\u2019ta \u015fefkat de\u011fil \u015fiddet g\u00f6rd\u00fc\u011f\u00fcn\u00fc s\u00f6yleyen Mehmet Kansu, yal\u0131nayak y\u00fcr\u00fcd\u00fc\u011f\u00fc Dip Baf yolunu, ka\u015f\u0131klad\u0131\u011f\u0131 bozuk bulgur pilav\u0131n\u0131, so\u011fan tarlas\u0131nda ge\u00e7irdi\u011fi uzun g\u00fcnleri, incirin alt\u0131nda uyudu\u011fu yaz\u0131, yaln\u0131z oldu\u011fu bir gecede kar\u015f\u0131s\u0131na \u00e7\u0131kan kaplumba\u011fan\u0131n varl\u0131\u011f\u0131yla g\u00fc\u00e7 buldu\u011funu, tek okul g\u00f6mle\u011fi y\u0131rt\u0131ld\u0131\u011f\u0131nda ne kadar \u00e7ok a\u011flad\u0131\u011f\u0131n\u0131 an\u0131msad\u0131.<\/p>\n<p>Kansu, bir \u00e7ocu\u011fun en \u00f6nemli ihtiyac\u0131n\u0131n sevilmek oldu\u011funu da \u201cHep sahipsiz hissettim. Kucaklayacak, ba\u015f\u0131m\u0131 ok\u015fayacak bir anneyle baba olmad\u0131\u201d diyerek anlatt\u0131.<\/p>\n<p>86 y\u0131lda ya\u015fad\u0131klar\u0131n\u0131n bir r\u00f6portaja s\u0131\u011fmayaca\u011f\u0131n\u0131, her eserinin ya\u015fad\u0131klar\u0131yla, hayat\u0131yla ilgili oldu\u011funu belirten Kansu, kendini \u201cDo\u011fu Akdenizli bir \u015fair-\u00f6yk\u00fcc\u00fc\u201d diye tan\u0131mlad\u0131.<\/p>\n<p>\u2013 Duymayan, konu\u015fmayan bir anne<\/p>\n<p>\u201cBenim bir yan\u0131m yazar, bir yan\u0131m e\u011fitimci\u201d diyen Mehmet Kansu, 1938\u2019de Baf\u2019ta do\u011fdu.<\/p>\n<p>Baf\u2019\u0131n Aydo\u011fan (Stavrogonno) k\u00f6y\u00fcnden olan annesiyle (Bahire\/ Ay\u015fe) babas\u0131 (Salih) Mehmet Kansu \u00e7ok k\u00fc\u00e7\u00fckken ayr\u0131ld\u0131lar.<\/p>\n<p>Annesi daha \u00e7ocukken i\u015fitme ve konu\u015fma engelli olan Mehmet Kansu, nedenini \u015f\u00f6yle anlatt\u0131:<\/p>\n<p>\u201cHayvanlar\u0131 otlat\u0131rken bir ke\u00e7i mi kuzu mu ne kaybolmu\u015f. Dedem (Salih Bobi) onu avludaki zeytin a\u011fac\u0131na ba\u011flam\u0131\u015f, d\u00f6vm\u00fc\u015f ve o so\u011fuk k\u0131\u015f ak\u015fam\u0131 d\u0131\u015farda b\u0131rakm\u0131\u015f. Tifoya yakalanm\u0131\u015f. Doktora g\u00f6t\u00fcren de yok. \u0130\u015fitme ve konu\u015fma \u00f6z\u00fcrl\u00fc oldu. K\u00fc\u00e7\u00fckken bunun pek de fark\u0131nda de\u011fildim\u2026\u201d<\/p>\n<p>-Arpa-bu\u011fday demetlerinden bir oda<\/p>\n<p>Yazlar\u0131 Baf\u2019tan Mesarya\u2019ya gelip arpa-bu\u011fday bi\u00e7en annesinin ba\u011f bozumunda da Baf\u2019ta \u00fcz\u00fcm toplad\u0131\u011f\u0131n\u0131 anlatan Mehmet Kansu, \u201cAnnem orak bi\u00e7meye beni de g\u00f6t\u00fcr\u00fcrm\u00fc\u015f. Tek hat\u0131rlad\u0131\u011f\u0131m g\u00fcne\u015ften korumak i\u00e7in beni demetlerden yap\u0131lan odac\u0131k gibi bir yere koydu\u011fudur\u201d dedi.<\/p>\n<p>Kansu annesini \u201cSessiz bir proleterdi\u2026Mesarya r\u00fczgarlar\u0131na orak sallayan kad\u0131nd\u0131\u201d s\u00f6zleriyle and\u0131.<\/p>\n<p>-Mezarl\u0131kta ve k\u00fclhanda uyuyan o \u00e7ocuk<\/p>\n<p>Annesi imam nikah\u0131yla evlenince Lefko\u015fa\u2019ya ta\u015f\u0131nd\u0131klar\u0131n\u0131 anlatan Mehmet Kansu, \u00fcvey babas\u0131yla ilgili k\u00f6t\u00fc an\u0131lar\u0131 anlatt\u0131, \u015fiddet g\u00f6rd\u00fc\u011f\u00fcn\u00fc s\u00f6yledi.<\/p>\n<p>Annesinin bu adamdan ayr\u0131lmas\u0131yla sokakta kald\u0131klar\u0131n\u0131 anlatan Mehmet Kansu, \u015f\u00f6yle devam etti:<\/p>\n<p>\u201cAnnem hep \u00e7al\u0131\u015ft\u0131. Sabun fabrikas\u0131ndan ald\u0131\u011f\u0131 sabun kirini (s\u0131v\u0131 sabunu) benzin tenekesine koyar, evleri dola\u015f\u0131r, \u00f6l\u00e7\u00fcyle satard\u0131. Bana bakacak kimse olmad\u0131\u011f\u0131 i\u00e7in hep sokaklardayd\u0131m. Bir d\u00f6nem Yeni\u015fehir taraf\u0131nda bitmemi\u015f bir in\u015faatta kald\u0131k, kap\u0131 yok pencere yok. \u00d6merge Camii mezarl\u0131\u011f\u0131nda da kald\u0131k. Annem mezarl\u0131kta iki servi aras\u0131na \u00e7ar\u015faf gererdi o \u00e7ar\u015faf\u0131n arkas\u0131na kilim serip uyurduk. Havalar so\u011fumaya ba\u015flay\u0131nca \u00d6merge Hamam\u0131\u2019na, hamam\u0131n suyunun \u0131s\u0131t\u0131ld\u0131\u011f\u0131 k\u00fclhana s\u0131\u011f\u0131n\u0131rd\u0131k.\u201d<\/p>\n<p>Yaln\u0131z kald\u0131\u011f\u0131 gecelerde \u00e7ok korktu\u011funu, bunun bir \u00e7ocuk i\u00e7in ne kadar zor oldu\u011funu anlatan Kansu, \u015funlar\u0131 da s\u00f6yledi:<\/p>\n<p>\u201cAnnemin olmad\u0131\u011f\u0131 bir gece k\u00fclhanda bir h\u0131\u015f\u0131rt\u0131 duydum. \u00d6d\u00fcm koptu. Odunlar\u0131n aras\u0131ndan bir kaplumba\u011fa \u00e7\u0131kt\u0131, bak\u0131\u015ft\u0131k ve yava\u015f yava\u015f yan\u0131mdan ge\u00e7ip gitti. O kaplumba\u011fa bana cesaret vermi\u015fti\u2026\u201d<\/p>\n<p>-Baf\u2019a evlatl\u0131k verildi, \u015fefkat de\u011fil, \u015fiddet g\u00f6rd\u00fc<\/p>\n<p>Sokaklarda kalmas\u0131n, bak\u0131m g\u00f6rs\u00fcn diye iyiliksever kom\u015fular\u0131n arac\u0131l\u0131\u011f\u0131yla Baf\u2019ta bir aileye evlatl\u0131k verildi\u011fini s\u00f6yleyen Mehmet Kansu, \u015f\u00f6yle devam etti:<\/p>\n<p>\u201cBir anda kendimi Baf\u2019ta buldum, nas\u0131l gitti\u011fimi de hat\u0131rlam\u0131yorum. S\u0131tk\u0131ye Han\u0131m diye emekli bir ilkokul m\u00fcdiresine evlatl\u0131k verdiler beni. \u0130ngiliz d\u00f6neminde yeti\u015fmi\u015f, disiplinli ve otoriter bir kad\u0131nd\u0131. Sakin bir adam olan e\u015fi Haf\u0131z Cevdet Ramadan\u2019a \u2018dede\u2019 derdim.<\/p>\n<p>S\u0131tk\u0131ye Han\u0131m bana ablal\u0131k da yapmad\u0131, \u015fefkat de g\u00f6stermedi. Sadece emretti. \u2018Gel\u2019, \u2018git\u2019, \u2018mermerleri sil\u2019\u2026 Sildi\u011fim mermerleri be\u011fenmezse ba\u015ftan sildirirdi. \u00c7ok daya\u011f\u0131n\u0131 yedim. Sokakta b\u00fcy\u00fcd\u00fc\u011f\u00fcm i\u00e7in baz\u0131 uygunsuz s\u00f6zler kullan\u0131rd\u0131m. S\u0131tk\u0131ye Han\u0131m bir defas\u0131nda beni yere yat\u0131rd\u0131, ellerime bast\u0131 ve a\u011fz\u0131ma biber s\u00fcrd\u00fc.<\/p>\n<p>Beni bir yere g\u00f6nderece\u011finde yere t\u00fck\u00fcr\u00fcr, \u2018Kurumadan geleceksin\u2019 derdi. Bir defas\u0131nda Dip Baf\u2019a yollad\u0131 beni, 2,5-3 mili yal\u0131nayak ve ko\u015farak gittim. Orada Tantura day\u0131 vard\u0131, \u2018D\u00f6nmeden ayaklar\u0131n\u0131 denize sok\u2019 dedi. \u00d6yle yapt\u0131m ve iyi geldi, sanki ayakkab\u0131m varm\u0131\u015f gibi..\u201d<\/p>\n<p>-M. Kansu imzas\u0131<\/p>\n<p>Baf\u2019tayken ald\u0131\u011f\u0131 Kansu soyad\u0131n\u0131n 1920\u2019li y\u0131llarda t\u0131p ve antropoloji e\u011fitimi alan T\u00fcrk bilim insan\u0131 ve hekim Ordinary\u00fcs Profes\u00f6r Dr. \u015eevket Aziz Kansu\u2019dan geldi\u011fini ifade eden Mehmet Kansu, \u015funlar\u0131 payla\u015ft\u0131:<\/p>\n<p>\u201cDedem Haf\u0131z Cevdet Ramadan, \u0130stanbul\u2019da Deniz Harp Okulu\u2019na gitmi\u015f, Balkan Sava\u015flar\u0131 ba\u015flad\u0131\u011f\u0131 i\u00e7in okulu bitiremeden d\u00f6nm\u00fc\u015ft\u00fc. \u0130stanbullu okul arkada\u015f\u0131 \u015eevket Aziz Kansu ile ba\u011flar\u0131 kopmad\u0131. Bir g\u00fcn bana \u2018Senin ad\u0131n Kansu olsun\u2019 dedi. \u0130lkokula giderdim. Mehmet\u2019in \u00f6n\u00fcne nokta koymaya ba\u015flad\u0131m ve M. Kansu imzam oldu. Mehmet denilmesini yad\u0131rgar\u0131m \u00e7\u00fcnk\u00fc bana hep Kansu derler.\u201d<\/p>\n<p>-\u00c7al\u0131\u015ft\u0131\u011f\u0131 yaz tatilleri<\/p>\n<p>\u0130yi bir insan olan Haf\u0131z Cevdet Ramadan\u2019\u0131n maddi durumu nedeniyle kendisine destek olamad\u0131\u011f\u0131n\u0131 anlatan Mehmet Kansu, okul \u00fccretini (duhuliye) \u00f6deyemedi\u011fi i\u00e7in 2 kez Baf Ortaokulu\u2019ndan at\u0131ld\u0131\u011f\u0131n\u0131 ve \u00e7ok \u00fcz\u00fcld\u00fc\u011f\u00fcn\u00fc an\u0131msad\u0131.<\/p>\n<p>Okul paras\u0131n\u0131 biriktirmek, defter kitap, bir \u00e7ift de ayakkab\u0131 alabilmek i\u00e7in yazlar\u0131, markette, tarlalarda \u00e7al\u0131\u015ft\u0131\u011f\u0131n\u0131 s\u00f6yleyen Mehmet Kansu, \u0130kinci D\u00fcnya Sava\u015f\u0131\u2019n\u0131n o d\u00f6neme etkisini de \u015f\u00f6yle anlatt\u0131:<\/p>\n<p>\u201cEy\u00fcp Nafi\u2019nin \u00fcnl\u00fc marketinde \u00e7al\u0131\u015f\u0131rd\u0131m. \u0130nsanlar bir garto ekmek al\u0131rd\u0131. Ne demekti garto? Ekme\u011fin d\u00f6rtte biri\u2026 1940\u2019l\u0131 y\u0131llar\u0131n sonunda insanlar\u0131n b\u00fct\u00fcn ekmek alacak paras\u0131 yoktu\u2026\u201d<\/p>\n<p>-\u0130lk kitap Baf esnaf\u0131 \u015eerifali\u2019den<\/p>\n<p>Zor ko\u015fullara ra\u011fmen, okula gitmekten, okuma azminden hi\u00e7 vazge\u00e7medi\u011fini ancak bazen anal\u0131 babal\u0131 \u00e7ocuklar\u0131n yerinde olmay\u0131 istedi\u011fini s\u00f6yleyen Mehmet Kansu, kitap okumaya nas\u0131l ilgili duydu\u011funu \u015f\u00f6yle anlatt\u0131:<\/p>\n<p>\u201cOrhan \u00c7ak\u0131ro\u011flu\u2019nun polisiye kitab\u0131n\u0131 \u015eerifali\u2019nin d\u00fckk\u00e2nda g\u00f6rd\u00fcm. Gider, kitab\u0131 elime al\u0131r sonra da yerine koyard\u0131m, alacak param yoktu. D\u00fckk\u00e2na 2\u2019nci 3\u2019\u00fcnc\u00fc gidi\u015fimde \u015eerifali, \u2018Al senin olsun \u2019 dedi. Sonra o kitab\u0131n ikincisini merak ettim ve b\u00f6yle b\u00f6yle okumaya ba\u015flad\u0131m.\u201d<\/p>\n<p>-Beyaz k\u00fct\u00fcphane ve G\u00fczel Dost roman\u0131<\/p>\n<p>\u015eerifali\u2019nin d\u00fckkan\u0131ndan daha \u00e7ok kitab\u0131n oldu\u011fu k\u00fct\u00fcphaneye ilk gidi\u015fini de unutmad\u0131\u011f\u0131n\u0131 belirten Kansu, \u015funlar\u0131 payla\u015ft\u0131:<\/p>\n<p>\u201cArkada\u015f\u0131m\u0131 takip ettim \u00e7\u00fcnk\u00fc gidece\u011fi yerin, k\u00fct\u00fcphanenin ne oldu\u011funu bilmiyordum. Beyaz bir binadan i\u00e7eri girdi\u2026Ben \u00e7ekindim. Sahipsiz bir \u00e7ocuk olarak buradan i\u00e7eri girebilir miydim? Cesaretimi toplad\u0131m ve girdim, kimse de bana bir \u015fey s\u00f6ylemedi. T\u00fcrk\u00e7e kitaplar buldum orda. \u2018G\u00fczel Dost\u2019 diye Frans\u0131zcadan \u00e7eviri bir roman ald\u0131m elime ve masaya oturup okumaya ba\u015flad\u0131m. O romandaki gencin hayat\u0131 hayat\u0131ma \u00e7ok benzerdi.\u201d<\/p>\n<p>-Ali Ratip Beyin so\u011fan tarlas\u0131 ve 60 y\u0131ld\u0131r saklanan mektup<\/p>\n<p>Kansu\u2019nun unutulmaz an\u0131lar\u0131 aras\u0131nda bir yaz tatilinde okul arkada\u015f\u0131 R\u0131dvan\u2019\u0131n k\u00f6y\u00fc Ye\u015filova\u2019ya (Mandirga) davet edilmesi de var.<\/p>\n<p>\u201cR\u0131dvan\u2019\u0131n babas\u0131 desteband\u0131, bana so\u011fan tarlas\u0131nda i\u015f buldu. \u0130nanmayacaks\u0131n\u0131z o d\u00f6nemde Arap \u00fclkelerine Baf\u2019tan so\u011fan ihra\u00e7 edilirdi. Sabah 05.30\u2019tan ak\u015fam 17.30\u2019a kadar so\u011fan s\u00f6kerdim. Ba\u015fka k\u00f6ylerden insanlar da vard\u0131 tarlada i\u015flemeye gelen. Yeme\u011fi hep bir arada yerlerdi ama ben onlar\u0131n yan\u0131na gitmeye \u00e7ekinirdim.<\/p>\n<p>Gelirken dedemin bana verdi\u011fi bir \u015filinle yar\u0131m ekmek, biraz domates biraz da zeytin ald\u0131m, tarla sahibi Ali Ratip Bey geldi yan\u0131ma yediklerime bakt\u0131 ve \u2018Bir de so\u011fan k\u0131r, g\u00fczel olur\u2019 dedi. Sofram zenginle\u015fti.<\/p>\n<p>Suyu \u00e7ok severdim, tarladan \u00e7\u0131kar \u00e7\u0131kmaz k\u00f6y\u00fcn d\u0131\u015f\u0131nda, kayalardan akan p\u0131narda sevinerek y\u0131kan\u0131rd\u0131m. Sonra da R\u0131dvan\u2019la incirin alt\u0131nda uyurduk.<\/p>\n<p>Dedem bana k\u00f6y\u00fcn \u015fof\u00f6r\u00fcyle selam g\u00f6nderdi. Ben de ona \u2018\u0130ncirin alt\u0131nda uyuyorum, iyiyim ama ekme\u011fimle domatesim kalmad\u0131\u201d yazd\u0131m. Uydurup g\u00f6nderemedim ama 60 senedir o mektubu saklar\u0131m. Son kitab\u0131mda kullanaca\u011f\u0131m.\u201d<\/p>\n<p>-\u0130lk ev misafiri<\/p>\n<p>Evlatl\u0131k verildi\u011fi S\u0131tk\u0131ye Han\u0131m\u0131n \u00e7ar\u015f\u0131da manavl\u0131k yapan evli bir adamla \u0130ngiltere\u2019ye ka\u00e7t\u0131\u011f\u0131n\u0131 s\u00f6yleyen Mehmet Kansu, \u201cdede\u201d diye hitap etti\u011fi Cevdet Ramadan\u2019la ba\u015f ba\u015fa kald\u0131klar\u0131n\u0131 anlatt\u0131.<\/p>\n<p>Tahtadan minderi, yongayla doldurulmu\u015f \u015filtesi ve yast\u0131\u011f\u0131na ra\u011fmen Poli Ortaokulu\u2019ndan arkada\u015f\u0131 Hasan \u015eefik Altay\u2019\u0131 evinde a\u011f\u0131rlad\u0131\u011f\u0131n\u0131 da an\u0131msayan Mehmet Kansu, S\u0131tk\u0131ye Han\u0131m\u0131n gidi\u015finden sonra hayatlar\u0131n\u0131n \u00e7ok daha rahat oldu\u011funu s\u00f6yledi.<\/p>\n<p>-Tahtadan valizle Lefko\u015fa yolcu\u011fu\u2026 S\u0131\u011f\u0131nacak bir yer ararken annesini buldu<\/p>\n<p>Mehmet Kansu, Baf\u2019ta lise olmad\u0131\u011f\u0131n\u0131 s\u00f6yleyerek, \u201cLefko\u015fa\u2019ya gitmekten ba\u015fka \u00e7are yoktu\u201d deyip \u015f\u00f6yle devam etti:<\/p>\n<p>\u201cTahtadan bir valiz uydurdum, onun i\u00e7ine bir \u015feyler koyup otob\u00fcse bindim. Bir anne var ama nerededir, nas\u0131l bulaca\u011f\u0131m? Kalacak yerim yoktu ama sokak tecr\u00fcbem vard\u0131. \u00c7ok zorda bir yerlerde yatacakt\u0131m. Lefko\u015fa\u2019ya gelince \u2018Bafl\u0131 konu\u015fma -i\u015fitme \u00f6z\u00fcrl\u00fc bir kad\u0131n var, tan\u0131r m\u0131s\u0131n\u0131z\u2019 diye sormaya ba\u015flad\u0131m insanlara\u2026Bir kad\u0131n bana ilerdeki kerpi\u00e7 evi g\u00f6sterdi. Tahta, par\u00e7alanm\u0131\u015f bir kap\u0131. Elimle hafif\u00e7e ittim, korkuyordum da\u2026Bir kad\u0131nla g\u00f6z g\u00f6ze geldik. Annem oldu\u011funu hissettim. O da o\u011flu oldu\u011fumu bildi ama ne hissetti bilemem. S\u0131\u011f\u0131nacak yer ararken annemi buldum. Tekrar evlenmi\u015f. 3 \u00e7ocu\u011fu olmu\u015f. Evlendi\u011fi adam b\u0131\u00e7akland\u0131\u011f\u0131 kavgada \u00f6lm\u00fc\u015f. \u00dcvey karde\u015flerim benden k\u00fc\u00e7\u00fckt\u00fcler. Annem o d\u00f6nem yasemin satar, zeytin yapra\u011f\u0131yla insanlar\u0131 t\u00fct\u00fct\u00fcrd\u00fc \u00c7a\u011flayan\u2019da.\u201d<\/p>\n<p>Lisede \u00fccretsiz (meccani) okudu\u011funu, \u00f6yle olmasa e\u011fitimine devam edemeyece\u011fini s\u00f6yleyen Mehmet Kansu, tatillerde \u00e7al\u0131\u015ft\u0131\u011f\u0131n\u0131, elektrik ve telefon direkleri i\u00e7in \u00e7ukur kazarken avu\u00e7lar\u0131n\u0131n patlad\u0131\u011f\u0131n\u0131 s\u00f6yledi, durumu fark edip ona ba\u015fka i\u015f veren Miralay ustas\u0131n\u0131 rahmetle and\u0131.<\/p>\n<p>-\u00d6\u011fretmen Koleji, masada ilk kahvalt\u0131 ve ilk har\u00e7l\u0131kla al\u0131nan kareli g\u00f6mlek<\/p>\n<p>1958\u2019de \u00d6\u011fretmen Kolejini kazanarak yat\u0131l\u0131 olarak G\u00fczelyurt\u2019ta okumaya giden Mehmet Kansu, o d\u00f6nem \u0130ngiliz idaresinin \u00f6\u011frenciler cep har\u00e7l\u0131\u011f\u0131 verdi\u011fini s\u00f6yleyerek, \u201c3 K\u0131br\u0131s Liras\u0131 bir \u00f6\u011frenci i\u00e7in iyi parayd\u0131\u201d dedi.<\/p>\n<p>\u201c\u0130lk cep har\u00e7l\u0131\u011f\u0131mla Uzun Yol\u2019dan, Avakian\u2019dan bir g\u00f6mlek ald\u0131m. K\u00fc\u00e7\u00fck kareleri olan bir g\u00f6mlek\u2026 \u0130lk kez \u00d6\u011fretmen Koleji\u2019nde masada kahvalt\u0131 yapt\u0131m ve ilk defa orada bir meslek sahibi olma yolunda oldu\u011fumu hissettim..\u201d<\/p>\n<p>\u0130lk g\u00f6rev yerinin 3 \u00f6\u011fretmenli Karakol \u0130lkokulu oldu\u011funu s\u00f6yleyen Mehmet Kansu, \u00f6\u011fretmenli\u011fi severek yapt\u0131\u011f\u0131n\u0131 ifade ederek, \u201c\u00d6\u011fretmen tiyatral beceriye sahip olacak, okuyacak, kendini yeti\u015ftirecek. Bu meslek heyecan duyulmazsa yap\u0131lmaz\u201d dedi.<\/p>\n<p>Burs kazand\u0131\u011f\u0131n\u0131, edebiyat okumak i\u00e7in Gazi E\u011fitim Enstit\u00fcs\u00fc\u2019ne gidece\u011fini ancak o d\u00f6nemki y\u00f6netimin \u00f6nce buna izin vermedi\u011fini s\u00f6yleyen Kansu, \u015f\u00f6yle devam etti:<\/p>\n<p>\u201cMa\u011fusa\u2019daki \u0130ngiliz \u015fube \u015fefiyle konu\u015ftum, ikna oldu ve bana \u00f6deneksiz izin verildi. Ankara\u2019da yaz\u0131yla i\u00e7 i\u00e7e oldum. T\u00fcrkiye\u2019deki 5 hececilerden biri olan Vasfi Mahir Kocat\u00fcrk hocamd\u0131. Mustafa Nihat \u00d6z\u00f6n\u2019den, Kemal Demiray\u2019dan dersler ald\u0131m.\u201d<\/p>\n<p>\u2013 Demira\u011f\u2019la tan\u0131\u015fma, ilk \u015fiir kitab\u0131 ve \u015e\u00f6len dergisi<\/p>\n<p>Gazi E\u011fitim Enstit\u00fcs\u00fc\u2019nde tan\u0131\u015ft\u0131\u011f\u0131 Fikret Demira\u011f ile \u201c\u0130kinin Ya\u015fam\u0131\u201d adl\u0131 \u015fiir kitab\u0131n\u0131 \u00e7\u0131karak sanatsal hayat\u0131na ba\u015flayan Mehmet Kansu, 1960\u2019l\u0131 y\u0131llarda T\u00fcrkiye\u2019de ba\u015flayan \u00f6z T\u00fcrk\u00e7e ak\u0131m\u0131n\u0131 K\u0131br\u0131s\u2019ta da uygulamak i\u00e7in arkada\u015flar\u0131yla ayl\u0131k k\u00fclt\u00fcr-sanat dergisi \u015e\u00f6len\u2019i \u00e7\u0131kard\u0131\u011f\u0131n\u0131 s\u00f6yledi.<\/p>\n<p>1960\u2019tan 1963\u2019e kadar Bayraktar Ortaokulu ve Limasol 19 May\u0131s Lisesi\u2019nde g\u00f6rev yapan Kansu, o d\u00f6nemle ilgili bir an\u0131s\u0131n\u0131 da payla\u015ft\u0131.<\/p>\n<p>\u00d6dev yapmayan \u00f6\u011frencisinin evini buldu\u011funu, maddi olarak ne kadar zor durumda olduklar\u0131n\u0131 g\u00f6r\u00fcnce de b\u00f6yle \u00f6\u011frencilere yard\u0131m i\u00e7in \u00f6\u011fleden sonra g\u00f6n\u00fcll\u00fc olarak okulda kald\u0131klar\u0131n\u0131 anlatan Kansu, kendisini mutlu eden bir geli\u015fmeyi de payla\u015ft\u0131:<\/p>\n<p>\u201cPosta Dairesi\u2019nin \u00f6n\u00fcnde, benden biraz daha uzun, yak\u0131\u015f\u0131kl\u0131 bir gen\u00e7le kar\u015f\u0131la\u015ft\u0131m. Y\u00fcr\u00fcmeye \u00e7al\u0131\u015f\u0131r\u0131m, \u00f6n\u00fcme ge\u00e7er\u2026 \u2018Kimdir bu\u2019 dedim. Limasol\u2019da evine gitti\u011fim \u00f6\u011frencimmi\u015f. Avukat olmu\u015f, \u00e7ok mutlu oldum\u2026\u201d<\/p>\n<p>-M\u00fcfetti\u015f oldu<\/p>\n<p>Meslekta\u015f\u0131 \u0130nci Kansu ile 1962\u2019de evlendi\u011fini de s\u00f6yleyen Mehmet Kansu, toplumlararas\u0131 olaylar\u0131n ba\u015flamas\u0131yla 1963\u2019ten 1969\u2019a kadar er ve subay olarak m\u00fccahitli\u011fini yapt\u0131\u011f\u0131n\u0131 anlatt\u0131.<\/p>\n<p>M\u00fccahitlik sonras\u0131 e\u011fitimlere devam etti\u011fini, 1969\u2019da Hacettepe\u2019ye giderek Gazi E\u011fitim Enstit\u00fcs\u00fc\u2019ndeki fark derslerini verdi\u011fini anlatan Mehmet Kansu, \u00fclkeye d\u00f6nd\u00fc\u011f\u00fc 1972\u2019de tayin beklerken Ali S\u00fcha\u2019dan (E\u011fitim, K\u00fclt\u00fcr ve \u00d6\u011frenim \u0130\u015fleri \u00dcyesi) gelen m\u00fcfetti\u015flik teklifini kabul etti\u011fini s\u00f6yledi.<\/p>\n<p>-32 ya\u015f\u0131nda babas\u0131yla tan\u0131\u015ft\u0131.. \u201cMerhabala\u015ft\u0131k o kadar\u201d<\/p>\n<p>Hi\u00e7 g\u00f6rmedi\u011fi babas\u0131yla 32 ya\u015f\u0131nda, 2 de o\u011flu olmu\u015fken tan\u0131\u015ft\u0131\u011f\u0131n\u0131 s\u00f6yleyen Mehmet Kansu, \u201cMerhabala\u015ft\u0131k, o kadar. Ba\u011f yok, kin de yok. Hi\u00e7bir \u015fey hissetmedim. 6 y\u0131l uyumsuzluklar\u0131n \u00e7\u00f6z\u00fcm\u00fcyle ilgili komitede \u00e7al\u0131\u015fm\u0131\u015ft\u0131m ve orada \u00f6\u011frendi\u011fim bir \u015fey vard\u0131, \u2018i\u00e7 sesini k\u0131s\u2019 (Keep your inner voice down). Babam\u0131 g\u00f6rd\u00fc\u011f\u00fcmde de bunu yapt\u0131m.\u201d<\/p>\n<p>1976\u2019da 3 ayl\u0131k bir e\u011fitim i\u00e7in \u0130sko\u00e7ya\u2019ya gitti\u011fini, her zaman kendini geli\u015ftirmek i\u00e7in \u00e7abalad\u0131\u011f\u0131n\u0131 s\u00f6yleyen Mehmet Kansu, 1983\u2019te emekliye ayr\u0131ld\u0131\u011f\u0131n\u0131 ancak yazmaktan hi\u00e7 vazge\u00e7medi\u011fini belirtti.<\/p>\n<p>-65 y\u0131lda 47 eser<\/p>\n<p>Kansu, \u201cYazar, sadece yazan de\u011fil, toplumu g\u00f6ren, anlamaya \u00e7al\u0131\u015fand\u0131r. \u0130nsan\u0131 anlamazsak yazamay\u0131z\u2026 Beni Mehmet Kansu yapan, iyi bir g\u00f6zlemci olmam ve okumamd\u0131r\u201d dedi.<\/p>\n<p>1959\u2019dan bu yana 22\u2019si \u015fiir, 7\u2019si \u00f6yk\u00fc, 5\u2019i deneme, 13\u2019\u00fc yaz\u0131nsal t\u00fcr olmak \u00fczere 47 esere imza koyan Mehmet Kansu, Filozof Hannah Arendt\u2019in \u201cHayat bir anlat\u0131d\u0131r\u201d s\u00f6z\u00fcne de at\u0131fta bulunarak anlatmak i\u00e7in ya\u015famak gerekti\u011fini, ya\u015fanmayan bir \u015feyin anlat\u0131lmayaca\u011f\u0131n\u0131 s\u00f6yledi.<\/p>\n<\/p><\/div>\n<p><script async\n                    defer\n                    crossorigin=\"anonymous\"\n                    src=\"https:\/\/connect.facebook.net\/tr_TR\/sdk.js#xfbml=1&#038;version=v3.3\"\n            ><\/script><\/p>\n","protected":false},"excerpt":{"rendered":"<p>Sanat hayat\u0131nda 65 y\u0131l\u0131 geride b\u0131rakan e\u011fitimci, \u015fair ve \u00f6yk\u00fcc\u00fc Mehmet Kansu, \u201cYa\u015fad\u0131klar\u0131m\u0131 yazd\u0131m, yazmak bana her zaman iyi geldi\u201d dedi. \u201cAnneme borcumdur\u201d dedi\u011fi yeni bir kitap \u00e7al\u0131\u015fmas\u0131 oldu\u011funu s\u00f6yleyen Kansu, 1963\u2019te yazd\u0131\u011f\u0131 \u201cA\u011fa\u00e7kakanlar\u201d isimli tek perdelik fantastik oyunun da kitapla\u015fmak \u00fczere oldu\u011funu belirtti. 1959\u2019dan bu yana \u015fiir, \u00f6yk\u00fc, anlat\u0131, \u00e7eviri ve deneme t\u00fcr\u00fcnde 47 [&hellip;]<\/p>\n","protected":false},"author":1,"featured_media":1394,"comment_status":"open","ping_status":"open","sticky":false,"template":"","format":"standard","meta":{"jnews-multi-image_gallery":[],"jnews_single_post":[],"jnews_primary_category":[],"footnotes":""},"categories":[5],"tags":[],"class_list":["post-1393","post","type-post","status-publish","format-standard","has-post-thumbnail","hentry","category-turkiye"],"yoast_head":"<!-- This site is optimized with the Yoast SEO plugin v27.5 - https:\/\/yoast.com\/product\/yoast-seo-wordpress\/ -->\n<title>Do\u011fu Akdenizli bir \u015fair-\u00f6yk\u00fcc\u00fc: \u201cM. Kansu\u201d - Haber Kuzey<\/title>\n<meta name=\"robots\" content=\"index, follow, max-snippet:-1, max-image-preview:large, max-video-preview:-1\" \/>\n<link rel=\"canonical\" href=\"https:\/\/haberkuzey.com\/index.php\/2024\/05\/05\/dogu-akdenizli-bir-sair-oykucu-m-kansu\/\" \/>\n<meta property=\"og:locale\" content=\"tr_TR\" \/>\n<meta property=\"og:type\" content=\"article\" \/>\n<meta property=\"og:title\" content=\"Do\u011fu Akdenizli bir \u015fair-\u00f6yk\u00fcc\u00fc: \u201cM. Kansu\u201d - Haber Kuzey\" \/>\n<meta property=\"og:description\" content=\"Sanat hayat\u0131nda 65 y\u0131l\u0131 geride b\u0131rakan e\u011fitimci, \u015fair ve \u00f6yk\u00fcc\u00fc Mehmet Kansu, \u201cYa\u015fad\u0131klar\u0131m\u0131 yazd\u0131m, yazmak bana her zaman iyi geldi\u201d dedi. \u201cAnneme borcumdur\u201d dedi\u011fi yeni bir kitap \u00e7al\u0131\u015fmas\u0131 oldu\u011funu s\u00f6yleyen Kansu, 1963\u2019te yazd\u0131\u011f\u0131 \u201cA\u011fa\u00e7kakanlar\u201d isimli tek perdelik fantastik oyunun da kitapla\u015fmak \u00fczere oldu\u011funu belirtti. 1959\u2019dan bu yana \u015fiir, \u00f6yk\u00fc, anlat\u0131, \u00e7eviri ve deneme t\u00fcr\u00fcnde 47 [&hellip;]\" \/>\n<meta property=\"og:url\" content=\"https:\/\/haberkuzey.com\/index.php\/2024\/05\/05\/dogu-akdenizli-bir-sair-oykucu-m-kansu\/\" \/>\n<meta property=\"og:site_name\" content=\"Haber Kuzey\" \/>\n<meta property=\"article:published_time\" content=\"2024-05-05T08:13:55+00:00\" \/>\n<meta property=\"og:image\" content=\"https:\/\/brtk.net\/wp-content\/uploads\/2024\/05\/05\/mehmet-kansu-1-so.jpg?ver=7737e563821642f0f51b6f5e3ac90703\" \/>\n<meta name=\"author\" content=\"haberkuzey\" \/>\n<meta name=\"twitter:card\" content=\"summary_large_image\" \/>\n<meta name=\"twitter:label1\" content=\"Yazan:\" \/>\n\t<meta name=\"twitter:data1\" content=\"haberkuzey\" \/>\n\t<meta name=\"twitter:label2\" content=\"Tahmini okuma s\u00fcresi\" \/>\n\t<meta name=\"twitter:data2\" content=\"13 dakika\" \/>\n<script type=\"application\/ld+json\" class=\"yoast-schema-graph\">{\"@context\":\"https:\\\/\\\/schema.org\",\"@graph\":[{\"@type\":\"Article\",\"@id\":\"https:\\\/\\\/haberkuzey.com\\\/index.php\\\/2024\\\/05\\\/05\\\/dogu-akdenizli-bir-sair-oykucu-m-kansu\\\/#article\",\"isPartOf\":{\"@id\":\"https:\\\/\\\/haberkuzey.com\\\/index.php\\\/2024\\\/05\\\/05\\\/dogu-akdenizli-bir-sair-oykucu-m-kansu\\\/\"},\"author\":{\"name\":\"haberkuzey\",\"@id\":\"https:\\\/\\\/haberkuzey.com\\\/#\\\/schema\\\/person\\\/3372109ec735f9333f4fa47ebb9605ca\"},\"headline\":\"Do\u011fu Akdenizli bir \u015fair-\u00f6yk\u00fcc\u00fc: \u201cM. Kansu\u201d\",\"datePublished\":\"2024-05-05T08:13:55+00:00\",\"mainEntityOfPage\":{\"@id\":\"https:\\\/\\\/haberkuzey.com\\\/index.php\\\/2024\\\/05\\\/05\\\/dogu-akdenizli-bir-sair-oykucu-m-kansu\\\/\"},\"wordCount\":2646,\"commentCount\":0,\"image\":{\"@id\":\"https:\\\/\\\/haberkuzey.com\\\/index.php\\\/2024\\\/05\\\/05\\\/dogu-akdenizli-bir-sair-oykucu-m-kansu\\\/#primaryimage\"},\"thumbnailUrl\":\"https:\\\/\\\/haberkuzey.com\\\/wp-content\\\/uploads\\\/2024\\\/05\\\/mehmet-kansu-2-so.jpg\",\"articleSection\":[\"T\u00fcrkiye\"],\"inLanguage\":\"tr\",\"potentialAction\":[{\"@type\":\"CommentAction\",\"name\":\"Comment\",\"target\":[\"https:\\\/\\\/haberkuzey.com\\\/index.php\\\/2024\\\/05\\\/05\\\/dogu-akdenizli-bir-sair-oykucu-m-kansu\\\/#respond\"]}]},{\"@type\":\"WebPage\",\"@id\":\"https:\\\/\\\/haberkuzey.com\\\/index.php\\\/2024\\\/05\\\/05\\\/dogu-akdenizli-bir-sair-oykucu-m-kansu\\\/\",\"url\":\"https:\\\/\\\/haberkuzey.com\\\/index.php\\\/2024\\\/05\\\/05\\\/dogu-akdenizli-bir-sair-oykucu-m-kansu\\\/\",\"name\":\"Do\u011fu Akdenizli bir \u015fair-\u00f6yk\u00fcc\u00fc: \u201cM. Kansu\u201d - Haber Kuzey\",\"isPartOf\":{\"@id\":\"https:\\\/\\\/haberkuzey.com\\\/#website\"},\"primaryImageOfPage\":{\"@id\":\"https:\\\/\\\/haberkuzey.com\\\/index.php\\\/2024\\\/05\\\/05\\\/dogu-akdenizli-bir-sair-oykucu-m-kansu\\\/#primaryimage\"},\"image\":{\"@id\":\"https:\\\/\\\/haberkuzey.com\\\/index.php\\\/2024\\\/05\\\/05\\\/dogu-akdenizli-bir-sair-oykucu-m-kansu\\\/#primaryimage\"},\"thumbnailUrl\":\"https:\\\/\\\/haberkuzey.com\\\/wp-content\\\/uploads\\\/2024\\\/05\\\/mehmet-kansu-2-so.jpg\",\"datePublished\":\"2024-05-05T08:13:55+00:00\",\"author\":{\"@id\":\"https:\\\/\\\/haberkuzey.com\\\/#\\\/schema\\\/person\\\/3372109ec735f9333f4fa47ebb9605ca\"},\"breadcrumb\":{\"@id\":\"https:\\\/\\\/haberkuzey.com\\\/index.php\\\/2024\\\/05\\\/05\\\/dogu-akdenizli-bir-sair-oykucu-m-kansu\\\/#breadcrumb\"},\"inLanguage\":\"tr\",\"potentialAction\":[{\"@type\":\"ReadAction\",\"target\":[\"https:\\\/\\\/haberkuzey.com\\\/index.php\\\/2024\\\/05\\\/05\\\/dogu-akdenizli-bir-sair-oykucu-m-kansu\\\/\"]}]},{\"@type\":\"ImageObject\",\"inLanguage\":\"tr\",\"@id\":\"https:\\\/\\\/haberkuzey.com\\\/index.php\\\/2024\\\/05\\\/05\\\/dogu-akdenizli-bir-sair-oykucu-m-kansu\\\/#primaryimage\",\"url\":\"https:\\\/\\\/haberkuzey.com\\\/wp-content\\\/uploads\\\/2024\\\/05\\\/mehmet-kansu-2-so.jpg\",\"contentUrl\":\"https:\\\/\\\/haberkuzey.com\\\/wp-content\\\/uploads\\\/2024\\\/05\\\/mehmet-kansu-2-so.jpg\",\"width\":2480,\"height\":1656},{\"@type\":\"BreadcrumbList\",\"@id\":\"https:\\\/\\\/haberkuzey.com\\\/index.php\\\/2024\\\/05\\\/05\\\/dogu-akdenizli-bir-sair-oykucu-m-kansu\\\/#breadcrumb\",\"itemListElement\":[{\"@type\":\"ListItem\",\"position\":1,\"name\":\"Anasayfa\",\"item\":\"https:\\\/\\\/haberkuzey.com\\\/\"},{\"@type\":\"ListItem\",\"position\":2,\"name\":\"Do\u011fu Akdenizli bir \u015fair-\u00f6yk\u00fcc\u00fc: \u201cM. Kansu\u201d\"}]},{\"@type\":\"WebSite\",\"@id\":\"https:\\\/\\\/haberkuzey.com\\\/#website\",\"url\":\"https:\\\/\\\/haberkuzey.com\\\/\",\"name\":\"Haber Kuzey\",\"description\":\"Do\u011fru Haberin Adresi\",\"potentialAction\":[{\"@type\":\"SearchAction\",\"target\":{\"@type\":\"EntryPoint\",\"urlTemplate\":\"https:\\\/\\\/haberkuzey.com\\\/?s={search_term_string}\"},\"query-input\":{\"@type\":\"PropertyValueSpecification\",\"valueRequired\":true,\"valueName\":\"search_term_string\"}}],\"inLanguage\":\"tr\"},{\"@type\":\"Person\",\"@id\":\"https:\\\/\\\/haberkuzey.com\\\/#\\\/schema\\\/person\\\/3372109ec735f9333f4fa47ebb9605ca\",\"name\":\"haberkuzey\",\"image\":{\"@type\":\"ImageObject\",\"inLanguage\":\"tr\",\"@id\":\"https:\\\/\\\/secure.gravatar.com\\\/avatar\\\/f5fc875574b1575324358c3b9e6a32b8227aa5b74f3fa22e3cadb63e26fcc39c?s=96&d=mm&r=g\",\"url\":\"https:\\\/\\\/secure.gravatar.com\\\/avatar\\\/f5fc875574b1575324358c3b9e6a32b8227aa5b74f3fa22e3cadb63e26fcc39c?s=96&d=mm&r=g\",\"contentUrl\":\"https:\\\/\\\/secure.gravatar.com\\\/avatar\\\/f5fc875574b1575324358c3b9e6a32b8227aa5b74f3fa22e3cadb63e26fcc39c?s=96&d=mm&r=g\",\"caption\":\"haberkuzey\"},\"sameAs\":[\"https:\\\/\\\/haberkuzey.com\"],\"url\":\"https:\\\/\\\/haberkuzey.com\\\/index.php\\\/author\\\/haberkuzey\\\/\"}]}<\/script>\n<!-- \/ Yoast SEO plugin. -->","yoast_head_json":{"title":"Do\u011fu Akdenizli bir \u015fair-\u00f6yk\u00fcc\u00fc: \u201cM. Kansu\u201d - Haber Kuzey","robots":{"index":"index","follow":"follow","max-snippet":"max-snippet:-1","max-image-preview":"max-image-preview:large","max-video-preview":"max-video-preview:-1"},"canonical":"https:\/\/haberkuzey.com\/index.php\/2024\/05\/05\/dogu-akdenizli-bir-sair-oykucu-m-kansu\/","og_locale":"tr_TR","og_type":"article","og_title":"Do\u011fu Akdenizli bir \u015fair-\u00f6yk\u00fcc\u00fc: \u201cM. Kansu\u201d - Haber Kuzey","og_description":"Sanat hayat\u0131nda 65 y\u0131l\u0131 geride b\u0131rakan e\u011fitimci, \u015fair ve \u00f6yk\u00fcc\u00fc Mehmet Kansu, \u201cYa\u015fad\u0131klar\u0131m\u0131 yazd\u0131m, yazmak bana her zaman iyi geldi\u201d dedi. \u201cAnneme borcumdur\u201d dedi\u011fi yeni bir kitap \u00e7al\u0131\u015fmas\u0131 oldu\u011funu s\u00f6yleyen Kansu, 1963\u2019te yazd\u0131\u011f\u0131 \u201cA\u011fa\u00e7kakanlar\u201d isimli tek perdelik fantastik oyunun da kitapla\u015fmak \u00fczere oldu\u011funu belirtti. 1959\u2019dan bu yana \u015fiir, \u00f6yk\u00fc, anlat\u0131, \u00e7eviri ve deneme t\u00fcr\u00fcnde 47 [&hellip;]","og_url":"https:\/\/haberkuzey.com\/index.php\/2024\/05\/05\/dogu-akdenizli-bir-sair-oykucu-m-kansu\/","og_site_name":"Haber Kuzey","article_published_time":"2024-05-05T08:13:55+00:00","og_image":[{"url":"https:\/\/brtk.net\/wp-content\/uploads\/2024\/05\/05\/mehmet-kansu-1-so.jpg?ver=7737e563821642f0f51b6f5e3ac90703","type":"","width":"","height":""}],"author":"haberkuzey","twitter_card":"summary_large_image","twitter_misc":{"Yazan:":"haberkuzey","Tahmini okuma s\u00fcresi":"13 dakika"},"schema":{"@context":"https:\/\/schema.org","@graph":[{"@type":"Article","@id":"https:\/\/haberkuzey.com\/index.php\/2024\/05\/05\/dogu-akdenizli-bir-sair-oykucu-m-kansu\/#article","isPartOf":{"@id":"https:\/\/haberkuzey.com\/index.php\/2024\/05\/05\/dogu-akdenizli-bir-sair-oykucu-m-kansu\/"},"author":{"name":"haberkuzey","@id":"https:\/\/haberkuzey.com\/#\/schema\/person\/3372109ec735f9333f4fa47ebb9605ca"},"headline":"Do\u011fu Akdenizli bir \u015fair-\u00f6yk\u00fcc\u00fc: \u201cM. Kansu\u201d","datePublished":"2024-05-05T08:13:55+00:00","mainEntityOfPage":{"@id":"https:\/\/haberkuzey.com\/index.php\/2024\/05\/05\/dogu-akdenizli-bir-sair-oykucu-m-kansu\/"},"wordCount":2646,"commentCount":0,"image":{"@id":"https:\/\/haberkuzey.com\/index.php\/2024\/05\/05\/dogu-akdenizli-bir-sair-oykucu-m-kansu\/#primaryimage"},"thumbnailUrl":"https:\/\/haberkuzey.com\/wp-content\/uploads\/2024\/05\/mehmet-kansu-2-so.jpg","articleSection":["T\u00fcrkiye"],"inLanguage":"tr","potentialAction":[{"@type":"CommentAction","name":"Comment","target":["https:\/\/haberkuzey.com\/index.php\/2024\/05\/05\/dogu-akdenizli-bir-sair-oykucu-m-kansu\/#respond"]}]},{"@type":"WebPage","@id":"https:\/\/haberkuzey.com\/index.php\/2024\/05\/05\/dogu-akdenizli-bir-sair-oykucu-m-kansu\/","url":"https:\/\/haberkuzey.com\/index.php\/2024\/05\/05\/dogu-akdenizli-bir-sair-oykucu-m-kansu\/","name":"Do\u011fu Akdenizli bir \u015fair-\u00f6yk\u00fcc\u00fc: \u201cM. Kansu\u201d - Haber Kuzey","isPartOf":{"@id":"https:\/\/haberkuzey.com\/#website"},"primaryImageOfPage":{"@id":"https:\/\/haberkuzey.com\/index.php\/2024\/05\/05\/dogu-akdenizli-bir-sair-oykucu-m-kansu\/#primaryimage"},"image":{"@id":"https:\/\/haberkuzey.com\/index.php\/2024\/05\/05\/dogu-akdenizli-bir-sair-oykucu-m-kansu\/#primaryimage"},"thumbnailUrl":"https:\/\/haberkuzey.com\/wp-content\/uploads\/2024\/05\/mehmet-kansu-2-so.jpg","datePublished":"2024-05-05T08:13:55+00:00","author":{"@id":"https:\/\/haberkuzey.com\/#\/schema\/person\/3372109ec735f9333f4fa47ebb9605ca"},"breadcrumb":{"@id":"https:\/\/haberkuzey.com\/index.php\/2024\/05\/05\/dogu-akdenizli-bir-sair-oykucu-m-kansu\/#breadcrumb"},"inLanguage":"tr","potentialAction":[{"@type":"ReadAction","target":["https:\/\/haberkuzey.com\/index.php\/2024\/05\/05\/dogu-akdenizli-bir-sair-oykucu-m-kansu\/"]}]},{"@type":"ImageObject","inLanguage":"tr","@id":"https:\/\/haberkuzey.com\/index.php\/2024\/05\/05\/dogu-akdenizli-bir-sair-oykucu-m-kansu\/#primaryimage","url":"https:\/\/haberkuzey.com\/wp-content\/uploads\/2024\/05\/mehmet-kansu-2-so.jpg","contentUrl":"https:\/\/haberkuzey.com\/wp-content\/uploads\/2024\/05\/mehmet-kansu-2-so.jpg","width":2480,"height":1656},{"@type":"BreadcrumbList","@id":"https:\/\/haberkuzey.com\/index.php\/2024\/05\/05\/dogu-akdenizli-bir-sair-oykucu-m-kansu\/#breadcrumb","itemListElement":[{"@type":"ListItem","position":1,"name":"Anasayfa","item":"https:\/\/haberkuzey.com\/"},{"@type":"ListItem","position":2,"name":"Do\u011fu Akdenizli bir \u015fair-\u00f6yk\u00fcc\u00fc: \u201cM. Kansu\u201d"}]},{"@type":"WebSite","@id":"https:\/\/haberkuzey.com\/#website","url":"https:\/\/haberkuzey.com\/","name":"Haber Kuzey","description":"Do\u011fru Haberin Adresi","potentialAction":[{"@type":"SearchAction","target":{"@type":"EntryPoint","urlTemplate":"https:\/\/haberkuzey.com\/?s={search_term_string}"},"query-input":{"@type":"PropertyValueSpecification","valueRequired":true,"valueName":"search_term_string"}}],"inLanguage":"tr"},{"@type":"Person","@id":"https:\/\/haberkuzey.com\/#\/schema\/person\/3372109ec735f9333f4fa47ebb9605ca","name":"haberkuzey","image":{"@type":"ImageObject","inLanguage":"tr","@id":"https:\/\/secure.gravatar.com\/avatar\/f5fc875574b1575324358c3b9e6a32b8227aa5b74f3fa22e3cadb63e26fcc39c?s=96&d=mm&r=g","url":"https:\/\/secure.gravatar.com\/avatar\/f5fc875574b1575324358c3b9e6a32b8227aa5b74f3fa22e3cadb63e26fcc39c?s=96&d=mm&r=g","contentUrl":"https:\/\/secure.gravatar.com\/avatar\/f5fc875574b1575324358c3b9e6a32b8227aa5b74f3fa22e3cadb63e26fcc39c?s=96&d=mm&r=g","caption":"haberkuzey"},"sameAs":["https:\/\/haberkuzey.com"],"url":"https:\/\/haberkuzey.com\/index.php\/author\/haberkuzey\/"}]}},"_links":{"self":[{"href":"https:\/\/haberkuzey.com\/index.php\/wp-json\/wp\/v2\/posts\/1393","targetHints":{"allow":["GET"]}}],"collection":[{"href":"https:\/\/haberkuzey.com\/index.php\/wp-json\/wp\/v2\/posts"}],"about":[{"href":"https:\/\/haberkuzey.com\/index.php\/wp-json\/wp\/v2\/types\/post"}],"author":[{"embeddable":true,"href":"https:\/\/haberkuzey.com\/index.php\/wp-json\/wp\/v2\/users\/1"}],"replies":[{"embeddable":true,"href":"https:\/\/haberkuzey.com\/index.php\/wp-json\/wp\/v2\/comments?post=1393"}],"version-history":[{"count":0,"href":"https:\/\/haberkuzey.com\/index.php\/wp-json\/wp\/v2\/posts\/1393\/revisions"}],"wp:featuredmedia":[{"embeddable":true,"href":"https:\/\/haberkuzey.com\/index.php\/wp-json\/wp\/v2\/media\/1394"}],"wp:attachment":[{"href":"https:\/\/haberkuzey.com\/index.php\/wp-json\/wp\/v2\/media?parent=1393"}],"wp:term":[{"taxonomy":"category","embeddable":true,"href":"https:\/\/haberkuzey.com\/index.php\/wp-json\/wp\/v2\/categories?post=1393"},{"taxonomy":"post_tag","embeddable":true,"href":"https:\/\/haberkuzey.com\/index.php\/wp-json\/wp\/v2\/tags?post=1393"}],"curies":[{"name":"wp","href":"https:\/\/api.w.org\/{rel}","templated":true}]}}