{"id":1377,"date":"2024-05-05T04:10:53","date_gmt":"2024-05-05T01:10:53","guid":{"rendered":"https:\/\/haberkuzey.com\/index.php\/2024\/05\/05\/misir-israilin-barisi-reddetmesi-tum-bolgeyi-benzeri-gorulmemis-tehditlere-surukleyecek\/"},"modified":"2024-05-05T04:10:53","modified_gmt":"2024-05-05T01:10:53","slug":"misir-israilin-barisi-reddetmesi-tum-bolgeyi-benzeri-gorulmemis-tehditlere-surukleyecek","status":"publish","type":"post","link":"https:\/\/haberkuzey.com\/index.php\/2024\/05\/05\/misir-israilin-barisi-reddetmesi-tum-bolgeyi-benzeri-gorulmemis-tehditlere-surukleyecek\/","title":{"rendered":"M\u0131s\u0131r: \u0130srail&#039;in bar\u0131\u015f\u0131 reddetmesi t\u00fcm b\u00f6lgeyi benzeri g\u00f6r\u00fclmemi\u015f tehditlere s\u00fcr\u00fckleyecek"},"content":{"rendered":"<p><\/p>\n<div>\n<p>&#13;<br \/>\n\t<a href=\"https:\/\/www.trthaber.com\/etiket\/misir\/\" target=\"_blank\" rel=\"noopener\">M\u0131s\u0131r<\/a> D\u0131\u015fi\u015fleri Bakanl\u0131\u011f\u0131ndan yap\u0131lan a\u00e7\u0131klamaya g\u00f6re, Bakan \u015eukri, Cumhurba\u015fkan\u0131 Abdulfettah es-Sisi ad\u0131na, Gambiya&#8217;n\u0131n ba\u015fkenti Banjul&#8217;da ger\u00e7ekle\u015ftirilen <a href=\"https:\/\/www.trthaber.com\/etiket\/islam-isbirligi-teskilati\/\" target=\"_blank\" rel=\"noopener\">\u0130slam \u0130\u015fbirli\u011fi Te\u015fkilat\u0131<\/a> (\u0130\u0130T) 15. \u0130slam Zirvesi&#8217;nde konu\u015fma yapt\u0131.<\/p>\n<p>&#13;<br \/>\n\t\u015eukri, Filistinlilerin <a href=\"https:\/\/www.trthaber.com\/etiket\/bati-seria\/\" target=\"_blank\" rel=\"noopener\">Bat\u0131 \u015eeria<\/a> ve <a href=\"https:\/\/www.trthaber.com\/etiket\/gazze\/\" target=\"_blank\" rel=\"noopener\">Gazze<\/a> \u015eeridi&#8217;nden zorla yerinden edilmesi yoluyla Filistin davas\u0131n\u0131 tasfiye etme \u00e7abalar\u0131na kar\u015f\u0131 kararl\u0131 bir duru\u015f \u00e7a\u011fr\u0131s\u0131 yaparak, \u201cK\u0131z\u0131ldeniz ve mevcut \u00e7at\u0131\u015fman\u0131n b\u00f6lgede geni\u015flemesi belki de \u0130srail&#8217;in bar\u0131\u015f\u0131 reddeden tutumunun t\u00fcm b\u00f6lgeyi benzeri g\u00f6r\u00fclmemi\u015f tehditlere s\u00fcr\u00fckleyece\u011finin en iyi g\u00f6stergesidir.\u201d dedi.<\/p>\n<p>&#13;<br \/>\n\tDerhal ate\u015fkes ve Gazze \u015eeridi&#8217;ne yard\u0131m ak\u0131\u015f\u0131na ili\u015fkin <a href=\"https:\/\/www.trthaber.com\/etiket\/birlesmis-milletler\/\" target=\"_blank\" rel=\"noopener\">Birle\u015fmi\u015f Milletler<\/a> <a href=\"https:\/\/www.trthaber.com\/etiket\/guvenlik-konseyi\/\" target=\"_blank\" rel=\"noopener\">G\u00fcvenlik Konseyi<\/a> ve Birle\u015fmi\u015f Milletler Genel Kurulu kararlar\u0131n\u0131n uygulanmas\u0131 \u00e7a\u011fr\u0131s\u0131nda bulunan \u015eukri, \u201cM\u0131s\u0131r, \u0130srail&#8217;i, yerinden edilmi\u015f yakla\u015f\u0131k bir bu\u00e7uk milyon Filistinlinin son s\u0131\u011f\u0131na\u011f\u0131 olan (Gazze \u015eeridi\u2019nin g\u00fcneyindeki) Refah kentini i\u015fgaline kar\u015f\u0131 \u015fiddetle uyar\u0131yor.\u201d ifadesini kulland\u0131.<\/p>\n<p>&#13;<br \/>\n\t\u015eukri, 1967 s\u0131n\u0131rlar\u0131 \u00fczerinde ba\u015fkenti Do\u011fu <a href=\"https:\/\/www.trthaber.com\/etiket\/kudus\/\" target=\"_blank\" rel=\"noopener\">Kud\u00fcs<\/a> olan ba\u011f\u0131ms\u0131z bir Filistin devletinin kurulmas\u0131n\u0131n bir alternatifi olamayaca\u011f\u0131n\u0131, ancak bununla Orta Do\u011fu\u2019da istikrar\u0131n sa\u011flanabilece\u011fini kaydetti.<\/p>\n<p>&#13;<br \/>\n\t\u0130srail&#8217;in 7 Ekim&#8217;den bu yana Gazze \u015eeridi&#8217;ne d\u00fczenledi\u011fi sald\u0131r\u0131larda en az 14 bin 944\u2019\u00fc \u00e7ocuk, 9 bin 849&#8217;u kad\u0131n olmak \u00fczere 34 bin 654 Filistinli \u00f6ld\u00fcr\u00fcld\u00fc, 77 bin 908 ki\u015fi yaraland\u0131.<\/p>\n<p>&#13;<br \/>\n\tEnkaz alt\u0131nda halen binlerce \u00f6l\u00fc oldu\u011fu bildirilirken, halk\u0131n s\u0131\u011f\u0131nd\u0131\u011f\u0131 hastane ve <a href=\"https:\/\/www.trthaber.com\/etiket\/egitim\/\" target=\"_blank\" rel=\"noopener\">e\u011fitim<\/a> kurumlar\u0131 hedef al\u0131narak sivil altyap\u0131 da tahrip ediliyor.<\/p>\n<\/p><\/div>\n","protected":false},"excerpt":{"rendered":"<p>&#13; M\u0131s\u0131r D\u0131\u015fi\u015fleri Bakanl\u0131\u011f\u0131ndan yap\u0131lan a\u00e7\u0131klamaya g\u00f6re, Bakan \u015eukri, Cumhurba\u015fkan\u0131 Abdulfettah es-Sisi ad\u0131na, Gambiya&#8217;n\u0131n ba\u015fkenti Banjul&#8217;da ger\u00e7ekle\u015ftirilen \u0130slam \u0130\u015fbirli\u011fi Te\u015fkilat\u0131 (\u0130\u0130T) 15. \u0130slam Zirvesi&#8217;nde konu\u015fma yapt\u0131. &#13; \u015eukri, Filistinlilerin Bat\u0131 \u015eeria ve Gazze \u015eeridi&#8217;nden zorla yerinden edilmesi yoluyla Filistin davas\u0131n\u0131 tasfiye etme \u00e7abalar\u0131na kar\u015f\u0131 kararl\u0131 bir duru\u015f \u00e7a\u011fr\u0131s\u0131 yaparak, \u201cK\u0131z\u0131ldeniz ve mevcut \u00e7at\u0131\u015fman\u0131n b\u00f6lgede geni\u015flemesi [&hellip;]<\/p>\n","protected":false},"author":1,"featured_media":1378,"comment_status":"open","ping_status":"open","sticky":false,"template":"","format":"standard","meta":{"jnews-multi-image_gallery":[],"jnews_single_post":[],"jnews_primary_category":[],"footnotes":""},"categories":[],"tags":[],"class_list":["post-1377","post","type-post","status-publish","format-standard","has-post-thumbnail","hentry"],"yoast_head":"<!-- This site is optimized with the Yoast SEO plugin v27.5 - https:\/\/yoast.com\/product\/yoast-seo-wordpress\/ -->\n<title>M\u0131s\u0131r: \u0130srail&#039;in bar\u0131\u015f\u0131 reddetmesi t\u00fcm b\u00f6lgeyi benzeri g\u00f6r\u00fclmemi\u015f tehditlere s\u00fcr\u00fckleyecek - Haber Kuzey<\/title>\n<meta name=\"robots\" content=\"index, follow, max-snippet:-1, max-image-preview:large, max-video-preview:-1\" \/>\n<link rel=\"canonical\" href=\"https:\/\/haberkuzey.com\/index.php\/2024\/05\/05\/misir-israilin-barisi-reddetmesi-tum-bolgeyi-benzeri-gorulmemis-tehditlere-surukleyecek\/\" \/>\n<meta property=\"og:locale\" content=\"tr_TR\" \/>\n<meta property=\"og:type\" content=\"article\" \/>\n<meta property=\"og:title\" content=\"M\u0131s\u0131r: \u0130srail&#039;in bar\u0131\u015f\u0131 reddetmesi t\u00fcm b\u00f6lgeyi benzeri g\u00f6r\u00fclmemi\u015f tehditlere s\u00fcr\u00fckleyecek - Haber Kuzey\" \/>\n<meta property=\"og:description\" content=\"&#013; M\u0131s\u0131r D\u0131\u015fi\u015fleri Bakanl\u0131\u011f\u0131ndan yap\u0131lan a\u00e7\u0131klamaya g\u00f6re, Bakan \u015eukri, Cumhurba\u015fkan\u0131 Abdulfettah es-Sisi ad\u0131na, Gambiya&#8217;n\u0131n ba\u015fkenti Banjul&#8217;da ger\u00e7ekle\u015ftirilen \u0130slam \u0130\u015fbirli\u011fi Te\u015fkilat\u0131 (\u0130\u0130T) 15. \u0130slam Zirvesi&#8217;nde konu\u015fma yapt\u0131. &#013; \u015eukri, Filistinlilerin Bat\u0131 \u015eeria ve Gazze \u015eeridi&#8217;nden zorla yerinden edilmesi yoluyla Filistin davas\u0131n\u0131 tasfiye etme \u00e7abalar\u0131na kar\u015f\u0131 kararl\u0131 bir duru\u015f \u00e7a\u011fr\u0131s\u0131 yaparak, \u201cK\u0131z\u0131ldeniz ve mevcut \u00e7at\u0131\u015fman\u0131n b\u00f6lgede geni\u015flemesi [&hellip;]\" \/>\n<meta property=\"og:url\" content=\"https:\/\/haberkuzey.com\/index.php\/2024\/05\/05\/misir-israilin-barisi-reddetmesi-tum-bolgeyi-benzeri-gorulmemis-tehditlere-surukleyecek\/\" \/>\n<meta property=\"og:site_name\" content=\"Haber Kuzey\" \/>\n<meta property=\"article:published_time\" content=\"2024-05-05T01:10:53+00:00\" \/>\n<meta property=\"og:image\" content=\"https:\/\/trthaberstatic.cdn.wp.trt.com.tr\/resimler\/1964000\/misir-ap-1964084.jpg\" \/>\n<meta name=\"author\" content=\"haberkuzey\" \/>\n<meta name=\"twitter:card\" content=\"summary_large_image\" \/>\n<meta name=\"twitter:label1\" content=\"Yazan:\" \/>\n\t<meta name=\"twitter:data1\" content=\"haberkuzey\" \/>\n\t<meta name=\"twitter:label2\" content=\"Tahmini okuma s\u00fcresi\" \/>\n\t<meta name=\"twitter:data2\" content=\"1 dakika\" \/>\n<script type=\"application\/ld+json\" class=\"yoast-schema-graph\">{\"@context\":\"https:\\\/\\\/schema.org\",\"@graph\":[{\"@type\":\"Article\",\"@id\":\"https:\\\/\\\/haberkuzey.com\\\/index.php\\\/2024\\\/05\\\/05\\\/misir-israilin-barisi-reddetmesi-tum-bolgeyi-benzeri-gorulmemis-tehditlere-surukleyecek\\\/#article\",\"isPartOf\":{\"@id\":\"https:\\\/\\\/haberkuzey.com\\\/index.php\\\/2024\\\/05\\\/05\\\/misir-israilin-barisi-reddetmesi-tum-bolgeyi-benzeri-gorulmemis-tehditlere-surukleyecek\\\/\"},\"author\":{\"name\":\"haberkuzey\",\"@id\":\"https:\\\/\\\/haberkuzey.com\\\/#\\\/schema\\\/person\\\/3372109ec735f9333f4fa47ebb9605ca\"},\"headline\":\"M\u0131s\u0131r: \u0130srail&#039;in bar\u0131\u015f\u0131 reddetmesi t\u00fcm b\u00f6lgeyi benzeri g\u00f6r\u00fclmemi\u015f tehditlere s\u00fcr\u00fckleyecek\",\"datePublished\":\"2024-05-05T01:10:53+00:00\",\"mainEntityOfPage\":{\"@id\":\"https:\\\/\\\/haberkuzey.com\\\/index.php\\\/2024\\\/05\\\/05\\\/misir-israilin-barisi-reddetmesi-tum-bolgeyi-benzeri-gorulmemis-tehditlere-surukleyecek\\\/\"},\"wordCount\":292,\"commentCount\":0,\"image\":{\"@id\":\"https:\\\/\\\/haberkuzey.com\\\/index.php\\\/2024\\\/05\\\/05\\\/misir-israilin-barisi-reddetmesi-tum-bolgeyi-benzeri-gorulmemis-tehditlere-surukleyecek\\\/#primaryimage\"},\"thumbnailUrl\":\"https:\\\/\\\/haberkuzey.com\\\/wp-content\\\/uploads\\\/2024\\\/05\\\/misir-ap-1964084.jpg\",\"inLanguage\":\"tr\",\"potentialAction\":[{\"@type\":\"CommentAction\",\"name\":\"Comment\",\"target\":[\"https:\\\/\\\/haberkuzey.com\\\/index.php\\\/2024\\\/05\\\/05\\\/misir-israilin-barisi-reddetmesi-tum-bolgeyi-benzeri-gorulmemis-tehditlere-surukleyecek\\\/#respond\"]}]},{\"@type\":\"WebPage\",\"@id\":\"https:\\\/\\\/haberkuzey.com\\\/index.php\\\/2024\\\/05\\\/05\\\/misir-israilin-barisi-reddetmesi-tum-bolgeyi-benzeri-gorulmemis-tehditlere-surukleyecek\\\/\",\"url\":\"https:\\\/\\\/haberkuzey.com\\\/index.php\\\/2024\\\/05\\\/05\\\/misir-israilin-barisi-reddetmesi-tum-bolgeyi-benzeri-gorulmemis-tehditlere-surukleyecek\\\/\",\"name\":\"M\u0131s\u0131r: \u0130srail&#039;in bar\u0131\u015f\u0131 reddetmesi t\u00fcm b\u00f6lgeyi benzeri g\u00f6r\u00fclmemi\u015f tehditlere s\u00fcr\u00fckleyecek - Haber Kuzey\",\"isPartOf\":{\"@id\":\"https:\\\/\\\/haberkuzey.com\\\/#website\"},\"primaryImageOfPage\":{\"@id\":\"https:\\\/\\\/haberkuzey.com\\\/index.php\\\/2024\\\/05\\\/05\\\/misir-israilin-barisi-reddetmesi-tum-bolgeyi-benzeri-gorulmemis-tehditlere-surukleyecek\\\/#primaryimage\"},\"image\":{\"@id\":\"https:\\\/\\\/haberkuzey.com\\\/index.php\\\/2024\\\/05\\\/05\\\/misir-israilin-barisi-reddetmesi-tum-bolgeyi-benzeri-gorulmemis-tehditlere-surukleyecek\\\/#primaryimage\"},\"thumbnailUrl\":\"https:\\\/\\\/haberkuzey.com\\\/wp-content\\\/uploads\\\/2024\\\/05\\\/misir-ap-1964084.jpg\",\"datePublished\":\"2024-05-05T01:10:53+00:00\",\"author\":{\"@id\":\"https:\\\/\\\/haberkuzey.com\\\/#\\\/schema\\\/person\\\/3372109ec735f9333f4fa47ebb9605ca\"},\"breadcrumb\":{\"@id\":\"https:\\\/\\\/haberkuzey.com\\\/index.php\\\/2024\\\/05\\\/05\\\/misir-israilin-barisi-reddetmesi-tum-bolgeyi-benzeri-gorulmemis-tehditlere-surukleyecek\\\/#breadcrumb\"},\"inLanguage\":\"tr\",\"potentialAction\":[{\"@type\":\"ReadAction\",\"target\":[\"https:\\\/\\\/haberkuzey.com\\\/index.php\\\/2024\\\/05\\\/05\\\/misir-israilin-barisi-reddetmesi-tum-bolgeyi-benzeri-gorulmemis-tehditlere-surukleyecek\\\/\"]}]},{\"@type\":\"ImageObject\",\"inLanguage\":\"tr\",\"@id\":\"https:\\\/\\\/haberkuzey.com\\\/index.php\\\/2024\\\/05\\\/05\\\/misir-israilin-barisi-reddetmesi-tum-bolgeyi-benzeri-gorulmemis-tehditlere-surukleyecek\\\/#primaryimage\",\"url\":\"https:\\\/\\\/haberkuzey.com\\\/wp-content\\\/uploads\\\/2024\\\/05\\\/misir-ap-1964084.jpg\",\"contentUrl\":\"https:\\\/\\\/haberkuzey.com\\\/wp-content\\\/uploads\\\/2024\\\/05\\\/misir-ap-1964084.jpg\",\"width\":1280,\"height\":720},{\"@type\":\"BreadcrumbList\",\"@id\":\"https:\\\/\\\/haberkuzey.com\\\/index.php\\\/2024\\\/05\\\/05\\\/misir-israilin-barisi-reddetmesi-tum-bolgeyi-benzeri-gorulmemis-tehditlere-surukleyecek\\\/#breadcrumb\",\"itemListElement\":[{\"@type\":\"ListItem\",\"position\":1,\"name\":\"Anasayfa\",\"item\":\"https:\\\/\\\/haberkuzey.com\\\/\"},{\"@type\":\"ListItem\",\"position\":2,\"name\":\"M\u0131s\u0131r: \u0130srail&#039;in bar\u0131\u015f\u0131 reddetmesi t\u00fcm b\u00f6lgeyi benzeri g\u00f6r\u00fclmemi\u015f tehditlere s\u00fcr\u00fckleyecek\"}]},{\"@type\":\"WebSite\",\"@id\":\"https:\\\/\\\/haberkuzey.com\\\/#website\",\"url\":\"https:\\\/\\\/haberkuzey.com\\\/\",\"name\":\"Haber Kuzey\",\"description\":\"Do\u011fru Haberin Adresi\",\"potentialAction\":[{\"@type\":\"SearchAction\",\"target\":{\"@type\":\"EntryPoint\",\"urlTemplate\":\"https:\\\/\\\/haberkuzey.com\\\/?s={search_term_string}\"},\"query-input\":{\"@type\":\"PropertyValueSpecification\",\"valueRequired\":true,\"valueName\":\"search_term_string\"}}],\"inLanguage\":\"tr\"},{\"@type\":\"Person\",\"@id\":\"https:\\\/\\\/haberkuzey.com\\\/#\\\/schema\\\/person\\\/3372109ec735f9333f4fa47ebb9605ca\",\"name\":\"haberkuzey\",\"image\":{\"@type\":\"ImageObject\",\"inLanguage\":\"tr\",\"@id\":\"https:\\\/\\\/secure.gravatar.com\\\/avatar\\\/f5fc875574b1575324358c3b9e6a32b8227aa5b74f3fa22e3cadb63e26fcc39c?s=96&d=mm&r=g\",\"url\":\"https:\\\/\\\/secure.gravatar.com\\\/avatar\\\/f5fc875574b1575324358c3b9e6a32b8227aa5b74f3fa22e3cadb63e26fcc39c?s=96&d=mm&r=g\",\"contentUrl\":\"https:\\\/\\\/secure.gravatar.com\\\/avatar\\\/f5fc875574b1575324358c3b9e6a32b8227aa5b74f3fa22e3cadb63e26fcc39c?s=96&d=mm&r=g\",\"caption\":\"haberkuzey\"},\"sameAs\":[\"https:\\\/\\\/haberkuzey.com\"],\"url\":\"https:\\\/\\\/haberkuzey.com\\\/index.php\\\/author\\\/haberkuzey\\\/\"}]}<\/script>\n<!-- \/ Yoast SEO plugin. -->","yoast_head_json":{"title":"M\u0131s\u0131r: \u0130srail&#039;in bar\u0131\u015f\u0131 reddetmesi t\u00fcm b\u00f6lgeyi benzeri g\u00f6r\u00fclmemi\u015f tehditlere s\u00fcr\u00fckleyecek - Haber Kuzey","robots":{"index":"index","follow":"follow","max-snippet":"max-snippet:-1","max-image-preview":"max-image-preview:large","max-video-preview":"max-video-preview:-1"},"canonical":"https:\/\/haberkuzey.com\/index.php\/2024\/05\/05\/misir-israilin-barisi-reddetmesi-tum-bolgeyi-benzeri-gorulmemis-tehditlere-surukleyecek\/","og_locale":"tr_TR","og_type":"article","og_title":"M\u0131s\u0131r: \u0130srail&#039;in bar\u0131\u015f\u0131 reddetmesi t\u00fcm b\u00f6lgeyi benzeri g\u00f6r\u00fclmemi\u015f tehditlere s\u00fcr\u00fckleyecek - Haber Kuzey","og_description":"&#13; M\u0131s\u0131r D\u0131\u015fi\u015fleri Bakanl\u0131\u011f\u0131ndan yap\u0131lan a\u00e7\u0131klamaya g\u00f6re, Bakan \u015eukri, Cumhurba\u015fkan\u0131 Abdulfettah es-Sisi ad\u0131na, Gambiya&#8217;n\u0131n ba\u015fkenti Banjul&#8217;da ger\u00e7ekle\u015ftirilen \u0130slam \u0130\u015fbirli\u011fi Te\u015fkilat\u0131 (\u0130\u0130T) 15. \u0130slam Zirvesi&#8217;nde konu\u015fma yapt\u0131. &#13; \u015eukri, Filistinlilerin Bat\u0131 \u015eeria ve Gazze \u015eeridi&#8217;nden zorla yerinden edilmesi yoluyla Filistin davas\u0131n\u0131 tasfiye etme \u00e7abalar\u0131na kar\u015f\u0131 kararl\u0131 bir duru\u015f \u00e7a\u011fr\u0131s\u0131 yaparak, \u201cK\u0131z\u0131ldeniz ve mevcut \u00e7at\u0131\u015fman\u0131n b\u00f6lgede geni\u015flemesi [&hellip;]","og_url":"https:\/\/haberkuzey.com\/index.php\/2024\/05\/05\/misir-israilin-barisi-reddetmesi-tum-bolgeyi-benzeri-gorulmemis-tehditlere-surukleyecek\/","og_site_name":"Haber Kuzey","article_published_time":"2024-05-05T01:10:53+00:00","og_image":[{"url":"https:\/\/trthaberstatic.cdn.wp.trt.com.tr\/resimler\/1964000\/misir-ap-1964084.jpg","type":"","width":"","height":""}],"author":"haberkuzey","twitter_card":"summary_large_image","twitter_misc":{"Yazan:":"haberkuzey","Tahmini okuma s\u00fcresi":"1 dakika"},"schema":{"@context":"https:\/\/schema.org","@graph":[{"@type":"Article","@id":"https:\/\/haberkuzey.com\/index.php\/2024\/05\/05\/misir-israilin-barisi-reddetmesi-tum-bolgeyi-benzeri-gorulmemis-tehditlere-surukleyecek\/#article","isPartOf":{"@id":"https:\/\/haberkuzey.com\/index.php\/2024\/05\/05\/misir-israilin-barisi-reddetmesi-tum-bolgeyi-benzeri-gorulmemis-tehditlere-surukleyecek\/"},"author":{"name":"haberkuzey","@id":"https:\/\/haberkuzey.com\/#\/schema\/person\/3372109ec735f9333f4fa47ebb9605ca"},"headline":"M\u0131s\u0131r: \u0130srail&#039;in bar\u0131\u015f\u0131 reddetmesi t\u00fcm b\u00f6lgeyi benzeri g\u00f6r\u00fclmemi\u015f tehditlere s\u00fcr\u00fckleyecek","datePublished":"2024-05-05T01:10:53+00:00","mainEntityOfPage":{"@id":"https:\/\/haberkuzey.com\/index.php\/2024\/05\/05\/misir-israilin-barisi-reddetmesi-tum-bolgeyi-benzeri-gorulmemis-tehditlere-surukleyecek\/"},"wordCount":292,"commentCount":0,"image":{"@id":"https:\/\/haberkuzey.com\/index.php\/2024\/05\/05\/misir-israilin-barisi-reddetmesi-tum-bolgeyi-benzeri-gorulmemis-tehditlere-surukleyecek\/#primaryimage"},"thumbnailUrl":"https:\/\/haberkuzey.com\/wp-content\/uploads\/2024\/05\/misir-ap-1964084.jpg","inLanguage":"tr","potentialAction":[{"@type":"CommentAction","name":"Comment","target":["https:\/\/haberkuzey.com\/index.php\/2024\/05\/05\/misir-israilin-barisi-reddetmesi-tum-bolgeyi-benzeri-gorulmemis-tehditlere-surukleyecek\/#respond"]}]},{"@type":"WebPage","@id":"https:\/\/haberkuzey.com\/index.php\/2024\/05\/05\/misir-israilin-barisi-reddetmesi-tum-bolgeyi-benzeri-gorulmemis-tehditlere-surukleyecek\/","url":"https:\/\/haberkuzey.com\/index.php\/2024\/05\/05\/misir-israilin-barisi-reddetmesi-tum-bolgeyi-benzeri-gorulmemis-tehditlere-surukleyecek\/","name":"M\u0131s\u0131r: \u0130srail&#039;in bar\u0131\u015f\u0131 reddetmesi t\u00fcm b\u00f6lgeyi benzeri g\u00f6r\u00fclmemi\u015f tehditlere s\u00fcr\u00fckleyecek - Haber Kuzey","isPartOf":{"@id":"https:\/\/haberkuzey.com\/#website"},"primaryImageOfPage":{"@id":"https:\/\/haberkuzey.com\/index.php\/2024\/05\/05\/misir-israilin-barisi-reddetmesi-tum-bolgeyi-benzeri-gorulmemis-tehditlere-surukleyecek\/#primaryimage"},"image":{"@id":"https:\/\/haberkuzey.com\/index.php\/2024\/05\/05\/misir-israilin-barisi-reddetmesi-tum-bolgeyi-benzeri-gorulmemis-tehditlere-surukleyecek\/#primaryimage"},"thumbnailUrl":"https:\/\/haberkuzey.com\/wp-content\/uploads\/2024\/05\/misir-ap-1964084.jpg","datePublished":"2024-05-05T01:10:53+00:00","author":{"@id":"https:\/\/haberkuzey.com\/#\/schema\/person\/3372109ec735f9333f4fa47ebb9605ca"},"breadcrumb":{"@id":"https:\/\/haberkuzey.com\/index.php\/2024\/05\/05\/misir-israilin-barisi-reddetmesi-tum-bolgeyi-benzeri-gorulmemis-tehditlere-surukleyecek\/#breadcrumb"},"inLanguage":"tr","potentialAction":[{"@type":"ReadAction","target":["https:\/\/haberkuzey.com\/index.php\/2024\/05\/05\/misir-israilin-barisi-reddetmesi-tum-bolgeyi-benzeri-gorulmemis-tehditlere-surukleyecek\/"]}]},{"@type":"ImageObject","inLanguage":"tr","@id":"https:\/\/haberkuzey.com\/index.php\/2024\/05\/05\/misir-israilin-barisi-reddetmesi-tum-bolgeyi-benzeri-gorulmemis-tehditlere-surukleyecek\/#primaryimage","url":"https:\/\/haberkuzey.com\/wp-content\/uploads\/2024\/05\/misir-ap-1964084.jpg","contentUrl":"https:\/\/haberkuzey.com\/wp-content\/uploads\/2024\/05\/misir-ap-1964084.jpg","width":1280,"height":720},{"@type":"BreadcrumbList","@id":"https:\/\/haberkuzey.com\/index.php\/2024\/05\/05\/misir-israilin-barisi-reddetmesi-tum-bolgeyi-benzeri-gorulmemis-tehditlere-surukleyecek\/#breadcrumb","itemListElement":[{"@type":"ListItem","position":1,"name":"Anasayfa","item":"https:\/\/haberkuzey.com\/"},{"@type":"ListItem","position":2,"name":"M\u0131s\u0131r: \u0130srail&#039;in bar\u0131\u015f\u0131 reddetmesi t\u00fcm b\u00f6lgeyi benzeri g\u00f6r\u00fclmemi\u015f tehditlere s\u00fcr\u00fckleyecek"}]},{"@type":"WebSite","@id":"https:\/\/haberkuzey.com\/#website","url":"https:\/\/haberkuzey.com\/","name":"Haber Kuzey","description":"Do\u011fru Haberin Adresi","potentialAction":[{"@type":"SearchAction","target":{"@type":"EntryPoint","urlTemplate":"https:\/\/haberkuzey.com\/?s={search_term_string}"},"query-input":{"@type":"PropertyValueSpecification","valueRequired":true,"valueName":"search_term_string"}}],"inLanguage":"tr"},{"@type":"Person","@id":"https:\/\/haberkuzey.com\/#\/schema\/person\/3372109ec735f9333f4fa47ebb9605ca","name":"haberkuzey","image":{"@type":"ImageObject","inLanguage":"tr","@id":"https:\/\/secure.gravatar.com\/avatar\/f5fc875574b1575324358c3b9e6a32b8227aa5b74f3fa22e3cadb63e26fcc39c?s=96&d=mm&r=g","url":"https:\/\/secure.gravatar.com\/avatar\/f5fc875574b1575324358c3b9e6a32b8227aa5b74f3fa22e3cadb63e26fcc39c?s=96&d=mm&r=g","contentUrl":"https:\/\/secure.gravatar.com\/avatar\/f5fc875574b1575324358c3b9e6a32b8227aa5b74f3fa22e3cadb63e26fcc39c?s=96&d=mm&r=g","caption":"haberkuzey"},"sameAs":["https:\/\/haberkuzey.com"],"url":"https:\/\/haberkuzey.com\/index.php\/author\/haberkuzey\/"}]}},"_links":{"self":[{"href":"https:\/\/haberkuzey.com\/index.php\/wp-json\/wp\/v2\/posts\/1377","targetHints":{"allow":["GET"]}}],"collection":[{"href":"https:\/\/haberkuzey.com\/index.php\/wp-json\/wp\/v2\/posts"}],"about":[{"href":"https:\/\/haberkuzey.com\/index.php\/wp-json\/wp\/v2\/types\/post"}],"author":[{"embeddable":true,"href":"https:\/\/haberkuzey.com\/index.php\/wp-json\/wp\/v2\/users\/1"}],"replies":[{"embeddable":true,"href":"https:\/\/haberkuzey.com\/index.php\/wp-json\/wp\/v2\/comments?post=1377"}],"version-history":[{"count":0,"href":"https:\/\/haberkuzey.com\/index.php\/wp-json\/wp\/v2\/posts\/1377\/revisions"}],"wp:featuredmedia":[{"embeddable":true,"href":"https:\/\/haberkuzey.com\/index.php\/wp-json\/wp\/v2\/media\/1378"}],"wp:attachment":[{"href":"https:\/\/haberkuzey.com\/index.php\/wp-json\/wp\/v2\/media?parent=1377"}],"wp:term":[{"taxonomy":"category","embeddable":true,"href":"https:\/\/haberkuzey.com\/index.php\/wp-json\/wp\/v2\/categories?post=1377"},{"taxonomy":"post_tag","embeddable":true,"href":"https:\/\/haberkuzey.com\/index.php\/wp-json\/wp\/v2\/tags?post=1377"}],"curies":[{"name":"wp","href":"https:\/\/api.w.org\/{rel}","templated":true}]}}