{"id":13762,"date":"2024-11-26T12:31:54","date_gmt":"2024-11-26T10:31:54","guid":{"rendered":"https:\/\/haberkuzey.com\/index.php\/2024\/11\/26\/oktay-kaynaklar-tum-ada-halkina-aittir-ve-hakkaniyet-bazinda-paylasilmali\/"},"modified":"2024-11-26T12:31:54","modified_gmt":"2024-11-26T10:31:54","slug":"oktay-kaynaklar-tum-ada-halkina-aittir-ve-hakkaniyet-bazinda-paylasilmali","status":"publish","type":"post","link":"https:\/\/haberkuzey.com\/index.php\/2024\/11\/26\/oktay-kaynaklar-tum-ada-halkina-aittir-ve-hakkaniyet-bazinda-paylasilmali\/","title":{"rendered":"Oktay: Kaynaklar t\u00fcm ada halk\u0131na aittir ve hakkaniyet baz\u0131nda payla\u015f\u0131lmal\u0131"},"content":{"rendered":"<div>\n<div class=\"mariselle-image-container none\">\n                                            <\/div>\n<p>TBMM D\u0131\u015fi\u015fleri Komisyonu Ba\u015fkan\u0131 Fuat Oktay, K\u0131br\u0131s sorununa ili\u015fkin, \u201c(Akdeniz\u2019de) K\u0131br\u0131s meselemiz var bizim orada. Kuzey K\u0131br\u0131s T\u00fcrk Cumhuriyeti ve oran\u0131n kaynaklar\u0131 var. Var olan bir millet. Var olan T\u00fcrk milleti orada yok h\u00fckm\u00fcnde say\u0131lmak istendi. Zaten yetmi\u015f d\u00f6rt harekat\u0131yla da biz gereken cevab\u0131 verdik. Yani orada garant\u00f6r \u00fclke s\u0131fat\u0131yla gereken cevab\u0131 verdik. Ve hep de \u015funu s\u00f6yledik. Oran\u0131n t\u00fcm kaynaklar\u0131 art\u0131k t\u00fcm ada halk\u0131na aittir ve hakkaniyet baz\u0131nda bu payla\u015f\u0131lmal\u0131 dedik. Adan\u0131n zenginli\u011fi i\u00e7in payla\u015f\u0131lmal\u0131. Asl\u0131nda Akdeniz\u2019in t\u00fcm kaynaklar\u0131 da ayn\u0131 \u00e7er\u00e7evede.\u201d dedi.<\/p>\n<p>Oktay, \u0130talya merkezli d\u00fc\u015f\u00fcnce kurulu\u015fu Uluslararas\u0131 Siyasi \u00c7al\u0131\u015fmalar Enstit\u00fcs\u00fcn\u00fcn (ISPI), \u0130talya D\u0131\u015fi\u015fleri Bakanl\u0131\u011f\u0131n\u0131n katk\u0131lar\u0131yla bu y\u0131l 10\u2019uncusunu d\u00fczenledi\u011fi \u201cMED Akdeniz Diyalog Forumu\u201dna kat\u0131lmak i\u00e7in geldi\u011fi Roma\u2019da AA muhabirine de\u011ferlendirmelerde bulundu.<\/p>\n<p>\u2013 \u201cForumda iki konuya odaklanaca\u011f\u0131z: B\u00f6lgenin istikrar\u0131, bar\u0131\u015f ve g\u00fcvenli\u011finin sa\u011flanmas\u0131 ile Akdeniz ekonomisi\u201d<\/p>\n<p>\u0130talya\u2019n\u0131n y\u0131ll\u0131k ve \u00e7ok geni\u015f kat\u0131l\u0131ml\u0131 olarak d\u00fczenledi\u011fi MED Forumu\u2019na kat\u0131lmak i\u00e7in Roma\u2019ya geldiklerini belirten Oktay, \u201cBuraya \u00f6zellikle \u0130srail ve Filistin\u2019in de kat\u0131l\u0131yor olmas\u0131 bizim i\u00e7in bunu daha farkl\u0131 bir \u00f6neme ta\u015f\u0131yor.\u201d dedi.<\/p>\n<p>Forumdaki temaslar\u0131nda iki konuya odaklanacaklar\u0131n\u0131 dile getiren Oktay, \u201cBirincisi, b\u00f6lgenin istikrar\u0131, bar\u0131\u015f ve g\u00fcvenli\u011finin sa\u011flanmas\u0131yla alakal\u0131 \u00f6zellikle Akdeniz jeopoliti\u011finde. \u0130kinci program da Akdeniz ekonomisi \u00fczerine. Yani ekonomik kalk\u0131nma, \u00fclkeler aras\u0131ndaki ve Akdeniz\u2019in kendi i\u00e7erisindeki b\u00f6lgeler aras\u0131ndaki farklar ve bunlar\u0131n nas\u0131l giderilebilece\u011fiyle alakal\u0131 kalk\u0131nma boyutu ama ayn\u0131 zamanda da ba\u011flant\u0131, ula\u015f\u0131m, ula\u015ft\u0131rma diyebilece\u011fimiz ekonomiyi, kalk\u0131nmay\u0131 ilgilendiren alanlarla ilgili bir oturuma kat\u0131laca\u011f\u0131z. Her ikisi de \u00f6nemli.\u201d diye konu\u015ftu.<\/p>\n<p>Oktay, forumda Filistin konusunun \u00fczerinde duracaklar\u0131n\u0131n alt\u0131n\u0131 \u00e7izerek, \u201cOrta Do\u011fu\u2019da bir\u00e7ok sorunun, d\u00fcnyadaki bir\u00e7ok sorunun ve b\u00f6lgedeki bir\u00e7ok sorunun ana kayna\u011f\u0131 Filistin meselesidir. Filistin meselesi \u00e7\u00f6z\u00fclmedi\u011fi s\u00fcrece Orta Do\u011fu\u2019da bar\u0131\u015f\u0131n veya b\u00f6lgede bar\u0131\u015f\u0131n dolay\u0131s\u0131yla d\u00fcnyada bar\u0131\u015f\u0131n sa\u011flanabilmesi son derece zor.\u201d ifadelerini kulland\u0131.<\/p>\n<p>\u0130srail\u2019in Filistinlilere y\u00f6nelik katliam\u0131n\u0131n devam etti\u011fini dile getiren Oktay, bunun soyk\u0131r\u0131ma varan bir boyuta ula\u015ft\u0131\u011f\u0131n\u0131 kaydetti.<\/p>\n<p>\u0130srail Ba\u015fbakan\u0131 Binyamin Netanyahu ve eski Savunma Bakan\u0131 Yoav Gallant hakk\u0131nda \u00e7\u0131kan tutuklama emirlerini hat\u0131rlatan Oktay, \u201c\u0130lgili \u00fclkelerin buna ili\u015fkin karar\u0131 uygulayacaklar\u0131 ya da uygulamayacaklar\u0131 ifadelerini a\u00e7\u0131klamalar\u0131 bizim i\u00e7in bu forumu daha da kritik hale getiriyor. \u00d6zellikle taraflar\u0131n masada olmas\u0131, hem \u0130srail\u2019in hem de Filistin\u2019in masada olmas\u0131, s\u00f6yleyeceklerimizi asl\u0131nda do\u011frudan g\u00f6zlerinin i\u00e7erisine bakarak s\u00f6ylememiz bizim i\u00e7in \u00f6nemli.\u201d \u015feklinde konu\u015ftu.<\/p>\n<p>Oktay, \u015f\u00f6yle devam etti:<\/p>\n<p>\u201cAkdeniz\u2019le ilgili de ayn\u0131 zamanda da \u0130srail ve Filistin\u2019le ilgili de s\u00f6ylediklerimiz son derece nettir. Bar\u0131\u015f ve istikrar\u0131n korunabilmesi i\u00e7in b\u00f6lgede iki devletli 1967 s\u0131n\u0131rlar\u0131 i\u00e7erisinde ve ba\u015fkenti Do\u011fu Kud\u00fcs olan iki devletli \u00e7\u00f6z\u00fcm olmazsa olmazd\u0131r. Bu hem Filistin\u2019in hem de \u0130srail halk\u0131n\u0131n gelece\u011fi i\u00e7in, g\u00fcvenli\u011fi i\u00e7in, istikrar\u0131 i\u00e7in \u00f6nemlidir. Dolay\u0131s\u0131yla bunun sa\u011flanamad\u0131\u011f\u0131 bir ortamda ve \u0130srail\u2019in her t\u00fcrl\u00fc \u015f\u0131mar\u0131kl\u0131\u011f\u0131na, her t\u00fcrl\u00fc s\u0131n\u0131r tan\u0131mazl\u0131\u011f\u0131na; her alanda yani sadece fiziki s\u0131n\u0131rlar\u0131 tan\u0131mamazl\u0131\u011f\u0131 da de\u011fil, hukuki s\u0131n\u0131rlar\u0131 tan\u0131mamazl\u0131\u011f\u0131, sava\u015f hukuku tan\u0131mamazl\u0131\u011f\u0131 boyutuna da \u00e7ocuk kad\u0131n ve ya\u015fl\u0131 ayr\u0131m\u0131 yapmadan \u00f6\u011frenci ayr\u0131m\u0131 yapmadan her t\u00fcrl\u00fc katliama varan ve b\u00f6lgeyi ate\u015fe atan yakla\u015f\u0131m\u0131 bir \u015fekilde buna bir yerde \u2018dur\u2019 demek gerekiyor.\u201d<\/p>\n<p>\u2013 \u0130srail\u2019e destek olan \u00fclkelere \u201cdur\u201d \u00e7a\u011fr\u0131s\u0131<\/p>\n<p>Fuat Oktay, \u201c\u00d6zellikle bunu \u015f\u0131martan \u00fclkelerin buna dur demesi gerekiyor. Bir an \u00f6nce silah sevkiyat\u0131n\u0131 durdurmas\u0131, silah ambargosu dahil ve ekonomik yapt\u0131r\u0131mlar dahil bir an \u00f6nce uygulanmas\u0131 boyutunda. Dolay\u0131s\u0131yla bu i\u015fin ciddiyetini anlatabilmeyle alakal\u0131. Aksi takdirde sava\u015f\u0131n b\u00f6lgeye yay\u0131lma riskinin \u00e7ok b\u00fcy\u00fck oldu\u011funu biz ilk ba\u015f\u0131ndan beri ifade ediyorduk. Ne yaz\u0131k ki \u00f6zellikle Bat\u0131l\u0131 \u00fclkelere dinletmekte her zaman oldu\u011fu gibi s\u0131k\u0131nt\u0131 \u00e7ektik.\u201d dedi.<\/p>\n<p>Sava\u015f\u0131n \u00f6nce Yemen\u2019e \u015fimdi L\u00fcbnan\u2019a yay\u0131ld\u0131\u011f\u0131n\u0131, Filistin ve L\u00fcbnan\u2019da \u00f6ld\u00fcr\u00fclenlerin say\u0131s\u0131n\u0131n 50 bini ge\u00e7ti\u011fini aktaran Oktay, \u015f\u00f6yle devam etti:<\/p>\n<p>\u201cAyn\u0131 \u015fekilde de \u015fimdi Suriye\u2019de g\u00f6r\u00fcyoruz. Ve yine Netenyahu\u2019nun kendisinin Birle\u015fmi\u015f Milletler\u2019de a\u00e7\u0131klad\u0131\u011f\u0131 g\u00f6sterdi\u011fi haritaya bakt\u0131\u011f\u0131n\u0131zda hemen zaten Irak ve \u0130ran da bunun i\u00e7erisinde. Biz her zaman \u015funu s\u00f6yledik. \u0130srail bu \u015fekilde devam ederse b\u00f6lge bar\u0131\u015f\u0131 i\u00e7in de\u011fil, d\u00fcnya bar\u0131\u015f\u0131 i\u00e7in de tehdittir. T\u00fcrkiye i\u00e7in de tehdittir. \u00c7\u00fcnk\u00fc bir arz-\u0131 mevud diye ifade ettikleri vadedilmi\u015f topraklardan yola \u00e7\u0131kt\u0131klar\u0131 ve T\u00fcrkiye\u2019nin topraklar\u0131n\u0131 da tehdit eden, b\u00f6lgedeki t\u00fcm \u00fclkelerin topraklar\u0131n\u0131 tehdit eden bir yakla\u015f\u0131m\u0131 vard\u0131r. Dolay\u0131s\u0131yla bunun kabul edilemeyece\u011fi, bunun bir an \u00f6nce durdurulmas\u0131 gerekti\u011fi b\u00f6lge bar\u0131\u015f\u0131 a\u00e7\u0131s\u0131ndan son derece kritik.\u201d diye konu\u015ftu.<\/p>\n<p>B\u00fct\u00fcn bunlar\u0131 muhataplar\u0131na aktaracaklar\u0131n\u0131 dile getiren Oktay, kal\u0131c\u0131 ate\u015fkesin insani yard\u0131mlar\u0131n ihtiya\u00e7 sahiplerine ula\u015fmas\u0131 i\u00e7in \u00f6nemli oldu\u011funu s\u00f6yledi.<\/p>\n<p>Oktay, \u201cBelki de \u0130srail\u2019in yine Filistinlilere kar\u015f\u0131 a\u00e7l\u0131\u011f\u0131 ve susuzlu\u011fu bir silah olarak kulland\u0131\u011f\u0131n\u0131 g\u00f6r\u00fcyoruz. Bu insanl\u0131k ad\u0131na kabul edilebilir bir \u015fey de\u011fil. Dolay\u0131s\u0131yla bu, bizim belki gelecek nesillere b\u0131rakabilece\u011fimiz en b\u00fcy\u00fck utan\u00e7 tablosudur BM a\u00e7\u0131s\u0131ndan ve \u0130srail\u2019in arkas\u0131nda duran \u00fclkeler a\u00e7\u0131s\u0131ndan bakt\u0131\u011f\u0131m\u0131zda.\u201d ifadelerini kulland\u0131.<\/p>\n<p>\u2013 \u201cT\u00fcrkiye\u2019nin tavr\u0131 nettir\u201d<\/p>\n<p>Oktay, T\u00fcrkiye\u2019nin tavr\u0131n\u0131n her zaman net oldu\u011funu vurgulayarak, \u015f\u00f6yle devam etti:<\/p>\n<p>\u201cNe pahas\u0131na olursa olsun bu netli\u011fimiz devam edecektir. Cumhurba\u015fkan\u0131m\u0131z da h\u00fck\u00fcmetimizin ilgili t\u00fcm birimleri de D\u0131\u015fi\u015fleri Bakan\u0131m\u0131z da t\u00fcm kat\u0131ld\u0131\u011f\u0131 toplant\u0131larda, bizler de parlamento baz\u0131nda her platformda bu g\u00f6r\u00fc\u015f\u00fcm\u00fcz\u00fc net olarak ifade ettik. Bunu ifade ederken de bunu kesinlikle bir Yahudi d\u00fc\u015fmanl\u0131\u011f\u0131yla ili\u015fkilendirmeye \u00e7al\u0131\u015fanlar oldu\u011funu da ifade ettik. T\u00fcrkler tarihinden beri en rahat olan millettir. En s\u0131k\u0131nt\u0131ya girdikleri zamanda biz yanlar\u0131nda olmu\u015fuzdur. Bug\u00fcn de Filistinlilere yap\u0131lanlar \u0130srail halk\u0131na yap\u0131lm\u0131\u015f olsa T\u00fcrkiye, \u0130srail halk\u0131n\u0131n yan\u0131nda olur. Zulme kar\u015f\u0131 ve soyk\u0131r\u0131ma kar\u015f\u0131 ma\u011fdurun yan\u0131nda olmu\u015ftur T\u00fcrkiye her zaman.\u201d<\/p>\n<p>Fuat Oktay, bu soruna hemen \u00e7\u00f6z\u00fcm \u00e7a\u011fr\u0131s\u0131 yaparak, \u201cAma ne yaz\u0131k ki bug\u00fcn Netanyahu h\u00fck\u00fcmeti ve \u00e7etesi tamamen soyk\u0131r\u0131m baz\u0131nda insanlar\u0131 katlediyor ve b\u00f6lge bar\u0131\u015f\u0131n\u0131 tamamen baltal\u0131yor. D\u00fcnyada yeteri kadar sorun var. Buradaki sorunun da bir an \u00f6nce \u00e7\u00f6z\u00fclmesi gerekir. Biz bunlar\u0131 zaten yar\u0131n kat\u0131laca\u011f\u0131m\u0131z her platformda t\u00fcm a\u00e7\u0131kl\u0131\u011f\u0131yla, netli\u011fiyle ve g\u00f6zlerinin i\u00e7erisine bakarak da anlataca\u011f\u0131z.\u201d diye konu\u015ftu.<\/p>\n<p>Oktay, istikrar ve bar\u0131\u015f olmadan ekonomik kalk\u0131nman\u0131n da olmayaca\u011f\u0131n\u0131 vurgulayarak, \u201cB\u00f6lgenin g\u00fcvenli\u011finin, istikrar\u0131n\u0131n bir an \u00f6nce sa\u011flanmas\u0131 asl\u0131nda ekonomik kalk\u0131nmaya da yeni bir zemin a\u00e7acakt\u0131r. B\u00f6lgede zaten Akdeniz\u2019de yeteri kadar sorun var. Libya sorunu hala devam ediyor. Suriye\u2019de sorun devam ediyor. Ayn\u0131 \u015fekilde di\u011fer boyuta bakarsak bir Sahel \u015feridi var ki orada sorunlar devam ediyor. T\u00fcrkiye olarak biz t\u00fcm bu alanlarday\u0131z. Hem masaday\u0131z diplomatik olarak ama gerekti\u011fi yerde de sahaday\u0131z.\u201d \u015feklinde konu\u015ftu.<\/p>\n<p>Oktay, Libya\u2019ya her t\u00fcrl\u00fc deste\u011fi verdiklerini ve Libya halk\u0131yla sorunlar\u0131 olmad\u0131\u011f\u0131na dikkat \u00e7ekti.<\/p>\n<p>\u2013 K\u0131br\u0131s meselesi<\/p>\n<p>K\u0131br\u0131s sorununa da de\u011finen Oktay, \u015funlar\u0131 kaydetti:<\/p>\n<p>\u201cYine K\u0131br\u0131s meselemiz var bizim orada. Kuzey K\u0131br\u0131s T\u00fcrk Cumhuriyeti ve oran\u0131n kaynaklar\u0131 var. Var olan bir millet. Var olan T\u00fcrk milleti orada yok h\u00fckm\u00fcnde say\u0131lmak istendi. Zaten yetmi\u015f d\u00f6rt harekat\u0131yla da biz gereken cevab\u0131 verdik. Yani orada garant\u00f6r \u00fclke s\u0131fat\u0131yla gereken cevab\u0131 verdik. Ve hep de \u015funu s\u00f6yledik. Oran\u0131n t\u00fcm kaynaklar\u0131 art\u0131k t\u00fcm ada halk\u0131na aittir ve hakkaniyet baz\u0131nda bu payla\u015f\u0131lmal\u0131 dedik. Adan\u0131n zenginli\u011fi i\u00e7in payla\u015f\u0131lmal\u0131. Asl\u0131nda Akdeniz\u2019in t\u00fcm kaynaklar\u0131 da ayn\u0131 \u00e7er\u00e7evede.\u201d<\/p>\n<p>Oktay, forumda parlamento olarak parlamenter diplomasiyi daha etkin kullanmak istediklerini dile getirerek, \u201cAsl\u0131nda yapmak istedi\u011fimiz \u015fey biz bu \u00e7al\u0131\u015fmalar\u0131 daha nas\u0131l kolayla\u015ft\u0131rabiliriz? \u00d6n\u00fcn\u00fc nas\u0131l a\u00e7abiliriz? Ve y\u00fcr\u00fct\u00fclen \u00e7al\u0131\u015fmalara nas\u0131l katk\u0131 verebiliriz? B\u00fct\u00fcn bunlar\u0131 tart\u0131\u015f\u0131yor olaca\u011f\u0131z. T\u00fcm b\u00f6lge \u00fclkelerinde D\u0131\u015fi\u015fleri Komisyonu ba\u015fkanlar\u0131n\u0131n kat\u0131l\u0131m\u0131yla forumumuz genelde bu \u00e7er\u00e7evede olacak. Biz T\u00fcrkiye\u2019nin t\u00fcm tezlerini burada zaten t\u00fcm a\u00e7\u0131kl\u0131\u011f\u0131yla ve t\u00fcm samimiyetimizle anlat\u0131yor olaca\u011f\u0131z, a\u00e7\u0131kl\u0131yor olaca\u011f\u0131z. Bundan sonra da a\u00e7\u0131klamaya devam edece\u011fiz.\u201d ifadelerini kulland\u0131.<\/p>\n<\/p><\/div>\n<p><script async\n                    defer\n                    crossorigin=\"anonymous\"\n                    src=\"https:\/\/connect.facebook.net\/tr_TR\/sdk.js#xfbml=1&#038;version=v3.3\"\n            ><\/script><\/p>\n","protected":false},"excerpt":{"rendered":"<p>TBMM D\u0131\u015fi\u015fleri Komisyonu Ba\u015fkan\u0131 Fuat Oktay, K\u0131br\u0131s sorununa ili\u015fkin, \u201c(Akdeniz\u2019de) K\u0131br\u0131s meselemiz var bizim orada. Kuzey K\u0131br\u0131s T\u00fcrk Cumhuriyeti ve oran\u0131n kaynaklar\u0131 var. Var olan bir millet. Var olan T\u00fcrk milleti orada yok h\u00fckm\u00fcnde say\u0131lmak istendi. Zaten yetmi\u015f d\u00f6rt harekat\u0131yla da biz gereken cevab\u0131 verdik. Yani orada garant\u00f6r \u00fclke s\u0131fat\u0131yla gereken cevab\u0131 verdik. Ve hep [&hellip;]<\/p>\n","protected":false},"author":1,"featured_media":13763,"comment_status":"open","ping_status":"open","sticky":false,"template":"","format":"standard","meta":{"jnews-multi-image_gallery":[],"jnews_single_post":[],"jnews_primary_category":[],"footnotes":""},"categories":[2],"tags":[],"class_list":["post-13762","post","type-post","status-publish","format-standard","has-post-thumbnail","hentry","category-dunya"],"yoast_head":"<!-- This site is optimized with the Yoast SEO plugin v27.4 - https:\/\/yoast.com\/product\/yoast-seo-wordpress\/ -->\n<title>Oktay: Kaynaklar t\u00fcm ada halk\u0131na aittir ve hakkaniyet baz\u0131nda payla\u015f\u0131lmal\u0131 - Haber Kuzey<\/title>\n<meta name=\"robots\" content=\"index, follow, max-snippet:-1, max-image-preview:large, max-video-preview:-1\" \/>\n<link rel=\"canonical\" href=\"https:\/\/haberkuzey.com\/index.php\/2024\/11\/26\/oktay-kaynaklar-tum-ada-halkina-aittir-ve-hakkaniyet-bazinda-paylasilmali\/\" \/>\n<meta property=\"og:locale\" content=\"tr_TR\" \/>\n<meta property=\"og:type\" content=\"article\" \/>\n<meta property=\"og:title\" content=\"Oktay: Kaynaklar t\u00fcm ada halk\u0131na aittir ve hakkaniyet baz\u0131nda payla\u015f\u0131lmal\u0131 - Haber Kuzey\" \/>\n<meta property=\"og:description\" content=\"TBMM D\u0131\u015fi\u015fleri Komisyonu Ba\u015fkan\u0131 Fuat Oktay, K\u0131br\u0131s sorununa ili\u015fkin, \u201c(Akdeniz\u2019de) K\u0131br\u0131s meselemiz var bizim orada. Kuzey K\u0131br\u0131s T\u00fcrk Cumhuriyeti ve oran\u0131n kaynaklar\u0131 var. Var olan bir millet. Var olan T\u00fcrk milleti orada yok h\u00fckm\u00fcnde say\u0131lmak istendi. Zaten yetmi\u015f d\u00f6rt harekat\u0131yla da biz gereken cevab\u0131 verdik. Yani orada garant\u00f6r \u00fclke s\u0131fat\u0131yla gereken cevab\u0131 verdik. Ve hep [&hellip;]\" \/>\n<meta property=\"og:url\" content=\"https:\/\/haberkuzey.com\/index.php\/2024\/11\/26\/oktay-kaynaklar-tum-ada-halkina-aittir-ve-hakkaniyet-bazinda-paylasilmali\/\" \/>\n<meta property=\"og:site_name\" content=\"Haber Kuzey\" \/>\n<meta property=\"article:published_time\" content=\"2024-11-26T10:31:54+00:00\" \/>\n<meta property=\"og:image\" content=\"https:\/\/brtk.net\/wp-content\/uploads\/2024\/11\/26\/tbmm-disisleri-komisyonu-scaled.jpg?ver=768f308d316d908ca31eb259879afd2d\" \/>\n<meta name=\"author\" content=\"haberkuzey\" \/>\n<meta name=\"twitter:card\" content=\"summary_large_image\" \/>\n<meta name=\"twitter:label1\" content=\"Yazan:\" \/>\n\t<meta name=\"twitter:data1\" content=\"haberkuzey\" \/>\n\t<meta name=\"twitter:label2\" content=\"Tahmini okuma s\u00fcresi\" \/>\n\t<meta name=\"twitter:data2\" content=\"8 dakika\" \/>\n<script type=\"application\/ld+json\" class=\"yoast-schema-graph\">{\"@context\":\"https:\\\/\\\/schema.org\",\"@graph\":[{\"@type\":\"Article\",\"@id\":\"https:\\\/\\\/haberkuzey.com\\\/index.php\\\/2024\\\/11\\\/26\\\/oktay-kaynaklar-tum-ada-halkina-aittir-ve-hakkaniyet-bazinda-paylasilmali\\\/#article\",\"isPartOf\":{\"@id\":\"https:\\\/\\\/haberkuzey.com\\\/index.php\\\/2024\\\/11\\\/26\\\/oktay-kaynaklar-tum-ada-halkina-aittir-ve-hakkaniyet-bazinda-paylasilmali\\\/\"},\"author\":{\"name\":\"haberkuzey\",\"@id\":\"https:\\\/\\\/haberkuzey.com\\\/#\\\/schema\\\/person\\\/3372109ec735f9333f4fa47ebb9605ca\"},\"headline\":\"Oktay: Kaynaklar t\u00fcm ada halk\u0131na aittir ve hakkaniyet baz\u0131nda payla\u015f\u0131lmal\u0131\",\"datePublished\":\"2024-11-26T10:31:54+00:00\",\"mainEntityOfPage\":{\"@id\":\"https:\\\/\\\/haberkuzey.com\\\/index.php\\\/2024\\\/11\\\/26\\\/oktay-kaynaklar-tum-ada-halkina-aittir-ve-hakkaniyet-bazinda-paylasilmali\\\/\"},\"wordCount\":1606,\"commentCount\":0,\"image\":{\"@id\":\"https:\\\/\\\/haberkuzey.com\\\/index.php\\\/2024\\\/11\\\/26\\\/oktay-kaynaklar-tum-ada-halkina-aittir-ve-hakkaniyet-bazinda-paylasilmali\\\/#primaryimage\"},\"thumbnailUrl\":\"https:\\\/\\\/haberkuzey.com\\\/wp-content\\\/uploads\\\/2024\\\/11\\\/tbmm-disisleri-komisyonu-scaled.jpg\",\"articleSection\":[\"D\u00fcnya\"],\"inLanguage\":\"tr\",\"potentialAction\":[{\"@type\":\"CommentAction\",\"name\":\"Comment\",\"target\":[\"https:\\\/\\\/haberkuzey.com\\\/index.php\\\/2024\\\/11\\\/26\\\/oktay-kaynaklar-tum-ada-halkina-aittir-ve-hakkaniyet-bazinda-paylasilmali\\\/#respond\"]}]},{\"@type\":\"WebPage\",\"@id\":\"https:\\\/\\\/haberkuzey.com\\\/index.php\\\/2024\\\/11\\\/26\\\/oktay-kaynaklar-tum-ada-halkina-aittir-ve-hakkaniyet-bazinda-paylasilmali\\\/\",\"url\":\"https:\\\/\\\/haberkuzey.com\\\/index.php\\\/2024\\\/11\\\/26\\\/oktay-kaynaklar-tum-ada-halkina-aittir-ve-hakkaniyet-bazinda-paylasilmali\\\/\",\"name\":\"Oktay: Kaynaklar t\u00fcm ada halk\u0131na aittir ve hakkaniyet baz\u0131nda payla\u015f\u0131lmal\u0131 - Haber Kuzey\",\"isPartOf\":{\"@id\":\"https:\\\/\\\/haberkuzey.com\\\/#website\"},\"primaryImageOfPage\":{\"@id\":\"https:\\\/\\\/haberkuzey.com\\\/index.php\\\/2024\\\/11\\\/26\\\/oktay-kaynaklar-tum-ada-halkina-aittir-ve-hakkaniyet-bazinda-paylasilmali\\\/#primaryimage\"},\"image\":{\"@id\":\"https:\\\/\\\/haberkuzey.com\\\/index.php\\\/2024\\\/11\\\/26\\\/oktay-kaynaklar-tum-ada-halkina-aittir-ve-hakkaniyet-bazinda-paylasilmali\\\/#primaryimage\"},\"thumbnailUrl\":\"https:\\\/\\\/haberkuzey.com\\\/wp-content\\\/uploads\\\/2024\\\/11\\\/tbmm-disisleri-komisyonu-scaled.jpg\",\"datePublished\":\"2024-11-26T10:31:54+00:00\",\"author\":{\"@id\":\"https:\\\/\\\/haberkuzey.com\\\/#\\\/schema\\\/person\\\/3372109ec735f9333f4fa47ebb9605ca\"},\"breadcrumb\":{\"@id\":\"https:\\\/\\\/haberkuzey.com\\\/index.php\\\/2024\\\/11\\\/26\\\/oktay-kaynaklar-tum-ada-halkina-aittir-ve-hakkaniyet-bazinda-paylasilmali\\\/#breadcrumb\"},\"inLanguage\":\"tr\",\"potentialAction\":[{\"@type\":\"ReadAction\",\"target\":[\"https:\\\/\\\/haberkuzey.com\\\/index.php\\\/2024\\\/11\\\/26\\\/oktay-kaynaklar-tum-ada-halkina-aittir-ve-hakkaniyet-bazinda-paylasilmali\\\/\"]}]},{\"@type\":\"ImageObject\",\"inLanguage\":\"tr\",\"@id\":\"https:\\\/\\\/haberkuzey.com\\\/index.php\\\/2024\\\/11\\\/26\\\/oktay-kaynaklar-tum-ada-halkina-aittir-ve-hakkaniyet-bazinda-paylasilmali\\\/#primaryimage\",\"url\":\"https:\\\/\\\/haberkuzey.com\\\/wp-content\\\/uploads\\\/2024\\\/11\\\/tbmm-disisleri-komisyonu-scaled.jpg\",\"contentUrl\":\"https:\\\/\\\/haberkuzey.com\\\/wp-content\\\/uploads\\\/2024\\\/11\\\/tbmm-disisleri-komisyonu-scaled.jpg\",\"width\":2560,\"height\":1707},{\"@type\":\"BreadcrumbList\",\"@id\":\"https:\\\/\\\/haberkuzey.com\\\/index.php\\\/2024\\\/11\\\/26\\\/oktay-kaynaklar-tum-ada-halkina-aittir-ve-hakkaniyet-bazinda-paylasilmali\\\/#breadcrumb\",\"itemListElement\":[{\"@type\":\"ListItem\",\"position\":1,\"name\":\"Anasayfa\",\"item\":\"https:\\\/\\\/haberkuzey.com\\\/\"},{\"@type\":\"ListItem\",\"position\":2,\"name\":\"Oktay: Kaynaklar t\u00fcm ada halk\u0131na aittir ve hakkaniyet baz\u0131nda payla\u015f\u0131lmal\u0131\"}]},{\"@type\":\"WebSite\",\"@id\":\"https:\\\/\\\/haberkuzey.com\\\/#website\",\"url\":\"https:\\\/\\\/haberkuzey.com\\\/\",\"name\":\"Haber Kuzey\",\"description\":\"Do\u011fru Haberin Adresi\",\"potentialAction\":[{\"@type\":\"SearchAction\",\"target\":{\"@type\":\"EntryPoint\",\"urlTemplate\":\"https:\\\/\\\/haberkuzey.com\\\/?s={search_term_string}\"},\"query-input\":{\"@type\":\"PropertyValueSpecification\",\"valueRequired\":true,\"valueName\":\"search_term_string\"}}],\"inLanguage\":\"tr\"},{\"@type\":\"Person\",\"@id\":\"https:\\\/\\\/haberkuzey.com\\\/#\\\/schema\\\/person\\\/3372109ec735f9333f4fa47ebb9605ca\",\"name\":\"haberkuzey\",\"image\":{\"@type\":\"ImageObject\",\"inLanguage\":\"tr\",\"@id\":\"https:\\\/\\\/secure.gravatar.com\\\/avatar\\\/f5fc875574b1575324358c3b9e6a32b8227aa5b74f3fa22e3cadb63e26fcc39c?s=96&d=mm&r=g\",\"url\":\"https:\\\/\\\/secure.gravatar.com\\\/avatar\\\/f5fc875574b1575324358c3b9e6a32b8227aa5b74f3fa22e3cadb63e26fcc39c?s=96&d=mm&r=g\",\"contentUrl\":\"https:\\\/\\\/secure.gravatar.com\\\/avatar\\\/f5fc875574b1575324358c3b9e6a32b8227aa5b74f3fa22e3cadb63e26fcc39c?s=96&d=mm&r=g\",\"caption\":\"haberkuzey\"},\"sameAs\":[\"https:\\\/\\\/haberkuzey.com\"],\"url\":\"https:\\\/\\\/haberkuzey.com\\\/index.php\\\/author\\\/haberkuzey\\\/\"}]}<\/script>\n<!-- \/ Yoast SEO plugin. -->","yoast_head_json":{"title":"Oktay: Kaynaklar t\u00fcm ada halk\u0131na aittir ve hakkaniyet baz\u0131nda payla\u015f\u0131lmal\u0131 - Haber Kuzey","robots":{"index":"index","follow":"follow","max-snippet":"max-snippet:-1","max-image-preview":"max-image-preview:large","max-video-preview":"max-video-preview:-1"},"canonical":"https:\/\/haberkuzey.com\/index.php\/2024\/11\/26\/oktay-kaynaklar-tum-ada-halkina-aittir-ve-hakkaniyet-bazinda-paylasilmali\/","og_locale":"tr_TR","og_type":"article","og_title":"Oktay: Kaynaklar t\u00fcm ada halk\u0131na aittir ve hakkaniyet baz\u0131nda payla\u015f\u0131lmal\u0131 - Haber Kuzey","og_description":"TBMM D\u0131\u015fi\u015fleri Komisyonu Ba\u015fkan\u0131 Fuat Oktay, K\u0131br\u0131s sorununa ili\u015fkin, \u201c(Akdeniz\u2019de) K\u0131br\u0131s meselemiz var bizim orada. Kuzey K\u0131br\u0131s T\u00fcrk Cumhuriyeti ve oran\u0131n kaynaklar\u0131 var. Var olan bir millet. Var olan T\u00fcrk milleti orada yok h\u00fckm\u00fcnde say\u0131lmak istendi. Zaten yetmi\u015f d\u00f6rt harekat\u0131yla da biz gereken cevab\u0131 verdik. Yani orada garant\u00f6r \u00fclke s\u0131fat\u0131yla gereken cevab\u0131 verdik. Ve hep [&hellip;]","og_url":"https:\/\/haberkuzey.com\/index.php\/2024\/11\/26\/oktay-kaynaklar-tum-ada-halkina-aittir-ve-hakkaniyet-bazinda-paylasilmali\/","og_site_name":"Haber Kuzey","article_published_time":"2024-11-26T10:31:54+00:00","og_image":[{"url":"https:\/\/brtk.net\/wp-content\/uploads\/2024\/11\/26\/tbmm-disisleri-komisyonu-scaled.jpg?ver=768f308d316d908ca31eb259879afd2d","type":"","width":"","height":""}],"author":"haberkuzey","twitter_card":"summary_large_image","twitter_misc":{"Yazan:":"haberkuzey","Tahmini okuma s\u00fcresi":"8 dakika"},"schema":{"@context":"https:\/\/schema.org","@graph":[{"@type":"Article","@id":"https:\/\/haberkuzey.com\/index.php\/2024\/11\/26\/oktay-kaynaklar-tum-ada-halkina-aittir-ve-hakkaniyet-bazinda-paylasilmali\/#article","isPartOf":{"@id":"https:\/\/haberkuzey.com\/index.php\/2024\/11\/26\/oktay-kaynaklar-tum-ada-halkina-aittir-ve-hakkaniyet-bazinda-paylasilmali\/"},"author":{"name":"haberkuzey","@id":"https:\/\/haberkuzey.com\/#\/schema\/person\/3372109ec735f9333f4fa47ebb9605ca"},"headline":"Oktay: Kaynaklar t\u00fcm ada halk\u0131na aittir ve hakkaniyet baz\u0131nda payla\u015f\u0131lmal\u0131","datePublished":"2024-11-26T10:31:54+00:00","mainEntityOfPage":{"@id":"https:\/\/haberkuzey.com\/index.php\/2024\/11\/26\/oktay-kaynaklar-tum-ada-halkina-aittir-ve-hakkaniyet-bazinda-paylasilmali\/"},"wordCount":1606,"commentCount":0,"image":{"@id":"https:\/\/haberkuzey.com\/index.php\/2024\/11\/26\/oktay-kaynaklar-tum-ada-halkina-aittir-ve-hakkaniyet-bazinda-paylasilmali\/#primaryimage"},"thumbnailUrl":"https:\/\/haberkuzey.com\/wp-content\/uploads\/2024\/11\/tbmm-disisleri-komisyonu-scaled.jpg","articleSection":["D\u00fcnya"],"inLanguage":"tr","potentialAction":[{"@type":"CommentAction","name":"Comment","target":["https:\/\/haberkuzey.com\/index.php\/2024\/11\/26\/oktay-kaynaklar-tum-ada-halkina-aittir-ve-hakkaniyet-bazinda-paylasilmali\/#respond"]}]},{"@type":"WebPage","@id":"https:\/\/haberkuzey.com\/index.php\/2024\/11\/26\/oktay-kaynaklar-tum-ada-halkina-aittir-ve-hakkaniyet-bazinda-paylasilmali\/","url":"https:\/\/haberkuzey.com\/index.php\/2024\/11\/26\/oktay-kaynaklar-tum-ada-halkina-aittir-ve-hakkaniyet-bazinda-paylasilmali\/","name":"Oktay: Kaynaklar t\u00fcm ada halk\u0131na aittir ve hakkaniyet baz\u0131nda payla\u015f\u0131lmal\u0131 - Haber Kuzey","isPartOf":{"@id":"https:\/\/haberkuzey.com\/#website"},"primaryImageOfPage":{"@id":"https:\/\/haberkuzey.com\/index.php\/2024\/11\/26\/oktay-kaynaklar-tum-ada-halkina-aittir-ve-hakkaniyet-bazinda-paylasilmali\/#primaryimage"},"image":{"@id":"https:\/\/haberkuzey.com\/index.php\/2024\/11\/26\/oktay-kaynaklar-tum-ada-halkina-aittir-ve-hakkaniyet-bazinda-paylasilmali\/#primaryimage"},"thumbnailUrl":"https:\/\/haberkuzey.com\/wp-content\/uploads\/2024\/11\/tbmm-disisleri-komisyonu-scaled.jpg","datePublished":"2024-11-26T10:31:54+00:00","author":{"@id":"https:\/\/haberkuzey.com\/#\/schema\/person\/3372109ec735f9333f4fa47ebb9605ca"},"breadcrumb":{"@id":"https:\/\/haberkuzey.com\/index.php\/2024\/11\/26\/oktay-kaynaklar-tum-ada-halkina-aittir-ve-hakkaniyet-bazinda-paylasilmali\/#breadcrumb"},"inLanguage":"tr","potentialAction":[{"@type":"ReadAction","target":["https:\/\/haberkuzey.com\/index.php\/2024\/11\/26\/oktay-kaynaklar-tum-ada-halkina-aittir-ve-hakkaniyet-bazinda-paylasilmali\/"]}]},{"@type":"ImageObject","inLanguage":"tr","@id":"https:\/\/haberkuzey.com\/index.php\/2024\/11\/26\/oktay-kaynaklar-tum-ada-halkina-aittir-ve-hakkaniyet-bazinda-paylasilmali\/#primaryimage","url":"https:\/\/haberkuzey.com\/wp-content\/uploads\/2024\/11\/tbmm-disisleri-komisyonu-scaled.jpg","contentUrl":"https:\/\/haberkuzey.com\/wp-content\/uploads\/2024\/11\/tbmm-disisleri-komisyonu-scaled.jpg","width":2560,"height":1707},{"@type":"BreadcrumbList","@id":"https:\/\/haberkuzey.com\/index.php\/2024\/11\/26\/oktay-kaynaklar-tum-ada-halkina-aittir-ve-hakkaniyet-bazinda-paylasilmali\/#breadcrumb","itemListElement":[{"@type":"ListItem","position":1,"name":"Anasayfa","item":"https:\/\/haberkuzey.com\/"},{"@type":"ListItem","position":2,"name":"Oktay: Kaynaklar t\u00fcm ada halk\u0131na aittir ve hakkaniyet baz\u0131nda payla\u015f\u0131lmal\u0131"}]},{"@type":"WebSite","@id":"https:\/\/haberkuzey.com\/#website","url":"https:\/\/haberkuzey.com\/","name":"Haber Kuzey","description":"Do\u011fru Haberin Adresi","potentialAction":[{"@type":"SearchAction","target":{"@type":"EntryPoint","urlTemplate":"https:\/\/haberkuzey.com\/?s={search_term_string}"},"query-input":{"@type":"PropertyValueSpecification","valueRequired":true,"valueName":"search_term_string"}}],"inLanguage":"tr"},{"@type":"Person","@id":"https:\/\/haberkuzey.com\/#\/schema\/person\/3372109ec735f9333f4fa47ebb9605ca","name":"haberkuzey","image":{"@type":"ImageObject","inLanguage":"tr","@id":"https:\/\/secure.gravatar.com\/avatar\/f5fc875574b1575324358c3b9e6a32b8227aa5b74f3fa22e3cadb63e26fcc39c?s=96&d=mm&r=g","url":"https:\/\/secure.gravatar.com\/avatar\/f5fc875574b1575324358c3b9e6a32b8227aa5b74f3fa22e3cadb63e26fcc39c?s=96&d=mm&r=g","contentUrl":"https:\/\/secure.gravatar.com\/avatar\/f5fc875574b1575324358c3b9e6a32b8227aa5b74f3fa22e3cadb63e26fcc39c?s=96&d=mm&r=g","caption":"haberkuzey"},"sameAs":["https:\/\/haberkuzey.com"],"url":"https:\/\/haberkuzey.com\/index.php\/author\/haberkuzey\/"}]}},"_links":{"self":[{"href":"https:\/\/haberkuzey.com\/index.php\/wp-json\/wp\/v2\/posts\/13762","targetHints":{"allow":["GET"]}}],"collection":[{"href":"https:\/\/haberkuzey.com\/index.php\/wp-json\/wp\/v2\/posts"}],"about":[{"href":"https:\/\/haberkuzey.com\/index.php\/wp-json\/wp\/v2\/types\/post"}],"author":[{"embeddable":true,"href":"https:\/\/haberkuzey.com\/index.php\/wp-json\/wp\/v2\/users\/1"}],"replies":[{"embeddable":true,"href":"https:\/\/haberkuzey.com\/index.php\/wp-json\/wp\/v2\/comments?post=13762"}],"version-history":[{"count":0,"href":"https:\/\/haberkuzey.com\/index.php\/wp-json\/wp\/v2\/posts\/13762\/revisions"}],"wp:featuredmedia":[{"embeddable":true,"href":"https:\/\/haberkuzey.com\/index.php\/wp-json\/wp\/v2\/media\/13763"}],"wp:attachment":[{"href":"https:\/\/haberkuzey.com\/index.php\/wp-json\/wp\/v2\/media?parent=13762"}],"wp:term":[{"taxonomy":"category","embeddable":true,"href":"https:\/\/haberkuzey.com\/index.php\/wp-json\/wp\/v2\/categories?post=13762"},{"taxonomy":"post_tag","embeddable":true,"href":"https:\/\/haberkuzey.com\/index.php\/wp-json\/wp\/v2\/tags?post=13762"}],"curies":[{"name":"wp","href":"https:\/\/api.w.org\/{rel}","templated":true}]}}