{"id":1371,"date":"2024-05-05T01:07:59","date_gmt":"2024-05-04T22:07:59","guid":{"rendered":"https:\/\/haberkuzey.com\/index.php\/2024\/05\/05\/texasta-asiri-yagislar-taskina-neden-oldu-binlerce-kisi-tahliye-edildi\/"},"modified":"2024-05-05T01:07:59","modified_gmt":"2024-05-04T22:07:59","slug":"texasta-asiri-yagislar-taskina-neden-oldu-binlerce-kisi-tahliye-edildi","status":"publish","type":"post","link":"https:\/\/haberkuzey.com\/index.php\/2024\/05\/05\/texasta-asiri-yagislar-taskina-neden-oldu-binlerce-kisi-tahliye-edildi\/","title":{"rendered":"Texas&#039;ta a\u015f\u0131r\u0131 ya\u011f\u0131\u015flar ta\u015fk\u0131na neden oldu: Binlerce ki\u015fi tahliye edildi"},"content":{"rendered":"<p><\/p>\n<div>\n<p>&#13;<br \/>\n\tABD&#8217;nin Texas eyaletinin en b\u00fcy\u00fck \u015fehirlerinden Houston civar\u0131nda 12 nehir g\u00f6stergesinin b\u00fcy\u00fck <a href=\"https:\/\/www.trthaber.com\/etiket\/sel\/\" target=\"_blank\" rel=\"noopener\">sel<\/a> a\u015famas\u0131na ula\u015ft\u0131\u011f\u0131 kaydedildi.<\/p>\n<p>&#13;<br \/>\n\tEyalette nisan ba\u015f\u0131ndan beri \u015fiddetli ya\u011fmurlar etkili olurken, <a href=\"https:\/\/www.trthaber.com\/etiket\/meksika\/\" target=\"_blank\" rel=\"noopener\">Meksika<\/a> K\u00f6rfezi&#8217;nden gelen bir d\u00fczine <a href=\"https:\/\/www.trthaber.com\/etiket\/kasirga\/\" target=\"_blank\" rel=\"noopener\">kas\u0131rga<\/a> ve dolu \u015feklindeki hava olaylar\u0131na da \u015fahit olundu.<\/p>\n<p>&#13;<br \/>\n\tEyalet Acil Y\u00f6netim Koordinat\u00f6r\u00fc Emmitt Eldridge, CNN\u2019e, Houston\u2019\u0131n kuzeyinde 200 evin zorunlu olarak tahliye edildi\u011fini belirterek, <a href=\"https:\/\/www.trthaber.com\/etiket\/sudan\/\" target=\"_blank\" rel=\"noopener\">sudan<\/a> en az 58 kurtarma olay\u0131 ger\u00e7ekle\u015ftirdiklerini aktard\u0131.<\/p>\n<p>&#13;<br \/>\n\tEldridge, &#8220;B\u00f6lgede beklenen ilave ya\u011f\u0131\u015flar nedeniyle \u00e7ok daha fazla su ta\u015fmalar\u0131 g\u00f6rmeyi bekliyoruz.&#8221; dedi.<\/p>\n<p><\/p>\n<p>&#13;<br \/>\n\tYine Houston\u2019\u0131n kuzeybat\u0131s\u0131ndaki Walker County b\u00f6lgesinde, yakla\u015f\u0131k 43 ana yolun hala sular alt\u0131nda oldu\u011funa, baz\u0131 k\u00f6pr\u00fclerin sel sular\u0131ndan olu\u015fan hasar nedeniyle kullan\u0131lamad\u0131\u011f\u0131na i\u015faret edildi.<\/p>\n<p>&#13;<br \/>\n\tHouston\u2019\u0131n yakla\u015f\u0131k 100 kilometre kuzeydo\u011fusundaki Polk County&#8217;de ise 700 evi sel sular\u0131n\u0131n bast\u0131\u011f\u0131 aktar\u0131larak, ya\u011fmurlar\u0131n sel seviyesini y\u00fckseltmeye devam edece\u011fi uyar\u0131s\u0131 yap\u0131ld\u0131.<\/p>\n<p>&#13;<br \/>\n\tBinlerce ki\u015finin tahliye edildi\u011fi b\u00f6lgede en az 1000 evin zorunlu tahliye alan\u0131 i\u00e7inde bulundu\u011fu bilgisi de payla\u015f\u0131ld\u0131.<\/p>\n<p>&#13;<br \/>\n\tYetkililer, \u015fu ana kadar \u00f6len ya da yaralanan olmad\u0131\u011f\u0131n\u0131 kaydetti.<\/p>\n<\/p><\/div>\n","protected":false},"excerpt":{"rendered":"<p>&#13; ABD&#8217;nin Texas eyaletinin en b\u00fcy\u00fck \u015fehirlerinden Houston civar\u0131nda 12 nehir g\u00f6stergesinin b\u00fcy\u00fck sel a\u015famas\u0131na ula\u015ft\u0131\u011f\u0131 kaydedildi. &#13; Eyalette nisan ba\u015f\u0131ndan beri \u015fiddetli ya\u011fmurlar etkili olurken, Meksika K\u00f6rfezi&#8217;nden gelen bir d\u00fczine kas\u0131rga ve dolu \u015feklindeki hava olaylar\u0131na da \u015fahit olundu. &#13; Eyalet Acil Y\u00f6netim Koordinat\u00f6r\u00fc Emmitt Eldridge, CNN\u2019e, Houston\u2019\u0131n kuzeyinde 200 evin zorunlu olarak tahliye [&hellip;]<\/p>\n","protected":false},"author":1,"featured_media":1372,"comment_status":"open","ping_status":"open","sticky":false,"template":"","format":"standard","meta":{"jnews-multi-image_gallery":[],"jnews_single_post":[],"jnews_primary_category":[],"footnotes":""},"categories":[],"tags":[],"class_list":["post-1371","post","type-post","status-publish","format-standard","has-post-thumbnail","hentry"],"yoast_head":"<!-- This site is optimized with the Yoast SEO plugin v27.5 - https:\/\/yoast.com\/product\/yoast-seo-wordpress\/ -->\n<title>Texas&#039;ta a\u015f\u0131r\u0131 ya\u011f\u0131\u015flar ta\u015fk\u0131na neden oldu: Binlerce ki\u015fi tahliye edildi - Haber Kuzey<\/title>\n<meta name=\"robots\" content=\"index, follow, max-snippet:-1, max-image-preview:large, max-video-preview:-1\" \/>\n<link rel=\"canonical\" href=\"https:\/\/haberkuzey.com\/index.php\/2024\/05\/05\/texasta-asiri-yagislar-taskina-neden-oldu-binlerce-kisi-tahliye-edildi\/\" \/>\n<meta property=\"og:locale\" content=\"tr_TR\" \/>\n<meta property=\"og:type\" content=\"article\" \/>\n<meta property=\"og:title\" content=\"Texas&#039;ta a\u015f\u0131r\u0131 ya\u011f\u0131\u015flar ta\u015fk\u0131na neden oldu: Binlerce ki\u015fi tahliye edildi - Haber Kuzey\" \/>\n<meta property=\"og:description\" content=\"&#013; ABD&#8217;nin Texas eyaletinin en b\u00fcy\u00fck \u015fehirlerinden Houston civar\u0131nda 12 nehir g\u00f6stergesinin b\u00fcy\u00fck sel a\u015famas\u0131na ula\u015ft\u0131\u011f\u0131 kaydedildi. &#013; Eyalette nisan ba\u015f\u0131ndan beri \u015fiddetli ya\u011fmurlar etkili olurken, Meksika K\u00f6rfezi&#8217;nden gelen bir d\u00fczine kas\u0131rga ve dolu \u015feklindeki hava olaylar\u0131na da \u015fahit olundu. &#013; Eyalet Acil Y\u00f6netim Koordinat\u00f6r\u00fc Emmitt Eldridge, CNN\u2019e, Houston\u2019\u0131n kuzeyinde 200 evin zorunlu olarak tahliye [&hellip;]\" \/>\n<meta property=\"og:url\" content=\"https:\/\/haberkuzey.com\/index.php\/2024\/05\/05\/texasta-asiri-yagislar-taskina-neden-oldu-binlerce-kisi-tahliye-edildi\/\" \/>\n<meta property=\"og:site_name\" content=\"Haber Kuzey\" \/>\n<meta property=\"article:published_time\" content=\"2024-05-04T22:07:59+00:00\" \/>\n<meta property=\"og:image\" content=\"https:\/\/www.trthaber.com\/dosyalar\/images\/AP24125625791898.jpg\" \/>\n<meta name=\"author\" content=\"haberkuzey\" \/>\n<meta name=\"twitter:card\" content=\"summary_large_image\" \/>\n<meta name=\"twitter:label1\" content=\"Yazan:\" \/>\n\t<meta name=\"twitter:data1\" content=\"haberkuzey\" \/>\n\t<meta name=\"twitter:label2\" content=\"Tahmini okuma s\u00fcresi\" \/>\n\t<meta name=\"twitter:data2\" content=\"1 dakika\" \/>\n<script type=\"application\/ld+json\" class=\"yoast-schema-graph\">{\"@context\":\"https:\\\/\\\/schema.org\",\"@graph\":[{\"@type\":\"Article\",\"@id\":\"https:\\\/\\\/haberkuzey.com\\\/index.php\\\/2024\\\/05\\\/05\\\/texasta-asiri-yagislar-taskina-neden-oldu-binlerce-kisi-tahliye-edildi\\\/#article\",\"isPartOf\":{\"@id\":\"https:\\\/\\\/haberkuzey.com\\\/index.php\\\/2024\\\/05\\\/05\\\/texasta-asiri-yagislar-taskina-neden-oldu-binlerce-kisi-tahliye-edildi\\\/\"},\"author\":{\"name\":\"haberkuzey\",\"@id\":\"https:\\\/\\\/haberkuzey.com\\\/#\\\/schema\\\/person\\\/3372109ec735f9333f4fa47ebb9605ca\"},\"headline\":\"Texas&#039;ta a\u015f\u0131r\u0131 ya\u011f\u0131\u015flar ta\u015fk\u0131na neden oldu: Binlerce ki\u015fi tahliye edildi\",\"datePublished\":\"2024-05-04T22:07:59+00:00\",\"mainEntityOfPage\":{\"@id\":\"https:\\\/\\\/haberkuzey.com\\\/index.php\\\/2024\\\/05\\\/05\\\/texasta-asiri-yagislar-taskina-neden-oldu-binlerce-kisi-tahliye-edildi\\\/\"},\"wordCount\":220,\"commentCount\":0,\"image\":{\"@id\":\"https:\\\/\\\/haberkuzey.com\\\/index.php\\\/2024\\\/05\\\/05\\\/texasta-asiri-yagislar-taskina-neden-oldu-binlerce-kisi-tahliye-edildi\\\/#primaryimage\"},\"thumbnailUrl\":\"https:\\\/\\\/haberkuzey.com\\\/wp-content\\\/uploads\\\/2024\\\/05\\\/texas-ap-2224429.jpg\",\"inLanguage\":\"tr\",\"potentialAction\":[{\"@type\":\"CommentAction\",\"name\":\"Comment\",\"target\":[\"https:\\\/\\\/haberkuzey.com\\\/index.php\\\/2024\\\/05\\\/05\\\/texasta-asiri-yagislar-taskina-neden-oldu-binlerce-kisi-tahliye-edildi\\\/#respond\"]}]},{\"@type\":\"WebPage\",\"@id\":\"https:\\\/\\\/haberkuzey.com\\\/index.php\\\/2024\\\/05\\\/05\\\/texasta-asiri-yagislar-taskina-neden-oldu-binlerce-kisi-tahliye-edildi\\\/\",\"url\":\"https:\\\/\\\/haberkuzey.com\\\/index.php\\\/2024\\\/05\\\/05\\\/texasta-asiri-yagislar-taskina-neden-oldu-binlerce-kisi-tahliye-edildi\\\/\",\"name\":\"Texas&#039;ta a\u015f\u0131r\u0131 ya\u011f\u0131\u015flar ta\u015fk\u0131na neden oldu: Binlerce ki\u015fi tahliye edildi - Haber Kuzey\",\"isPartOf\":{\"@id\":\"https:\\\/\\\/haberkuzey.com\\\/#website\"},\"primaryImageOfPage\":{\"@id\":\"https:\\\/\\\/haberkuzey.com\\\/index.php\\\/2024\\\/05\\\/05\\\/texasta-asiri-yagislar-taskina-neden-oldu-binlerce-kisi-tahliye-edildi\\\/#primaryimage\"},\"image\":{\"@id\":\"https:\\\/\\\/haberkuzey.com\\\/index.php\\\/2024\\\/05\\\/05\\\/texasta-asiri-yagislar-taskina-neden-oldu-binlerce-kisi-tahliye-edildi\\\/#primaryimage\"},\"thumbnailUrl\":\"https:\\\/\\\/haberkuzey.com\\\/wp-content\\\/uploads\\\/2024\\\/05\\\/texas-ap-2224429.jpg\",\"datePublished\":\"2024-05-04T22:07:59+00:00\",\"author\":{\"@id\":\"https:\\\/\\\/haberkuzey.com\\\/#\\\/schema\\\/person\\\/3372109ec735f9333f4fa47ebb9605ca\"},\"breadcrumb\":{\"@id\":\"https:\\\/\\\/haberkuzey.com\\\/index.php\\\/2024\\\/05\\\/05\\\/texasta-asiri-yagislar-taskina-neden-oldu-binlerce-kisi-tahliye-edildi\\\/#breadcrumb\"},\"inLanguage\":\"tr\",\"potentialAction\":[{\"@type\":\"ReadAction\",\"target\":[\"https:\\\/\\\/haberkuzey.com\\\/index.php\\\/2024\\\/05\\\/05\\\/texasta-asiri-yagislar-taskina-neden-oldu-binlerce-kisi-tahliye-edildi\\\/\"]}]},{\"@type\":\"ImageObject\",\"inLanguage\":\"tr\",\"@id\":\"https:\\\/\\\/haberkuzey.com\\\/index.php\\\/2024\\\/05\\\/05\\\/texasta-asiri-yagislar-taskina-neden-oldu-binlerce-kisi-tahliye-edildi\\\/#primaryimage\",\"url\":\"https:\\\/\\\/haberkuzey.com\\\/wp-content\\\/uploads\\\/2024\\\/05\\\/texas-ap-2224429.jpg\",\"contentUrl\":\"https:\\\/\\\/haberkuzey.com\\\/wp-content\\\/uploads\\\/2024\\\/05\\\/texas-ap-2224429.jpg\",\"width\":1280,\"height\":720},{\"@type\":\"BreadcrumbList\",\"@id\":\"https:\\\/\\\/haberkuzey.com\\\/index.php\\\/2024\\\/05\\\/05\\\/texasta-asiri-yagislar-taskina-neden-oldu-binlerce-kisi-tahliye-edildi\\\/#breadcrumb\",\"itemListElement\":[{\"@type\":\"ListItem\",\"position\":1,\"name\":\"Anasayfa\",\"item\":\"https:\\\/\\\/haberkuzey.com\\\/\"},{\"@type\":\"ListItem\",\"position\":2,\"name\":\"Texas&#039;ta a\u015f\u0131r\u0131 ya\u011f\u0131\u015flar ta\u015fk\u0131na neden oldu: Binlerce ki\u015fi tahliye edildi\"}]},{\"@type\":\"WebSite\",\"@id\":\"https:\\\/\\\/haberkuzey.com\\\/#website\",\"url\":\"https:\\\/\\\/haberkuzey.com\\\/\",\"name\":\"Haber Kuzey\",\"description\":\"Do\u011fru Haberin Adresi\",\"potentialAction\":[{\"@type\":\"SearchAction\",\"target\":{\"@type\":\"EntryPoint\",\"urlTemplate\":\"https:\\\/\\\/haberkuzey.com\\\/?s={search_term_string}\"},\"query-input\":{\"@type\":\"PropertyValueSpecification\",\"valueRequired\":true,\"valueName\":\"search_term_string\"}}],\"inLanguage\":\"tr\"},{\"@type\":\"Person\",\"@id\":\"https:\\\/\\\/haberkuzey.com\\\/#\\\/schema\\\/person\\\/3372109ec735f9333f4fa47ebb9605ca\",\"name\":\"haberkuzey\",\"image\":{\"@type\":\"ImageObject\",\"inLanguage\":\"tr\",\"@id\":\"https:\\\/\\\/secure.gravatar.com\\\/avatar\\\/f5fc875574b1575324358c3b9e6a32b8227aa5b74f3fa22e3cadb63e26fcc39c?s=96&d=mm&r=g\",\"url\":\"https:\\\/\\\/secure.gravatar.com\\\/avatar\\\/f5fc875574b1575324358c3b9e6a32b8227aa5b74f3fa22e3cadb63e26fcc39c?s=96&d=mm&r=g\",\"contentUrl\":\"https:\\\/\\\/secure.gravatar.com\\\/avatar\\\/f5fc875574b1575324358c3b9e6a32b8227aa5b74f3fa22e3cadb63e26fcc39c?s=96&d=mm&r=g\",\"caption\":\"haberkuzey\"},\"sameAs\":[\"https:\\\/\\\/haberkuzey.com\"],\"url\":\"https:\\\/\\\/haberkuzey.com\\\/index.php\\\/author\\\/haberkuzey\\\/\"}]}<\/script>\n<!-- \/ Yoast SEO plugin. -->","yoast_head_json":{"title":"Texas&#039;ta a\u015f\u0131r\u0131 ya\u011f\u0131\u015flar ta\u015fk\u0131na neden oldu: Binlerce ki\u015fi tahliye edildi - Haber Kuzey","robots":{"index":"index","follow":"follow","max-snippet":"max-snippet:-1","max-image-preview":"max-image-preview:large","max-video-preview":"max-video-preview:-1"},"canonical":"https:\/\/haberkuzey.com\/index.php\/2024\/05\/05\/texasta-asiri-yagislar-taskina-neden-oldu-binlerce-kisi-tahliye-edildi\/","og_locale":"tr_TR","og_type":"article","og_title":"Texas&#039;ta a\u015f\u0131r\u0131 ya\u011f\u0131\u015flar ta\u015fk\u0131na neden oldu: Binlerce ki\u015fi tahliye edildi - Haber Kuzey","og_description":"&#13; ABD&#8217;nin Texas eyaletinin en b\u00fcy\u00fck \u015fehirlerinden Houston civar\u0131nda 12 nehir g\u00f6stergesinin b\u00fcy\u00fck sel a\u015famas\u0131na ula\u015ft\u0131\u011f\u0131 kaydedildi. &#13; Eyalette nisan ba\u015f\u0131ndan beri \u015fiddetli ya\u011fmurlar etkili olurken, Meksika K\u00f6rfezi&#8217;nden gelen bir d\u00fczine kas\u0131rga ve dolu \u015feklindeki hava olaylar\u0131na da \u015fahit olundu. &#13; Eyalet Acil Y\u00f6netim Koordinat\u00f6r\u00fc Emmitt Eldridge, CNN\u2019e, Houston\u2019\u0131n kuzeyinde 200 evin zorunlu olarak tahliye [&hellip;]","og_url":"https:\/\/haberkuzey.com\/index.php\/2024\/05\/05\/texasta-asiri-yagislar-taskina-neden-oldu-binlerce-kisi-tahliye-edildi\/","og_site_name":"Haber Kuzey","article_published_time":"2024-05-04T22:07:59+00:00","og_image":[{"url":"https:\/\/www.trthaber.com\/dosyalar\/images\/AP24125625791898.jpg","type":"","width":"","height":""}],"author":"haberkuzey","twitter_card":"summary_large_image","twitter_misc":{"Yazan:":"haberkuzey","Tahmini okuma s\u00fcresi":"1 dakika"},"schema":{"@context":"https:\/\/schema.org","@graph":[{"@type":"Article","@id":"https:\/\/haberkuzey.com\/index.php\/2024\/05\/05\/texasta-asiri-yagislar-taskina-neden-oldu-binlerce-kisi-tahliye-edildi\/#article","isPartOf":{"@id":"https:\/\/haberkuzey.com\/index.php\/2024\/05\/05\/texasta-asiri-yagislar-taskina-neden-oldu-binlerce-kisi-tahliye-edildi\/"},"author":{"name":"haberkuzey","@id":"https:\/\/haberkuzey.com\/#\/schema\/person\/3372109ec735f9333f4fa47ebb9605ca"},"headline":"Texas&#039;ta a\u015f\u0131r\u0131 ya\u011f\u0131\u015flar ta\u015fk\u0131na neden oldu: Binlerce ki\u015fi tahliye edildi","datePublished":"2024-05-04T22:07:59+00:00","mainEntityOfPage":{"@id":"https:\/\/haberkuzey.com\/index.php\/2024\/05\/05\/texasta-asiri-yagislar-taskina-neden-oldu-binlerce-kisi-tahliye-edildi\/"},"wordCount":220,"commentCount":0,"image":{"@id":"https:\/\/haberkuzey.com\/index.php\/2024\/05\/05\/texasta-asiri-yagislar-taskina-neden-oldu-binlerce-kisi-tahliye-edildi\/#primaryimage"},"thumbnailUrl":"https:\/\/haberkuzey.com\/wp-content\/uploads\/2024\/05\/texas-ap-2224429.jpg","inLanguage":"tr","potentialAction":[{"@type":"CommentAction","name":"Comment","target":["https:\/\/haberkuzey.com\/index.php\/2024\/05\/05\/texasta-asiri-yagislar-taskina-neden-oldu-binlerce-kisi-tahliye-edildi\/#respond"]}]},{"@type":"WebPage","@id":"https:\/\/haberkuzey.com\/index.php\/2024\/05\/05\/texasta-asiri-yagislar-taskina-neden-oldu-binlerce-kisi-tahliye-edildi\/","url":"https:\/\/haberkuzey.com\/index.php\/2024\/05\/05\/texasta-asiri-yagislar-taskina-neden-oldu-binlerce-kisi-tahliye-edildi\/","name":"Texas&#039;ta a\u015f\u0131r\u0131 ya\u011f\u0131\u015flar ta\u015fk\u0131na neden oldu: Binlerce ki\u015fi tahliye edildi - Haber Kuzey","isPartOf":{"@id":"https:\/\/haberkuzey.com\/#website"},"primaryImageOfPage":{"@id":"https:\/\/haberkuzey.com\/index.php\/2024\/05\/05\/texasta-asiri-yagislar-taskina-neden-oldu-binlerce-kisi-tahliye-edildi\/#primaryimage"},"image":{"@id":"https:\/\/haberkuzey.com\/index.php\/2024\/05\/05\/texasta-asiri-yagislar-taskina-neden-oldu-binlerce-kisi-tahliye-edildi\/#primaryimage"},"thumbnailUrl":"https:\/\/haberkuzey.com\/wp-content\/uploads\/2024\/05\/texas-ap-2224429.jpg","datePublished":"2024-05-04T22:07:59+00:00","author":{"@id":"https:\/\/haberkuzey.com\/#\/schema\/person\/3372109ec735f9333f4fa47ebb9605ca"},"breadcrumb":{"@id":"https:\/\/haberkuzey.com\/index.php\/2024\/05\/05\/texasta-asiri-yagislar-taskina-neden-oldu-binlerce-kisi-tahliye-edildi\/#breadcrumb"},"inLanguage":"tr","potentialAction":[{"@type":"ReadAction","target":["https:\/\/haberkuzey.com\/index.php\/2024\/05\/05\/texasta-asiri-yagislar-taskina-neden-oldu-binlerce-kisi-tahliye-edildi\/"]}]},{"@type":"ImageObject","inLanguage":"tr","@id":"https:\/\/haberkuzey.com\/index.php\/2024\/05\/05\/texasta-asiri-yagislar-taskina-neden-oldu-binlerce-kisi-tahliye-edildi\/#primaryimage","url":"https:\/\/haberkuzey.com\/wp-content\/uploads\/2024\/05\/texas-ap-2224429.jpg","contentUrl":"https:\/\/haberkuzey.com\/wp-content\/uploads\/2024\/05\/texas-ap-2224429.jpg","width":1280,"height":720},{"@type":"BreadcrumbList","@id":"https:\/\/haberkuzey.com\/index.php\/2024\/05\/05\/texasta-asiri-yagislar-taskina-neden-oldu-binlerce-kisi-tahliye-edildi\/#breadcrumb","itemListElement":[{"@type":"ListItem","position":1,"name":"Anasayfa","item":"https:\/\/haberkuzey.com\/"},{"@type":"ListItem","position":2,"name":"Texas&#039;ta a\u015f\u0131r\u0131 ya\u011f\u0131\u015flar ta\u015fk\u0131na neden oldu: Binlerce ki\u015fi tahliye edildi"}]},{"@type":"WebSite","@id":"https:\/\/haberkuzey.com\/#website","url":"https:\/\/haberkuzey.com\/","name":"Haber Kuzey","description":"Do\u011fru Haberin Adresi","potentialAction":[{"@type":"SearchAction","target":{"@type":"EntryPoint","urlTemplate":"https:\/\/haberkuzey.com\/?s={search_term_string}"},"query-input":{"@type":"PropertyValueSpecification","valueRequired":true,"valueName":"search_term_string"}}],"inLanguage":"tr"},{"@type":"Person","@id":"https:\/\/haberkuzey.com\/#\/schema\/person\/3372109ec735f9333f4fa47ebb9605ca","name":"haberkuzey","image":{"@type":"ImageObject","inLanguage":"tr","@id":"https:\/\/secure.gravatar.com\/avatar\/f5fc875574b1575324358c3b9e6a32b8227aa5b74f3fa22e3cadb63e26fcc39c?s=96&d=mm&r=g","url":"https:\/\/secure.gravatar.com\/avatar\/f5fc875574b1575324358c3b9e6a32b8227aa5b74f3fa22e3cadb63e26fcc39c?s=96&d=mm&r=g","contentUrl":"https:\/\/secure.gravatar.com\/avatar\/f5fc875574b1575324358c3b9e6a32b8227aa5b74f3fa22e3cadb63e26fcc39c?s=96&d=mm&r=g","caption":"haberkuzey"},"sameAs":["https:\/\/haberkuzey.com"],"url":"https:\/\/haberkuzey.com\/index.php\/author\/haberkuzey\/"}]}},"_links":{"self":[{"href":"https:\/\/haberkuzey.com\/index.php\/wp-json\/wp\/v2\/posts\/1371","targetHints":{"allow":["GET"]}}],"collection":[{"href":"https:\/\/haberkuzey.com\/index.php\/wp-json\/wp\/v2\/posts"}],"about":[{"href":"https:\/\/haberkuzey.com\/index.php\/wp-json\/wp\/v2\/types\/post"}],"author":[{"embeddable":true,"href":"https:\/\/haberkuzey.com\/index.php\/wp-json\/wp\/v2\/users\/1"}],"replies":[{"embeddable":true,"href":"https:\/\/haberkuzey.com\/index.php\/wp-json\/wp\/v2\/comments?post=1371"}],"version-history":[{"count":0,"href":"https:\/\/haberkuzey.com\/index.php\/wp-json\/wp\/v2\/posts\/1371\/revisions"}],"wp:featuredmedia":[{"embeddable":true,"href":"https:\/\/haberkuzey.com\/index.php\/wp-json\/wp\/v2\/media\/1372"}],"wp:attachment":[{"href":"https:\/\/haberkuzey.com\/index.php\/wp-json\/wp\/v2\/media?parent=1371"}],"wp:term":[{"taxonomy":"category","embeddable":true,"href":"https:\/\/haberkuzey.com\/index.php\/wp-json\/wp\/v2\/categories?post=1371"},{"taxonomy":"post_tag","embeddable":true,"href":"https:\/\/haberkuzey.com\/index.php\/wp-json\/wp\/v2\/tags?post=1371"}],"curies":[{"name":"wp","href":"https:\/\/api.w.org\/{rel}","templated":true}]}}