{"id":1367,"date":"2024-05-05T00:02:56","date_gmt":"2024-05-04T21:02:56","guid":{"rendered":"https:\/\/haberkuzey.com\/index.php\/2024\/05\/05\/uluslararasi-film-festivalinin-juri-uyeleri-belli-oldu\/"},"modified":"2024-05-05T00:02:56","modified_gmt":"2024-05-04T21:02:56","slug":"uluslararasi-film-festivalinin-juri-uyeleri-belli-oldu","status":"publish","type":"post","link":"https:\/\/haberkuzey.com\/index.php\/2024\/05\/05\/uluslararasi-film-festivalinin-juri-uyeleri-belli-oldu\/","title":{"rendered":"Uluslararas\u0131 Film Festivali\u2019nin j\u00fcri \u00fcyeleri belli oldu"},"content":{"rendered":"<div>\n<div class=\"mariselle-image-container center\">\n                                            <\/div>\n<p> K\u0131br\u0131s T\u00fcrk Sinema Televizyon Derne\u011fi taraf\u0131ndan organize edilen Sinevizyon Uluslararas\u0131 Film Festivali\u2019nin j\u00fcri \u00fcyeleri belli oldu.<\/p>\n<p>Organizasyon ba\u015fkanl\u0131\u011f\u0131n\u0131 M\u00fcge G\u00fcnay\u2019\u0131n yapt\u0131\u011f\u0131 festivalde, 3 k\u0131sa ve 3 belgesel film \u00f6d\u00fcllendirilecek.<\/p>\n<p>G\u00fcnay\u2019\u0131n verdi\u011fi bilgiye g\u00f6re, toplam 20 filmin belirlenece\u011fi festivale bu sene, 114 \u00fclkeden 2 bin 207 film ba\u015fvuru yapt\u0131. 6. Sinevizyon Uluslararas\u0131 Film Festivali\u2019nin \u00f6d\u00fclleri Lefko\u015fa\u2019a d\u00fczenlenecek t\u00f6rende verilecek.<\/p>\n<p>Festivalin j\u00fcri \u00fcyeleri \u015f\u00f6yle: \u201cDo\u00e7.Dr. Hakan Aytekin, Dr.\u00d6\u011fr.\u00dc. Mehmet K\u00f6pr\u00fc, Belgesel Yap\u0131mc\u0131s\u0131 Taha Feyizli, Yap\u0131mc\u0131 Yusuf Darbukac\u0131, \u00d6\u011fretim G\u00f6revlisi Beng\u00fc Kay\u0131aslan, Y\u00f6netmen Beg\u00fcm Aksoy, Y\u00f6netmen Karolina Belka, \u00d6\u011fretim G\u00f6revlisi Mert Yusuf \u00d6zl\u00fck, Y\u00f6netmen Selin Akta\u015f, Senaryo Yazar\u0131 \u015eafak Yolcu.\u201d<\/p>\n<\/p><\/div>\n<p><script async\n                    defer\n                    crossorigin=\"anonymous\"\n                    src=\"https:\/\/connect.facebook.net\/tr_TR\/sdk.js#xfbml=1&#038;version=v3.3\"\n            ><\/script><\/p>\n","protected":false},"excerpt":{"rendered":"<p>K\u0131br\u0131s T\u00fcrk Sinema Televizyon Derne\u011fi taraf\u0131ndan organize edilen Sinevizyon Uluslararas\u0131 Film Festivali\u2019nin j\u00fcri \u00fcyeleri belli oldu. Organizasyon ba\u015fkanl\u0131\u011f\u0131n\u0131 M\u00fcge G\u00fcnay\u2019\u0131n yapt\u0131\u011f\u0131 festivalde, 3 k\u0131sa ve 3 belgesel film \u00f6d\u00fcllendirilecek. G\u00fcnay\u2019\u0131n verdi\u011fi bilgiye g\u00f6re, toplam 20 filmin belirlenece\u011fi festivale bu sene, 114 \u00fclkeden 2 bin 207 film ba\u015fvuru yapt\u0131. 6. Sinevizyon Uluslararas\u0131 Film Festivali\u2019nin \u00f6d\u00fclleri Lefko\u015fa\u2019a [&hellip;]<\/p>\n","protected":false},"author":1,"featured_media":1368,"comment_status":"open","ping_status":"open","sticky":false,"template":"","format":"standard","meta":{"jnews-multi-image_gallery":[],"jnews_single_post":[],"jnews_primary_category":[],"footnotes":""},"categories":[5],"tags":[],"class_list":["post-1367","post","type-post","status-publish","format-standard","has-post-thumbnail","hentry","category-turkiye"],"yoast_head":"<!-- This site is optimized with the Yoast SEO plugin v27.5 - https:\/\/yoast.com\/product\/yoast-seo-wordpress\/ -->\n<title>Uluslararas\u0131 Film Festivali\u2019nin j\u00fcri \u00fcyeleri belli oldu - Haber Kuzey<\/title>\n<meta name=\"robots\" content=\"index, follow, max-snippet:-1, max-image-preview:large, max-video-preview:-1\" \/>\n<link rel=\"canonical\" href=\"https:\/\/haberkuzey.com\/index.php\/2024\/05\/05\/uluslararasi-film-festivalinin-juri-uyeleri-belli-oldu\/\" \/>\n<meta property=\"og:locale\" content=\"tr_TR\" \/>\n<meta property=\"og:type\" content=\"article\" \/>\n<meta property=\"og:title\" content=\"Uluslararas\u0131 Film Festivali\u2019nin j\u00fcri \u00fcyeleri belli oldu - Haber Kuzey\" \/>\n<meta property=\"og:description\" content=\"K\u0131br\u0131s T\u00fcrk Sinema Televizyon Derne\u011fi taraf\u0131ndan organize edilen Sinevizyon Uluslararas\u0131 Film Festivali\u2019nin j\u00fcri \u00fcyeleri belli oldu. Organizasyon ba\u015fkanl\u0131\u011f\u0131n\u0131 M\u00fcge G\u00fcnay\u2019\u0131n yapt\u0131\u011f\u0131 festivalde, 3 k\u0131sa ve 3 belgesel film \u00f6d\u00fcllendirilecek. G\u00fcnay\u2019\u0131n verdi\u011fi bilgiye g\u00f6re, toplam 20 filmin belirlenece\u011fi festivale bu sene, 114 \u00fclkeden 2 bin 207 film ba\u015fvuru yapt\u0131. 6. Sinevizyon Uluslararas\u0131 Film Festivali\u2019nin \u00f6d\u00fclleri Lefko\u015fa\u2019a [&hellip;]\" \/>\n<meta property=\"og:url\" content=\"https:\/\/haberkuzey.com\/index.php\/2024\/05\/05\/uluslararasi-film-festivalinin-juri-uyeleri-belli-oldu\/\" \/>\n<meta property=\"og:site_name\" content=\"Haber Kuzey\" \/>\n<meta property=\"article:published_time\" content=\"2024-05-04T21:02:56+00:00\" \/>\n<meta property=\"og:image\" content=\"https:\/\/brtk.net\/wp-content\/uploads\/2024\/05\/03\/Uluslararasi-Film-Festivalinin-juri-uyeleri-belli-oldu.jpg?ver=3e0835fb9bbbb362c4af95b659bb3a77\" \/>\n<meta name=\"author\" content=\"haberkuzey\" \/>\n<meta name=\"twitter:card\" content=\"summary_large_image\" \/>\n<meta name=\"twitter:label1\" content=\"Yazan:\" \/>\n\t<meta name=\"twitter:data1\" content=\"haberkuzey\" \/>\n\t<meta name=\"twitter:label2\" content=\"Tahmini okuma s\u00fcresi\" \/>\n\t<meta name=\"twitter:data2\" content=\"1 dakika\" \/>\n<script type=\"application\/ld+json\" class=\"yoast-schema-graph\">{\"@context\":\"https:\\\/\\\/schema.org\",\"@graph\":[{\"@type\":\"Article\",\"@id\":\"https:\\\/\\\/haberkuzey.com\\\/index.php\\\/2024\\\/05\\\/05\\\/uluslararasi-film-festivalinin-juri-uyeleri-belli-oldu\\\/#article\",\"isPartOf\":{\"@id\":\"https:\\\/\\\/haberkuzey.com\\\/index.php\\\/2024\\\/05\\\/05\\\/uluslararasi-film-festivalinin-juri-uyeleri-belli-oldu\\\/\"},\"author\":{\"name\":\"haberkuzey\",\"@id\":\"https:\\\/\\\/haberkuzey.com\\\/#\\\/schema\\\/person\\\/3372109ec735f9333f4fa47ebb9605ca\"},\"headline\":\"Uluslararas\u0131 Film Festivali\u2019nin j\u00fcri \u00fcyeleri belli oldu\",\"datePublished\":\"2024-05-04T21:02:56+00:00\",\"mainEntityOfPage\":{\"@id\":\"https:\\\/\\\/haberkuzey.com\\\/index.php\\\/2024\\\/05\\\/05\\\/uluslararasi-film-festivalinin-juri-uyeleri-belli-oldu\\\/\"},\"wordCount\":140,\"commentCount\":0,\"image\":{\"@id\":\"https:\\\/\\\/haberkuzey.com\\\/index.php\\\/2024\\\/05\\\/05\\\/uluslararasi-film-festivalinin-juri-uyeleri-belli-oldu\\\/#primaryimage\"},\"thumbnailUrl\":\"https:\\\/\\\/haberkuzey.com\\\/wp-content\\\/uploads\\\/2024\\\/05\\\/Uluslararasi-Film-Festivalinin-juri-uyeleri-belli-oldu.jpg\",\"articleSection\":[\"T\u00fcrkiye\"],\"inLanguage\":\"tr\",\"potentialAction\":[{\"@type\":\"CommentAction\",\"name\":\"Comment\",\"target\":[\"https:\\\/\\\/haberkuzey.com\\\/index.php\\\/2024\\\/05\\\/05\\\/uluslararasi-film-festivalinin-juri-uyeleri-belli-oldu\\\/#respond\"]}]},{\"@type\":\"WebPage\",\"@id\":\"https:\\\/\\\/haberkuzey.com\\\/index.php\\\/2024\\\/05\\\/05\\\/uluslararasi-film-festivalinin-juri-uyeleri-belli-oldu\\\/\",\"url\":\"https:\\\/\\\/haberkuzey.com\\\/index.php\\\/2024\\\/05\\\/05\\\/uluslararasi-film-festivalinin-juri-uyeleri-belli-oldu\\\/\",\"name\":\"Uluslararas\u0131 Film Festivali\u2019nin j\u00fcri \u00fcyeleri belli oldu - Haber Kuzey\",\"isPartOf\":{\"@id\":\"https:\\\/\\\/haberkuzey.com\\\/#website\"},\"primaryImageOfPage\":{\"@id\":\"https:\\\/\\\/haberkuzey.com\\\/index.php\\\/2024\\\/05\\\/05\\\/uluslararasi-film-festivalinin-juri-uyeleri-belli-oldu\\\/#primaryimage\"},\"image\":{\"@id\":\"https:\\\/\\\/haberkuzey.com\\\/index.php\\\/2024\\\/05\\\/05\\\/uluslararasi-film-festivalinin-juri-uyeleri-belli-oldu\\\/#primaryimage\"},\"thumbnailUrl\":\"https:\\\/\\\/haberkuzey.com\\\/wp-content\\\/uploads\\\/2024\\\/05\\\/Uluslararasi-Film-Festivalinin-juri-uyeleri-belli-oldu.jpg\",\"datePublished\":\"2024-05-04T21:02:56+00:00\",\"author\":{\"@id\":\"https:\\\/\\\/haberkuzey.com\\\/#\\\/schema\\\/person\\\/3372109ec735f9333f4fa47ebb9605ca\"},\"breadcrumb\":{\"@id\":\"https:\\\/\\\/haberkuzey.com\\\/index.php\\\/2024\\\/05\\\/05\\\/uluslararasi-film-festivalinin-juri-uyeleri-belli-oldu\\\/#breadcrumb\"},\"inLanguage\":\"tr\",\"potentialAction\":[{\"@type\":\"ReadAction\",\"target\":[\"https:\\\/\\\/haberkuzey.com\\\/index.php\\\/2024\\\/05\\\/05\\\/uluslararasi-film-festivalinin-juri-uyeleri-belli-oldu\\\/\"]}]},{\"@type\":\"ImageObject\",\"inLanguage\":\"tr\",\"@id\":\"https:\\\/\\\/haberkuzey.com\\\/index.php\\\/2024\\\/05\\\/05\\\/uluslararasi-film-festivalinin-juri-uyeleri-belli-oldu\\\/#primaryimage\",\"url\":\"https:\\\/\\\/haberkuzey.com\\\/wp-content\\\/uploads\\\/2024\\\/05\\\/Uluslararasi-Film-Festivalinin-juri-uyeleri-belli-oldu.jpg\",\"contentUrl\":\"https:\\\/\\\/haberkuzey.com\\\/wp-content\\\/uploads\\\/2024\\\/05\\\/Uluslararasi-Film-Festivalinin-juri-uyeleri-belli-oldu.jpg\",\"width\":971,\"height\":551},{\"@type\":\"BreadcrumbList\",\"@id\":\"https:\\\/\\\/haberkuzey.com\\\/index.php\\\/2024\\\/05\\\/05\\\/uluslararasi-film-festivalinin-juri-uyeleri-belli-oldu\\\/#breadcrumb\",\"itemListElement\":[{\"@type\":\"ListItem\",\"position\":1,\"name\":\"Anasayfa\",\"item\":\"https:\\\/\\\/haberkuzey.com\\\/\"},{\"@type\":\"ListItem\",\"position\":2,\"name\":\"Uluslararas\u0131 Film Festivali\u2019nin j\u00fcri \u00fcyeleri belli oldu\"}]},{\"@type\":\"WebSite\",\"@id\":\"https:\\\/\\\/haberkuzey.com\\\/#website\",\"url\":\"https:\\\/\\\/haberkuzey.com\\\/\",\"name\":\"Haber Kuzey\",\"description\":\"Do\u011fru Haberin Adresi\",\"potentialAction\":[{\"@type\":\"SearchAction\",\"target\":{\"@type\":\"EntryPoint\",\"urlTemplate\":\"https:\\\/\\\/haberkuzey.com\\\/?s={search_term_string}\"},\"query-input\":{\"@type\":\"PropertyValueSpecification\",\"valueRequired\":true,\"valueName\":\"search_term_string\"}}],\"inLanguage\":\"tr\"},{\"@type\":\"Person\",\"@id\":\"https:\\\/\\\/haberkuzey.com\\\/#\\\/schema\\\/person\\\/3372109ec735f9333f4fa47ebb9605ca\",\"name\":\"haberkuzey\",\"image\":{\"@type\":\"ImageObject\",\"inLanguage\":\"tr\",\"@id\":\"https:\\\/\\\/secure.gravatar.com\\\/avatar\\\/f5fc875574b1575324358c3b9e6a32b8227aa5b74f3fa22e3cadb63e26fcc39c?s=96&d=mm&r=g\",\"url\":\"https:\\\/\\\/secure.gravatar.com\\\/avatar\\\/f5fc875574b1575324358c3b9e6a32b8227aa5b74f3fa22e3cadb63e26fcc39c?s=96&d=mm&r=g\",\"contentUrl\":\"https:\\\/\\\/secure.gravatar.com\\\/avatar\\\/f5fc875574b1575324358c3b9e6a32b8227aa5b74f3fa22e3cadb63e26fcc39c?s=96&d=mm&r=g\",\"caption\":\"haberkuzey\"},\"sameAs\":[\"https:\\\/\\\/haberkuzey.com\"],\"url\":\"https:\\\/\\\/haberkuzey.com\\\/index.php\\\/author\\\/haberkuzey\\\/\"}]}<\/script>\n<!-- \/ Yoast SEO plugin. -->","yoast_head_json":{"title":"Uluslararas\u0131 Film Festivali\u2019nin j\u00fcri \u00fcyeleri belli oldu - Haber Kuzey","robots":{"index":"index","follow":"follow","max-snippet":"max-snippet:-1","max-image-preview":"max-image-preview:large","max-video-preview":"max-video-preview:-1"},"canonical":"https:\/\/haberkuzey.com\/index.php\/2024\/05\/05\/uluslararasi-film-festivalinin-juri-uyeleri-belli-oldu\/","og_locale":"tr_TR","og_type":"article","og_title":"Uluslararas\u0131 Film Festivali\u2019nin j\u00fcri \u00fcyeleri belli oldu - Haber Kuzey","og_description":"K\u0131br\u0131s T\u00fcrk Sinema Televizyon Derne\u011fi taraf\u0131ndan organize edilen Sinevizyon Uluslararas\u0131 Film Festivali\u2019nin j\u00fcri \u00fcyeleri belli oldu. Organizasyon ba\u015fkanl\u0131\u011f\u0131n\u0131 M\u00fcge G\u00fcnay\u2019\u0131n yapt\u0131\u011f\u0131 festivalde, 3 k\u0131sa ve 3 belgesel film \u00f6d\u00fcllendirilecek. G\u00fcnay\u2019\u0131n verdi\u011fi bilgiye g\u00f6re, toplam 20 filmin belirlenece\u011fi festivale bu sene, 114 \u00fclkeden 2 bin 207 film ba\u015fvuru yapt\u0131. 6. Sinevizyon Uluslararas\u0131 Film Festivali\u2019nin \u00f6d\u00fclleri Lefko\u015fa\u2019a [&hellip;]","og_url":"https:\/\/haberkuzey.com\/index.php\/2024\/05\/05\/uluslararasi-film-festivalinin-juri-uyeleri-belli-oldu\/","og_site_name":"Haber Kuzey","article_published_time":"2024-05-04T21:02:56+00:00","og_image":[{"url":"https:\/\/brtk.net\/wp-content\/uploads\/2024\/05\/03\/Uluslararasi-Film-Festivalinin-juri-uyeleri-belli-oldu.jpg?ver=3e0835fb9bbbb362c4af95b659bb3a77","type":"","width":"","height":""}],"author":"haberkuzey","twitter_card":"summary_large_image","twitter_misc":{"Yazan:":"haberkuzey","Tahmini okuma s\u00fcresi":"1 dakika"},"schema":{"@context":"https:\/\/schema.org","@graph":[{"@type":"Article","@id":"https:\/\/haberkuzey.com\/index.php\/2024\/05\/05\/uluslararasi-film-festivalinin-juri-uyeleri-belli-oldu\/#article","isPartOf":{"@id":"https:\/\/haberkuzey.com\/index.php\/2024\/05\/05\/uluslararasi-film-festivalinin-juri-uyeleri-belli-oldu\/"},"author":{"name":"haberkuzey","@id":"https:\/\/haberkuzey.com\/#\/schema\/person\/3372109ec735f9333f4fa47ebb9605ca"},"headline":"Uluslararas\u0131 Film Festivali\u2019nin j\u00fcri \u00fcyeleri belli oldu","datePublished":"2024-05-04T21:02:56+00:00","mainEntityOfPage":{"@id":"https:\/\/haberkuzey.com\/index.php\/2024\/05\/05\/uluslararasi-film-festivalinin-juri-uyeleri-belli-oldu\/"},"wordCount":140,"commentCount":0,"image":{"@id":"https:\/\/haberkuzey.com\/index.php\/2024\/05\/05\/uluslararasi-film-festivalinin-juri-uyeleri-belli-oldu\/#primaryimage"},"thumbnailUrl":"https:\/\/haberkuzey.com\/wp-content\/uploads\/2024\/05\/Uluslararasi-Film-Festivalinin-juri-uyeleri-belli-oldu.jpg","articleSection":["T\u00fcrkiye"],"inLanguage":"tr","potentialAction":[{"@type":"CommentAction","name":"Comment","target":["https:\/\/haberkuzey.com\/index.php\/2024\/05\/05\/uluslararasi-film-festivalinin-juri-uyeleri-belli-oldu\/#respond"]}]},{"@type":"WebPage","@id":"https:\/\/haberkuzey.com\/index.php\/2024\/05\/05\/uluslararasi-film-festivalinin-juri-uyeleri-belli-oldu\/","url":"https:\/\/haberkuzey.com\/index.php\/2024\/05\/05\/uluslararasi-film-festivalinin-juri-uyeleri-belli-oldu\/","name":"Uluslararas\u0131 Film Festivali\u2019nin j\u00fcri \u00fcyeleri belli oldu - Haber Kuzey","isPartOf":{"@id":"https:\/\/haberkuzey.com\/#website"},"primaryImageOfPage":{"@id":"https:\/\/haberkuzey.com\/index.php\/2024\/05\/05\/uluslararasi-film-festivalinin-juri-uyeleri-belli-oldu\/#primaryimage"},"image":{"@id":"https:\/\/haberkuzey.com\/index.php\/2024\/05\/05\/uluslararasi-film-festivalinin-juri-uyeleri-belli-oldu\/#primaryimage"},"thumbnailUrl":"https:\/\/haberkuzey.com\/wp-content\/uploads\/2024\/05\/Uluslararasi-Film-Festivalinin-juri-uyeleri-belli-oldu.jpg","datePublished":"2024-05-04T21:02:56+00:00","author":{"@id":"https:\/\/haberkuzey.com\/#\/schema\/person\/3372109ec735f9333f4fa47ebb9605ca"},"breadcrumb":{"@id":"https:\/\/haberkuzey.com\/index.php\/2024\/05\/05\/uluslararasi-film-festivalinin-juri-uyeleri-belli-oldu\/#breadcrumb"},"inLanguage":"tr","potentialAction":[{"@type":"ReadAction","target":["https:\/\/haberkuzey.com\/index.php\/2024\/05\/05\/uluslararasi-film-festivalinin-juri-uyeleri-belli-oldu\/"]}]},{"@type":"ImageObject","inLanguage":"tr","@id":"https:\/\/haberkuzey.com\/index.php\/2024\/05\/05\/uluslararasi-film-festivalinin-juri-uyeleri-belli-oldu\/#primaryimage","url":"https:\/\/haberkuzey.com\/wp-content\/uploads\/2024\/05\/Uluslararasi-Film-Festivalinin-juri-uyeleri-belli-oldu.jpg","contentUrl":"https:\/\/haberkuzey.com\/wp-content\/uploads\/2024\/05\/Uluslararasi-Film-Festivalinin-juri-uyeleri-belli-oldu.jpg","width":971,"height":551},{"@type":"BreadcrumbList","@id":"https:\/\/haberkuzey.com\/index.php\/2024\/05\/05\/uluslararasi-film-festivalinin-juri-uyeleri-belli-oldu\/#breadcrumb","itemListElement":[{"@type":"ListItem","position":1,"name":"Anasayfa","item":"https:\/\/haberkuzey.com\/"},{"@type":"ListItem","position":2,"name":"Uluslararas\u0131 Film Festivali\u2019nin j\u00fcri \u00fcyeleri belli oldu"}]},{"@type":"WebSite","@id":"https:\/\/haberkuzey.com\/#website","url":"https:\/\/haberkuzey.com\/","name":"Haber Kuzey","description":"Do\u011fru Haberin Adresi","potentialAction":[{"@type":"SearchAction","target":{"@type":"EntryPoint","urlTemplate":"https:\/\/haberkuzey.com\/?s={search_term_string}"},"query-input":{"@type":"PropertyValueSpecification","valueRequired":true,"valueName":"search_term_string"}}],"inLanguage":"tr"},{"@type":"Person","@id":"https:\/\/haberkuzey.com\/#\/schema\/person\/3372109ec735f9333f4fa47ebb9605ca","name":"haberkuzey","image":{"@type":"ImageObject","inLanguage":"tr","@id":"https:\/\/secure.gravatar.com\/avatar\/f5fc875574b1575324358c3b9e6a32b8227aa5b74f3fa22e3cadb63e26fcc39c?s=96&d=mm&r=g","url":"https:\/\/secure.gravatar.com\/avatar\/f5fc875574b1575324358c3b9e6a32b8227aa5b74f3fa22e3cadb63e26fcc39c?s=96&d=mm&r=g","contentUrl":"https:\/\/secure.gravatar.com\/avatar\/f5fc875574b1575324358c3b9e6a32b8227aa5b74f3fa22e3cadb63e26fcc39c?s=96&d=mm&r=g","caption":"haberkuzey"},"sameAs":["https:\/\/haberkuzey.com"],"url":"https:\/\/haberkuzey.com\/index.php\/author\/haberkuzey\/"}]}},"_links":{"self":[{"href":"https:\/\/haberkuzey.com\/index.php\/wp-json\/wp\/v2\/posts\/1367","targetHints":{"allow":["GET"]}}],"collection":[{"href":"https:\/\/haberkuzey.com\/index.php\/wp-json\/wp\/v2\/posts"}],"about":[{"href":"https:\/\/haberkuzey.com\/index.php\/wp-json\/wp\/v2\/types\/post"}],"author":[{"embeddable":true,"href":"https:\/\/haberkuzey.com\/index.php\/wp-json\/wp\/v2\/users\/1"}],"replies":[{"embeddable":true,"href":"https:\/\/haberkuzey.com\/index.php\/wp-json\/wp\/v2\/comments?post=1367"}],"version-history":[{"count":0,"href":"https:\/\/haberkuzey.com\/index.php\/wp-json\/wp\/v2\/posts\/1367\/revisions"}],"wp:featuredmedia":[{"embeddable":true,"href":"https:\/\/haberkuzey.com\/index.php\/wp-json\/wp\/v2\/media\/1368"}],"wp:attachment":[{"href":"https:\/\/haberkuzey.com\/index.php\/wp-json\/wp\/v2\/media?parent=1367"}],"wp:term":[{"taxonomy":"category","embeddable":true,"href":"https:\/\/haberkuzey.com\/index.php\/wp-json\/wp\/v2\/categories?post=1367"},{"taxonomy":"post_tag","embeddable":true,"href":"https:\/\/haberkuzey.com\/index.php\/wp-json\/wp\/v2\/tags?post=1367"}],"curies":[{"name":"wp","href":"https:\/\/api.w.org\/{rel}","templated":true}]}}