{"id":1365,"date":"2024-05-04T23:05:54","date_gmt":"2024-05-04T20:05:54","guid":{"rendered":"https:\/\/haberkuzey.com\/index.php\/2024\/05\/04\/fransaya-girisine-izin-verilmeyen-filistinli-cerrah-ebu-sitte-londraya-dondu\/"},"modified":"2024-05-04T23:05:54","modified_gmt":"2024-05-04T20:05:54","slug":"fransaya-girisine-izin-verilmeyen-filistinli-cerrah-ebu-sitte-londraya-dondu","status":"publish","type":"post","link":"https:\/\/haberkuzey.com\/index.php\/2024\/05\/04\/fransaya-girisine-izin-verilmeyen-filistinli-cerrah-ebu-sitte-londraya-dondu\/","title":{"rendered":"Fransa&#039;ya giri\u015fine izin verilmeyen Filistinli cerrah Ebu Sitte Londra&#039;ya d\u00f6nd\u00fc"},"content":{"rendered":"<p><\/p>\n<div>\n<p>&#13;<br \/>\n\tFilistin yanl\u0131lar\u0131, <a href=\"https:\/\/www.trthaber.com\/etiket\/fransa\/\" target=\"_blank\" rel=\"noopener\">Fransa<\/a> topraklar\u0131na girmesine izin verilmeyen Gassan Ebu Sitte&#8217;ye destek amac\u0131yla Paris&#8217;teki Charles de Gaulle Havaliman\u0131&#8217;nda topland\u0131.<\/p>\n<p>&#13;<br \/>\n\tFilistin bayraklar\u0131 ta\u015f\u0131yan eylemciler, &#8220;(Fransa Cumhurba\u015fkan\u0131 Emmanuel) Macron istemese de Filistin ve \u00f6ld\u00fcr\u00fclenlerin onuru i\u00e7in buraday\u0131z&#8221; slogan\u0131 att\u0131.<\/p>\n<p><\/p>\n<p>&#13;<br \/>\n\tEbu Sitte&#8217;ye destek amac\u0131yla havaliman\u0131na gelen Boyun E\u011fmeyen Fransa (LFI) milletvekili Arnaud Le Gall, burada yapt\u0131\u011f\u0131 konu\u015fmada, Ebu Sitte&#8217;nin <a href=\"https:\/\/www.trthaber.com\/etiket\/ingiltere\/\" target=\"_blank\" rel=\"noopener\">\u0130ngiltere<\/a> ve L\u00fcbnan&#8217;\u0131n en prestijli \u00fcniversiteleri ve hastanelerinde <a href=\"https:\/\/www.trthaber.com\/etiket\/egitim\/\" target=\"_blank\" rel=\"noopener\">e\u011fitim<\/a> verdi\u011fini ifade etti.<\/p>\n<p>&#13;<br \/>\n\tLe Gall, Filistinli cerrah\u0131n <a href=\"https:\/\/www.trthaber.com\/etiket\/savas\/\" target=\"_blank\" rel=\"noopener\">sava\u015f<\/a> hekimli\u011fi ve \u0130srail&#8217;in Gazze&#8217;ye y\u00f6nelik sald\u0131r\u0131lar\u0131 konusundaki analizlerinin g\u00fcvenilirli\u011fi nedeniyle farkl\u0131 bas\u0131n kurulu\u015flar\u0131na r\u00f6portaj verdi\u011fini belirterek, &#8220;(Filistinli cerrah Gassan Ebu Sitte) Bar\u0131\u015f sava\u015f\u00e7\u0131s\u0131d\u0131r.&#8221; dedi.<\/p>\n<p>&#13;<br \/>\n\tEbu Sitte&#8217;nin sava\u015flarda yaralanan \u00e7ocuklar\u0131n tedavisi i\u00e7in m\u00fccadele verdi\u011fini dile getiren Le Gall, &#8220;Gassan Ebu Sitte&#8217;nin bug\u00fcn Frans\u0131z topraklar\u0131na girmesi engellendi.&#8221; diye konu\u015ftu.<\/p>\n<p>&#13;<br \/>\n\t<strong>&#8220;Fransa, itaat etmemeliydi&#8221;<\/strong><\/p>\n<p>&#13;<br \/>\n\tLe Gall, Ebu Sitte&#8217;nin Gazze&#8217;de g\u00f6rd\u00fcklerini, \u00e7ocuklar\u0131n ya\u015fad\u0131\u011f\u0131 deh\u015fet verici durumu anlatmak \u00fczere Frans\u0131z Senatosuna davet edildi\u011fini belirterek, Almanya&#8217;n\u0131n Ebu Sitte hakk\u0131nda Avrupa Birli\u011fi&#8217;nin (AB) vizesiz seyahat b\u00f6lgesi \u015eengen&#8217;e girme yasa\u011f\u0131 \u00e7\u0131kard\u0131\u011f\u0131n\u0131, Fransa&#8217;n\u0131n da otomatik olarak bu yasa\u011f\u0131 uygulad\u0131\u011f\u0131n\u0131 ifade etti.<\/p>\n<p>&#13;<br \/>\n\tFrans\u0131z milletvekili, &#8220;Fransa, itaat etmemeliydi. Fransa&#8217;n\u0131n bu t\u00fcr bir karar\u0131 desteklemesi gerekmiyor.&#8221; dedi ve Ebu Sitte&#8217;nin hi\u00e7 su\u00e7 i\u015flemedi\u011fini, hi\u00e7bir \u015fekilde Yahudi kar\u015f\u0131tl\u0131\u011f\u0131 veya ter\u00f6r propagandas\u0131n\u0131 and\u0131ran bir ifade sarf etmedi\u011fini vurgulad\u0131.<\/p>\n<p>&#13;<br \/>\n\t<strong>&#8220;Bir kez daha Gazze&#8217;deki sava\u015fla ilgili sans\u00fcr\u00fcn bir \u00f6rne\u011fini g\u00f6r\u00fcyoruz&#8221;<\/strong><\/p>\n<p>&#13;<br \/>\n\tLe Gall, \u015f\u00f6yle devam etti:<\/p>\n<p>&#13;<br \/>\n\t<em>&#8220;Bir kez daha Gazze&#8217;deki sava\u015fla ilgili sans\u00fcr\u00fcn bir \u00f6rne\u011fini g\u00f6r\u00fcyoruz. Bu sans\u00fcr, b\u00fcy\u00fck Avrupa demokrasilerinde ger\u00e7ekle\u015fiyor. Bu kabul edilemez. Gassan Ebu Sitte gitti ve g\u00f6remedik \u00e7\u00fcnk\u00fc bekleme alan\u0131ndayd\u0131.&#8221;<\/em><\/p>\n<p>&#13;<br \/>\n\tEbu Sitte&#8217;nin, avukatlar\u0131 sayesinde Senatodaki konu\u015fmas\u0131n\u0131 video konferansla yapabildi\u011fini dile getiren Le Gall, Filistinli cerrah\u0131n Fransa&#8217;ya girmesine izin verilmemesinin kabul edilemez oldu\u011funun alt\u0131n\u0131 \u00e7izdi.<\/p>\n<p>&#13;<br \/>\n\tEbu Sitte&#8217;nin Fransa&#8217;daki avukat\u0131 Damia Taharraoui da m\u00fcvekkilinin sabah Fransa&#8217;ya gelir gelmez havaliman\u0131nda bekleme alan\u0131na al\u0131nd\u0131\u011f\u0131n\u0131 ve sadece zaman zaman telefonuna eri\u015febildi\u011fini s\u00f6yledi.<\/p>\n<p>&#13;<br \/>\n\tTaharraoui, Ebu Sitte&#8217;nin saat 14.10&#8217;daki bir u\u00e7u\u015fla Londra&#8217;ya d\u00f6nmesi beklenirken, bu u\u00e7u\u015fu alamad\u0131\u011f\u0131n\u0131 anlatt\u0131.<\/p>\n<p>&#13;<br \/>\n\tEbu Sitte&#8217;ye saat 22.00&#8217;de bir u\u00e7u\u015f teklif edildi\u011fini belirten Taharraoui, m\u00fcvekkilinin kendi imkanlar\u0131yla ald\u0131\u011f\u0131 biletle saat 18.10&#8217;daki Londra u\u00e7a\u011f\u0131na bindi\u011fini ifade etti.<\/p>\n<p>&#13;<br \/>\n\tTaharraoui, Filistinli doktorun Fransa&#8217;ya giri\u015finin engellenmesine ili\u015fkin, &#8220;Bu karar bizi \u015fok etti ve son derece \u015fa\u015f\u0131rtt\u0131 \u00e7\u00fcnk\u00fc Ebu Sitte Bey g\u00f6rd\u00fc\u011f\u00fc deh\u015fetle ilgili tan\u0131k olduklar\u0131 hakk\u0131nda Senatoda konu\u015fmak i\u00e7in buradayd\u0131.&#8221; dedi.<\/p>\n<p>&#13;<br \/>\n\t<strong>Ebu Sitte&#8217;nin Fransa topraklar\u0131na girmesine izin verilmemi\u015fti<\/strong><\/p>\n<p>&#13;<br \/>\n\t<a href=\"https:\/\/www.trthaber.com\/etiket\/israil\/\" target=\"_blank\" rel=\"noopener\">\u0130srail<\/a> makamlar\u0131nca Gazze&#8217;de i\u015flenen sava\u015f su\u00e7lar\u0131n\u0131 kan\u0131tlamak i\u00e7in Ebu Sitte&#8217;nin tan\u0131kl\u0131\u011f\u0131n\u0131n &#8220;kilit&#8221; oldu\u011funu s\u00f6yleyen Taharraoui, &#8220;Senatoya eri\u015fiminin ve tan\u0131kl\u0131k etmesinin engellenmesi, onun ifade \u00f6zg\u00fcrl\u00fc\u011f\u00fcn\u00fcn a\u00e7\u0131k bir ihlali.&#8221; diye konu\u015ftu.<\/p>\n<p>&#13;<br \/>\n\tEbu Sitte&#8217;nin, Frans\u0131z Parlamentosunun \u00fcst kanad\u0131 olan Senatoda &#8220;Fransa&#8217;n\u0131n Filistin&#8217;de uluslararas\u0131 hukukun uygulanmas\u0131ndaki sorumlulu\u011fu&#8221;na ili\u015fkin etkinlikte konu\u015fmas\u0131 bekleniyordu.<\/p>\n<p>&#13;<br \/>\n\tBu sabah Paris&#8217;teki Charles De Gaulle Havaliman\u0131&#8217;na gelen Ebu Sitte&#8217;nin Fransa topraklar\u0131na girmesine izin verilmemi\u015fti.<\/p>\n<p>&#13;<br \/>\n\t\u0130srail&#8217;in Gazze&#8217;ye y\u00f6nelik sald\u0131r\u0131lar\u0131n\u0131n ba\u015flamas\u0131n\u0131n ard\u0131ndan 9 Ekim 2023&#8217;te b\u00f6lgeye giderek 40 g\u00fcn g\u00f6rev yapan Glasgow \u00dcniversitesinin Filistin as\u0131ll\u0131 Rekt\u00f6r\u00fc Ebu Sitte, nisanda, Gazze&#8217;de ya\u015fad\u0131klar\u0131n\u0131 anlatmas\u0131 i\u00e7in Berlin&#8217;deki konferansa davet edilmi\u015f ancak \u00fclkeye giri\u015fi engellenmi\u015fti.<\/p>\n<\/p><\/div>\n","protected":false},"excerpt":{"rendered":"<p>&#13; Filistin yanl\u0131lar\u0131, Fransa topraklar\u0131na girmesine izin verilmeyen Gassan Ebu Sitte&#8217;ye destek amac\u0131yla Paris&#8217;teki Charles de Gaulle Havaliman\u0131&#8217;nda topland\u0131. &#13; Filistin bayraklar\u0131 ta\u015f\u0131yan eylemciler, &#8220;(Fransa Cumhurba\u015fkan\u0131 Emmanuel) Macron istemese de Filistin ve \u00f6ld\u00fcr\u00fclenlerin onuru i\u00e7in buraday\u0131z&#8221; slogan\u0131 att\u0131. &#13; Ebu Sitte&#8217;ye destek amac\u0131yla havaliman\u0131na gelen Boyun E\u011fmeyen Fransa (LFI) milletvekili Arnaud Le Gall, burada yapt\u0131\u011f\u0131 [&hellip;]<\/p>\n","protected":false},"author":1,"featured_media":1366,"comment_status":"open","ping_status":"open","sticky":false,"template":"","format":"standard","meta":{"jnews-multi-image_gallery":[],"jnews_single_post":[],"jnews_primary_category":[],"footnotes":""},"categories":[],"tags":[],"class_list":["post-1365","post","type-post","status-publish","format-standard","has-post-thumbnail","hentry"],"yoast_head":"<!-- This site is optimized with the Yoast SEO plugin v27.5 - https:\/\/yoast.com\/product\/yoast-seo-wordpress\/ -->\n<title>Fransa&#039;ya giri\u015fine izin verilmeyen Filistinli cerrah Ebu Sitte Londra&#039;ya d\u00f6nd\u00fc - Haber Kuzey<\/title>\n<meta name=\"robots\" content=\"index, follow, max-snippet:-1, max-image-preview:large, max-video-preview:-1\" \/>\n<link rel=\"canonical\" href=\"https:\/\/haberkuzey.com\/index.php\/2024\/05\/04\/fransaya-girisine-izin-verilmeyen-filistinli-cerrah-ebu-sitte-londraya-dondu\/\" \/>\n<meta property=\"og:locale\" content=\"tr_TR\" \/>\n<meta property=\"og:type\" content=\"article\" \/>\n<meta property=\"og:title\" content=\"Fransa&#039;ya giri\u015fine izin verilmeyen Filistinli cerrah Ebu Sitte Londra&#039;ya d\u00f6nd\u00fc - Haber Kuzey\" \/>\n<meta property=\"og:description\" content=\"&#013; Filistin yanl\u0131lar\u0131, Fransa topraklar\u0131na girmesine izin verilmeyen Gassan Ebu Sitte&#8217;ye destek amac\u0131yla Paris&#8217;teki Charles de Gaulle Havaliman\u0131&#8217;nda topland\u0131. &#013; Filistin bayraklar\u0131 ta\u015f\u0131yan eylemciler, &#8220;(Fransa Cumhurba\u015fkan\u0131 Emmanuel) Macron istemese de Filistin ve \u00f6ld\u00fcr\u00fclenlerin onuru i\u00e7in buraday\u0131z&#8221; slogan\u0131 att\u0131. &#013; Ebu Sitte&#8217;ye destek amac\u0131yla havaliman\u0131na gelen Boyun E\u011fmeyen Fransa (LFI) milletvekili Arnaud Le Gall, burada yapt\u0131\u011f\u0131 [&hellip;]\" \/>\n<meta property=\"og:url\" content=\"https:\/\/haberkuzey.com\/index.php\/2024\/05\/04\/fransaya-girisine-izin-verilmeyen-filistinli-cerrah-ebu-sitte-londraya-dondu\/\" \/>\n<meta property=\"og:site_name\" content=\"Haber Kuzey\" \/>\n<meta property=\"article:published_time\" content=\"2024-05-04T20:05:54+00:00\" \/>\n<meta property=\"og:image\" content=\"https:\/\/www.trthaber.com\/dosyalar\/images\/AA-34463167.jpg\" \/>\n<meta name=\"author\" content=\"haberkuzey\" \/>\n<meta name=\"twitter:card\" content=\"summary_large_image\" \/>\n<meta name=\"twitter:label1\" content=\"Yazan:\" \/>\n\t<meta name=\"twitter:data1\" content=\"haberkuzey\" \/>\n\t<meta name=\"twitter:label2\" content=\"Tahmini okuma s\u00fcresi\" \/>\n\t<meta name=\"twitter:data2\" content=\"3 dakika\" \/>\n<script type=\"application\/ld+json\" class=\"yoast-schema-graph\">{\"@context\":\"https:\\\/\\\/schema.org\",\"@graph\":[{\"@type\":\"Article\",\"@id\":\"https:\\\/\\\/haberkuzey.com\\\/index.php\\\/2024\\\/05\\\/04\\\/fransaya-girisine-izin-verilmeyen-filistinli-cerrah-ebu-sitte-londraya-dondu\\\/#article\",\"isPartOf\":{\"@id\":\"https:\\\/\\\/haberkuzey.com\\\/index.php\\\/2024\\\/05\\\/04\\\/fransaya-girisine-izin-verilmeyen-filistinli-cerrah-ebu-sitte-londraya-dondu\\\/\"},\"author\":{\"name\":\"haberkuzey\",\"@id\":\"https:\\\/\\\/haberkuzey.com\\\/#\\\/schema\\\/person\\\/3372109ec735f9333f4fa47ebb9605ca\"},\"headline\":\"Fransa&#039;ya giri\u015fine izin verilmeyen Filistinli cerrah Ebu Sitte Londra&#039;ya d\u00f6nd\u00fc\",\"datePublished\":\"2024-05-04T20:05:54+00:00\",\"mainEntityOfPage\":{\"@id\":\"https:\\\/\\\/haberkuzey.com\\\/index.php\\\/2024\\\/05\\\/04\\\/fransaya-girisine-izin-verilmeyen-filistinli-cerrah-ebu-sitte-londraya-dondu\\\/\"},\"wordCount\":680,\"commentCount\":0,\"image\":{\"@id\":\"https:\\\/\\\/haberkuzey.com\\\/index.php\\\/2024\\\/05\\\/04\\\/fransaya-girisine-izin-verilmeyen-filistinli-cerrah-ebu-sitte-londraya-dondu\\\/#primaryimage\"},\"thumbnailUrl\":\"https:\\\/\\\/haberkuzey.com\\\/wp-content\\\/uploads\\\/2024\\\/05\\\/gassan-ebu-sitte-aa-2224386.jpg\",\"inLanguage\":\"tr\",\"potentialAction\":[{\"@type\":\"CommentAction\",\"name\":\"Comment\",\"target\":[\"https:\\\/\\\/haberkuzey.com\\\/index.php\\\/2024\\\/05\\\/04\\\/fransaya-girisine-izin-verilmeyen-filistinli-cerrah-ebu-sitte-londraya-dondu\\\/#respond\"]}]},{\"@type\":\"WebPage\",\"@id\":\"https:\\\/\\\/haberkuzey.com\\\/index.php\\\/2024\\\/05\\\/04\\\/fransaya-girisine-izin-verilmeyen-filistinli-cerrah-ebu-sitte-londraya-dondu\\\/\",\"url\":\"https:\\\/\\\/haberkuzey.com\\\/index.php\\\/2024\\\/05\\\/04\\\/fransaya-girisine-izin-verilmeyen-filistinli-cerrah-ebu-sitte-londraya-dondu\\\/\",\"name\":\"Fransa&#039;ya giri\u015fine izin verilmeyen Filistinli cerrah Ebu Sitte Londra&#039;ya d\u00f6nd\u00fc - Haber Kuzey\",\"isPartOf\":{\"@id\":\"https:\\\/\\\/haberkuzey.com\\\/#website\"},\"primaryImageOfPage\":{\"@id\":\"https:\\\/\\\/haberkuzey.com\\\/index.php\\\/2024\\\/05\\\/04\\\/fransaya-girisine-izin-verilmeyen-filistinli-cerrah-ebu-sitte-londraya-dondu\\\/#primaryimage\"},\"image\":{\"@id\":\"https:\\\/\\\/haberkuzey.com\\\/index.php\\\/2024\\\/05\\\/04\\\/fransaya-girisine-izin-verilmeyen-filistinli-cerrah-ebu-sitte-londraya-dondu\\\/#primaryimage\"},\"thumbnailUrl\":\"https:\\\/\\\/haberkuzey.com\\\/wp-content\\\/uploads\\\/2024\\\/05\\\/gassan-ebu-sitte-aa-2224386.jpg\",\"datePublished\":\"2024-05-04T20:05:54+00:00\",\"author\":{\"@id\":\"https:\\\/\\\/haberkuzey.com\\\/#\\\/schema\\\/person\\\/3372109ec735f9333f4fa47ebb9605ca\"},\"breadcrumb\":{\"@id\":\"https:\\\/\\\/haberkuzey.com\\\/index.php\\\/2024\\\/05\\\/04\\\/fransaya-girisine-izin-verilmeyen-filistinli-cerrah-ebu-sitte-londraya-dondu\\\/#breadcrumb\"},\"inLanguage\":\"tr\",\"potentialAction\":[{\"@type\":\"ReadAction\",\"target\":[\"https:\\\/\\\/haberkuzey.com\\\/index.php\\\/2024\\\/05\\\/04\\\/fransaya-girisine-izin-verilmeyen-filistinli-cerrah-ebu-sitte-londraya-dondu\\\/\"]}]},{\"@type\":\"ImageObject\",\"inLanguage\":\"tr\",\"@id\":\"https:\\\/\\\/haberkuzey.com\\\/index.php\\\/2024\\\/05\\\/04\\\/fransaya-girisine-izin-verilmeyen-filistinli-cerrah-ebu-sitte-londraya-dondu\\\/#primaryimage\",\"url\":\"https:\\\/\\\/haberkuzey.com\\\/wp-content\\\/uploads\\\/2024\\\/05\\\/gassan-ebu-sitte-aa-2224386.jpg\",\"contentUrl\":\"https:\\\/\\\/haberkuzey.com\\\/wp-content\\\/uploads\\\/2024\\\/05\\\/gassan-ebu-sitte-aa-2224386.jpg\",\"width\":1280,\"height\":720},{\"@type\":\"BreadcrumbList\",\"@id\":\"https:\\\/\\\/haberkuzey.com\\\/index.php\\\/2024\\\/05\\\/04\\\/fransaya-girisine-izin-verilmeyen-filistinli-cerrah-ebu-sitte-londraya-dondu\\\/#breadcrumb\",\"itemListElement\":[{\"@type\":\"ListItem\",\"position\":1,\"name\":\"Anasayfa\",\"item\":\"https:\\\/\\\/haberkuzey.com\\\/\"},{\"@type\":\"ListItem\",\"position\":2,\"name\":\"Fransa&#039;ya giri\u015fine izin verilmeyen Filistinli cerrah Ebu Sitte Londra&#039;ya d\u00f6nd\u00fc\"}]},{\"@type\":\"WebSite\",\"@id\":\"https:\\\/\\\/haberkuzey.com\\\/#website\",\"url\":\"https:\\\/\\\/haberkuzey.com\\\/\",\"name\":\"Haber Kuzey\",\"description\":\"Do\u011fru Haberin Adresi\",\"potentialAction\":[{\"@type\":\"SearchAction\",\"target\":{\"@type\":\"EntryPoint\",\"urlTemplate\":\"https:\\\/\\\/haberkuzey.com\\\/?s={search_term_string}\"},\"query-input\":{\"@type\":\"PropertyValueSpecification\",\"valueRequired\":true,\"valueName\":\"search_term_string\"}}],\"inLanguage\":\"tr\"},{\"@type\":\"Person\",\"@id\":\"https:\\\/\\\/haberkuzey.com\\\/#\\\/schema\\\/person\\\/3372109ec735f9333f4fa47ebb9605ca\",\"name\":\"haberkuzey\",\"image\":{\"@type\":\"ImageObject\",\"inLanguage\":\"tr\",\"@id\":\"https:\\\/\\\/secure.gravatar.com\\\/avatar\\\/f5fc875574b1575324358c3b9e6a32b8227aa5b74f3fa22e3cadb63e26fcc39c?s=96&d=mm&r=g\",\"url\":\"https:\\\/\\\/secure.gravatar.com\\\/avatar\\\/f5fc875574b1575324358c3b9e6a32b8227aa5b74f3fa22e3cadb63e26fcc39c?s=96&d=mm&r=g\",\"contentUrl\":\"https:\\\/\\\/secure.gravatar.com\\\/avatar\\\/f5fc875574b1575324358c3b9e6a32b8227aa5b74f3fa22e3cadb63e26fcc39c?s=96&d=mm&r=g\",\"caption\":\"haberkuzey\"},\"sameAs\":[\"https:\\\/\\\/haberkuzey.com\"],\"url\":\"https:\\\/\\\/haberkuzey.com\\\/index.php\\\/author\\\/haberkuzey\\\/\"}]}<\/script>\n<!-- \/ Yoast SEO plugin. -->","yoast_head_json":{"title":"Fransa&#039;ya giri\u015fine izin verilmeyen Filistinli cerrah Ebu Sitte Londra&#039;ya d\u00f6nd\u00fc - Haber Kuzey","robots":{"index":"index","follow":"follow","max-snippet":"max-snippet:-1","max-image-preview":"max-image-preview:large","max-video-preview":"max-video-preview:-1"},"canonical":"https:\/\/haberkuzey.com\/index.php\/2024\/05\/04\/fransaya-girisine-izin-verilmeyen-filistinli-cerrah-ebu-sitte-londraya-dondu\/","og_locale":"tr_TR","og_type":"article","og_title":"Fransa&#039;ya giri\u015fine izin verilmeyen Filistinli cerrah Ebu Sitte Londra&#039;ya d\u00f6nd\u00fc - Haber Kuzey","og_description":"&#13; Filistin yanl\u0131lar\u0131, Fransa topraklar\u0131na girmesine izin verilmeyen Gassan Ebu Sitte&#8217;ye destek amac\u0131yla Paris&#8217;teki Charles de Gaulle Havaliman\u0131&#8217;nda topland\u0131. &#13; Filistin bayraklar\u0131 ta\u015f\u0131yan eylemciler, &#8220;(Fransa Cumhurba\u015fkan\u0131 Emmanuel) Macron istemese de Filistin ve \u00f6ld\u00fcr\u00fclenlerin onuru i\u00e7in buraday\u0131z&#8221; slogan\u0131 att\u0131. &#13; Ebu Sitte&#8217;ye destek amac\u0131yla havaliman\u0131na gelen Boyun E\u011fmeyen Fransa (LFI) milletvekili Arnaud Le Gall, burada yapt\u0131\u011f\u0131 [&hellip;]","og_url":"https:\/\/haberkuzey.com\/index.php\/2024\/05\/04\/fransaya-girisine-izin-verilmeyen-filistinli-cerrah-ebu-sitte-londraya-dondu\/","og_site_name":"Haber Kuzey","article_published_time":"2024-05-04T20:05:54+00:00","og_image":[{"url":"https:\/\/www.trthaber.com\/dosyalar\/images\/AA-34463167.jpg","type":"","width":"","height":""}],"author":"haberkuzey","twitter_card":"summary_large_image","twitter_misc":{"Yazan:":"haberkuzey","Tahmini okuma s\u00fcresi":"3 dakika"},"schema":{"@context":"https:\/\/schema.org","@graph":[{"@type":"Article","@id":"https:\/\/haberkuzey.com\/index.php\/2024\/05\/04\/fransaya-girisine-izin-verilmeyen-filistinli-cerrah-ebu-sitte-londraya-dondu\/#article","isPartOf":{"@id":"https:\/\/haberkuzey.com\/index.php\/2024\/05\/04\/fransaya-girisine-izin-verilmeyen-filistinli-cerrah-ebu-sitte-londraya-dondu\/"},"author":{"name":"haberkuzey","@id":"https:\/\/haberkuzey.com\/#\/schema\/person\/3372109ec735f9333f4fa47ebb9605ca"},"headline":"Fransa&#039;ya giri\u015fine izin verilmeyen Filistinli cerrah Ebu Sitte Londra&#039;ya d\u00f6nd\u00fc","datePublished":"2024-05-04T20:05:54+00:00","mainEntityOfPage":{"@id":"https:\/\/haberkuzey.com\/index.php\/2024\/05\/04\/fransaya-girisine-izin-verilmeyen-filistinli-cerrah-ebu-sitte-londraya-dondu\/"},"wordCount":680,"commentCount":0,"image":{"@id":"https:\/\/haberkuzey.com\/index.php\/2024\/05\/04\/fransaya-girisine-izin-verilmeyen-filistinli-cerrah-ebu-sitte-londraya-dondu\/#primaryimage"},"thumbnailUrl":"https:\/\/haberkuzey.com\/wp-content\/uploads\/2024\/05\/gassan-ebu-sitte-aa-2224386.jpg","inLanguage":"tr","potentialAction":[{"@type":"CommentAction","name":"Comment","target":["https:\/\/haberkuzey.com\/index.php\/2024\/05\/04\/fransaya-girisine-izin-verilmeyen-filistinli-cerrah-ebu-sitte-londraya-dondu\/#respond"]}]},{"@type":"WebPage","@id":"https:\/\/haberkuzey.com\/index.php\/2024\/05\/04\/fransaya-girisine-izin-verilmeyen-filistinli-cerrah-ebu-sitte-londraya-dondu\/","url":"https:\/\/haberkuzey.com\/index.php\/2024\/05\/04\/fransaya-girisine-izin-verilmeyen-filistinli-cerrah-ebu-sitte-londraya-dondu\/","name":"Fransa&#039;ya giri\u015fine izin verilmeyen Filistinli cerrah Ebu Sitte Londra&#039;ya d\u00f6nd\u00fc - Haber Kuzey","isPartOf":{"@id":"https:\/\/haberkuzey.com\/#website"},"primaryImageOfPage":{"@id":"https:\/\/haberkuzey.com\/index.php\/2024\/05\/04\/fransaya-girisine-izin-verilmeyen-filistinli-cerrah-ebu-sitte-londraya-dondu\/#primaryimage"},"image":{"@id":"https:\/\/haberkuzey.com\/index.php\/2024\/05\/04\/fransaya-girisine-izin-verilmeyen-filistinli-cerrah-ebu-sitte-londraya-dondu\/#primaryimage"},"thumbnailUrl":"https:\/\/haberkuzey.com\/wp-content\/uploads\/2024\/05\/gassan-ebu-sitte-aa-2224386.jpg","datePublished":"2024-05-04T20:05:54+00:00","author":{"@id":"https:\/\/haberkuzey.com\/#\/schema\/person\/3372109ec735f9333f4fa47ebb9605ca"},"breadcrumb":{"@id":"https:\/\/haberkuzey.com\/index.php\/2024\/05\/04\/fransaya-girisine-izin-verilmeyen-filistinli-cerrah-ebu-sitte-londraya-dondu\/#breadcrumb"},"inLanguage":"tr","potentialAction":[{"@type":"ReadAction","target":["https:\/\/haberkuzey.com\/index.php\/2024\/05\/04\/fransaya-girisine-izin-verilmeyen-filistinli-cerrah-ebu-sitte-londraya-dondu\/"]}]},{"@type":"ImageObject","inLanguage":"tr","@id":"https:\/\/haberkuzey.com\/index.php\/2024\/05\/04\/fransaya-girisine-izin-verilmeyen-filistinli-cerrah-ebu-sitte-londraya-dondu\/#primaryimage","url":"https:\/\/haberkuzey.com\/wp-content\/uploads\/2024\/05\/gassan-ebu-sitte-aa-2224386.jpg","contentUrl":"https:\/\/haberkuzey.com\/wp-content\/uploads\/2024\/05\/gassan-ebu-sitte-aa-2224386.jpg","width":1280,"height":720},{"@type":"BreadcrumbList","@id":"https:\/\/haberkuzey.com\/index.php\/2024\/05\/04\/fransaya-girisine-izin-verilmeyen-filistinli-cerrah-ebu-sitte-londraya-dondu\/#breadcrumb","itemListElement":[{"@type":"ListItem","position":1,"name":"Anasayfa","item":"https:\/\/haberkuzey.com\/"},{"@type":"ListItem","position":2,"name":"Fransa&#039;ya giri\u015fine izin verilmeyen Filistinli cerrah Ebu Sitte Londra&#039;ya d\u00f6nd\u00fc"}]},{"@type":"WebSite","@id":"https:\/\/haberkuzey.com\/#website","url":"https:\/\/haberkuzey.com\/","name":"Haber Kuzey","description":"Do\u011fru Haberin Adresi","potentialAction":[{"@type":"SearchAction","target":{"@type":"EntryPoint","urlTemplate":"https:\/\/haberkuzey.com\/?s={search_term_string}"},"query-input":{"@type":"PropertyValueSpecification","valueRequired":true,"valueName":"search_term_string"}}],"inLanguage":"tr"},{"@type":"Person","@id":"https:\/\/haberkuzey.com\/#\/schema\/person\/3372109ec735f9333f4fa47ebb9605ca","name":"haberkuzey","image":{"@type":"ImageObject","inLanguage":"tr","@id":"https:\/\/secure.gravatar.com\/avatar\/f5fc875574b1575324358c3b9e6a32b8227aa5b74f3fa22e3cadb63e26fcc39c?s=96&d=mm&r=g","url":"https:\/\/secure.gravatar.com\/avatar\/f5fc875574b1575324358c3b9e6a32b8227aa5b74f3fa22e3cadb63e26fcc39c?s=96&d=mm&r=g","contentUrl":"https:\/\/secure.gravatar.com\/avatar\/f5fc875574b1575324358c3b9e6a32b8227aa5b74f3fa22e3cadb63e26fcc39c?s=96&d=mm&r=g","caption":"haberkuzey"},"sameAs":["https:\/\/haberkuzey.com"],"url":"https:\/\/haberkuzey.com\/index.php\/author\/haberkuzey\/"}]}},"_links":{"self":[{"href":"https:\/\/haberkuzey.com\/index.php\/wp-json\/wp\/v2\/posts\/1365","targetHints":{"allow":["GET"]}}],"collection":[{"href":"https:\/\/haberkuzey.com\/index.php\/wp-json\/wp\/v2\/posts"}],"about":[{"href":"https:\/\/haberkuzey.com\/index.php\/wp-json\/wp\/v2\/types\/post"}],"author":[{"embeddable":true,"href":"https:\/\/haberkuzey.com\/index.php\/wp-json\/wp\/v2\/users\/1"}],"replies":[{"embeddable":true,"href":"https:\/\/haberkuzey.com\/index.php\/wp-json\/wp\/v2\/comments?post=1365"}],"version-history":[{"count":0,"href":"https:\/\/haberkuzey.com\/index.php\/wp-json\/wp\/v2\/posts\/1365\/revisions"}],"wp:featuredmedia":[{"embeddable":true,"href":"https:\/\/haberkuzey.com\/index.php\/wp-json\/wp\/v2\/media\/1366"}],"wp:attachment":[{"href":"https:\/\/haberkuzey.com\/index.php\/wp-json\/wp\/v2\/media?parent=1365"}],"wp:term":[{"taxonomy":"category","embeddable":true,"href":"https:\/\/haberkuzey.com\/index.php\/wp-json\/wp\/v2\/categories?post=1365"},{"taxonomy":"post_tag","embeddable":true,"href":"https:\/\/haberkuzey.com\/index.php\/wp-json\/wp\/v2\/tags?post=1365"}],"curies":[{"name":"wp","href":"https:\/\/api.w.org\/{rel}","templated":true}]}}