{"id":1335,"date":"2024-05-04T17:00:02","date_gmt":"2024-05-04T14:00:02","guid":{"rendered":"https:\/\/haberkuzey.com\/index.php\/2024\/05\/04\/bidenin-yabanci-dusmani-tanimlamasi-japon-hukumetinde-hayal-kirikligi-olusturdu\/"},"modified":"2024-05-04T17:00:02","modified_gmt":"2024-05-04T14:00:02","slug":"bidenin-yabanci-dusmani-tanimlamasi-japon-hukumetinde-hayal-kirikligi-olusturdu","status":"publish","type":"post","link":"https:\/\/haberkuzey.com\/index.php\/2024\/05\/04\/bidenin-yabanci-dusmani-tanimlamasi-japon-hukumetinde-hayal-kirikligi-olusturdu\/","title":{"rendered":"Biden&#039;\u0131n yabanc\u0131 d\u00fc\u015fman\u0131 tan\u0131mlamas\u0131, Japon h\u00fck\u00fcmetinde hayal k\u0131r\u0131kl\u0131\u011f\u0131 olu\u015fturdu"},"content":{"rendered":"<p><\/p>\n<div>\n<p>&#13;<br \/>\n\tBiden&#8217;\u0131n, hafta i\u00e7inde kat\u0131ld\u0131\u011f\u0131 bir <a href=\"https:\/\/www.trthaber.com\/etiket\/secim\/\" target=\"_blank\" rel=\"noopener\">se\u00e7im<\/a> kampanya etkinli\u011finin kameralara kapal\u0131 b\u00f6l\u00fcm\u00fcnde, \u00fclkesinin \u00f6nemli m\u00fcttefiki <a href=\"https:\/\/www.trthaber.com\/etiket\/japonya\/\" target=\"_blank\" rel=\"noopener\">Japonya<\/a> hakk\u0131ndaki s\u00f6zleri g\u00fcndem oldu.<\/p>\n<p>&#13;<br \/>\n\tResmi Kyodo ajans\u0131n\u0131n h\u00fck\u00fcmet kaynaklar\u0131na dayand\u0131rd\u0131\u011f\u0131 haberine g\u00f6re, Japonya h\u00fck\u00fcmeti, <a href=\"https:\/\/www.trthaber.com\/etiket\/abd\/\" target=\"_blank\" rel=\"noopener\">ABD<\/a> Ba\u015fkan\u0131&#8217;n\u0131n s\u00f6zlerinin &#8220;hayal k\u0131r\u0131kl\u0131\u011f\u0131&#8221; olu\u015fturdu\u011funu bildirdi.<\/p>\n<p>&#13;<br \/>\n\tTan\u0131mlamay\u0131 &#8220;talihsiz&#8221; olarak nitelendiren Tokyo h\u00fck\u00fcmeti, Biden&#8217;\u0131n ifadelerinin, &#8220;Japonya&#8217;n\u0131n politikas\u0131n\u0131n do\u011fru anla\u015f\u0131lmas\u0131na dayanmad\u0131\u011f\u0131n\u0131&#8221; Washington&#8217;a iletti.<\/p>\n<p>&#13;<br \/>\n\tBiden, hafta i\u00e7indeki bir <a href=\"https:\/\/secim.trthaber.com\" class=\"external-tagged-url\" target=\"_blank\" rel=\"noopener\">se\u00e7im<\/a> kampanya etkinli\u011finin kameralara kapal\u0131 b\u00f6l\u00fcm\u00fcnde, \u00fclkesinin \u00f6nemli m\u00fcttefiklerinden Japonya ve <a href=\"https:\/\/www.trthaber.com\/etiket\/hindistan\/\" target=\"_blank\" rel=\"noopener\">Hindistan<\/a> hakk\u0131nda a\u00e7\u0131klamalar yapm\u0131\u015ft\u0131.<\/p>\n<p>&#13;<br \/>\n\tAkabinde Beyaz Saray&#8217;\u0131n yay\u0131mlad\u0131\u011f\u0131 tam konu\u015fma metniyle kamuoyuna yans\u0131yan bu de\u011ferlendirmeler, uluslararas\u0131 medyada geni\u015f yer buldu ve tart\u0131\u015fmalara yol a\u00e7t\u0131.<\/p>\n<p>&#13;<br \/>\n\tMetne g\u00f6re Biden, konu\u015fmas\u0131nda, &#8220;Ekonomimizin <a href=\"https:\/\/www.trthaber.com\/etiket\/buyume\/\" target=\"_blank\" rel=\"noopener\">b\u00fcy\u00fcme<\/a> nedenlerinden biri de siz ve sizin gibi insanlard\u0131r \u00e7\u00fcnk\u00fc biz (ABD) g\u00f6\u00e7menlere kucak a\u00e7\u0131yoruz. Bir d\u00fc\u015f\u00fcn\u00fcn, neden <a href=\"https:\/\/www.trthaber.com\/etiket\/cin\/\" target=\"_blank\" rel=\"noopener\">\u00c7in<\/a> ekonomik olarak bu kadar oyalan\u0131yor? Neden Japonya sorun ya\u015f\u0131yor? Neden Rusya? Neden Hindistan? \u00c7\u00fcnk\u00fc onlarda yabanc\u0131 d\u00fc\u015fmanl\u0131\u011f\u0131 var, g\u00f6\u00e7menleri istemiyorlar.&#8221; ifadelerini kullanm\u0131\u015ft\u0131.<\/p>\n<p>&#13;<br \/>\n\t<strong>Beyaz Saray S\u00f6zc\u00fcs\u00fc yorum yapmaya gerek g\u00f6rmedi<\/strong><\/p>\n<p>&#13;<br \/>\n\t\u00d6te yandan, konuyla ilgili g\u00f6r\u00fc\u015f\u00fc sorulan <a href=\"https:\/\/www.trthaber.com\/etiket\/beyaz-saray\/\" target=\"_blank\" rel=\"noopener\">Beyaz Saray<\/a> S\u00f6zc\u00fcs\u00fc Karine Jean-Pierre, Ba\u015fkan&#8217;\u0131n s\u00f6zlerinin a\u00e7\u0131k oldu\u011funu ve ayr\u0131ca yorum yapmaya gerek olmad\u0131\u011f\u0131n\u0131 s\u00f6ylemi\u015fti.<\/p>\n<p>&#13;<br \/>\n\t&#8220;Ba\u015fkan, bizim ulus olarak kim oldu\u011fumuzla ilgili bir yorum yap\u0131yordu, biz g\u00f6\u00e7menler \u00fclkesiyiz, bu bizim DNA&#8217;m\u0131zda var.&#8221; diyen S\u00f6zc\u00fc Jean-Pierre, ABD-Japonya ili\u015fkisinin \u00f6nemli, derin ve kal\u0131c\u0131 bir ittifak oldu\u011funu vurgulam\u0131\u015ft\u0131.<\/p>\n<p>&#13;<br \/>\n\tBiden, 10 Nisan&#8217;da Beyaz Saray&#8217;da devlet t\u00f6reniyle kar\u015f\u0131lay\u0131p en \u00fcst d\u00fczeyde a\u011f\u0131rlad\u0131\u011f\u0131 Japonya Ba\u015fbakan\u0131 Ki\u015fida Fumio ile g\u00f6r\u00fc\u015fmelerinde, Hint-Pasifik b\u00f6lgesinde ortak hareket ve &#8220;\u00c7in&#8217;e kar\u015f\u0131 birlik&#8221; mesaj\u0131 vermi\u015fti.<\/p>\n<\/p><\/div>\n","protected":false},"excerpt":{"rendered":"<p>&#13; Biden&#8217;\u0131n, hafta i\u00e7inde kat\u0131ld\u0131\u011f\u0131 bir se\u00e7im kampanya etkinli\u011finin kameralara kapal\u0131 b\u00f6l\u00fcm\u00fcnde, \u00fclkesinin \u00f6nemli m\u00fcttefiki Japonya hakk\u0131ndaki s\u00f6zleri g\u00fcndem oldu. &#13; Resmi Kyodo ajans\u0131n\u0131n h\u00fck\u00fcmet kaynaklar\u0131na dayand\u0131rd\u0131\u011f\u0131 haberine g\u00f6re, Japonya h\u00fck\u00fcmeti, ABD Ba\u015fkan\u0131&#8217;n\u0131n s\u00f6zlerinin &#8220;hayal k\u0131r\u0131kl\u0131\u011f\u0131&#8221; olu\u015fturdu\u011funu bildirdi. &#13; Tan\u0131mlamay\u0131 &#8220;talihsiz&#8221; olarak nitelendiren Tokyo h\u00fck\u00fcmeti, Biden&#8217;\u0131n ifadelerinin, &#8220;Japonya&#8217;n\u0131n politikas\u0131n\u0131n do\u011fru anla\u015f\u0131lmas\u0131na dayanmad\u0131\u011f\u0131n\u0131&#8221; Washington&#8217;a iletti. &#13; [&hellip;]<\/p>\n","protected":false},"author":1,"featured_media":1336,"comment_status":"open","ping_status":"open","sticky":false,"template":"","format":"standard","meta":{"jnews-multi-image_gallery":[],"jnews_single_post":[],"jnews_primary_category":[],"footnotes":""},"categories":[],"tags":[],"class_list":["post-1335","post","type-post","status-publish","format-standard","has-post-thumbnail","hentry"],"yoast_head":"<!-- This site is optimized with the Yoast SEO plugin v27.5 - https:\/\/yoast.com\/product\/yoast-seo-wordpress\/ -->\n<title>Biden&#039;\u0131n yabanc\u0131 d\u00fc\u015fman\u0131 tan\u0131mlamas\u0131, Japon h\u00fck\u00fcmetinde hayal k\u0131r\u0131kl\u0131\u011f\u0131 olu\u015fturdu - Haber Kuzey<\/title>\n<meta name=\"robots\" content=\"index, follow, max-snippet:-1, max-image-preview:large, max-video-preview:-1\" \/>\n<link rel=\"canonical\" href=\"https:\/\/haberkuzey.com\/index.php\/2024\/05\/04\/bidenin-yabanci-dusmani-tanimlamasi-japon-hukumetinde-hayal-kirikligi-olusturdu\/\" \/>\n<meta property=\"og:locale\" content=\"tr_TR\" \/>\n<meta property=\"og:type\" content=\"article\" \/>\n<meta property=\"og:title\" content=\"Biden&#039;\u0131n yabanc\u0131 d\u00fc\u015fman\u0131 tan\u0131mlamas\u0131, Japon h\u00fck\u00fcmetinde hayal k\u0131r\u0131kl\u0131\u011f\u0131 olu\u015fturdu - Haber Kuzey\" \/>\n<meta property=\"og:description\" content=\"&#013; Biden&#8217;\u0131n, hafta i\u00e7inde kat\u0131ld\u0131\u011f\u0131 bir se\u00e7im kampanya etkinli\u011finin kameralara kapal\u0131 b\u00f6l\u00fcm\u00fcnde, \u00fclkesinin \u00f6nemli m\u00fcttefiki Japonya hakk\u0131ndaki s\u00f6zleri g\u00fcndem oldu. &#013; Resmi Kyodo ajans\u0131n\u0131n h\u00fck\u00fcmet kaynaklar\u0131na dayand\u0131rd\u0131\u011f\u0131 haberine g\u00f6re, Japonya h\u00fck\u00fcmeti, ABD Ba\u015fkan\u0131&#8217;n\u0131n s\u00f6zlerinin &#8220;hayal k\u0131r\u0131kl\u0131\u011f\u0131&#8221; olu\u015fturdu\u011funu bildirdi. &#013; Tan\u0131mlamay\u0131 &#8220;talihsiz&#8221; olarak nitelendiren Tokyo h\u00fck\u00fcmeti, Biden&#8217;\u0131n ifadelerinin, &#8220;Japonya&#8217;n\u0131n politikas\u0131n\u0131n do\u011fru anla\u015f\u0131lmas\u0131na dayanmad\u0131\u011f\u0131n\u0131&#8221; Washington&#8217;a iletti. &#013; [&hellip;]\" \/>\n<meta property=\"og:url\" content=\"https:\/\/haberkuzey.com\/index.php\/2024\/05\/04\/bidenin-yabanci-dusmani-tanimlamasi-japon-hukumetinde-hayal-kirikligi-olusturdu\/\" \/>\n<meta property=\"og:site_name\" content=\"Haber Kuzey\" \/>\n<meta property=\"article:published_time\" content=\"2024-05-04T14:00:02+00:00\" \/>\n<meta property=\"og:image\" content=\"https:\/\/trthaberstatic.cdn.wp.trt.com.tr\/resimler\/2192000\/biden-ap-2192750.jpg\" \/>\n<meta name=\"author\" content=\"haberkuzey\" \/>\n<meta name=\"twitter:card\" content=\"summary_large_image\" \/>\n<meta name=\"twitter:label1\" content=\"Yazan:\" \/>\n\t<meta name=\"twitter:data1\" content=\"haberkuzey\" \/>\n\t<meta name=\"twitter:label2\" content=\"Tahmini okuma s\u00fcresi\" \/>\n\t<meta name=\"twitter:data2\" content=\"2 dakika\" \/>\n<script type=\"application\/ld+json\" class=\"yoast-schema-graph\">{\"@context\":\"https:\\\/\\\/schema.org\",\"@graph\":[{\"@type\":\"Article\",\"@id\":\"https:\\\/\\\/haberkuzey.com\\\/index.php\\\/2024\\\/05\\\/04\\\/bidenin-yabanci-dusmani-tanimlamasi-japon-hukumetinde-hayal-kirikligi-olusturdu\\\/#article\",\"isPartOf\":{\"@id\":\"https:\\\/\\\/haberkuzey.com\\\/index.php\\\/2024\\\/05\\\/04\\\/bidenin-yabanci-dusmani-tanimlamasi-japon-hukumetinde-hayal-kirikligi-olusturdu\\\/\"},\"author\":{\"name\":\"haberkuzey\",\"@id\":\"https:\\\/\\\/haberkuzey.com\\\/#\\\/schema\\\/person\\\/3372109ec735f9333f4fa47ebb9605ca\"},\"headline\":\"Biden&#039;\u0131n yabanc\u0131 d\u00fc\u015fman\u0131 tan\u0131mlamas\u0131, Japon h\u00fck\u00fcmetinde hayal k\u0131r\u0131kl\u0131\u011f\u0131 olu\u015fturdu\",\"datePublished\":\"2024-05-04T14:00:02+00:00\",\"mainEntityOfPage\":{\"@id\":\"https:\\\/\\\/haberkuzey.com\\\/index.php\\\/2024\\\/05\\\/04\\\/bidenin-yabanci-dusmani-tanimlamasi-japon-hukumetinde-hayal-kirikligi-olusturdu\\\/\"},\"wordCount\":353,\"commentCount\":0,\"image\":{\"@id\":\"https:\\\/\\\/haberkuzey.com\\\/index.php\\\/2024\\\/05\\\/04\\\/bidenin-yabanci-dusmani-tanimlamasi-japon-hukumetinde-hayal-kirikligi-olusturdu\\\/#primaryimage\"},\"thumbnailUrl\":\"https:\\\/\\\/haberkuzey.com\\\/wp-content\\\/uploads\\\/2024\\\/05\\\/biden-ap-2192750.jpg\",\"inLanguage\":\"tr\",\"potentialAction\":[{\"@type\":\"CommentAction\",\"name\":\"Comment\",\"target\":[\"https:\\\/\\\/haberkuzey.com\\\/index.php\\\/2024\\\/05\\\/04\\\/bidenin-yabanci-dusmani-tanimlamasi-japon-hukumetinde-hayal-kirikligi-olusturdu\\\/#respond\"]}]},{\"@type\":\"WebPage\",\"@id\":\"https:\\\/\\\/haberkuzey.com\\\/index.php\\\/2024\\\/05\\\/04\\\/bidenin-yabanci-dusmani-tanimlamasi-japon-hukumetinde-hayal-kirikligi-olusturdu\\\/\",\"url\":\"https:\\\/\\\/haberkuzey.com\\\/index.php\\\/2024\\\/05\\\/04\\\/bidenin-yabanci-dusmani-tanimlamasi-japon-hukumetinde-hayal-kirikligi-olusturdu\\\/\",\"name\":\"Biden&#039;\u0131n yabanc\u0131 d\u00fc\u015fman\u0131 tan\u0131mlamas\u0131, Japon h\u00fck\u00fcmetinde hayal k\u0131r\u0131kl\u0131\u011f\u0131 olu\u015fturdu - Haber Kuzey\",\"isPartOf\":{\"@id\":\"https:\\\/\\\/haberkuzey.com\\\/#website\"},\"primaryImageOfPage\":{\"@id\":\"https:\\\/\\\/haberkuzey.com\\\/index.php\\\/2024\\\/05\\\/04\\\/bidenin-yabanci-dusmani-tanimlamasi-japon-hukumetinde-hayal-kirikligi-olusturdu\\\/#primaryimage\"},\"image\":{\"@id\":\"https:\\\/\\\/haberkuzey.com\\\/index.php\\\/2024\\\/05\\\/04\\\/bidenin-yabanci-dusmani-tanimlamasi-japon-hukumetinde-hayal-kirikligi-olusturdu\\\/#primaryimage\"},\"thumbnailUrl\":\"https:\\\/\\\/haberkuzey.com\\\/wp-content\\\/uploads\\\/2024\\\/05\\\/biden-ap-2192750.jpg\",\"datePublished\":\"2024-05-04T14:00:02+00:00\",\"author\":{\"@id\":\"https:\\\/\\\/haberkuzey.com\\\/#\\\/schema\\\/person\\\/3372109ec735f9333f4fa47ebb9605ca\"},\"breadcrumb\":{\"@id\":\"https:\\\/\\\/haberkuzey.com\\\/index.php\\\/2024\\\/05\\\/04\\\/bidenin-yabanci-dusmani-tanimlamasi-japon-hukumetinde-hayal-kirikligi-olusturdu\\\/#breadcrumb\"},\"inLanguage\":\"tr\",\"potentialAction\":[{\"@type\":\"ReadAction\",\"target\":[\"https:\\\/\\\/haberkuzey.com\\\/index.php\\\/2024\\\/05\\\/04\\\/bidenin-yabanci-dusmani-tanimlamasi-japon-hukumetinde-hayal-kirikligi-olusturdu\\\/\"]}]},{\"@type\":\"ImageObject\",\"inLanguage\":\"tr\",\"@id\":\"https:\\\/\\\/haberkuzey.com\\\/index.php\\\/2024\\\/05\\\/04\\\/bidenin-yabanci-dusmani-tanimlamasi-japon-hukumetinde-hayal-kirikligi-olusturdu\\\/#primaryimage\",\"url\":\"https:\\\/\\\/haberkuzey.com\\\/wp-content\\\/uploads\\\/2024\\\/05\\\/biden-ap-2192750.jpg\",\"contentUrl\":\"https:\\\/\\\/haberkuzey.com\\\/wp-content\\\/uploads\\\/2024\\\/05\\\/biden-ap-2192750.jpg\",\"width\":1280,\"height\":720},{\"@type\":\"BreadcrumbList\",\"@id\":\"https:\\\/\\\/haberkuzey.com\\\/index.php\\\/2024\\\/05\\\/04\\\/bidenin-yabanci-dusmani-tanimlamasi-japon-hukumetinde-hayal-kirikligi-olusturdu\\\/#breadcrumb\",\"itemListElement\":[{\"@type\":\"ListItem\",\"position\":1,\"name\":\"Anasayfa\",\"item\":\"https:\\\/\\\/haberkuzey.com\\\/\"},{\"@type\":\"ListItem\",\"position\":2,\"name\":\"Biden&#039;\u0131n yabanc\u0131 d\u00fc\u015fman\u0131 tan\u0131mlamas\u0131, Japon h\u00fck\u00fcmetinde hayal k\u0131r\u0131kl\u0131\u011f\u0131 olu\u015fturdu\"}]},{\"@type\":\"WebSite\",\"@id\":\"https:\\\/\\\/haberkuzey.com\\\/#website\",\"url\":\"https:\\\/\\\/haberkuzey.com\\\/\",\"name\":\"Haber Kuzey\",\"description\":\"Do\u011fru Haberin Adresi\",\"potentialAction\":[{\"@type\":\"SearchAction\",\"target\":{\"@type\":\"EntryPoint\",\"urlTemplate\":\"https:\\\/\\\/haberkuzey.com\\\/?s={search_term_string}\"},\"query-input\":{\"@type\":\"PropertyValueSpecification\",\"valueRequired\":true,\"valueName\":\"search_term_string\"}}],\"inLanguage\":\"tr\"},{\"@type\":\"Person\",\"@id\":\"https:\\\/\\\/haberkuzey.com\\\/#\\\/schema\\\/person\\\/3372109ec735f9333f4fa47ebb9605ca\",\"name\":\"haberkuzey\",\"image\":{\"@type\":\"ImageObject\",\"inLanguage\":\"tr\",\"@id\":\"https:\\\/\\\/secure.gravatar.com\\\/avatar\\\/f5fc875574b1575324358c3b9e6a32b8227aa5b74f3fa22e3cadb63e26fcc39c?s=96&d=mm&r=g\",\"url\":\"https:\\\/\\\/secure.gravatar.com\\\/avatar\\\/f5fc875574b1575324358c3b9e6a32b8227aa5b74f3fa22e3cadb63e26fcc39c?s=96&d=mm&r=g\",\"contentUrl\":\"https:\\\/\\\/secure.gravatar.com\\\/avatar\\\/f5fc875574b1575324358c3b9e6a32b8227aa5b74f3fa22e3cadb63e26fcc39c?s=96&d=mm&r=g\",\"caption\":\"haberkuzey\"},\"sameAs\":[\"https:\\\/\\\/haberkuzey.com\"],\"url\":\"https:\\\/\\\/haberkuzey.com\\\/index.php\\\/author\\\/haberkuzey\\\/\"}]}<\/script>\n<!-- \/ Yoast SEO plugin. -->","yoast_head_json":{"title":"Biden&#039;\u0131n yabanc\u0131 d\u00fc\u015fman\u0131 tan\u0131mlamas\u0131, Japon h\u00fck\u00fcmetinde hayal k\u0131r\u0131kl\u0131\u011f\u0131 olu\u015fturdu - Haber Kuzey","robots":{"index":"index","follow":"follow","max-snippet":"max-snippet:-1","max-image-preview":"max-image-preview:large","max-video-preview":"max-video-preview:-1"},"canonical":"https:\/\/haberkuzey.com\/index.php\/2024\/05\/04\/bidenin-yabanci-dusmani-tanimlamasi-japon-hukumetinde-hayal-kirikligi-olusturdu\/","og_locale":"tr_TR","og_type":"article","og_title":"Biden&#039;\u0131n yabanc\u0131 d\u00fc\u015fman\u0131 tan\u0131mlamas\u0131, Japon h\u00fck\u00fcmetinde hayal k\u0131r\u0131kl\u0131\u011f\u0131 olu\u015fturdu - Haber Kuzey","og_description":"&#13; Biden&#8217;\u0131n, hafta i\u00e7inde kat\u0131ld\u0131\u011f\u0131 bir se\u00e7im kampanya etkinli\u011finin kameralara kapal\u0131 b\u00f6l\u00fcm\u00fcnde, \u00fclkesinin \u00f6nemli m\u00fcttefiki Japonya hakk\u0131ndaki s\u00f6zleri g\u00fcndem oldu. &#13; Resmi Kyodo ajans\u0131n\u0131n h\u00fck\u00fcmet kaynaklar\u0131na dayand\u0131rd\u0131\u011f\u0131 haberine g\u00f6re, Japonya h\u00fck\u00fcmeti, ABD Ba\u015fkan\u0131&#8217;n\u0131n s\u00f6zlerinin &#8220;hayal k\u0131r\u0131kl\u0131\u011f\u0131&#8221; olu\u015fturdu\u011funu bildirdi. &#13; Tan\u0131mlamay\u0131 &#8220;talihsiz&#8221; olarak nitelendiren Tokyo h\u00fck\u00fcmeti, Biden&#8217;\u0131n ifadelerinin, &#8220;Japonya&#8217;n\u0131n politikas\u0131n\u0131n do\u011fru anla\u015f\u0131lmas\u0131na dayanmad\u0131\u011f\u0131n\u0131&#8221; Washington&#8217;a iletti. &#13; [&hellip;]","og_url":"https:\/\/haberkuzey.com\/index.php\/2024\/05\/04\/bidenin-yabanci-dusmani-tanimlamasi-japon-hukumetinde-hayal-kirikligi-olusturdu\/","og_site_name":"Haber Kuzey","article_published_time":"2024-05-04T14:00:02+00:00","og_image":[{"url":"https:\/\/trthaberstatic.cdn.wp.trt.com.tr\/resimler\/2192000\/biden-ap-2192750.jpg","type":"","width":"","height":""}],"author":"haberkuzey","twitter_card":"summary_large_image","twitter_misc":{"Yazan:":"haberkuzey","Tahmini okuma s\u00fcresi":"2 dakika"},"schema":{"@context":"https:\/\/schema.org","@graph":[{"@type":"Article","@id":"https:\/\/haberkuzey.com\/index.php\/2024\/05\/04\/bidenin-yabanci-dusmani-tanimlamasi-japon-hukumetinde-hayal-kirikligi-olusturdu\/#article","isPartOf":{"@id":"https:\/\/haberkuzey.com\/index.php\/2024\/05\/04\/bidenin-yabanci-dusmani-tanimlamasi-japon-hukumetinde-hayal-kirikligi-olusturdu\/"},"author":{"name":"haberkuzey","@id":"https:\/\/haberkuzey.com\/#\/schema\/person\/3372109ec735f9333f4fa47ebb9605ca"},"headline":"Biden&#039;\u0131n yabanc\u0131 d\u00fc\u015fman\u0131 tan\u0131mlamas\u0131, Japon h\u00fck\u00fcmetinde hayal k\u0131r\u0131kl\u0131\u011f\u0131 olu\u015fturdu","datePublished":"2024-05-04T14:00:02+00:00","mainEntityOfPage":{"@id":"https:\/\/haberkuzey.com\/index.php\/2024\/05\/04\/bidenin-yabanci-dusmani-tanimlamasi-japon-hukumetinde-hayal-kirikligi-olusturdu\/"},"wordCount":353,"commentCount":0,"image":{"@id":"https:\/\/haberkuzey.com\/index.php\/2024\/05\/04\/bidenin-yabanci-dusmani-tanimlamasi-japon-hukumetinde-hayal-kirikligi-olusturdu\/#primaryimage"},"thumbnailUrl":"https:\/\/haberkuzey.com\/wp-content\/uploads\/2024\/05\/biden-ap-2192750.jpg","inLanguage":"tr","potentialAction":[{"@type":"CommentAction","name":"Comment","target":["https:\/\/haberkuzey.com\/index.php\/2024\/05\/04\/bidenin-yabanci-dusmani-tanimlamasi-japon-hukumetinde-hayal-kirikligi-olusturdu\/#respond"]}]},{"@type":"WebPage","@id":"https:\/\/haberkuzey.com\/index.php\/2024\/05\/04\/bidenin-yabanci-dusmani-tanimlamasi-japon-hukumetinde-hayal-kirikligi-olusturdu\/","url":"https:\/\/haberkuzey.com\/index.php\/2024\/05\/04\/bidenin-yabanci-dusmani-tanimlamasi-japon-hukumetinde-hayal-kirikligi-olusturdu\/","name":"Biden&#039;\u0131n yabanc\u0131 d\u00fc\u015fman\u0131 tan\u0131mlamas\u0131, Japon h\u00fck\u00fcmetinde hayal k\u0131r\u0131kl\u0131\u011f\u0131 olu\u015fturdu - Haber Kuzey","isPartOf":{"@id":"https:\/\/haberkuzey.com\/#website"},"primaryImageOfPage":{"@id":"https:\/\/haberkuzey.com\/index.php\/2024\/05\/04\/bidenin-yabanci-dusmani-tanimlamasi-japon-hukumetinde-hayal-kirikligi-olusturdu\/#primaryimage"},"image":{"@id":"https:\/\/haberkuzey.com\/index.php\/2024\/05\/04\/bidenin-yabanci-dusmani-tanimlamasi-japon-hukumetinde-hayal-kirikligi-olusturdu\/#primaryimage"},"thumbnailUrl":"https:\/\/haberkuzey.com\/wp-content\/uploads\/2024\/05\/biden-ap-2192750.jpg","datePublished":"2024-05-04T14:00:02+00:00","author":{"@id":"https:\/\/haberkuzey.com\/#\/schema\/person\/3372109ec735f9333f4fa47ebb9605ca"},"breadcrumb":{"@id":"https:\/\/haberkuzey.com\/index.php\/2024\/05\/04\/bidenin-yabanci-dusmani-tanimlamasi-japon-hukumetinde-hayal-kirikligi-olusturdu\/#breadcrumb"},"inLanguage":"tr","potentialAction":[{"@type":"ReadAction","target":["https:\/\/haberkuzey.com\/index.php\/2024\/05\/04\/bidenin-yabanci-dusmani-tanimlamasi-japon-hukumetinde-hayal-kirikligi-olusturdu\/"]}]},{"@type":"ImageObject","inLanguage":"tr","@id":"https:\/\/haberkuzey.com\/index.php\/2024\/05\/04\/bidenin-yabanci-dusmani-tanimlamasi-japon-hukumetinde-hayal-kirikligi-olusturdu\/#primaryimage","url":"https:\/\/haberkuzey.com\/wp-content\/uploads\/2024\/05\/biden-ap-2192750.jpg","contentUrl":"https:\/\/haberkuzey.com\/wp-content\/uploads\/2024\/05\/biden-ap-2192750.jpg","width":1280,"height":720},{"@type":"BreadcrumbList","@id":"https:\/\/haberkuzey.com\/index.php\/2024\/05\/04\/bidenin-yabanci-dusmani-tanimlamasi-japon-hukumetinde-hayal-kirikligi-olusturdu\/#breadcrumb","itemListElement":[{"@type":"ListItem","position":1,"name":"Anasayfa","item":"https:\/\/haberkuzey.com\/"},{"@type":"ListItem","position":2,"name":"Biden&#039;\u0131n yabanc\u0131 d\u00fc\u015fman\u0131 tan\u0131mlamas\u0131, Japon h\u00fck\u00fcmetinde hayal k\u0131r\u0131kl\u0131\u011f\u0131 olu\u015fturdu"}]},{"@type":"WebSite","@id":"https:\/\/haberkuzey.com\/#website","url":"https:\/\/haberkuzey.com\/","name":"Haber Kuzey","description":"Do\u011fru Haberin Adresi","potentialAction":[{"@type":"SearchAction","target":{"@type":"EntryPoint","urlTemplate":"https:\/\/haberkuzey.com\/?s={search_term_string}"},"query-input":{"@type":"PropertyValueSpecification","valueRequired":true,"valueName":"search_term_string"}}],"inLanguage":"tr"},{"@type":"Person","@id":"https:\/\/haberkuzey.com\/#\/schema\/person\/3372109ec735f9333f4fa47ebb9605ca","name":"haberkuzey","image":{"@type":"ImageObject","inLanguage":"tr","@id":"https:\/\/secure.gravatar.com\/avatar\/f5fc875574b1575324358c3b9e6a32b8227aa5b74f3fa22e3cadb63e26fcc39c?s=96&d=mm&r=g","url":"https:\/\/secure.gravatar.com\/avatar\/f5fc875574b1575324358c3b9e6a32b8227aa5b74f3fa22e3cadb63e26fcc39c?s=96&d=mm&r=g","contentUrl":"https:\/\/secure.gravatar.com\/avatar\/f5fc875574b1575324358c3b9e6a32b8227aa5b74f3fa22e3cadb63e26fcc39c?s=96&d=mm&r=g","caption":"haberkuzey"},"sameAs":["https:\/\/haberkuzey.com"],"url":"https:\/\/haberkuzey.com\/index.php\/author\/haberkuzey\/"}]}},"_links":{"self":[{"href":"https:\/\/haberkuzey.com\/index.php\/wp-json\/wp\/v2\/posts\/1335","targetHints":{"allow":["GET"]}}],"collection":[{"href":"https:\/\/haberkuzey.com\/index.php\/wp-json\/wp\/v2\/posts"}],"about":[{"href":"https:\/\/haberkuzey.com\/index.php\/wp-json\/wp\/v2\/types\/post"}],"author":[{"embeddable":true,"href":"https:\/\/haberkuzey.com\/index.php\/wp-json\/wp\/v2\/users\/1"}],"replies":[{"embeddable":true,"href":"https:\/\/haberkuzey.com\/index.php\/wp-json\/wp\/v2\/comments?post=1335"}],"version-history":[{"count":0,"href":"https:\/\/haberkuzey.com\/index.php\/wp-json\/wp\/v2\/posts\/1335\/revisions"}],"wp:featuredmedia":[{"embeddable":true,"href":"https:\/\/haberkuzey.com\/index.php\/wp-json\/wp\/v2\/media\/1336"}],"wp:attachment":[{"href":"https:\/\/haberkuzey.com\/index.php\/wp-json\/wp\/v2\/media?parent=1335"}],"wp:term":[{"taxonomy":"category","embeddable":true,"href":"https:\/\/haberkuzey.com\/index.php\/wp-json\/wp\/v2\/categories?post=1335"},{"taxonomy":"post_tag","embeddable":true,"href":"https:\/\/haberkuzey.com\/index.php\/wp-json\/wp\/v2\/tags?post=1335"}],"curies":[{"name":"wp","href":"https:\/\/api.w.org\/{rel}","templated":true}]}}