{"id":1317,"date":"2024-05-04T15:40:01","date_gmt":"2024-05-04T12:40:01","guid":{"rendered":"https:\/\/haberkuzey.com\/index.php\/2024\/05\/04\/cumhurbaskani-ersin-tatar-iit-aile-fotografinda-yer-aldi\/"},"modified":"2024-05-04T15:40:01","modified_gmt":"2024-05-04T12:40:01","slug":"cumhurbaskani-ersin-tatar-iit-aile-fotografinda-yer-aldi","status":"publish","type":"post","link":"https:\/\/haberkuzey.com\/index.php\/2024\/05\/04\/cumhurbaskani-ersin-tatar-iit-aile-fotografinda-yer-aldi\/","title":{"rendered":"Cumhurba\u015fkan\u0131 Ersin Tatar, \u0130\u0130T aile foto\u011fraf\u0131nda yer ald\u0131"},"content":{"rendered":"<div>\n<div class=\"mariselle-image-container center\">\n                                            <\/div>\n<p>\u0130slam \u0130\u015fbirli\u011fi Te\u015fkilat\u0131 (\u0130\u0130T) 15. Devlet ve H\u00fck\u00fcmet Ba\u015fkanlar\u0131 zirvesinde Kuzey K\u0131br\u0131s T\u00fcrk Cumhuriyeti\u2019ni temsilen Gambiya\u2019n\u0131n Ba\u015fkenti Banjul\u2019da bulunan Cumhurba\u015fkan\u0131 Ersin Tatar, zirvenin resmi a\u00e7\u0131l\u0131\u015f\u0131ndan \u00f6nce \u00fcye \u00fclkelerin devlet ve h\u00fck\u00fcmet ba\u015fkanlar\u0131 ile birlikte aile foto\u011fraf\u0131nda yer ald\u0131.<\/p>\n<\/p><\/div>\n<p><script async\n                    defer\n                    crossorigin=\"anonymous\"\n                    src=\"https:\/\/connect.facebook.net\/tr_TR\/sdk.js#xfbml=1&#038;version=v3.3\"\n            ><\/script><\/p>\n","protected":false},"excerpt":{"rendered":"<p>\u0130slam \u0130\u015fbirli\u011fi Te\u015fkilat\u0131 (\u0130\u0130T) 15. Devlet ve H\u00fck\u00fcmet Ba\u015fkanlar\u0131 zirvesinde Kuzey K\u0131br\u0131s T\u00fcrk Cumhuriyeti\u2019ni temsilen Gambiya\u2019n\u0131n Ba\u015fkenti Banjul\u2019da bulunan Cumhurba\u015fkan\u0131 Ersin Tatar, zirvenin resmi a\u00e7\u0131l\u0131\u015f\u0131ndan \u00f6nce \u00fcye \u00fclkelerin devlet ve h\u00fck\u00fcmet ba\u015fkanlar\u0131 ile birlikte aile foto\u011fraf\u0131nda yer ald\u0131.<\/p>\n","protected":false},"author":1,"featured_media":1318,"comment_status":"open","ping_status":"open","sticky":false,"template":"","format":"standard","meta":{"jnews-multi-image_gallery":[],"jnews_single_post":[],"jnews_primary_category":[],"footnotes":""},"categories":[1],"tags":[],"class_list":["post-1317","post","type-post","status-publish","format-standard","has-post-thumbnail","hentry","category-kibris"],"yoast_head":"<!-- This site is optimized with the Yoast SEO plugin v27.5 - https:\/\/yoast.com\/product\/yoast-seo-wordpress\/ -->\n<title>Cumhurba\u015fkan\u0131 Ersin Tatar, \u0130\u0130T aile foto\u011fraf\u0131nda yer ald\u0131 - Haber Kuzey<\/title>\n<meta name=\"robots\" content=\"index, follow, max-snippet:-1, max-image-preview:large, max-video-preview:-1\" \/>\n<link rel=\"canonical\" href=\"https:\/\/haberkuzey.com\/index.php\/2024\/05\/04\/cumhurbaskani-ersin-tatar-iit-aile-fotografinda-yer-aldi\/\" \/>\n<meta property=\"og:locale\" content=\"tr_TR\" \/>\n<meta property=\"og:type\" content=\"article\" \/>\n<meta property=\"og:title\" content=\"Cumhurba\u015fkan\u0131 Ersin Tatar, \u0130\u0130T aile foto\u011fraf\u0131nda yer ald\u0131 - Haber Kuzey\" \/>\n<meta property=\"og:description\" content=\"\u0130slam \u0130\u015fbirli\u011fi Te\u015fkilat\u0131 (\u0130\u0130T) 15. Devlet ve H\u00fck\u00fcmet Ba\u015fkanlar\u0131 zirvesinde Kuzey K\u0131br\u0131s T\u00fcrk Cumhuriyeti\u2019ni temsilen Gambiya\u2019n\u0131n Ba\u015fkenti Banjul\u2019da bulunan Cumhurba\u015fkan\u0131 Ersin Tatar, zirvenin resmi a\u00e7\u0131l\u0131\u015f\u0131ndan \u00f6nce \u00fcye \u00fclkelerin devlet ve h\u00fck\u00fcmet ba\u015fkanlar\u0131 ile birlikte aile foto\u011fraf\u0131nda yer ald\u0131.\" \/>\n<meta property=\"og:url\" content=\"https:\/\/haberkuzey.com\/index.php\/2024\/05\/04\/cumhurbaskani-ersin-tatar-iit-aile-fotografinda-yer-aldi\/\" \/>\n<meta property=\"og:site_name\" content=\"Haber Kuzey\" \/>\n<meta property=\"article:published_time\" content=\"2024-05-04T12:40:01+00:00\" \/>\n<meta property=\"og:image\" content=\"https:\/\/brtk.net\/wp-content\/uploads\/2024\/05\/04\/IMG-20240504-WA0010.jpg?ver=53f6e3a18d115d5ca1c4aa7b906f7123\" \/>\n<meta name=\"author\" content=\"haberkuzey\" \/>\n<meta name=\"twitter:card\" content=\"summary_large_image\" \/>\n<meta name=\"twitter:label1\" content=\"Yazan:\" \/>\n\t<meta name=\"twitter:data1\" content=\"haberkuzey\" \/>\n<script type=\"application\/ld+json\" class=\"yoast-schema-graph\">{\"@context\":\"https:\\\/\\\/schema.org\",\"@graph\":[{\"@type\":\"Article\",\"@id\":\"https:\\\/\\\/haberkuzey.com\\\/index.php\\\/2024\\\/05\\\/04\\\/cumhurbaskani-ersin-tatar-iit-aile-fotografinda-yer-aldi\\\/#article\",\"isPartOf\":{\"@id\":\"https:\\\/\\\/haberkuzey.com\\\/index.php\\\/2024\\\/05\\\/04\\\/cumhurbaskani-ersin-tatar-iit-aile-fotografinda-yer-aldi\\\/\"},\"author\":{\"name\":\"haberkuzey\",\"@id\":\"https:\\\/\\\/haberkuzey.com\\\/#\\\/schema\\\/person\\\/3372109ec735f9333f4fa47ebb9605ca\"},\"headline\":\"Cumhurba\u015fkan\u0131 Ersin Tatar, \u0130\u0130T aile foto\u011fraf\u0131nda yer ald\u0131\",\"datePublished\":\"2024-05-04T12:40:01+00:00\",\"mainEntityOfPage\":{\"@id\":\"https:\\\/\\\/haberkuzey.com\\\/index.php\\\/2024\\\/05\\\/04\\\/cumhurbaskani-ersin-tatar-iit-aile-fotografinda-yer-aldi\\\/\"},\"wordCount\":69,\"commentCount\":0,\"image\":{\"@id\":\"https:\\\/\\\/haberkuzey.com\\\/index.php\\\/2024\\\/05\\\/04\\\/cumhurbaskani-ersin-tatar-iit-aile-fotografinda-yer-aldi\\\/#primaryimage\"},\"thumbnailUrl\":\"https:\\\/\\\/haberkuzey.com\\\/wp-content\\\/uploads\\\/2024\\\/05\\\/IMG-20240504-WA0010.jpg\",\"articleSection\":[\"K\u0131br\u0131s\"],\"inLanguage\":\"tr\",\"potentialAction\":[{\"@type\":\"CommentAction\",\"name\":\"Comment\",\"target\":[\"https:\\\/\\\/haberkuzey.com\\\/index.php\\\/2024\\\/05\\\/04\\\/cumhurbaskani-ersin-tatar-iit-aile-fotografinda-yer-aldi\\\/#respond\"]}]},{\"@type\":\"WebPage\",\"@id\":\"https:\\\/\\\/haberkuzey.com\\\/index.php\\\/2024\\\/05\\\/04\\\/cumhurbaskani-ersin-tatar-iit-aile-fotografinda-yer-aldi\\\/\",\"url\":\"https:\\\/\\\/haberkuzey.com\\\/index.php\\\/2024\\\/05\\\/04\\\/cumhurbaskani-ersin-tatar-iit-aile-fotografinda-yer-aldi\\\/\",\"name\":\"Cumhurba\u015fkan\u0131 Ersin Tatar, \u0130\u0130T aile foto\u011fraf\u0131nda yer ald\u0131 - Haber Kuzey\",\"isPartOf\":{\"@id\":\"https:\\\/\\\/haberkuzey.com\\\/#website\"},\"primaryImageOfPage\":{\"@id\":\"https:\\\/\\\/haberkuzey.com\\\/index.php\\\/2024\\\/05\\\/04\\\/cumhurbaskani-ersin-tatar-iit-aile-fotografinda-yer-aldi\\\/#primaryimage\"},\"image\":{\"@id\":\"https:\\\/\\\/haberkuzey.com\\\/index.php\\\/2024\\\/05\\\/04\\\/cumhurbaskani-ersin-tatar-iit-aile-fotografinda-yer-aldi\\\/#primaryimage\"},\"thumbnailUrl\":\"https:\\\/\\\/haberkuzey.com\\\/wp-content\\\/uploads\\\/2024\\\/05\\\/IMG-20240504-WA0010.jpg\",\"datePublished\":\"2024-05-04T12:40:01+00:00\",\"author\":{\"@id\":\"https:\\\/\\\/haberkuzey.com\\\/#\\\/schema\\\/person\\\/3372109ec735f9333f4fa47ebb9605ca\"},\"breadcrumb\":{\"@id\":\"https:\\\/\\\/haberkuzey.com\\\/index.php\\\/2024\\\/05\\\/04\\\/cumhurbaskani-ersin-tatar-iit-aile-fotografinda-yer-aldi\\\/#breadcrumb\"},\"inLanguage\":\"tr\",\"potentialAction\":[{\"@type\":\"ReadAction\",\"target\":[\"https:\\\/\\\/haberkuzey.com\\\/index.php\\\/2024\\\/05\\\/04\\\/cumhurbaskani-ersin-tatar-iit-aile-fotografinda-yer-aldi\\\/\"]}]},{\"@type\":\"ImageObject\",\"inLanguage\":\"tr\",\"@id\":\"https:\\\/\\\/haberkuzey.com\\\/index.php\\\/2024\\\/05\\\/04\\\/cumhurbaskani-ersin-tatar-iit-aile-fotografinda-yer-aldi\\\/#primaryimage\",\"url\":\"https:\\\/\\\/haberkuzey.com\\\/wp-content\\\/uploads\\\/2024\\\/05\\\/IMG-20240504-WA0010.jpg\",\"contentUrl\":\"https:\\\/\\\/haberkuzey.com\\\/wp-content\\\/uploads\\\/2024\\\/05\\\/IMG-20240504-WA0010.jpg\",\"width\":1600,\"height\":1066},{\"@type\":\"BreadcrumbList\",\"@id\":\"https:\\\/\\\/haberkuzey.com\\\/index.php\\\/2024\\\/05\\\/04\\\/cumhurbaskani-ersin-tatar-iit-aile-fotografinda-yer-aldi\\\/#breadcrumb\",\"itemListElement\":[{\"@type\":\"ListItem\",\"position\":1,\"name\":\"Anasayfa\",\"item\":\"https:\\\/\\\/haberkuzey.com\\\/\"},{\"@type\":\"ListItem\",\"position\":2,\"name\":\"Cumhurba\u015fkan\u0131 Ersin Tatar, \u0130\u0130T aile foto\u011fraf\u0131nda yer ald\u0131\"}]},{\"@type\":\"WebSite\",\"@id\":\"https:\\\/\\\/haberkuzey.com\\\/#website\",\"url\":\"https:\\\/\\\/haberkuzey.com\\\/\",\"name\":\"Haber Kuzey\",\"description\":\"Do\u011fru Haberin Adresi\",\"potentialAction\":[{\"@type\":\"SearchAction\",\"target\":{\"@type\":\"EntryPoint\",\"urlTemplate\":\"https:\\\/\\\/haberkuzey.com\\\/?s={search_term_string}\"},\"query-input\":{\"@type\":\"PropertyValueSpecification\",\"valueRequired\":true,\"valueName\":\"search_term_string\"}}],\"inLanguage\":\"tr\"},{\"@type\":\"Person\",\"@id\":\"https:\\\/\\\/haberkuzey.com\\\/#\\\/schema\\\/person\\\/3372109ec735f9333f4fa47ebb9605ca\",\"name\":\"haberkuzey\",\"image\":{\"@type\":\"ImageObject\",\"inLanguage\":\"tr\",\"@id\":\"https:\\\/\\\/secure.gravatar.com\\\/avatar\\\/f5fc875574b1575324358c3b9e6a32b8227aa5b74f3fa22e3cadb63e26fcc39c?s=96&d=mm&r=g\",\"url\":\"https:\\\/\\\/secure.gravatar.com\\\/avatar\\\/f5fc875574b1575324358c3b9e6a32b8227aa5b74f3fa22e3cadb63e26fcc39c?s=96&d=mm&r=g\",\"contentUrl\":\"https:\\\/\\\/secure.gravatar.com\\\/avatar\\\/f5fc875574b1575324358c3b9e6a32b8227aa5b74f3fa22e3cadb63e26fcc39c?s=96&d=mm&r=g\",\"caption\":\"haberkuzey\"},\"sameAs\":[\"https:\\\/\\\/haberkuzey.com\"],\"url\":\"https:\\\/\\\/haberkuzey.com\\\/index.php\\\/author\\\/haberkuzey\\\/\"}]}<\/script>\n<!-- \/ Yoast SEO plugin. -->","yoast_head_json":{"title":"Cumhurba\u015fkan\u0131 Ersin Tatar, \u0130\u0130T aile foto\u011fraf\u0131nda yer ald\u0131 - Haber Kuzey","robots":{"index":"index","follow":"follow","max-snippet":"max-snippet:-1","max-image-preview":"max-image-preview:large","max-video-preview":"max-video-preview:-1"},"canonical":"https:\/\/haberkuzey.com\/index.php\/2024\/05\/04\/cumhurbaskani-ersin-tatar-iit-aile-fotografinda-yer-aldi\/","og_locale":"tr_TR","og_type":"article","og_title":"Cumhurba\u015fkan\u0131 Ersin Tatar, \u0130\u0130T aile foto\u011fraf\u0131nda yer ald\u0131 - Haber Kuzey","og_description":"\u0130slam \u0130\u015fbirli\u011fi Te\u015fkilat\u0131 (\u0130\u0130T) 15. Devlet ve H\u00fck\u00fcmet Ba\u015fkanlar\u0131 zirvesinde Kuzey K\u0131br\u0131s T\u00fcrk Cumhuriyeti\u2019ni temsilen Gambiya\u2019n\u0131n Ba\u015fkenti Banjul\u2019da bulunan Cumhurba\u015fkan\u0131 Ersin Tatar, zirvenin resmi a\u00e7\u0131l\u0131\u015f\u0131ndan \u00f6nce \u00fcye \u00fclkelerin devlet ve h\u00fck\u00fcmet ba\u015fkanlar\u0131 ile birlikte aile foto\u011fraf\u0131nda yer ald\u0131.","og_url":"https:\/\/haberkuzey.com\/index.php\/2024\/05\/04\/cumhurbaskani-ersin-tatar-iit-aile-fotografinda-yer-aldi\/","og_site_name":"Haber Kuzey","article_published_time":"2024-05-04T12:40:01+00:00","og_image":[{"url":"https:\/\/brtk.net\/wp-content\/uploads\/2024\/05\/04\/IMG-20240504-WA0010.jpg?ver=53f6e3a18d115d5ca1c4aa7b906f7123","type":"","width":"","height":""}],"author":"haberkuzey","twitter_card":"summary_large_image","twitter_misc":{"Yazan:":"haberkuzey"},"schema":{"@context":"https:\/\/schema.org","@graph":[{"@type":"Article","@id":"https:\/\/haberkuzey.com\/index.php\/2024\/05\/04\/cumhurbaskani-ersin-tatar-iit-aile-fotografinda-yer-aldi\/#article","isPartOf":{"@id":"https:\/\/haberkuzey.com\/index.php\/2024\/05\/04\/cumhurbaskani-ersin-tatar-iit-aile-fotografinda-yer-aldi\/"},"author":{"name":"haberkuzey","@id":"https:\/\/haberkuzey.com\/#\/schema\/person\/3372109ec735f9333f4fa47ebb9605ca"},"headline":"Cumhurba\u015fkan\u0131 Ersin Tatar, \u0130\u0130T aile foto\u011fraf\u0131nda yer ald\u0131","datePublished":"2024-05-04T12:40:01+00:00","mainEntityOfPage":{"@id":"https:\/\/haberkuzey.com\/index.php\/2024\/05\/04\/cumhurbaskani-ersin-tatar-iit-aile-fotografinda-yer-aldi\/"},"wordCount":69,"commentCount":0,"image":{"@id":"https:\/\/haberkuzey.com\/index.php\/2024\/05\/04\/cumhurbaskani-ersin-tatar-iit-aile-fotografinda-yer-aldi\/#primaryimage"},"thumbnailUrl":"https:\/\/haberkuzey.com\/wp-content\/uploads\/2024\/05\/IMG-20240504-WA0010.jpg","articleSection":["K\u0131br\u0131s"],"inLanguage":"tr","potentialAction":[{"@type":"CommentAction","name":"Comment","target":["https:\/\/haberkuzey.com\/index.php\/2024\/05\/04\/cumhurbaskani-ersin-tatar-iit-aile-fotografinda-yer-aldi\/#respond"]}]},{"@type":"WebPage","@id":"https:\/\/haberkuzey.com\/index.php\/2024\/05\/04\/cumhurbaskani-ersin-tatar-iit-aile-fotografinda-yer-aldi\/","url":"https:\/\/haberkuzey.com\/index.php\/2024\/05\/04\/cumhurbaskani-ersin-tatar-iit-aile-fotografinda-yer-aldi\/","name":"Cumhurba\u015fkan\u0131 Ersin Tatar, \u0130\u0130T aile foto\u011fraf\u0131nda yer ald\u0131 - Haber Kuzey","isPartOf":{"@id":"https:\/\/haberkuzey.com\/#website"},"primaryImageOfPage":{"@id":"https:\/\/haberkuzey.com\/index.php\/2024\/05\/04\/cumhurbaskani-ersin-tatar-iit-aile-fotografinda-yer-aldi\/#primaryimage"},"image":{"@id":"https:\/\/haberkuzey.com\/index.php\/2024\/05\/04\/cumhurbaskani-ersin-tatar-iit-aile-fotografinda-yer-aldi\/#primaryimage"},"thumbnailUrl":"https:\/\/haberkuzey.com\/wp-content\/uploads\/2024\/05\/IMG-20240504-WA0010.jpg","datePublished":"2024-05-04T12:40:01+00:00","author":{"@id":"https:\/\/haberkuzey.com\/#\/schema\/person\/3372109ec735f9333f4fa47ebb9605ca"},"breadcrumb":{"@id":"https:\/\/haberkuzey.com\/index.php\/2024\/05\/04\/cumhurbaskani-ersin-tatar-iit-aile-fotografinda-yer-aldi\/#breadcrumb"},"inLanguage":"tr","potentialAction":[{"@type":"ReadAction","target":["https:\/\/haberkuzey.com\/index.php\/2024\/05\/04\/cumhurbaskani-ersin-tatar-iit-aile-fotografinda-yer-aldi\/"]}]},{"@type":"ImageObject","inLanguage":"tr","@id":"https:\/\/haberkuzey.com\/index.php\/2024\/05\/04\/cumhurbaskani-ersin-tatar-iit-aile-fotografinda-yer-aldi\/#primaryimage","url":"https:\/\/haberkuzey.com\/wp-content\/uploads\/2024\/05\/IMG-20240504-WA0010.jpg","contentUrl":"https:\/\/haberkuzey.com\/wp-content\/uploads\/2024\/05\/IMG-20240504-WA0010.jpg","width":1600,"height":1066},{"@type":"BreadcrumbList","@id":"https:\/\/haberkuzey.com\/index.php\/2024\/05\/04\/cumhurbaskani-ersin-tatar-iit-aile-fotografinda-yer-aldi\/#breadcrumb","itemListElement":[{"@type":"ListItem","position":1,"name":"Anasayfa","item":"https:\/\/haberkuzey.com\/"},{"@type":"ListItem","position":2,"name":"Cumhurba\u015fkan\u0131 Ersin Tatar, \u0130\u0130T aile foto\u011fraf\u0131nda yer ald\u0131"}]},{"@type":"WebSite","@id":"https:\/\/haberkuzey.com\/#website","url":"https:\/\/haberkuzey.com\/","name":"Haber Kuzey","description":"Do\u011fru Haberin Adresi","potentialAction":[{"@type":"SearchAction","target":{"@type":"EntryPoint","urlTemplate":"https:\/\/haberkuzey.com\/?s={search_term_string}"},"query-input":{"@type":"PropertyValueSpecification","valueRequired":true,"valueName":"search_term_string"}}],"inLanguage":"tr"},{"@type":"Person","@id":"https:\/\/haberkuzey.com\/#\/schema\/person\/3372109ec735f9333f4fa47ebb9605ca","name":"haberkuzey","image":{"@type":"ImageObject","inLanguage":"tr","@id":"https:\/\/secure.gravatar.com\/avatar\/f5fc875574b1575324358c3b9e6a32b8227aa5b74f3fa22e3cadb63e26fcc39c?s=96&d=mm&r=g","url":"https:\/\/secure.gravatar.com\/avatar\/f5fc875574b1575324358c3b9e6a32b8227aa5b74f3fa22e3cadb63e26fcc39c?s=96&d=mm&r=g","contentUrl":"https:\/\/secure.gravatar.com\/avatar\/f5fc875574b1575324358c3b9e6a32b8227aa5b74f3fa22e3cadb63e26fcc39c?s=96&d=mm&r=g","caption":"haberkuzey"},"sameAs":["https:\/\/haberkuzey.com"],"url":"https:\/\/haberkuzey.com\/index.php\/author\/haberkuzey\/"}]}},"_links":{"self":[{"href":"https:\/\/haberkuzey.com\/index.php\/wp-json\/wp\/v2\/posts\/1317","targetHints":{"allow":["GET"]}}],"collection":[{"href":"https:\/\/haberkuzey.com\/index.php\/wp-json\/wp\/v2\/posts"}],"about":[{"href":"https:\/\/haberkuzey.com\/index.php\/wp-json\/wp\/v2\/types\/post"}],"author":[{"embeddable":true,"href":"https:\/\/haberkuzey.com\/index.php\/wp-json\/wp\/v2\/users\/1"}],"replies":[{"embeddable":true,"href":"https:\/\/haberkuzey.com\/index.php\/wp-json\/wp\/v2\/comments?post=1317"}],"version-history":[{"count":0,"href":"https:\/\/haberkuzey.com\/index.php\/wp-json\/wp\/v2\/posts\/1317\/revisions"}],"wp:featuredmedia":[{"embeddable":true,"href":"https:\/\/haberkuzey.com\/index.php\/wp-json\/wp\/v2\/media\/1318"}],"wp:attachment":[{"href":"https:\/\/haberkuzey.com\/index.php\/wp-json\/wp\/v2\/media?parent=1317"}],"wp:term":[{"taxonomy":"category","embeddable":true,"href":"https:\/\/haberkuzey.com\/index.php\/wp-json\/wp\/v2\/categories?post=1317"},{"taxonomy":"post_tag","embeddable":true,"href":"https:\/\/haberkuzey.com\/index.php\/wp-json\/wp\/v2\/tags?post=1317"}],"curies":[{"name":"wp","href":"https:\/\/api.w.org\/{rel}","templated":true}]}}