{"id":13061,"date":"2024-11-15T12:08:09","date_gmt":"2024-11-15T10:08:09","guid":{"rendered":"https:\/\/haberkuzey.com\/index.php\/2024\/11\/15\/tc-disisleri-bakani-fidan-kktcnin-kurulusunun-41inci-yilini-kutladi\/"},"modified":"2024-11-15T12:08:09","modified_gmt":"2024-11-15T10:08:09","slug":"tc-disisleri-bakani-fidan-kktcnin-kurulusunun-41inci-yilini-kutladi","status":"publish","type":"post","link":"https:\/\/haberkuzey.com\/index.php\/2024\/11\/15\/tc-disisleri-bakani-fidan-kktcnin-kurulusunun-41inci-yilini-kutladi\/","title":{"rendered":"TC D\u0131\u015fi\u015fleri Bakan\u0131 Fidan, KKTC\u2019nin kurulu\u015funun 41\u2019inci y\u0131l\u0131n\u0131 kutlad\u0131"},"content":{"rendered":"<div>\n<div class=\"mariselle-image-container center\">\n                                            <\/div>\n<p>TC D\u0131\u015fi\u015fleri Bakan\u0131 Hakan Fidan, Kuzey K\u0131br\u0131s T\u00fcrk Cumhuriyeti\u2019nin (KKTC) kurulu\u015funun 41\u2019inci y\u0131l d\u00f6n\u00fcm\u00fcne ili\u015fkin payla\u015f\u0131m\u0131nda, \u201cAda\u2019n\u0131n e\u015fit sahibi K\u0131br\u0131s T\u00fcrklerinin \u00f6zden haklar\u0131 olan egemen e\u015fitlik ve e\u015fit uluslararas\u0131 stat\u00fclerinin yeniden tescil edilmesi vazge\u00e7ilemez \u00f6nceli\u011fimizdir\u201d ifadesini kulland\u0131.<\/p>\n<p>Fidan, KKTC\u2018nin kurulu\u015f y\u0131l d\u00f6n\u00fcm\u00fcn\u00fc X sosyal medya hesab\u0131ndan yapt\u0131\u011f\u0131 payla\u015f\u0131mla kutlad\u0131.<\/p>\n<p>KKTC\u2018nin kurulu\u015funun 41. y\u0131l d\u00f6n\u00fcm\u00fcn\u00fcn co\u015fkuyla kutland\u0131\u011f\u0131n\u0131 vurgulayan Fidan, bunun, K\u0131br\u0131s T\u00fcrklerinin iftihar g\u00fcn\u00fc oldu\u011funu kaydetti.<\/p>\n<p>Fidan, \u015f\u00f6yle devam etti:<\/p>\n<p>\u201cAda\u2019n\u0131n e\u015fit sahibi K\u0131br\u0131s T\u00fcrklerinin \u00f6zden haklar\u0131 olan egemen e\u015fitlik ve e\u015fit uluslararas\u0131 stat\u00fclerinin yeniden tescil edilmesi, vazge\u00e7ilemez \u00f6nceli\u011fimizdir. Bu do\u011frultuda, Kuzey K\u0131br\u0131s T\u00fcrk Cumhuriyeti\u2019nin uluslararas\u0131 alanda hak etti\u011fi yere gelmesi i\u00e7in var g\u00fcc\u00fcm\u00fczle \u00e7al\u0131\u015fmaya devam edece\u011fiz.\u201d<\/p>\n<p>Bakan Fidan, T\u00fcrkiye ve KKTC\u2018nin \u015fartlar ne olursa olsun, her daim bir ve beraber oldu\u011funu vurgulad\u0131.<\/p>\n<\/p><\/div>\n<p><script async\n                    defer\n                    crossorigin=\"anonymous\"\n                    src=\"https:\/\/connect.facebook.net\/tr_TR\/sdk.js#xfbml=1&#038;version=v3.3\"\n            ><\/script><\/p>\n","protected":false},"excerpt":{"rendered":"<p>TC D\u0131\u015fi\u015fleri Bakan\u0131 Hakan Fidan, Kuzey K\u0131br\u0131s T\u00fcrk Cumhuriyeti\u2019nin (KKTC) kurulu\u015funun 41\u2019inci y\u0131l d\u00f6n\u00fcm\u00fcne ili\u015fkin payla\u015f\u0131m\u0131nda, \u201cAda\u2019n\u0131n e\u015fit sahibi K\u0131br\u0131s T\u00fcrklerinin \u00f6zden haklar\u0131 olan egemen e\u015fitlik ve e\u015fit uluslararas\u0131 stat\u00fclerinin yeniden tescil edilmesi vazge\u00e7ilemez \u00f6nceli\u011fimizdir\u201d ifadesini kulland\u0131. Fidan, KKTC\u2018nin kurulu\u015f y\u0131l d\u00f6n\u00fcm\u00fcn\u00fc X sosyal medya hesab\u0131ndan yapt\u0131\u011f\u0131 payla\u015f\u0131mla kutlad\u0131. KKTC\u2018nin kurulu\u015funun 41. y\u0131l d\u00f6n\u00fcm\u00fcn\u00fcn co\u015fkuyla [&hellip;]<\/p>\n","protected":false},"author":1,"featured_media":1151,"comment_status":"open","ping_status":"open","sticky":false,"template":"","format":"standard","meta":{"jnews-multi-image_gallery":[],"jnews_single_post":[],"jnews_primary_category":[],"footnotes":""},"categories":[2],"tags":[],"class_list":["post-13061","post","type-post","status-publish","format-standard","has-post-thumbnail","hentry","category-dunya"],"yoast_head":"<!-- This site is optimized with the Yoast SEO plugin v27.4 - https:\/\/yoast.com\/product\/yoast-seo-wordpress\/ -->\n<title>TC D\u0131\u015fi\u015fleri Bakan\u0131 Fidan, KKTC\u2019nin kurulu\u015funun 41\u2019inci y\u0131l\u0131n\u0131 kutlad\u0131 - Haber Kuzey<\/title>\n<meta name=\"robots\" content=\"index, follow, max-snippet:-1, max-image-preview:large, max-video-preview:-1\" \/>\n<link rel=\"canonical\" href=\"https:\/\/haberkuzey.com\/index.php\/2024\/11\/15\/tc-disisleri-bakani-fidan-kktcnin-kurulusunun-41inci-yilini-kutladi\/\" \/>\n<meta property=\"og:locale\" content=\"tr_TR\" \/>\n<meta property=\"og:type\" content=\"article\" \/>\n<meta property=\"og:title\" content=\"TC D\u0131\u015fi\u015fleri Bakan\u0131 Fidan, KKTC\u2019nin kurulu\u015funun 41\u2019inci y\u0131l\u0131n\u0131 kutlad\u0131 - Haber Kuzey\" \/>\n<meta property=\"og:description\" content=\"TC D\u0131\u015fi\u015fleri Bakan\u0131 Hakan Fidan, Kuzey K\u0131br\u0131s T\u00fcrk Cumhuriyeti\u2019nin (KKTC) kurulu\u015funun 41\u2019inci y\u0131l d\u00f6n\u00fcm\u00fcne ili\u015fkin payla\u015f\u0131m\u0131nda, \u201cAda\u2019n\u0131n e\u015fit sahibi K\u0131br\u0131s T\u00fcrklerinin \u00f6zden haklar\u0131 olan egemen e\u015fitlik ve e\u015fit uluslararas\u0131 stat\u00fclerinin yeniden tescil edilmesi vazge\u00e7ilemez \u00f6nceli\u011fimizdir\u201d ifadesini kulland\u0131. Fidan, KKTC\u2018nin kurulu\u015f y\u0131l d\u00f6n\u00fcm\u00fcn\u00fc X sosyal medya hesab\u0131ndan yapt\u0131\u011f\u0131 payla\u015f\u0131mla kutlad\u0131. KKTC\u2018nin kurulu\u015funun 41. y\u0131l d\u00f6n\u00fcm\u00fcn\u00fcn co\u015fkuyla [&hellip;]\" \/>\n<meta property=\"og:url\" content=\"https:\/\/haberkuzey.com\/index.php\/2024\/11\/15\/tc-disisleri-bakani-fidan-kktcnin-kurulusunun-41inci-yilini-kutladi\/\" \/>\n<meta property=\"og:site_name\" content=\"Haber Kuzey\" \/>\n<meta property=\"article:published_time\" content=\"2024-11-15T10:08:09+00:00\" \/>\n<meta property=\"og:image\" content=\"https:\/\/brtk.net\/wp-content\/uploads\/2024\/03\/27\/hakan-fidan-aa-2108073.jpg?ver=07bf0943861d447ad5db0dc79dbb3866\" \/>\n<meta name=\"author\" content=\"haberkuzey\" \/>\n<meta name=\"twitter:card\" content=\"summary_large_image\" \/>\n<meta name=\"twitter:label1\" content=\"Yazan:\" \/>\n\t<meta name=\"twitter:data1\" content=\"haberkuzey\" \/>\n\t<meta name=\"twitter:label2\" content=\"Tahmini okuma s\u00fcresi\" \/>\n\t<meta name=\"twitter:data2\" content=\"1 dakika\" \/>\n<script type=\"application\/ld+json\" class=\"yoast-schema-graph\">{\"@context\":\"https:\\\/\\\/schema.org\",\"@graph\":[{\"@type\":\"Article\",\"@id\":\"https:\\\/\\\/haberkuzey.com\\\/index.php\\\/2024\\\/11\\\/15\\\/tc-disisleri-bakani-fidan-kktcnin-kurulusunun-41inci-yilini-kutladi\\\/#article\",\"isPartOf\":{\"@id\":\"https:\\\/\\\/haberkuzey.com\\\/index.php\\\/2024\\\/11\\\/15\\\/tc-disisleri-bakani-fidan-kktcnin-kurulusunun-41inci-yilini-kutladi\\\/\"},\"author\":{\"name\":\"haberkuzey\",\"@id\":\"https:\\\/\\\/haberkuzey.com\\\/#\\\/schema\\\/person\\\/3372109ec735f9333f4fa47ebb9605ca\"},\"headline\":\"TC D\u0131\u015fi\u015fleri Bakan\u0131 Fidan, KKTC\u2019nin kurulu\u015funun 41\u2019inci y\u0131l\u0131n\u0131 kutlad\u0131\",\"datePublished\":\"2024-11-15T10:08:09+00:00\",\"mainEntityOfPage\":{\"@id\":\"https:\\\/\\\/haberkuzey.com\\\/index.php\\\/2024\\\/11\\\/15\\\/tc-disisleri-bakani-fidan-kktcnin-kurulusunun-41inci-yilini-kutladi\\\/\"},\"wordCount\":208,\"commentCount\":0,\"image\":{\"@id\":\"https:\\\/\\\/haberkuzey.com\\\/index.php\\\/2024\\\/11\\\/15\\\/tc-disisleri-bakani-fidan-kktcnin-kurulusunun-41inci-yilini-kutladi\\\/#primaryimage\"},\"thumbnailUrl\":\"https:\\\/\\\/haberkuzey.com\\\/wp-content\\\/uploads\\\/2024\\\/05\\\/hakan-fidan-aa-2108073.jpg\",\"articleSection\":[\"D\u00fcnya\"],\"inLanguage\":\"tr\",\"potentialAction\":[{\"@type\":\"CommentAction\",\"name\":\"Comment\",\"target\":[\"https:\\\/\\\/haberkuzey.com\\\/index.php\\\/2024\\\/11\\\/15\\\/tc-disisleri-bakani-fidan-kktcnin-kurulusunun-41inci-yilini-kutladi\\\/#respond\"]}]},{\"@type\":\"WebPage\",\"@id\":\"https:\\\/\\\/haberkuzey.com\\\/index.php\\\/2024\\\/11\\\/15\\\/tc-disisleri-bakani-fidan-kktcnin-kurulusunun-41inci-yilini-kutladi\\\/\",\"url\":\"https:\\\/\\\/haberkuzey.com\\\/index.php\\\/2024\\\/11\\\/15\\\/tc-disisleri-bakani-fidan-kktcnin-kurulusunun-41inci-yilini-kutladi\\\/\",\"name\":\"TC D\u0131\u015fi\u015fleri Bakan\u0131 Fidan, KKTC\u2019nin kurulu\u015funun 41\u2019inci y\u0131l\u0131n\u0131 kutlad\u0131 - Haber Kuzey\",\"isPartOf\":{\"@id\":\"https:\\\/\\\/haberkuzey.com\\\/#website\"},\"primaryImageOfPage\":{\"@id\":\"https:\\\/\\\/haberkuzey.com\\\/index.php\\\/2024\\\/11\\\/15\\\/tc-disisleri-bakani-fidan-kktcnin-kurulusunun-41inci-yilini-kutladi\\\/#primaryimage\"},\"image\":{\"@id\":\"https:\\\/\\\/haberkuzey.com\\\/index.php\\\/2024\\\/11\\\/15\\\/tc-disisleri-bakani-fidan-kktcnin-kurulusunun-41inci-yilini-kutladi\\\/#primaryimage\"},\"thumbnailUrl\":\"https:\\\/\\\/haberkuzey.com\\\/wp-content\\\/uploads\\\/2024\\\/05\\\/hakan-fidan-aa-2108073.jpg\",\"datePublished\":\"2024-11-15T10:08:09+00:00\",\"author\":{\"@id\":\"https:\\\/\\\/haberkuzey.com\\\/#\\\/schema\\\/person\\\/3372109ec735f9333f4fa47ebb9605ca\"},\"breadcrumb\":{\"@id\":\"https:\\\/\\\/haberkuzey.com\\\/index.php\\\/2024\\\/11\\\/15\\\/tc-disisleri-bakani-fidan-kktcnin-kurulusunun-41inci-yilini-kutladi\\\/#breadcrumb\"},\"inLanguage\":\"tr\",\"potentialAction\":[{\"@type\":\"ReadAction\",\"target\":[\"https:\\\/\\\/haberkuzey.com\\\/index.php\\\/2024\\\/11\\\/15\\\/tc-disisleri-bakani-fidan-kktcnin-kurulusunun-41inci-yilini-kutladi\\\/\"]}]},{\"@type\":\"ImageObject\",\"inLanguage\":\"tr\",\"@id\":\"https:\\\/\\\/haberkuzey.com\\\/index.php\\\/2024\\\/11\\\/15\\\/tc-disisleri-bakani-fidan-kktcnin-kurulusunun-41inci-yilini-kutladi\\\/#primaryimage\",\"url\":\"https:\\\/\\\/haberkuzey.com\\\/wp-content\\\/uploads\\\/2024\\\/05\\\/hakan-fidan-aa-2108073.jpg\",\"contentUrl\":\"https:\\\/\\\/haberkuzey.com\\\/wp-content\\\/uploads\\\/2024\\\/05\\\/hakan-fidan-aa-2108073.jpg\",\"width\":1280,\"height\":720},{\"@type\":\"BreadcrumbList\",\"@id\":\"https:\\\/\\\/haberkuzey.com\\\/index.php\\\/2024\\\/11\\\/15\\\/tc-disisleri-bakani-fidan-kktcnin-kurulusunun-41inci-yilini-kutladi\\\/#breadcrumb\",\"itemListElement\":[{\"@type\":\"ListItem\",\"position\":1,\"name\":\"Anasayfa\",\"item\":\"https:\\\/\\\/haberkuzey.com\\\/\"},{\"@type\":\"ListItem\",\"position\":2,\"name\":\"TC D\u0131\u015fi\u015fleri Bakan\u0131 Fidan, KKTC\u2019nin kurulu\u015funun 41\u2019inci y\u0131l\u0131n\u0131 kutlad\u0131\"}]},{\"@type\":\"WebSite\",\"@id\":\"https:\\\/\\\/haberkuzey.com\\\/#website\",\"url\":\"https:\\\/\\\/haberkuzey.com\\\/\",\"name\":\"Haber Kuzey\",\"description\":\"Do\u011fru Haberin Adresi\",\"potentialAction\":[{\"@type\":\"SearchAction\",\"target\":{\"@type\":\"EntryPoint\",\"urlTemplate\":\"https:\\\/\\\/haberkuzey.com\\\/?s={search_term_string}\"},\"query-input\":{\"@type\":\"PropertyValueSpecification\",\"valueRequired\":true,\"valueName\":\"search_term_string\"}}],\"inLanguage\":\"tr\"},{\"@type\":\"Person\",\"@id\":\"https:\\\/\\\/haberkuzey.com\\\/#\\\/schema\\\/person\\\/3372109ec735f9333f4fa47ebb9605ca\",\"name\":\"haberkuzey\",\"image\":{\"@type\":\"ImageObject\",\"inLanguage\":\"tr\",\"@id\":\"https:\\\/\\\/secure.gravatar.com\\\/avatar\\\/f5fc875574b1575324358c3b9e6a32b8227aa5b74f3fa22e3cadb63e26fcc39c?s=96&d=mm&r=g\",\"url\":\"https:\\\/\\\/secure.gravatar.com\\\/avatar\\\/f5fc875574b1575324358c3b9e6a32b8227aa5b74f3fa22e3cadb63e26fcc39c?s=96&d=mm&r=g\",\"contentUrl\":\"https:\\\/\\\/secure.gravatar.com\\\/avatar\\\/f5fc875574b1575324358c3b9e6a32b8227aa5b74f3fa22e3cadb63e26fcc39c?s=96&d=mm&r=g\",\"caption\":\"haberkuzey\"},\"sameAs\":[\"https:\\\/\\\/haberkuzey.com\"],\"url\":\"https:\\\/\\\/haberkuzey.com\\\/index.php\\\/author\\\/haberkuzey\\\/\"}]}<\/script>\n<!-- \/ Yoast SEO plugin. -->","yoast_head_json":{"title":"TC D\u0131\u015fi\u015fleri Bakan\u0131 Fidan, KKTC\u2019nin kurulu\u015funun 41\u2019inci y\u0131l\u0131n\u0131 kutlad\u0131 - Haber Kuzey","robots":{"index":"index","follow":"follow","max-snippet":"max-snippet:-1","max-image-preview":"max-image-preview:large","max-video-preview":"max-video-preview:-1"},"canonical":"https:\/\/haberkuzey.com\/index.php\/2024\/11\/15\/tc-disisleri-bakani-fidan-kktcnin-kurulusunun-41inci-yilini-kutladi\/","og_locale":"tr_TR","og_type":"article","og_title":"TC D\u0131\u015fi\u015fleri Bakan\u0131 Fidan, KKTC\u2019nin kurulu\u015funun 41\u2019inci y\u0131l\u0131n\u0131 kutlad\u0131 - Haber Kuzey","og_description":"TC D\u0131\u015fi\u015fleri Bakan\u0131 Hakan Fidan, Kuzey K\u0131br\u0131s T\u00fcrk Cumhuriyeti\u2019nin (KKTC) kurulu\u015funun 41\u2019inci y\u0131l d\u00f6n\u00fcm\u00fcne ili\u015fkin payla\u015f\u0131m\u0131nda, \u201cAda\u2019n\u0131n e\u015fit sahibi K\u0131br\u0131s T\u00fcrklerinin \u00f6zden haklar\u0131 olan egemen e\u015fitlik ve e\u015fit uluslararas\u0131 stat\u00fclerinin yeniden tescil edilmesi vazge\u00e7ilemez \u00f6nceli\u011fimizdir\u201d ifadesini kulland\u0131. Fidan, KKTC\u2018nin kurulu\u015f y\u0131l d\u00f6n\u00fcm\u00fcn\u00fc X sosyal medya hesab\u0131ndan yapt\u0131\u011f\u0131 payla\u015f\u0131mla kutlad\u0131. KKTC\u2018nin kurulu\u015funun 41. y\u0131l d\u00f6n\u00fcm\u00fcn\u00fcn co\u015fkuyla [&hellip;]","og_url":"https:\/\/haberkuzey.com\/index.php\/2024\/11\/15\/tc-disisleri-bakani-fidan-kktcnin-kurulusunun-41inci-yilini-kutladi\/","og_site_name":"Haber Kuzey","article_published_time":"2024-11-15T10:08:09+00:00","og_image":[{"url":"https:\/\/brtk.net\/wp-content\/uploads\/2024\/03\/27\/hakan-fidan-aa-2108073.jpg?ver=07bf0943861d447ad5db0dc79dbb3866","type":"","width":"","height":""}],"author":"haberkuzey","twitter_card":"summary_large_image","twitter_misc":{"Yazan:":"haberkuzey","Tahmini okuma s\u00fcresi":"1 dakika"},"schema":{"@context":"https:\/\/schema.org","@graph":[{"@type":"Article","@id":"https:\/\/haberkuzey.com\/index.php\/2024\/11\/15\/tc-disisleri-bakani-fidan-kktcnin-kurulusunun-41inci-yilini-kutladi\/#article","isPartOf":{"@id":"https:\/\/haberkuzey.com\/index.php\/2024\/11\/15\/tc-disisleri-bakani-fidan-kktcnin-kurulusunun-41inci-yilini-kutladi\/"},"author":{"name":"haberkuzey","@id":"https:\/\/haberkuzey.com\/#\/schema\/person\/3372109ec735f9333f4fa47ebb9605ca"},"headline":"TC D\u0131\u015fi\u015fleri Bakan\u0131 Fidan, KKTC\u2019nin kurulu\u015funun 41\u2019inci y\u0131l\u0131n\u0131 kutlad\u0131","datePublished":"2024-11-15T10:08:09+00:00","mainEntityOfPage":{"@id":"https:\/\/haberkuzey.com\/index.php\/2024\/11\/15\/tc-disisleri-bakani-fidan-kktcnin-kurulusunun-41inci-yilini-kutladi\/"},"wordCount":208,"commentCount":0,"image":{"@id":"https:\/\/haberkuzey.com\/index.php\/2024\/11\/15\/tc-disisleri-bakani-fidan-kktcnin-kurulusunun-41inci-yilini-kutladi\/#primaryimage"},"thumbnailUrl":"https:\/\/haberkuzey.com\/wp-content\/uploads\/2024\/05\/hakan-fidan-aa-2108073.jpg","articleSection":["D\u00fcnya"],"inLanguage":"tr","potentialAction":[{"@type":"CommentAction","name":"Comment","target":["https:\/\/haberkuzey.com\/index.php\/2024\/11\/15\/tc-disisleri-bakani-fidan-kktcnin-kurulusunun-41inci-yilini-kutladi\/#respond"]}]},{"@type":"WebPage","@id":"https:\/\/haberkuzey.com\/index.php\/2024\/11\/15\/tc-disisleri-bakani-fidan-kktcnin-kurulusunun-41inci-yilini-kutladi\/","url":"https:\/\/haberkuzey.com\/index.php\/2024\/11\/15\/tc-disisleri-bakani-fidan-kktcnin-kurulusunun-41inci-yilini-kutladi\/","name":"TC D\u0131\u015fi\u015fleri Bakan\u0131 Fidan, KKTC\u2019nin kurulu\u015funun 41\u2019inci y\u0131l\u0131n\u0131 kutlad\u0131 - Haber Kuzey","isPartOf":{"@id":"https:\/\/haberkuzey.com\/#website"},"primaryImageOfPage":{"@id":"https:\/\/haberkuzey.com\/index.php\/2024\/11\/15\/tc-disisleri-bakani-fidan-kktcnin-kurulusunun-41inci-yilini-kutladi\/#primaryimage"},"image":{"@id":"https:\/\/haberkuzey.com\/index.php\/2024\/11\/15\/tc-disisleri-bakani-fidan-kktcnin-kurulusunun-41inci-yilini-kutladi\/#primaryimage"},"thumbnailUrl":"https:\/\/haberkuzey.com\/wp-content\/uploads\/2024\/05\/hakan-fidan-aa-2108073.jpg","datePublished":"2024-11-15T10:08:09+00:00","author":{"@id":"https:\/\/haberkuzey.com\/#\/schema\/person\/3372109ec735f9333f4fa47ebb9605ca"},"breadcrumb":{"@id":"https:\/\/haberkuzey.com\/index.php\/2024\/11\/15\/tc-disisleri-bakani-fidan-kktcnin-kurulusunun-41inci-yilini-kutladi\/#breadcrumb"},"inLanguage":"tr","potentialAction":[{"@type":"ReadAction","target":["https:\/\/haberkuzey.com\/index.php\/2024\/11\/15\/tc-disisleri-bakani-fidan-kktcnin-kurulusunun-41inci-yilini-kutladi\/"]}]},{"@type":"ImageObject","inLanguage":"tr","@id":"https:\/\/haberkuzey.com\/index.php\/2024\/11\/15\/tc-disisleri-bakani-fidan-kktcnin-kurulusunun-41inci-yilini-kutladi\/#primaryimage","url":"https:\/\/haberkuzey.com\/wp-content\/uploads\/2024\/05\/hakan-fidan-aa-2108073.jpg","contentUrl":"https:\/\/haberkuzey.com\/wp-content\/uploads\/2024\/05\/hakan-fidan-aa-2108073.jpg","width":1280,"height":720},{"@type":"BreadcrumbList","@id":"https:\/\/haberkuzey.com\/index.php\/2024\/11\/15\/tc-disisleri-bakani-fidan-kktcnin-kurulusunun-41inci-yilini-kutladi\/#breadcrumb","itemListElement":[{"@type":"ListItem","position":1,"name":"Anasayfa","item":"https:\/\/haberkuzey.com\/"},{"@type":"ListItem","position":2,"name":"TC D\u0131\u015fi\u015fleri Bakan\u0131 Fidan, KKTC\u2019nin kurulu\u015funun 41\u2019inci y\u0131l\u0131n\u0131 kutlad\u0131"}]},{"@type":"WebSite","@id":"https:\/\/haberkuzey.com\/#website","url":"https:\/\/haberkuzey.com\/","name":"Haber Kuzey","description":"Do\u011fru Haberin Adresi","potentialAction":[{"@type":"SearchAction","target":{"@type":"EntryPoint","urlTemplate":"https:\/\/haberkuzey.com\/?s={search_term_string}"},"query-input":{"@type":"PropertyValueSpecification","valueRequired":true,"valueName":"search_term_string"}}],"inLanguage":"tr"},{"@type":"Person","@id":"https:\/\/haberkuzey.com\/#\/schema\/person\/3372109ec735f9333f4fa47ebb9605ca","name":"haberkuzey","image":{"@type":"ImageObject","inLanguage":"tr","@id":"https:\/\/secure.gravatar.com\/avatar\/f5fc875574b1575324358c3b9e6a32b8227aa5b74f3fa22e3cadb63e26fcc39c?s=96&d=mm&r=g","url":"https:\/\/secure.gravatar.com\/avatar\/f5fc875574b1575324358c3b9e6a32b8227aa5b74f3fa22e3cadb63e26fcc39c?s=96&d=mm&r=g","contentUrl":"https:\/\/secure.gravatar.com\/avatar\/f5fc875574b1575324358c3b9e6a32b8227aa5b74f3fa22e3cadb63e26fcc39c?s=96&d=mm&r=g","caption":"haberkuzey"},"sameAs":["https:\/\/haberkuzey.com"],"url":"https:\/\/haberkuzey.com\/index.php\/author\/haberkuzey\/"}]}},"_links":{"self":[{"href":"https:\/\/haberkuzey.com\/index.php\/wp-json\/wp\/v2\/posts\/13061","targetHints":{"allow":["GET"]}}],"collection":[{"href":"https:\/\/haberkuzey.com\/index.php\/wp-json\/wp\/v2\/posts"}],"about":[{"href":"https:\/\/haberkuzey.com\/index.php\/wp-json\/wp\/v2\/types\/post"}],"author":[{"embeddable":true,"href":"https:\/\/haberkuzey.com\/index.php\/wp-json\/wp\/v2\/users\/1"}],"replies":[{"embeddable":true,"href":"https:\/\/haberkuzey.com\/index.php\/wp-json\/wp\/v2\/comments?post=13061"}],"version-history":[{"count":0,"href":"https:\/\/haberkuzey.com\/index.php\/wp-json\/wp\/v2\/posts\/13061\/revisions"}],"wp:featuredmedia":[{"embeddable":true,"href":"https:\/\/haberkuzey.com\/index.php\/wp-json\/wp\/v2\/media\/1151"}],"wp:attachment":[{"href":"https:\/\/haberkuzey.com\/index.php\/wp-json\/wp\/v2\/media?parent=13061"}],"wp:term":[{"taxonomy":"category","embeddable":true,"href":"https:\/\/haberkuzey.com\/index.php\/wp-json\/wp\/v2\/categories?post=13061"},{"taxonomy":"post_tag","embeddable":true,"href":"https:\/\/haberkuzey.com\/index.php\/wp-json\/wp\/v2\/tags?post=13061"}],"curies":[{"name":"wp","href":"https:\/\/api.w.org\/{rel}","templated":true}]}}