{"id":1305,"date":"2024-05-04T15:20:59","date_gmt":"2024-05-04T12:20:59","guid":{"rendered":"https:\/\/haberkuzey.com\/index.php\/2024\/05\/04\/insaat-muhendisleri-odasi-is-sagligi-ve-guvenligi-calistayinin-sonucunu-acikladi\/"},"modified":"2024-05-04T15:20:59","modified_gmt":"2024-05-04T12:20:59","slug":"insaat-muhendisleri-odasi-is-sagligi-ve-guvenligi-calistayinin-sonucunu-acikladi","status":"publish","type":"post","link":"https:\/\/haberkuzey.com\/index.php\/2024\/05\/04\/insaat-muhendisleri-odasi-is-sagligi-ve-guvenligi-calistayinin-sonucunu-acikladi\/","title":{"rendered":"\u0130n\u015faat M\u00fchendisleri Odas\u0131, \u0130\u015f Sa\u011fl\u0131\u011f\u0131 ve G\u00fcvenli\u011fi \u00c7al\u0131\u015ftay\u0131\u2019n\u0131n sonucunu a\u00e7\u0131klad\u0131"},"content":{"rendered":"<div>\n<div class=\"mariselle-image-container center\">\n                                            <\/div>\n<p>KTMMOB \u0130n\u015faat M\u00fchendisleri Odas\u0131, \u201c\u0130\u015f Sa\u011fl\u0131\u011f\u0131 ve G\u00fcvenli\u011fi \u00c7al\u0131\u015ftay\u0131\u201d sonucunu a\u00e7\u0131klad\u0131.<\/p>\n<p>Odadan yap\u0131lan a\u00e7\u0131klamaya g\u00f6re, \u00e7al\u0131\u015ftay, \u201c\u0130\u015f Sa\u011fl\u0131\u011f\u0131 ve G\u00fcvenli\u011fi (\u0130SG)\u201d uygulamalar\u0131nda ya\u015fanan sorunlar\u0131 sekt\u00f6r payda\u015flar\u0131yla de\u011ferlendirmek ve kendi meslek alan\u0131na giren sorumluluklar i\u00e7in eylem plan\u0131 haz\u0131rlamak amac\u0131yla yap\u0131ld\u0131.<\/p>\n<p>\u00c7al\u0131\u015ftayda, in\u015faat sekt\u00f6r\u00fcnde i\u015f sa\u011fl\u0131\u011f\u0131 ve g\u00fcvenli\u011finin \u00f6nemine vurgu yap\u0131larak, \u015fantiyelerde bu standartlar\u0131n etkin bir \u015fekilde uygulanmas\u0131nda ya\u015fanan zorluklara i\u015faret edildi.<\/p>\n<p>\u00c7al\u0131\u015ftayla ilgili a\u00e7\u0131klamada, \u015funlar kaydedildi:<\/p>\n<p>\u201c\u0130\u015fverenlerin yasal mevzuat hakk\u0131nda yetersiz bilgi sahibi olmas\u0131 ve denetim eksikli\u011fi gibi fakt\u00f6rler, g\u00fcvenlik standartlar\u0131n\u0131n g\u00f6z ard\u0131 edilmesine neden olabiliyor. \u0130n\u015faat alanlar\u0131nda s\u0131k\u00e7a kar\u015f\u0131la\u015f\u0131lan tehlikeler aras\u0131nda d\u00fc\u015fmeler, makine kazalar\u0131 ve elektrik \u00e7arpmalar\u0131 yer al\u0131yor. S\u00fcrekli de\u011fi\u015fen i\u015f ko\u015fullar\u0131 ve ge\u00e7ici i\u015fg\u00fcc\u00fcyle birlikte standart \u0130SG prosed\u00fcrlerinin uygulanmas\u0131 da zorla\u015f\u0131yor. \u0130SG bilinci ve e\u011fitiminin yetersizli\u011fi, kazalara davetiye \u00e7\u0131karabilirken, dil ve k\u00fclt\u00fcrel farkl\u0131l\u0131klar da ileti\u015fim zorluklar\u0131na yol a\u00e7abilir. \u0130\u015f kazalar\u0131n\u0131n \u00f6nlenmesi i\u00e7in etkili e\u011fitim, d\u00fczenli denetimler ve k\u00fclt\u00fcrel fark\u0131ndal\u0131k \u00f6nem ta\u015f\u0131r. Yasa d\u00fczenleyici kurumlar\u0131n, i\u015fverenlerin, proje y\u00f6neticilerinin, \u0130SG uzmanlar\u0131n\u0131n ve di\u011fer payda\u015flar\u0131n belirli sorumluluklar\u0131 bulunmakta olup, bu sorumluluklar\u0131n yerine getirilmesi g\u00fcvenli \u00e7al\u0131\u015fma ortamlar\u0131n\u0131n sa\u011flanmas\u0131na katk\u0131 sa\u011flar.\u201d<\/p>\n<p>\u00c7al\u0131\u015ftay sonu\u00e7lar\u0131na g\u00f6re, K\u0131br\u0131s T\u00fcrk \u0130n\u015faat M\u00fchendisleri Odas\u0131, in\u015faat projelerindeki payda\u015flar\u0131 \u201cYasa D\u00fczenleyici Kurumlar: \u00c7al\u0131\u015fma Dairesi ve Yerel Y\u00f6netimler\u201d, \u201cY\u00fckleniciler\u201d, \u201cProje Y\u00f6neticileri\u201d, \u201c\u0130\u015f Sa\u011fl\u0131\u011f\u0131 ve G\u00fcvenli\u011fi Uzmanlar\u0131\u201d ve \u201cAkademisyenler\u201d olarak grupland\u0131rd\u0131. Bu gruplar, i\u015f sa\u011fl\u0131\u011f\u0131 ve g\u00fcvenli\u011fi uygulamalar\u0131ndaki s\u0131k\u0131nt\u0131lar\u0131 ve geli\u015ftirilmesi gereken alanlar\u0131 d\u00f6rt soruya cevap arayarak de\u011ferlendirdi.<\/p>\n<p>\u0130\u015fyerlerindeki temel \u0130SG uygulama sorunlar \u015fu \u015fekilde s\u0131raland\u0131:<\/p>\n<p>\u201c\u0130n\u015faat tasar\u0131m\u0131nda ve uygulamas\u0131nda \u0130SG k\u00fclt\u00fcr\u00fcn\u00fcn olmay\u0131\u015f\u0131 kaynakl\u0131 tasar\u0131mc\u0131 ve uygulamac\u0131 taraf\u0131ndan eksik\/yanl\u0131\u015f yakla\u015f\u0131mlar sergilenmesi; \u0130SG uygulamalar\u0131n\u0131n \u00f6rnek olmas\u0131 gereken kurulu\u015flar taraf\u0131ndan dahi \u00f6ncelikler aras\u0131na al\u0131nmam\u0131\u015f olmas\u0131; Yasal mevzuat\u0131n i\u015fveren taraf\u0131ndan bilinmemesi ve\/veya uygulanmamas\u0131 ve\/veya siyasal iradeye g\u00fcveni olmamas\u0131ndan dolay\u0131 umursamamas\u0131; Yapt\u0131r\u0131m g\u00fcc\u00fc olan \u00c7al\u0131\u015fma Dairesi\u2019nin in\u015faat i\u015fyerlerine denetimlerinin \u00e7ok zay\u0131f olmas\u0131; Devlet ad\u0131na denetleme yapan kurumlarda \u2018\u0130SG Denetleme\u2019 kurumsal yap\u0131s\u0131n\u0131n olmamas\u0131 ve bu kurumlar\u0131n ilgili payda\u015f kurumlarla ileti\u015fiminin ve i\u015fbirli\u011finin olmamas\u0131; \u0130n\u015faat i\u015finin ke\u015fif ve uygulama a\u015famas\u0131nda \u0130SG uygulamalar\u0131na b\u00fct\u00e7e ayr\u0131lmamas\u0131 ve bunun denetlemesinin olmamas\u0131; \u0130n\u015faat \u0130\u015f Sa\u011fl\u0131\u011f\u0131 ve G\u00fcvenli\u011fi Uzman\u0131 olarak yetkilendirilen ki\u015filerin, in\u015faat i\u015finde yetkin olmamalar\u0131 ve\/veya etkin denetim yapmamalar\u0131; \u0130\u015fverenin \u0130SG Politikas\u0131n\u0131n olmamas\u0131 ve \u2018\u0130SG Uygulama ve Denetleme\u2019 kurumsal yap\u0131s\u0131n\u0131 b\u00fcnyesinde olu\u015fturmam\u0131\u015f olmas\u0131; \u0130n\u015faat i\u015fyerinde etkin i\u015fveren denetiminin olmamas\u0131; \u00c7al\u0131\u015fanlar\u0131n \u0130SG fark\u0131ndal\u0131\u011f\u0131n\u0131n olmamas\u0131; Ka\u00e7ak e\u011fitimsiz i\u015f\u00e7inin in\u015faat \u015fantiyesinde tehlike olu\u015fturmas\u0131; \u00c7al\u0131\u015fanlar\u0131n b\u00fcy\u00fck k\u0131sm\u0131nda T\u00fcrk\u00e7e dilindeki yetersizliklerinden kaynaklanan ileti\u015fim sorunu olmas\u0131; \u00dclkedeki \u2018kalifiye i\u015fg\u00fcc\u00fc eksikli\u011fi\u2019 sorunundan dolay\u0131 \u0130SG uygulamalar\u0131nda s\u0131k\u0131nt\u0131 olmas\u0131 ve i\u015fverenin \u2018\u00e7al\u0131\u015fan\u0131n i\u015ften ayr\u0131lma tehdidini\u2019 \u00f6ne s\u00fcrerek \u0130SG ugulamas\u0131nda i\u015f\u00e7iye bask\u0131 uygulamamas\u0131; Akademik personelin \u0130SG konusunda bilgisiz olmas\u0131; Akademik e\u011fitimlerde \u0130SG konusuna \u00f6nem verilmemesi\u201d<\/p>\n<p>\u0130\u015fverenlerin \u0130SG y\u00fck\u00fcml\u00fcl\u00fckleri ise \u015fu \u015fekilde s\u0131raland\u0131:<\/p>\n<p>\u201c\u0130\u015f Sa\u011fl\u0131\u011f\u0131 ve G\u00fcvenli\u011fi Yasas\u0131 ile \u0130\u015f Yasas\u0131n\u0131n t\u00fcm maddelerini i\u015fyerinde uygulamak; Yasalara uygun \u00e7al\u0131\u015fanlar i\u00e7in g\u00fcvenli i\u015fyeri haz\u0131rlamak ve s\u00fcrd\u00fcr\u00fclmesini denetim ve g\u00f6zetimle sa\u011flamak; \u00c7al\u0131\u015fanlar\u0131 ve t\u00fcm i\u015f payda\u015flar\u0131n\u0131 i\u015fyerinin tehlike ve riskleri konusunda bilgilendirip e\u011fitmek.\u201d<\/p>\n<p>Temsil edilen payda\u015f grubun \u0130SG konusundaki yetkinli\u011fini de\u011ferlendirmesinde ise \u201cPayda\u015f gruplar\u0131n kendi yetkinliklerine yapt\u0131\u011f\u0131 de\u011ferlendirmenin ortalamas\u0131\u201dn\u0131n 2.3\/5 oldu\u011fu saptand\u0131. Buna g\u00f6sterilen gerek\u00e7eler ise \u015fu \u015fekilde s\u0131raland\u0131:<\/p>\n<p>\u201c\u0130SG k\u00fclt\u00fcr\u00fcn\u00fcn olu\u015fmamas\u0131 ve bunun hen\u00fcz \u00f6ncelikler aras\u0131nda olmamas\u0131; Kurumlar\u0131n ve i\u015fletmelerin kurumsal yap\u0131s\u0131n\u0131n zay\u0131f ve tamamlanmam\u0131\u015f olmas\u0131; \u0130SG konusunda bilgi ve bilin\u00e7 eksikli\u011fi olmas\u0131.\u201d<\/p>\n<p>\u00dclkede \u0130SG k\u00fclt\u00fcr\u00fcn\u00fcn geli\u015fmesi ve kabul\u00fc i\u00e7in payda\u015f grubunun nas\u0131l katk\u0131 koyaca\u011f\u0131na ili\u015fkin soruya t\u00fcm payda\u015f gruplar\u0131 \u201c\u0130SG k\u00fclt\u00fcr\u00fcn\u00fcn olu\u015fup yasalar\u0131n uygulanmas\u0131 ve etkin denetimin yap\u0131labilmesi i\u00e7in katk\u0131 koymaya haz\u0131r olduklar\u0131\u201d yan\u0131t\u0131n\u0131 verdi.<\/p>\n<p>Gruplar\u0131n yapabileceklerini beyan etti\u011fi katk\u0131lar ise \u015funlard\u0131r:<\/p>\n<p>\u201cSivil toplum kurulu\u015flar\u0131 ile i\u015f birli\u011fi yap\u0131larak \u0130SG k\u00fclt\u00fcr\u00fcn\u00fcn geli\u015ftirilmesi; 17\/6 Belediyeler yasas\u0131n\u0131n yap\u0131 denetimi kapsam\u0131nda \u00fclkemizde uygulanacak projelerin etkin denetimi i\u00e7in K\u0131br\u0131s T\u00fcrk M\u00fchendis ve Mimar Odalar\u0131 Birli\u011fi taraf\u0131ndan geli\u015ftirilen yap\u0131 denetimi portal\u0131na yasalar\u0131n uygulanmas\u0131n\u0131 devlet ad\u0131na denetimini yapma yetkisi olan \u00c7al\u0131\u015fma Dairesinin de dahil olmas\u0131; Her sekt\u00f6rde t\u00fcm y\u00f6netici ve \u00e7al\u0131\u015fan seviyesine uygun geni\u015f kapsaml\u0131 e\u011fitim ve fark\u0131ndal\u0131k \u00e7al\u0131\u015fmalar\u0131 yap\u0131lmas\u0131 ve \u00f6d\u00fcl\/ takdir sisteminin kurulmas\u0131na katk\u0131 yap\u0131lmas\u0131; \u0130SG Uygulamalar\u0131n\u0131n etkin hale getirilmesi ve denetlenmesi i\u00e7in kurumlarda \u0130SG Birimlerinin kurulmas\u0131 ve bu birimlere yetkin personel atanmas\u0131\/istihdam edilmesi; Mesleki\u00e7i e\u011fitim program\u0131 uygulayan kurumlarda \u0130SGnin m\u00fcfredat\u0131n par\u00e7as\u0131 yap\u0131lmas\u0131. \u0130lk\u00f6\u011fretimden itibaren e\u011fitim m\u00fcfredatlar\u0131na ISG bilincini geli\u015ftirici \u00e7al\u0131\u015fmalar\u0131n yerle\u015fmesi i\u00e7in \u00e7al\u0131\u015fma yap\u0131lmas\u0131; \u0130SG Uzmanlar\u0131n\u0131n mesleki yetkinliklerinin geli\u015ftirilmesi i\u00e7in \u00e7al\u0131\u015fma yap\u0131lmas\u0131; \u00d6zellikle 3. Uyruklu i\u015f g\u00fcc\u00fcnde ya\u015fanan dil problemine \u00e7\u00f6z\u00fcm bulunmas\u0131 i\u00e7in \u00e7al\u0131\u015fma ba\u015flat\u0131lmas\u0131; Statistiki verilerin geli\u015ftirimesi ve g\u00fcncellenmesi.\u201d<\/p>\n<\/p><\/div>\n<p><script async\n                    defer\n                    crossorigin=\"anonymous\"\n                    src=\"https:\/\/connect.facebook.net\/tr_TR\/sdk.js#xfbml=1&#038;version=v3.3\"\n            ><\/script><\/p>\n","protected":false},"excerpt":{"rendered":"<p>KTMMOB \u0130n\u015faat M\u00fchendisleri Odas\u0131, \u201c\u0130\u015f Sa\u011fl\u0131\u011f\u0131 ve G\u00fcvenli\u011fi \u00c7al\u0131\u015ftay\u0131\u201d sonucunu a\u00e7\u0131klad\u0131. Odadan yap\u0131lan a\u00e7\u0131klamaya g\u00f6re, \u00e7al\u0131\u015ftay, \u201c\u0130\u015f Sa\u011fl\u0131\u011f\u0131 ve G\u00fcvenli\u011fi (\u0130SG)\u201d uygulamalar\u0131nda ya\u015fanan sorunlar\u0131 sekt\u00f6r payda\u015flar\u0131yla de\u011ferlendirmek ve kendi meslek alan\u0131na giren sorumluluklar i\u00e7in eylem plan\u0131 haz\u0131rlamak amac\u0131yla yap\u0131ld\u0131. \u00c7al\u0131\u015ftayda, in\u015faat sekt\u00f6r\u00fcnde i\u015f sa\u011fl\u0131\u011f\u0131 ve g\u00fcvenli\u011finin \u00f6nemine vurgu yap\u0131larak, \u015fantiyelerde bu standartlar\u0131n etkin bir \u015fekilde [&hellip;]<\/p>\n","protected":false},"author":1,"featured_media":1306,"comment_status":"open","ping_status":"open","sticky":false,"template":"","format":"standard","meta":{"jnews-multi-image_gallery":[],"jnews_single_post":[],"jnews_primary_category":[],"footnotes":""},"categories":[1],"tags":[],"class_list":["post-1305","post","type-post","status-publish","format-standard","has-post-thumbnail","hentry","category-kibris"],"yoast_head":"<!-- This site is optimized with the Yoast SEO plugin v27.5 - https:\/\/yoast.com\/product\/yoast-seo-wordpress\/ -->\n<title>\u0130n\u015faat M\u00fchendisleri Odas\u0131, \u0130\u015f Sa\u011fl\u0131\u011f\u0131 ve G\u00fcvenli\u011fi \u00c7al\u0131\u015ftay\u0131\u2019n\u0131n sonucunu a\u00e7\u0131klad\u0131 - Haber Kuzey<\/title>\n<meta name=\"robots\" content=\"index, follow, max-snippet:-1, max-image-preview:large, max-video-preview:-1\" \/>\n<link rel=\"canonical\" href=\"https:\/\/haberkuzey.com\/index.php\/2024\/05\/04\/insaat-muhendisleri-odasi-is-sagligi-ve-guvenligi-calistayinin-sonucunu-acikladi\/\" \/>\n<meta property=\"og:locale\" content=\"tr_TR\" \/>\n<meta property=\"og:type\" content=\"article\" \/>\n<meta property=\"og:title\" content=\"\u0130n\u015faat M\u00fchendisleri Odas\u0131, \u0130\u015f Sa\u011fl\u0131\u011f\u0131 ve G\u00fcvenli\u011fi \u00c7al\u0131\u015ftay\u0131\u2019n\u0131n sonucunu a\u00e7\u0131klad\u0131 - Haber Kuzey\" \/>\n<meta property=\"og:description\" content=\"KTMMOB \u0130n\u015faat M\u00fchendisleri Odas\u0131, \u201c\u0130\u015f Sa\u011fl\u0131\u011f\u0131 ve G\u00fcvenli\u011fi \u00c7al\u0131\u015ftay\u0131\u201d sonucunu a\u00e7\u0131klad\u0131. Odadan yap\u0131lan a\u00e7\u0131klamaya g\u00f6re, \u00e7al\u0131\u015ftay, \u201c\u0130\u015f Sa\u011fl\u0131\u011f\u0131 ve G\u00fcvenli\u011fi (\u0130SG)\u201d uygulamalar\u0131nda ya\u015fanan sorunlar\u0131 sekt\u00f6r payda\u015flar\u0131yla de\u011ferlendirmek ve kendi meslek alan\u0131na giren sorumluluklar i\u00e7in eylem plan\u0131 haz\u0131rlamak amac\u0131yla yap\u0131ld\u0131. \u00c7al\u0131\u015ftayda, in\u015faat sekt\u00f6r\u00fcnde i\u015f sa\u011fl\u0131\u011f\u0131 ve g\u00fcvenli\u011finin \u00f6nemine vurgu yap\u0131larak, \u015fantiyelerde bu standartlar\u0131n etkin bir \u015fekilde [&hellip;]\" \/>\n<meta property=\"og:url\" content=\"https:\/\/haberkuzey.com\/index.php\/2024\/05\/04\/insaat-muhendisleri-odasi-is-sagligi-ve-guvenligi-calistayinin-sonucunu-acikladi\/\" \/>\n<meta property=\"og:site_name\" content=\"Haber Kuzey\" \/>\n<meta property=\"article:published_time\" content=\"2024-05-04T12:20:59+00:00\" \/>\n<meta property=\"og:image\" content=\"https:\/\/brtk.net\/wp-content\/uploads\/2024\/05\/04\/isg-is-guvenligi-2.jpg?ver=d1c7813c2f171d4eb559768b23481468\" \/>\n<meta name=\"author\" content=\"haberkuzey\" \/>\n<meta name=\"twitter:card\" content=\"summary_large_image\" \/>\n<meta name=\"twitter:label1\" content=\"Yazan:\" \/>\n\t<meta name=\"twitter:data1\" content=\"haberkuzey\" \/>\n\t<meta name=\"twitter:label2\" content=\"Tahmini okuma s\u00fcresi\" \/>\n\t<meta name=\"twitter:data2\" content=\"5 dakika\" \/>\n<script type=\"application\/ld+json\" class=\"yoast-schema-graph\">{\"@context\":\"https:\\\/\\\/schema.org\",\"@graph\":[{\"@type\":\"Article\",\"@id\":\"https:\\\/\\\/haberkuzey.com\\\/index.php\\\/2024\\\/05\\\/04\\\/insaat-muhendisleri-odasi-is-sagligi-ve-guvenligi-calistayinin-sonucunu-acikladi\\\/#article\",\"isPartOf\":{\"@id\":\"https:\\\/\\\/haberkuzey.com\\\/index.php\\\/2024\\\/05\\\/04\\\/insaat-muhendisleri-odasi-is-sagligi-ve-guvenligi-calistayinin-sonucunu-acikladi\\\/\"},\"author\":{\"name\":\"haberkuzey\",\"@id\":\"https:\\\/\\\/haberkuzey.com\\\/#\\\/schema\\\/person\\\/3372109ec735f9333f4fa47ebb9605ca\"},\"headline\":\"\u0130n\u015faat M\u00fchendisleri Odas\u0131, \u0130\u015f Sa\u011fl\u0131\u011f\u0131 ve G\u00fcvenli\u011fi \u00c7al\u0131\u015ftay\u0131\u2019n\u0131n sonucunu a\u00e7\u0131klad\u0131\",\"datePublished\":\"2024-05-04T12:20:59+00:00\",\"mainEntityOfPage\":{\"@id\":\"https:\\\/\\\/haberkuzey.com\\\/index.php\\\/2024\\\/05\\\/04\\\/insaat-muhendisleri-odasi-is-sagligi-ve-guvenligi-calistayinin-sonucunu-acikladi\\\/\"},\"wordCount\":1064,\"commentCount\":0,\"image\":{\"@id\":\"https:\\\/\\\/haberkuzey.com\\\/index.php\\\/2024\\\/05\\\/04\\\/insaat-muhendisleri-odasi-is-sagligi-ve-guvenligi-calistayinin-sonucunu-acikladi\\\/#primaryimage\"},\"thumbnailUrl\":\"https:\\\/\\\/haberkuzey.com\\\/wp-content\\\/uploads\\\/2024\\\/05\\\/isg-is-guvenligi-2.jpg\",\"articleSection\":[\"K\u0131br\u0131s\"],\"inLanguage\":\"tr\",\"potentialAction\":[{\"@type\":\"CommentAction\",\"name\":\"Comment\",\"target\":[\"https:\\\/\\\/haberkuzey.com\\\/index.php\\\/2024\\\/05\\\/04\\\/insaat-muhendisleri-odasi-is-sagligi-ve-guvenligi-calistayinin-sonucunu-acikladi\\\/#respond\"]}]},{\"@type\":\"WebPage\",\"@id\":\"https:\\\/\\\/haberkuzey.com\\\/index.php\\\/2024\\\/05\\\/04\\\/insaat-muhendisleri-odasi-is-sagligi-ve-guvenligi-calistayinin-sonucunu-acikladi\\\/\",\"url\":\"https:\\\/\\\/haberkuzey.com\\\/index.php\\\/2024\\\/05\\\/04\\\/insaat-muhendisleri-odasi-is-sagligi-ve-guvenligi-calistayinin-sonucunu-acikladi\\\/\",\"name\":\"\u0130n\u015faat M\u00fchendisleri Odas\u0131, \u0130\u015f Sa\u011fl\u0131\u011f\u0131 ve G\u00fcvenli\u011fi \u00c7al\u0131\u015ftay\u0131\u2019n\u0131n sonucunu a\u00e7\u0131klad\u0131 - Haber Kuzey\",\"isPartOf\":{\"@id\":\"https:\\\/\\\/haberkuzey.com\\\/#website\"},\"primaryImageOfPage\":{\"@id\":\"https:\\\/\\\/haberkuzey.com\\\/index.php\\\/2024\\\/05\\\/04\\\/insaat-muhendisleri-odasi-is-sagligi-ve-guvenligi-calistayinin-sonucunu-acikladi\\\/#primaryimage\"},\"image\":{\"@id\":\"https:\\\/\\\/haberkuzey.com\\\/index.php\\\/2024\\\/05\\\/04\\\/insaat-muhendisleri-odasi-is-sagligi-ve-guvenligi-calistayinin-sonucunu-acikladi\\\/#primaryimage\"},\"thumbnailUrl\":\"https:\\\/\\\/haberkuzey.com\\\/wp-content\\\/uploads\\\/2024\\\/05\\\/isg-is-guvenligi-2.jpg\",\"datePublished\":\"2024-05-04T12:20:59+00:00\",\"author\":{\"@id\":\"https:\\\/\\\/haberkuzey.com\\\/#\\\/schema\\\/person\\\/3372109ec735f9333f4fa47ebb9605ca\"},\"breadcrumb\":{\"@id\":\"https:\\\/\\\/haberkuzey.com\\\/index.php\\\/2024\\\/05\\\/04\\\/insaat-muhendisleri-odasi-is-sagligi-ve-guvenligi-calistayinin-sonucunu-acikladi\\\/#breadcrumb\"},\"inLanguage\":\"tr\",\"potentialAction\":[{\"@type\":\"ReadAction\",\"target\":[\"https:\\\/\\\/haberkuzey.com\\\/index.php\\\/2024\\\/05\\\/04\\\/insaat-muhendisleri-odasi-is-sagligi-ve-guvenligi-calistayinin-sonucunu-acikladi\\\/\"]}]},{\"@type\":\"ImageObject\",\"inLanguage\":\"tr\",\"@id\":\"https:\\\/\\\/haberkuzey.com\\\/index.php\\\/2024\\\/05\\\/04\\\/insaat-muhendisleri-odasi-is-sagligi-ve-guvenligi-calistayinin-sonucunu-acikladi\\\/#primaryimage\",\"url\":\"https:\\\/\\\/haberkuzey.com\\\/wp-content\\\/uploads\\\/2024\\\/05\\\/isg-is-guvenligi-2.jpg\",\"contentUrl\":\"https:\\\/\\\/haberkuzey.com\\\/wp-content\\\/uploads\\\/2024\\\/05\\\/isg-is-guvenligi-2.jpg\",\"width\":1600,\"height\":1066},{\"@type\":\"BreadcrumbList\",\"@id\":\"https:\\\/\\\/haberkuzey.com\\\/index.php\\\/2024\\\/05\\\/04\\\/insaat-muhendisleri-odasi-is-sagligi-ve-guvenligi-calistayinin-sonucunu-acikladi\\\/#breadcrumb\",\"itemListElement\":[{\"@type\":\"ListItem\",\"position\":1,\"name\":\"Anasayfa\",\"item\":\"https:\\\/\\\/haberkuzey.com\\\/\"},{\"@type\":\"ListItem\",\"position\":2,\"name\":\"\u0130n\u015faat M\u00fchendisleri Odas\u0131, \u0130\u015f Sa\u011fl\u0131\u011f\u0131 ve G\u00fcvenli\u011fi \u00c7al\u0131\u015ftay\u0131\u2019n\u0131n sonucunu a\u00e7\u0131klad\u0131\"}]},{\"@type\":\"WebSite\",\"@id\":\"https:\\\/\\\/haberkuzey.com\\\/#website\",\"url\":\"https:\\\/\\\/haberkuzey.com\\\/\",\"name\":\"Haber Kuzey\",\"description\":\"Do\u011fru Haberin Adresi\",\"potentialAction\":[{\"@type\":\"SearchAction\",\"target\":{\"@type\":\"EntryPoint\",\"urlTemplate\":\"https:\\\/\\\/haberkuzey.com\\\/?s={search_term_string}\"},\"query-input\":{\"@type\":\"PropertyValueSpecification\",\"valueRequired\":true,\"valueName\":\"search_term_string\"}}],\"inLanguage\":\"tr\"},{\"@type\":\"Person\",\"@id\":\"https:\\\/\\\/haberkuzey.com\\\/#\\\/schema\\\/person\\\/3372109ec735f9333f4fa47ebb9605ca\",\"name\":\"haberkuzey\",\"image\":{\"@type\":\"ImageObject\",\"inLanguage\":\"tr\",\"@id\":\"https:\\\/\\\/secure.gravatar.com\\\/avatar\\\/f5fc875574b1575324358c3b9e6a32b8227aa5b74f3fa22e3cadb63e26fcc39c?s=96&d=mm&r=g\",\"url\":\"https:\\\/\\\/secure.gravatar.com\\\/avatar\\\/f5fc875574b1575324358c3b9e6a32b8227aa5b74f3fa22e3cadb63e26fcc39c?s=96&d=mm&r=g\",\"contentUrl\":\"https:\\\/\\\/secure.gravatar.com\\\/avatar\\\/f5fc875574b1575324358c3b9e6a32b8227aa5b74f3fa22e3cadb63e26fcc39c?s=96&d=mm&r=g\",\"caption\":\"haberkuzey\"},\"sameAs\":[\"https:\\\/\\\/haberkuzey.com\"],\"url\":\"https:\\\/\\\/haberkuzey.com\\\/index.php\\\/author\\\/haberkuzey\\\/\"}]}<\/script>\n<!-- \/ Yoast SEO plugin. -->","yoast_head_json":{"title":"\u0130n\u015faat M\u00fchendisleri Odas\u0131, \u0130\u015f Sa\u011fl\u0131\u011f\u0131 ve G\u00fcvenli\u011fi \u00c7al\u0131\u015ftay\u0131\u2019n\u0131n sonucunu a\u00e7\u0131klad\u0131 - Haber Kuzey","robots":{"index":"index","follow":"follow","max-snippet":"max-snippet:-1","max-image-preview":"max-image-preview:large","max-video-preview":"max-video-preview:-1"},"canonical":"https:\/\/haberkuzey.com\/index.php\/2024\/05\/04\/insaat-muhendisleri-odasi-is-sagligi-ve-guvenligi-calistayinin-sonucunu-acikladi\/","og_locale":"tr_TR","og_type":"article","og_title":"\u0130n\u015faat M\u00fchendisleri Odas\u0131, \u0130\u015f Sa\u011fl\u0131\u011f\u0131 ve G\u00fcvenli\u011fi \u00c7al\u0131\u015ftay\u0131\u2019n\u0131n sonucunu a\u00e7\u0131klad\u0131 - Haber Kuzey","og_description":"KTMMOB \u0130n\u015faat M\u00fchendisleri Odas\u0131, \u201c\u0130\u015f Sa\u011fl\u0131\u011f\u0131 ve G\u00fcvenli\u011fi \u00c7al\u0131\u015ftay\u0131\u201d sonucunu a\u00e7\u0131klad\u0131. Odadan yap\u0131lan a\u00e7\u0131klamaya g\u00f6re, \u00e7al\u0131\u015ftay, \u201c\u0130\u015f Sa\u011fl\u0131\u011f\u0131 ve G\u00fcvenli\u011fi (\u0130SG)\u201d uygulamalar\u0131nda ya\u015fanan sorunlar\u0131 sekt\u00f6r payda\u015flar\u0131yla de\u011ferlendirmek ve kendi meslek alan\u0131na giren sorumluluklar i\u00e7in eylem plan\u0131 haz\u0131rlamak amac\u0131yla yap\u0131ld\u0131. \u00c7al\u0131\u015ftayda, in\u015faat sekt\u00f6r\u00fcnde i\u015f sa\u011fl\u0131\u011f\u0131 ve g\u00fcvenli\u011finin \u00f6nemine vurgu yap\u0131larak, \u015fantiyelerde bu standartlar\u0131n etkin bir \u015fekilde [&hellip;]","og_url":"https:\/\/haberkuzey.com\/index.php\/2024\/05\/04\/insaat-muhendisleri-odasi-is-sagligi-ve-guvenligi-calistayinin-sonucunu-acikladi\/","og_site_name":"Haber Kuzey","article_published_time":"2024-05-04T12:20:59+00:00","og_image":[{"url":"https:\/\/brtk.net\/wp-content\/uploads\/2024\/05\/04\/isg-is-guvenligi-2.jpg?ver=d1c7813c2f171d4eb559768b23481468","type":"","width":"","height":""}],"author":"haberkuzey","twitter_card":"summary_large_image","twitter_misc":{"Yazan:":"haberkuzey","Tahmini okuma s\u00fcresi":"5 dakika"},"schema":{"@context":"https:\/\/schema.org","@graph":[{"@type":"Article","@id":"https:\/\/haberkuzey.com\/index.php\/2024\/05\/04\/insaat-muhendisleri-odasi-is-sagligi-ve-guvenligi-calistayinin-sonucunu-acikladi\/#article","isPartOf":{"@id":"https:\/\/haberkuzey.com\/index.php\/2024\/05\/04\/insaat-muhendisleri-odasi-is-sagligi-ve-guvenligi-calistayinin-sonucunu-acikladi\/"},"author":{"name":"haberkuzey","@id":"https:\/\/haberkuzey.com\/#\/schema\/person\/3372109ec735f9333f4fa47ebb9605ca"},"headline":"\u0130n\u015faat M\u00fchendisleri Odas\u0131, \u0130\u015f Sa\u011fl\u0131\u011f\u0131 ve G\u00fcvenli\u011fi \u00c7al\u0131\u015ftay\u0131\u2019n\u0131n sonucunu a\u00e7\u0131klad\u0131","datePublished":"2024-05-04T12:20:59+00:00","mainEntityOfPage":{"@id":"https:\/\/haberkuzey.com\/index.php\/2024\/05\/04\/insaat-muhendisleri-odasi-is-sagligi-ve-guvenligi-calistayinin-sonucunu-acikladi\/"},"wordCount":1064,"commentCount":0,"image":{"@id":"https:\/\/haberkuzey.com\/index.php\/2024\/05\/04\/insaat-muhendisleri-odasi-is-sagligi-ve-guvenligi-calistayinin-sonucunu-acikladi\/#primaryimage"},"thumbnailUrl":"https:\/\/haberkuzey.com\/wp-content\/uploads\/2024\/05\/isg-is-guvenligi-2.jpg","articleSection":["K\u0131br\u0131s"],"inLanguage":"tr","potentialAction":[{"@type":"CommentAction","name":"Comment","target":["https:\/\/haberkuzey.com\/index.php\/2024\/05\/04\/insaat-muhendisleri-odasi-is-sagligi-ve-guvenligi-calistayinin-sonucunu-acikladi\/#respond"]}]},{"@type":"WebPage","@id":"https:\/\/haberkuzey.com\/index.php\/2024\/05\/04\/insaat-muhendisleri-odasi-is-sagligi-ve-guvenligi-calistayinin-sonucunu-acikladi\/","url":"https:\/\/haberkuzey.com\/index.php\/2024\/05\/04\/insaat-muhendisleri-odasi-is-sagligi-ve-guvenligi-calistayinin-sonucunu-acikladi\/","name":"\u0130n\u015faat M\u00fchendisleri Odas\u0131, \u0130\u015f Sa\u011fl\u0131\u011f\u0131 ve G\u00fcvenli\u011fi \u00c7al\u0131\u015ftay\u0131\u2019n\u0131n sonucunu a\u00e7\u0131klad\u0131 - Haber Kuzey","isPartOf":{"@id":"https:\/\/haberkuzey.com\/#website"},"primaryImageOfPage":{"@id":"https:\/\/haberkuzey.com\/index.php\/2024\/05\/04\/insaat-muhendisleri-odasi-is-sagligi-ve-guvenligi-calistayinin-sonucunu-acikladi\/#primaryimage"},"image":{"@id":"https:\/\/haberkuzey.com\/index.php\/2024\/05\/04\/insaat-muhendisleri-odasi-is-sagligi-ve-guvenligi-calistayinin-sonucunu-acikladi\/#primaryimage"},"thumbnailUrl":"https:\/\/haberkuzey.com\/wp-content\/uploads\/2024\/05\/isg-is-guvenligi-2.jpg","datePublished":"2024-05-04T12:20:59+00:00","author":{"@id":"https:\/\/haberkuzey.com\/#\/schema\/person\/3372109ec735f9333f4fa47ebb9605ca"},"breadcrumb":{"@id":"https:\/\/haberkuzey.com\/index.php\/2024\/05\/04\/insaat-muhendisleri-odasi-is-sagligi-ve-guvenligi-calistayinin-sonucunu-acikladi\/#breadcrumb"},"inLanguage":"tr","potentialAction":[{"@type":"ReadAction","target":["https:\/\/haberkuzey.com\/index.php\/2024\/05\/04\/insaat-muhendisleri-odasi-is-sagligi-ve-guvenligi-calistayinin-sonucunu-acikladi\/"]}]},{"@type":"ImageObject","inLanguage":"tr","@id":"https:\/\/haberkuzey.com\/index.php\/2024\/05\/04\/insaat-muhendisleri-odasi-is-sagligi-ve-guvenligi-calistayinin-sonucunu-acikladi\/#primaryimage","url":"https:\/\/haberkuzey.com\/wp-content\/uploads\/2024\/05\/isg-is-guvenligi-2.jpg","contentUrl":"https:\/\/haberkuzey.com\/wp-content\/uploads\/2024\/05\/isg-is-guvenligi-2.jpg","width":1600,"height":1066},{"@type":"BreadcrumbList","@id":"https:\/\/haberkuzey.com\/index.php\/2024\/05\/04\/insaat-muhendisleri-odasi-is-sagligi-ve-guvenligi-calistayinin-sonucunu-acikladi\/#breadcrumb","itemListElement":[{"@type":"ListItem","position":1,"name":"Anasayfa","item":"https:\/\/haberkuzey.com\/"},{"@type":"ListItem","position":2,"name":"\u0130n\u015faat M\u00fchendisleri Odas\u0131, \u0130\u015f Sa\u011fl\u0131\u011f\u0131 ve G\u00fcvenli\u011fi \u00c7al\u0131\u015ftay\u0131\u2019n\u0131n sonucunu a\u00e7\u0131klad\u0131"}]},{"@type":"WebSite","@id":"https:\/\/haberkuzey.com\/#website","url":"https:\/\/haberkuzey.com\/","name":"Haber Kuzey","description":"Do\u011fru Haberin Adresi","potentialAction":[{"@type":"SearchAction","target":{"@type":"EntryPoint","urlTemplate":"https:\/\/haberkuzey.com\/?s={search_term_string}"},"query-input":{"@type":"PropertyValueSpecification","valueRequired":true,"valueName":"search_term_string"}}],"inLanguage":"tr"},{"@type":"Person","@id":"https:\/\/haberkuzey.com\/#\/schema\/person\/3372109ec735f9333f4fa47ebb9605ca","name":"haberkuzey","image":{"@type":"ImageObject","inLanguage":"tr","@id":"https:\/\/secure.gravatar.com\/avatar\/f5fc875574b1575324358c3b9e6a32b8227aa5b74f3fa22e3cadb63e26fcc39c?s=96&d=mm&r=g","url":"https:\/\/secure.gravatar.com\/avatar\/f5fc875574b1575324358c3b9e6a32b8227aa5b74f3fa22e3cadb63e26fcc39c?s=96&d=mm&r=g","contentUrl":"https:\/\/secure.gravatar.com\/avatar\/f5fc875574b1575324358c3b9e6a32b8227aa5b74f3fa22e3cadb63e26fcc39c?s=96&d=mm&r=g","caption":"haberkuzey"},"sameAs":["https:\/\/haberkuzey.com"],"url":"https:\/\/haberkuzey.com\/index.php\/author\/haberkuzey\/"}]}},"_links":{"self":[{"href":"https:\/\/haberkuzey.com\/index.php\/wp-json\/wp\/v2\/posts\/1305","targetHints":{"allow":["GET"]}}],"collection":[{"href":"https:\/\/haberkuzey.com\/index.php\/wp-json\/wp\/v2\/posts"}],"about":[{"href":"https:\/\/haberkuzey.com\/index.php\/wp-json\/wp\/v2\/types\/post"}],"author":[{"embeddable":true,"href":"https:\/\/haberkuzey.com\/index.php\/wp-json\/wp\/v2\/users\/1"}],"replies":[{"embeddable":true,"href":"https:\/\/haberkuzey.com\/index.php\/wp-json\/wp\/v2\/comments?post=1305"}],"version-history":[{"count":0,"href":"https:\/\/haberkuzey.com\/index.php\/wp-json\/wp\/v2\/posts\/1305\/revisions"}],"wp:featuredmedia":[{"embeddable":true,"href":"https:\/\/haberkuzey.com\/index.php\/wp-json\/wp\/v2\/media\/1306"}],"wp:attachment":[{"href":"https:\/\/haberkuzey.com\/index.php\/wp-json\/wp\/v2\/media?parent=1305"}],"wp:term":[{"taxonomy":"category","embeddable":true,"href":"https:\/\/haberkuzey.com\/index.php\/wp-json\/wp\/v2\/categories?post=1305"},{"taxonomy":"post_tag","embeddable":true,"href":"https:\/\/haberkuzey.com\/index.php\/wp-json\/wp\/v2\/tags?post=1305"}],"curies":[{"name":"wp","href":"https:\/\/api.w.org\/{rel}","templated":true}]}}