{"id":12868,"date":"2024-11-13T12:40:59","date_gmt":"2024-11-13T10:40:59","guid":{"rendered":"https:\/\/haberkuzey.com\/index.php\/2024\/11\/13\/turkiye-cumhurbaskani-yardimcisi-cevdet-yilmaz-yarin-kktcye-geliyor\/"},"modified":"2024-11-13T12:40:59","modified_gmt":"2024-11-13T10:40:59","slug":"turkiye-cumhurbaskani-yardimcisi-cevdet-yilmaz-yarin-kktcye-geliyor","status":"publish","type":"post","link":"https:\/\/haberkuzey.com\/index.php\/2024\/11\/13\/turkiye-cumhurbaskani-yardimcisi-cevdet-yilmaz-yarin-kktcye-geliyor\/","title":{"rendered":"T\u00fcrkiye Cumhurba\u015fkan\u0131 Yard\u0131mc\u0131s\u0131 Cevdet Y\u0131lmaz yar\u0131n KKTC\u2019ye geliyor"},"content":{"rendered":"<div>\n<div class=\"mariselle-image-container none\">\n                                            <\/div>\n<p>T\u00fcrkiye Cumhuriyeti Cumhurba\u015fkan\u0131 Yard\u0131mc\u0131s\u0131 Cevdet Y\u0131lmaz, Kuzey K\u0131br\u0131s T\u00fcrk Cumhuriyeti\u2019nin (KKTC) 41\u2019inci kurulu\u015f y\u0131ld\u00f6n\u00fcm\u00fc t\u00f6renlerine kat\u0131lmak \u00fczere yar\u0131n Ada\u2019ya geliyor.<\/p>\n<p>15 Kas\u0131m Cuma g\u00fcn\u00fc t\u00f6renlere kat\u0131lacak olan Cevdet Y\u0131lmaz\u2019\u0131n, Cumhurba\u015fkan\u0131 Ersin Tatar ve Ba\u015fbakan \u00dcnal \u00dcstel ba\u015fta olmak \u00fczere yetkililerle biraraya gelmesi \u00f6ng\u00f6r\u00fcl\u00fcyor.<\/p>\n<p>T\u00fcrkiye Cumhuriyeti Cumhurba\u015fkan\u0131 Yard\u0131mc\u0131s\u0131 Cevdet Y\u0131lmaz\u2019\u0131n, yar\u0131n ayr\u0131ca, yap\u0131m\u0131 k\u0131sa bir s\u00fcre \u00f6nce tamamlanan Girne Askeri Hastanesi\u2019nin a\u00e7\u0131l\u0131\u015f\u0131na da kat\u0131lmas\u0131 bekleniyor.<\/p>\n<p>Cevdet Y\u0131lmaz\u2019\u0131n Cuma g\u00fcn\u00fc ak\u015fam saatlerinde KKTC\u2019den ayr\u0131lmas\u0131 planlan\u0131yor.<\/p>\n<\/p><\/div>\n<p><script async\n                    defer\n                    crossorigin=\"anonymous\"\n                    src=\"https:\/\/connect.facebook.net\/tr_TR\/sdk.js#xfbml=1&#038;version=v3.3\"\n            ><\/script><\/p>\n","protected":false},"excerpt":{"rendered":"<p>T\u00fcrkiye Cumhuriyeti Cumhurba\u015fkan\u0131 Yard\u0131mc\u0131s\u0131 Cevdet Y\u0131lmaz, Kuzey K\u0131br\u0131s T\u00fcrk Cumhuriyeti\u2019nin (KKTC) 41\u2019inci kurulu\u015f y\u0131ld\u00f6n\u00fcm\u00fc t\u00f6renlerine kat\u0131lmak \u00fczere yar\u0131n Ada\u2019ya geliyor. 15 Kas\u0131m Cuma g\u00fcn\u00fc t\u00f6renlere kat\u0131lacak olan Cevdet Y\u0131lmaz\u2019\u0131n, Cumhurba\u015fkan\u0131 Ersin Tatar ve Ba\u015fbakan \u00dcnal \u00dcstel ba\u015fta olmak \u00fczere yetkililerle biraraya gelmesi \u00f6ng\u00f6r\u00fcl\u00fcyor. T\u00fcrkiye Cumhuriyeti Cumhurba\u015fkan\u0131 Yard\u0131mc\u0131s\u0131 Cevdet Y\u0131lmaz\u2019\u0131n, yar\u0131n ayr\u0131ca, yap\u0131m\u0131 k\u0131sa bir s\u00fcre [&hellip;]<\/p>\n","protected":false},"author":1,"featured_media":12869,"comment_status":"open","ping_status":"open","sticky":false,"template":"","format":"standard","meta":{"jnews-multi-image_gallery":[],"jnews_single_post":[],"jnews_primary_category":[],"footnotes":""},"categories":[2],"tags":[],"class_list":["post-12868","post","type-post","status-publish","format-standard","has-post-thumbnail","hentry","category-dunya"],"yoast_head":"<!-- This site is optimized with the Yoast SEO plugin v27.4 - https:\/\/yoast.com\/product\/yoast-seo-wordpress\/ -->\n<title>T\u00fcrkiye Cumhurba\u015fkan\u0131 Yard\u0131mc\u0131s\u0131 Cevdet Y\u0131lmaz yar\u0131n KKTC\u2019ye geliyor - Haber Kuzey<\/title>\n<meta name=\"robots\" content=\"index, follow, max-snippet:-1, max-image-preview:large, max-video-preview:-1\" \/>\n<link rel=\"canonical\" href=\"https:\/\/haberkuzey.com\/index.php\/2024\/11\/13\/turkiye-cumhurbaskani-yardimcisi-cevdet-yilmaz-yarin-kktcye-geliyor\/\" \/>\n<meta property=\"og:locale\" content=\"tr_TR\" \/>\n<meta property=\"og:type\" content=\"article\" \/>\n<meta property=\"og:title\" content=\"T\u00fcrkiye Cumhurba\u015fkan\u0131 Yard\u0131mc\u0131s\u0131 Cevdet Y\u0131lmaz yar\u0131n KKTC\u2019ye geliyor - Haber Kuzey\" \/>\n<meta property=\"og:description\" content=\"T\u00fcrkiye Cumhuriyeti Cumhurba\u015fkan\u0131 Yard\u0131mc\u0131s\u0131 Cevdet Y\u0131lmaz, Kuzey K\u0131br\u0131s T\u00fcrk Cumhuriyeti\u2019nin (KKTC) 41\u2019inci kurulu\u015f y\u0131ld\u00f6n\u00fcm\u00fc t\u00f6renlerine kat\u0131lmak \u00fczere yar\u0131n Ada\u2019ya geliyor. 15 Kas\u0131m Cuma g\u00fcn\u00fc t\u00f6renlere kat\u0131lacak olan Cevdet Y\u0131lmaz\u2019\u0131n, Cumhurba\u015fkan\u0131 Ersin Tatar ve Ba\u015fbakan \u00dcnal \u00dcstel ba\u015fta olmak \u00fczere yetkililerle biraraya gelmesi \u00f6ng\u00f6r\u00fcl\u00fcyor. T\u00fcrkiye Cumhuriyeti Cumhurba\u015fkan\u0131 Yard\u0131mc\u0131s\u0131 Cevdet Y\u0131lmaz\u2019\u0131n, yar\u0131n ayr\u0131ca, yap\u0131m\u0131 k\u0131sa bir s\u00fcre [&hellip;]\" \/>\n<meta property=\"og:url\" content=\"https:\/\/haberkuzey.com\/index.php\/2024\/11\/13\/turkiye-cumhurbaskani-yardimcisi-cevdet-yilmaz-yarin-kktcye-geliyor\/\" \/>\n<meta property=\"og:site_name\" content=\"Haber Kuzey\" \/>\n<meta property=\"article:published_time\" content=\"2024-11-13T10:40:59+00:00\" \/>\n<meta property=\"og:image\" content=\"https:\/\/brtk.net\/wp-content\/uploads\/2024\/11\/13\/tc-cb-yardimcisi-yilmaz-cumhurbaskanligi-1-ero-2-1.jpg?ver=fa3206451515940aa13f833e46d68832\" \/>\n<meta name=\"author\" content=\"haberkuzey\" \/>\n<meta name=\"twitter:card\" content=\"summary_large_image\" \/>\n<meta name=\"twitter:label1\" content=\"Yazan:\" \/>\n\t<meta name=\"twitter:data1\" content=\"haberkuzey\" \/>\n\t<meta name=\"twitter:label2\" content=\"Tahmini okuma s\u00fcresi\" \/>\n\t<meta name=\"twitter:data2\" content=\"1 dakika\" \/>\n<script type=\"application\/ld+json\" class=\"yoast-schema-graph\">{\"@context\":\"https:\\\/\\\/schema.org\",\"@graph\":[{\"@type\":\"Article\",\"@id\":\"https:\\\/\\\/haberkuzey.com\\\/index.php\\\/2024\\\/11\\\/13\\\/turkiye-cumhurbaskani-yardimcisi-cevdet-yilmaz-yarin-kktcye-geliyor\\\/#article\",\"isPartOf\":{\"@id\":\"https:\\\/\\\/haberkuzey.com\\\/index.php\\\/2024\\\/11\\\/13\\\/turkiye-cumhurbaskani-yardimcisi-cevdet-yilmaz-yarin-kktcye-geliyor\\\/\"},\"author\":{\"name\":\"haberkuzey\",\"@id\":\"https:\\\/\\\/haberkuzey.com\\\/#\\\/schema\\\/person\\\/3372109ec735f9333f4fa47ebb9605ca\"},\"headline\":\"T\u00fcrkiye Cumhurba\u015fkan\u0131 Yard\u0131mc\u0131s\u0131 Cevdet Y\u0131lmaz yar\u0131n KKTC\u2019ye geliyor\",\"datePublished\":\"2024-11-13T10:40:59+00:00\",\"mainEntityOfPage\":{\"@id\":\"https:\\\/\\\/haberkuzey.com\\\/index.php\\\/2024\\\/11\\\/13\\\/turkiye-cumhurbaskani-yardimcisi-cevdet-yilmaz-yarin-kktcye-geliyor\\\/\"},\"wordCount\":137,\"commentCount\":0,\"image\":{\"@id\":\"https:\\\/\\\/haberkuzey.com\\\/index.php\\\/2024\\\/11\\\/13\\\/turkiye-cumhurbaskani-yardimcisi-cevdet-yilmaz-yarin-kktcye-geliyor\\\/#primaryimage\"},\"thumbnailUrl\":\"https:\\\/\\\/haberkuzey.com\\\/wp-content\\\/uploads\\\/2024\\\/11\\\/tc-cb-yardimcisi-yilmaz-cumhurbaskanligi-1-ero-2-1.jpg\",\"articleSection\":[\"D\u00fcnya\"],\"inLanguage\":\"tr\",\"potentialAction\":[{\"@type\":\"CommentAction\",\"name\":\"Comment\",\"target\":[\"https:\\\/\\\/haberkuzey.com\\\/index.php\\\/2024\\\/11\\\/13\\\/turkiye-cumhurbaskani-yardimcisi-cevdet-yilmaz-yarin-kktcye-geliyor\\\/#respond\"]}]},{\"@type\":\"WebPage\",\"@id\":\"https:\\\/\\\/haberkuzey.com\\\/index.php\\\/2024\\\/11\\\/13\\\/turkiye-cumhurbaskani-yardimcisi-cevdet-yilmaz-yarin-kktcye-geliyor\\\/\",\"url\":\"https:\\\/\\\/haberkuzey.com\\\/index.php\\\/2024\\\/11\\\/13\\\/turkiye-cumhurbaskani-yardimcisi-cevdet-yilmaz-yarin-kktcye-geliyor\\\/\",\"name\":\"T\u00fcrkiye Cumhurba\u015fkan\u0131 Yard\u0131mc\u0131s\u0131 Cevdet Y\u0131lmaz yar\u0131n KKTC\u2019ye geliyor - Haber Kuzey\",\"isPartOf\":{\"@id\":\"https:\\\/\\\/haberkuzey.com\\\/#website\"},\"primaryImageOfPage\":{\"@id\":\"https:\\\/\\\/haberkuzey.com\\\/index.php\\\/2024\\\/11\\\/13\\\/turkiye-cumhurbaskani-yardimcisi-cevdet-yilmaz-yarin-kktcye-geliyor\\\/#primaryimage\"},\"image\":{\"@id\":\"https:\\\/\\\/haberkuzey.com\\\/index.php\\\/2024\\\/11\\\/13\\\/turkiye-cumhurbaskani-yardimcisi-cevdet-yilmaz-yarin-kktcye-geliyor\\\/#primaryimage\"},\"thumbnailUrl\":\"https:\\\/\\\/haberkuzey.com\\\/wp-content\\\/uploads\\\/2024\\\/11\\\/tc-cb-yardimcisi-yilmaz-cumhurbaskanligi-1-ero-2-1.jpg\",\"datePublished\":\"2024-11-13T10:40:59+00:00\",\"author\":{\"@id\":\"https:\\\/\\\/haberkuzey.com\\\/#\\\/schema\\\/person\\\/3372109ec735f9333f4fa47ebb9605ca\"},\"breadcrumb\":{\"@id\":\"https:\\\/\\\/haberkuzey.com\\\/index.php\\\/2024\\\/11\\\/13\\\/turkiye-cumhurbaskani-yardimcisi-cevdet-yilmaz-yarin-kktcye-geliyor\\\/#breadcrumb\"},\"inLanguage\":\"tr\",\"potentialAction\":[{\"@type\":\"ReadAction\",\"target\":[\"https:\\\/\\\/haberkuzey.com\\\/index.php\\\/2024\\\/11\\\/13\\\/turkiye-cumhurbaskani-yardimcisi-cevdet-yilmaz-yarin-kktcye-geliyor\\\/\"]}]},{\"@type\":\"ImageObject\",\"inLanguage\":\"tr\",\"@id\":\"https:\\\/\\\/haberkuzey.com\\\/index.php\\\/2024\\\/11\\\/13\\\/turkiye-cumhurbaskani-yardimcisi-cevdet-yilmaz-yarin-kktcye-geliyor\\\/#primaryimage\",\"url\":\"https:\\\/\\\/haberkuzey.com\\\/wp-content\\\/uploads\\\/2024\\\/11\\\/tc-cb-yardimcisi-yilmaz-cumhurbaskanligi-1-ero-2-1.jpg\",\"contentUrl\":\"https:\\\/\\\/haberkuzey.com\\\/wp-content\\\/uploads\\\/2024\\\/11\\\/tc-cb-yardimcisi-yilmaz-cumhurbaskanligi-1-ero-2-1.jpg\",\"width\":1654,\"height\":1104},{\"@type\":\"BreadcrumbList\",\"@id\":\"https:\\\/\\\/haberkuzey.com\\\/index.php\\\/2024\\\/11\\\/13\\\/turkiye-cumhurbaskani-yardimcisi-cevdet-yilmaz-yarin-kktcye-geliyor\\\/#breadcrumb\",\"itemListElement\":[{\"@type\":\"ListItem\",\"position\":1,\"name\":\"Anasayfa\",\"item\":\"https:\\\/\\\/haberkuzey.com\\\/\"},{\"@type\":\"ListItem\",\"position\":2,\"name\":\"T\u00fcrkiye Cumhurba\u015fkan\u0131 Yard\u0131mc\u0131s\u0131 Cevdet Y\u0131lmaz yar\u0131n KKTC\u2019ye geliyor\"}]},{\"@type\":\"WebSite\",\"@id\":\"https:\\\/\\\/haberkuzey.com\\\/#website\",\"url\":\"https:\\\/\\\/haberkuzey.com\\\/\",\"name\":\"Haber Kuzey\",\"description\":\"Do\u011fru Haberin Adresi\",\"potentialAction\":[{\"@type\":\"SearchAction\",\"target\":{\"@type\":\"EntryPoint\",\"urlTemplate\":\"https:\\\/\\\/haberkuzey.com\\\/?s={search_term_string}\"},\"query-input\":{\"@type\":\"PropertyValueSpecification\",\"valueRequired\":true,\"valueName\":\"search_term_string\"}}],\"inLanguage\":\"tr\"},{\"@type\":\"Person\",\"@id\":\"https:\\\/\\\/haberkuzey.com\\\/#\\\/schema\\\/person\\\/3372109ec735f9333f4fa47ebb9605ca\",\"name\":\"haberkuzey\",\"image\":{\"@type\":\"ImageObject\",\"inLanguage\":\"tr\",\"@id\":\"https:\\\/\\\/secure.gravatar.com\\\/avatar\\\/f5fc875574b1575324358c3b9e6a32b8227aa5b74f3fa22e3cadb63e26fcc39c?s=96&d=mm&r=g\",\"url\":\"https:\\\/\\\/secure.gravatar.com\\\/avatar\\\/f5fc875574b1575324358c3b9e6a32b8227aa5b74f3fa22e3cadb63e26fcc39c?s=96&d=mm&r=g\",\"contentUrl\":\"https:\\\/\\\/secure.gravatar.com\\\/avatar\\\/f5fc875574b1575324358c3b9e6a32b8227aa5b74f3fa22e3cadb63e26fcc39c?s=96&d=mm&r=g\",\"caption\":\"haberkuzey\"},\"sameAs\":[\"https:\\\/\\\/haberkuzey.com\"],\"url\":\"https:\\\/\\\/haberkuzey.com\\\/index.php\\\/author\\\/haberkuzey\\\/\"}]}<\/script>\n<!-- \/ Yoast SEO plugin. -->","yoast_head_json":{"title":"T\u00fcrkiye Cumhurba\u015fkan\u0131 Yard\u0131mc\u0131s\u0131 Cevdet Y\u0131lmaz yar\u0131n KKTC\u2019ye geliyor - Haber Kuzey","robots":{"index":"index","follow":"follow","max-snippet":"max-snippet:-1","max-image-preview":"max-image-preview:large","max-video-preview":"max-video-preview:-1"},"canonical":"https:\/\/haberkuzey.com\/index.php\/2024\/11\/13\/turkiye-cumhurbaskani-yardimcisi-cevdet-yilmaz-yarin-kktcye-geliyor\/","og_locale":"tr_TR","og_type":"article","og_title":"T\u00fcrkiye Cumhurba\u015fkan\u0131 Yard\u0131mc\u0131s\u0131 Cevdet Y\u0131lmaz yar\u0131n KKTC\u2019ye geliyor - Haber Kuzey","og_description":"T\u00fcrkiye Cumhuriyeti Cumhurba\u015fkan\u0131 Yard\u0131mc\u0131s\u0131 Cevdet Y\u0131lmaz, Kuzey K\u0131br\u0131s T\u00fcrk Cumhuriyeti\u2019nin (KKTC) 41\u2019inci kurulu\u015f y\u0131ld\u00f6n\u00fcm\u00fc t\u00f6renlerine kat\u0131lmak \u00fczere yar\u0131n Ada\u2019ya geliyor. 15 Kas\u0131m Cuma g\u00fcn\u00fc t\u00f6renlere kat\u0131lacak olan Cevdet Y\u0131lmaz\u2019\u0131n, Cumhurba\u015fkan\u0131 Ersin Tatar ve Ba\u015fbakan \u00dcnal \u00dcstel ba\u015fta olmak \u00fczere yetkililerle biraraya gelmesi \u00f6ng\u00f6r\u00fcl\u00fcyor. T\u00fcrkiye Cumhuriyeti Cumhurba\u015fkan\u0131 Yard\u0131mc\u0131s\u0131 Cevdet Y\u0131lmaz\u2019\u0131n, yar\u0131n ayr\u0131ca, yap\u0131m\u0131 k\u0131sa bir s\u00fcre [&hellip;]","og_url":"https:\/\/haberkuzey.com\/index.php\/2024\/11\/13\/turkiye-cumhurbaskani-yardimcisi-cevdet-yilmaz-yarin-kktcye-geliyor\/","og_site_name":"Haber Kuzey","article_published_time":"2024-11-13T10:40:59+00:00","og_image":[{"url":"https:\/\/brtk.net\/wp-content\/uploads\/2024\/11\/13\/tc-cb-yardimcisi-yilmaz-cumhurbaskanligi-1-ero-2-1.jpg?ver=fa3206451515940aa13f833e46d68832","type":"","width":"","height":""}],"author":"haberkuzey","twitter_card":"summary_large_image","twitter_misc":{"Yazan:":"haberkuzey","Tahmini okuma s\u00fcresi":"1 dakika"},"schema":{"@context":"https:\/\/schema.org","@graph":[{"@type":"Article","@id":"https:\/\/haberkuzey.com\/index.php\/2024\/11\/13\/turkiye-cumhurbaskani-yardimcisi-cevdet-yilmaz-yarin-kktcye-geliyor\/#article","isPartOf":{"@id":"https:\/\/haberkuzey.com\/index.php\/2024\/11\/13\/turkiye-cumhurbaskani-yardimcisi-cevdet-yilmaz-yarin-kktcye-geliyor\/"},"author":{"name":"haberkuzey","@id":"https:\/\/haberkuzey.com\/#\/schema\/person\/3372109ec735f9333f4fa47ebb9605ca"},"headline":"T\u00fcrkiye Cumhurba\u015fkan\u0131 Yard\u0131mc\u0131s\u0131 Cevdet Y\u0131lmaz yar\u0131n KKTC\u2019ye geliyor","datePublished":"2024-11-13T10:40:59+00:00","mainEntityOfPage":{"@id":"https:\/\/haberkuzey.com\/index.php\/2024\/11\/13\/turkiye-cumhurbaskani-yardimcisi-cevdet-yilmaz-yarin-kktcye-geliyor\/"},"wordCount":137,"commentCount":0,"image":{"@id":"https:\/\/haberkuzey.com\/index.php\/2024\/11\/13\/turkiye-cumhurbaskani-yardimcisi-cevdet-yilmaz-yarin-kktcye-geliyor\/#primaryimage"},"thumbnailUrl":"https:\/\/haberkuzey.com\/wp-content\/uploads\/2024\/11\/tc-cb-yardimcisi-yilmaz-cumhurbaskanligi-1-ero-2-1.jpg","articleSection":["D\u00fcnya"],"inLanguage":"tr","potentialAction":[{"@type":"CommentAction","name":"Comment","target":["https:\/\/haberkuzey.com\/index.php\/2024\/11\/13\/turkiye-cumhurbaskani-yardimcisi-cevdet-yilmaz-yarin-kktcye-geliyor\/#respond"]}]},{"@type":"WebPage","@id":"https:\/\/haberkuzey.com\/index.php\/2024\/11\/13\/turkiye-cumhurbaskani-yardimcisi-cevdet-yilmaz-yarin-kktcye-geliyor\/","url":"https:\/\/haberkuzey.com\/index.php\/2024\/11\/13\/turkiye-cumhurbaskani-yardimcisi-cevdet-yilmaz-yarin-kktcye-geliyor\/","name":"T\u00fcrkiye Cumhurba\u015fkan\u0131 Yard\u0131mc\u0131s\u0131 Cevdet Y\u0131lmaz yar\u0131n KKTC\u2019ye geliyor - Haber Kuzey","isPartOf":{"@id":"https:\/\/haberkuzey.com\/#website"},"primaryImageOfPage":{"@id":"https:\/\/haberkuzey.com\/index.php\/2024\/11\/13\/turkiye-cumhurbaskani-yardimcisi-cevdet-yilmaz-yarin-kktcye-geliyor\/#primaryimage"},"image":{"@id":"https:\/\/haberkuzey.com\/index.php\/2024\/11\/13\/turkiye-cumhurbaskani-yardimcisi-cevdet-yilmaz-yarin-kktcye-geliyor\/#primaryimage"},"thumbnailUrl":"https:\/\/haberkuzey.com\/wp-content\/uploads\/2024\/11\/tc-cb-yardimcisi-yilmaz-cumhurbaskanligi-1-ero-2-1.jpg","datePublished":"2024-11-13T10:40:59+00:00","author":{"@id":"https:\/\/haberkuzey.com\/#\/schema\/person\/3372109ec735f9333f4fa47ebb9605ca"},"breadcrumb":{"@id":"https:\/\/haberkuzey.com\/index.php\/2024\/11\/13\/turkiye-cumhurbaskani-yardimcisi-cevdet-yilmaz-yarin-kktcye-geliyor\/#breadcrumb"},"inLanguage":"tr","potentialAction":[{"@type":"ReadAction","target":["https:\/\/haberkuzey.com\/index.php\/2024\/11\/13\/turkiye-cumhurbaskani-yardimcisi-cevdet-yilmaz-yarin-kktcye-geliyor\/"]}]},{"@type":"ImageObject","inLanguage":"tr","@id":"https:\/\/haberkuzey.com\/index.php\/2024\/11\/13\/turkiye-cumhurbaskani-yardimcisi-cevdet-yilmaz-yarin-kktcye-geliyor\/#primaryimage","url":"https:\/\/haberkuzey.com\/wp-content\/uploads\/2024\/11\/tc-cb-yardimcisi-yilmaz-cumhurbaskanligi-1-ero-2-1.jpg","contentUrl":"https:\/\/haberkuzey.com\/wp-content\/uploads\/2024\/11\/tc-cb-yardimcisi-yilmaz-cumhurbaskanligi-1-ero-2-1.jpg","width":1654,"height":1104},{"@type":"BreadcrumbList","@id":"https:\/\/haberkuzey.com\/index.php\/2024\/11\/13\/turkiye-cumhurbaskani-yardimcisi-cevdet-yilmaz-yarin-kktcye-geliyor\/#breadcrumb","itemListElement":[{"@type":"ListItem","position":1,"name":"Anasayfa","item":"https:\/\/haberkuzey.com\/"},{"@type":"ListItem","position":2,"name":"T\u00fcrkiye Cumhurba\u015fkan\u0131 Yard\u0131mc\u0131s\u0131 Cevdet Y\u0131lmaz yar\u0131n KKTC\u2019ye geliyor"}]},{"@type":"WebSite","@id":"https:\/\/haberkuzey.com\/#website","url":"https:\/\/haberkuzey.com\/","name":"Haber Kuzey","description":"Do\u011fru Haberin Adresi","potentialAction":[{"@type":"SearchAction","target":{"@type":"EntryPoint","urlTemplate":"https:\/\/haberkuzey.com\/?s={search_term_string}"},"query-input":{"@type":"PropertyValueSpecification","valueRequired":true,"valueName":"search_term_string"}}],"inLanguage":"tr"},{"@type":"Person","@id":"https:\/\/haberkuzey.com\/#\/schema\/person\/3372109ec735f9333f4fa47ebb9605ca","name":"haberkuzey","image":{"@type":"ImageObject","inLanguage":"tr","@id":"https:\/\/secure.gravatar.com\/avatar\/f5fc875574b1575324358c3b9e6a32b8227aa5b74f3fa22e3cadb63e26fcc39c?s=96&d=mm&r=g","url":"https:\/\/secure.gravatar.com\/avatar\/f5fc875574b1575324358c3b9e6a32b8227aa5b74f3fa22e3cadb63e26fcc39c?s=96&d=mm&r=g","contentUrl":"https:\/\/secure.gravatar.com\/avatar\/f5fc875574b1575324358c3b9e6a32b8227aa5b74f3fa22e3cadb63e26fcc39c?s=96&d=mm&r=g","caption":"haberkuzey"},"sameAs":["https:\/\/haberkuzey.com"],"url":"https:\/\/haberkuzey.com\/index.php\/author\/haberkuzey\/"}]}},"_links":{"self":[{"href":"https:\/\/haberkuzey.com\/index.php\/wp-json\/wp\/v2\/posts\/12868","targetHints":{"allow":["GET"]}}],"collection":[{"href":"https:\/\/haberkuzey.com\/index.php\/wp-json\/wp\/v2\/posts"}],"about":[{"href":"https:\/\/haberkuzey.com\/index.php\/wp-json\/wp\/v2\/types\/post"}],"author":[{"embeddable":true,"href":"https:\/\/haberkuzey.com\/index.php\/wp-json\/wp\/v2\/users\/1"}],"replies":[{"embeddable":true,"href":"https:\/\/haberkuzey.com\/index.php\/wp-json\/wp\/v2\/comments?post=12868"}],"version-history":[{"count":0,"href":"https:\/\/haberkuzey.com\/index.php\/wp-json\/wp\/v2\/posts\/12868\/revisions"}],"wp:featuredmedia":[{"embeddable":true,"href":"https:\/\/haberkuzey.com\/index.php\/wp-json\/wp\/v2\/media\/12869"}],"wp:attachment":[{"href":"https:\/\/haberkuzey.com\/index.php\/wp-json\/wp\/v2\/media?parent=12868"}],"wp:term":[{"taxonomy":"category","embeddable":true,"href":"https:\/\/haberkuzey.com\/index.php\/wp-json\/wp\/v2\/categories?post=12868"},{"taxonomy":"post_tag","embeddable":true,"href":"https:\/\/haberkuzey.com\/index.php\/wp-json\/wp\/v2\/tags?post=12868"}],"curies":[{"name":"wp","href":"https:\/\/api.w.org\/{rel}","templated":true}]}}