{"id":12602,"date":"2024-11-08T18:51:56","date_gmt":"2024-11-08T16:51:56","guid":{"rendered":"https:\/\/haberkuzey.com\/index.php\/2024\/11\/08\/tc-genclik-ve-spor-bakan-yardimcisi-eminoglu-daudeydi\/"},"modified":"2024-11-08T18:51:56","modified_gmt":"2024-11-08T16:51:56","slug":"tc-genclik-ve-spor-bakan-yardimcisi-eminoglu-daudeydi","status":"publish","type":"post","link":"https:\/\/haberkuzey.com\/index.php\/2024\/11\/08\/tc-genclik-ve-spor-bakan-yardimcisi-eminoglu-daudeydi\/","title":{"rendered":"TC Gen\u00e7lik ve Spor Bakan Yard\u0131mc\u0131s\u0131 Emino\u011flu DA\u00dc\u2019deydi"},"content":{"rendered":"<div>\n<div class=\"mariselle-image-container center\">\n                                            <\/div>\n<p>T\u00fcrkiye Cumhuriyeti (TC) Gen\u00e7lik ve Spor Bakan Yard\u0131mc\u0131s\u0131 Dr. Enes Emino\u011flu Do\u011fu Akdeniz \u00dcniversitesi (DA\u00dc) Rekt\u00f6r\u00fc Prof. Dr. Hasan K\u0131l\u0131\u00e7\u2019\u0131 ziyaret etti.<\/p>\n<p>DA\u00dc\u2019den verilen bilgiye g\u00f6re, ziyarette e\u011fitim hayat\u0131n\u0131n bir b\u00f6l\u00fcm\u00fcn\u00fc DA\u00dc\u2019de ge\u00e7irdi\u011finden bahseden Emino\u011flu, DA\u00dc\u2019ye hissetti\u011fi ba\u011fl\u0131l\u0131\u011fa da de\u011findi.<\/p>\n<p>DA\u00dc Rekt\u00f6r\u00fc Prof. Dr. K\u0131l\u0131\u00e7, \u00fcniversite olarak Gen\u00e7lik Ofisi projesine destek vermeye haz\u0131r olduklar\u0131n\u0131 belirterek, ziyaretten duydu\u011fu memnuniyeti dile getirdi.<\/p>\n<p>DA\u00dc\u2019n\u00fcn \u00f6\u011frencileriyle her zaman g\u00fc\u00e7l\u00fc ba\u011flar kurdu\u011funu, onlar\u0131 gururla takip etti\u011fini belirten K\u0131l\u0131\u00e7, e\u011fitim yolculu\u011fu DA\u00dc\u2019den de ge\u00e7en Emino\u011flu\u2019nu sayg\u0131n bir konumda g\u00f6rmekten son derece mutlu olduklar\u0131n\u0131 ifade etti.<\/p>\n<\/p><\/div>\n<p><script async\n                    defer\n                    crossorigin=\"anonymous\"\n                    src=\"https:\/\/connect.facebook.net\/tr_TR\/sdk.js#xfbml=1&#038;version=v3.3\"\n            ><\/script><\/p>\n","protected":false},"excerpt":{"rendered":"<p>T\u00fcrkiye Cumhuriyeti (TC) Gen\u00e7lik ve Spor Bakan Yard\u0131mc\u0131s\u0131 Dr. Enes Emino\u011flu Do\u011fu Akdeniz \u00dcniversitesi (DA\u00dc) Rekt\u00f6r\u00fc Prof. Dr. Hasan K\u0131l\u0131\u00e7\u2019\u0131 ziyaret etti. DA\u00dc\u2019den verilen bilgiye g\u00f6re, ziyarette e\u011fitim hayat\u0131n\u0131n bir b\u00f6l\u00fcm\u00fcn\u00fc DA\u00dc\u2019de ge\u00e7irdi\u011finden bahseden Emino\u011flu, DA\u00dc\u2019ye hissetti\u011fi ba\u011fl\u0131l\u0131\u011fa da de\u011findi. DA\u00dc Rekt\u00f6r\u00fc Prof. Dr. K\u0131l\u0131\u00e7, \u00fcniversite olarak Gen\u00e7lik Ofisi projesine destek vermeye haz\u0131r olduklar\u0131n\u0131 belirterek, [&hellip;]<\/p>\n","protected":false},"author":1,"featured_media":12603,"comment_status":"open","ping_status":"open","sticky":false,"template":"","format":"standard","meta":{"jnews-multi-image_gallery":[],"jnews_single_post":[],"jnews_primary_category":[],"footnotes":""},"categories":[2],"tags":[],"class_list":["post-12602","post","type-post","status-publish","format-standard","has-post-thumbnail","hentry","category-dunya"],"yoast_head":"<!-- This site is optimized with the Yoast SEO plugin v27.4 - https:\/\/yoast.com\/product\/yoast-seo-wordpress\/ -->\n<title>TC Gen\u00e7lik ve Spor Bakan Yard\u0131mc\u0131s\u0131 Emino\u011flu DA\u00dc\u2019deydi - Haber Kuzey<\/title>\n<meta name=\"robots\" content=\"index, follow, max-snippet:-1, max-image-preview:large, max-video-preview:-1\" \/>\n<link rel=\"canonical\" href=\"https:\/\/haberkuzey.com\/index.php\/2024\/11\/08\/tc-genclik-ve-spor-bakan-yardimcisi-eminoglu-daudeydi\/\" \/>\n<meta property=\"og:locale\" content=\"tr_TR\" \/>\n<meta property=\"og:type\" content=\"article\" \/>\n<meta property=\"og:title\" content=\"TC Gen\u00e7lik ve Spor Bakan Yard\u0131mc\u0131s\u0131 Emino\u011flu DA\u00dc\u2019deydi - Haber Kuzey\" \/>\n<meta property=\"og:description\" content=\"T\u00fcrkiye Cumhuriyeti (TC) Gen\u00e7lik ve Spor Bakan Yard\u0131mc\u0131s\u0131 Dr. Enes Emino\u011flu Do\u011fu Akdeniz \u00dcniversitesi (DA\u00dc) Rekt\u00f6r\u00fc Prof. Dr. Hasan K\u0131l\u0131\u00e7\u2019\u0131 ziyaret etti. DA\u00dc\u2019den verilen bilgiye g\u00f6re, ziyarette e\u011fitim hayat\u0131n\u0131n bir b\u00f6l\u00fcm\u00fcn\u00fc DA\u00dc\u2019de ge\u00e7irdi\u011finden bahseden Emino\u011flu, DA\u00dc\u2019ye hissetti\u011fi ba\u011fl\u0131l\u0131\u011fa da de\u011findi. DA\u00dc Rekt\u00f6r\u00fc Prof. Dr. K\u0131l\u0131\u00e7, \u00fcniversite olarak Gen\u00e7lik Ofisi projesine destek vermeye haz\u0131r olduklar\u0131n\u0131 belirterek, [&hellip;]\" \/>\n<meta property=\"og:url\" content=\"https:\/\/haberkuzey.com\/index.php\/2024\/11\/08\/tc-genclik-ve-spor-bakan-yardimcisi-eminoglu-daudeydi\/\" \/>\n<meta property=\"og:site_name\" content=\"Haber Kuzey\" \/>\n<meta property=\"article:published_time\" content=\"2024-11-08T16:51:56+00:00\" \/>\n<meta property=\"og:image\" content=\"https:\/\/brtk.net\/wp-content\/uploads\/2024\/11\/08\/1094810.jpg?ver=a9fa4bf72f59565ae6f0aa0088486cf9\" \/>\n<meta name=\"author\" content=\"haberkuzey\" \/>\n<meta name=\"twitter:card\" content=\"summary_large_image\" \/>\n<meta name=\"twitter:label1\" content=\"Yazan:\" \/>\n\t<meta name=\"twitter:data1\" content=\"haberkuzey\" \/>\n\t<meta name=\"twitter:label2\" content=\"Tahmini okuma s\u00fcresi\" \/>\n\t<meta name=\"twitter:data2\" content=\"1 dakika\" \/>\n<script type=\"application\/ld+json\" class=\"yoast-schema-graph\">{\"@context\":\"https:\\\/\\\/schema.org\",\"@graph\":[{\"@type\":\"Article\",\"@id\":\"https:\\\/\\\/haberkuzey.com\\\/index.php\\\/2024\\\/11\\\/08\\\/tc-genclik-ve-spor-bakan-yardimcisi-eminoglu-daudeydi\\\/#article\",\"isPartOf\":{\"@id\":\"https:\\\/\\\/haberkuzey.com\\\/index.php\\\/2024\\\/11\\\/08\\\/tc-genclik-ve-spor-bakan-yardimcisi-eminoglu-daudeydi\\\/\"},\"author\":{\"name\":\"haberkuzey\",\"@id\":\"https:\\\/\\\/haberkuzey.com\\\/#\\\/schema\\\/person\\\/3372109ec735f9333f4fa47ebb9605ca\"},\"headline\":\"TC Gen\u00e7lik ve Spor Bakan Yard\u0131mc\u0131s\u0131 Emino\u011flu DA\u00dc\u2019deydi\",\"datePublished\":\"2024-11-08T16:51:56+00:00\",\"mainEntityOfPage\":{\"@id\":\"https:\\\/\\\/haberkuzey.com\\\/index.php\\\/2024\\\/11\\\/08\\\/tc-genclik-ve-spor-bakan-yardimcisi-eminoglu-daudeydi\\\/\"},\"wordCount\":150,\"commentCount\":0,\"image\":{\"@id\":\"https:\\\/\\\/haberkuzey.com\\\/index.php\\\/2024\\\/11\\\/08\\\/tc-genclik-ve-spor-bakan-yardimcisi-eminoglu-daudeydi\\\/#primaryimage\"},\"thumbnailUrl\":\"https:\\\/\\\/haberkuzey.com\\\/wp-content\\\/uploads\\\/2024\\\/11\\\/1094810.jpg\",\"articleSection\":[\"D\u00fcnya\"],\"inLanguage\":\"tr\",\"potentialAction\":[{\"@type\":\"CommentAction\",\"name\":\"Comment\",\"target\":[\"https:\\\/\\\/haberkuzey.com\\\/index.php\\\/2024\\\/11\\\/08\\\/tc-genclik-ve-spor-bakan-yardimcisi-eminoglu-daudeydi\\\/#respond\"]}]},{\"@type\":\"WebPage\",\"@id\":\"https:\\\/\\\/haberkuzey.com\\\/index.php\\\/2024\\\/11\\\/08\\\/tc-genclik-ve-spor-bakan-yardimcisi-eminoglu-daudeydi\\\/\",\"url\":\"https:\\\/\\\/haberkuzey.com\\\/index.php\\\/2024\\\/11\\\/08\\\/tc-genclik-ve-spor-bakan-yardimcisi-eminoglu-daudeydi\\\/\",\"name\":\"TC Gen\u00e7lik ve Spor Bakan Yard\u0131mc\u0131s\u0131 Emino\u011flu DA\u00dc\u2019deydi - Haber Kuzey\",\"isPartOf\":{\"@id\":\"https:\\\/\\\/haberkuzey.com\\\/#website\"},\"primaryImageOfPage\":{\"@id\":\"https:\\\/\\\/haberkuzey.com\\\/index.php\\\/2024\\\/11\\\/08\\\/tc-genclik-ve-spor-bakan-yardimcisi-eminoglu-daudeydi\\\/#primaryimage\"},\"image\":{\"@id\":\"https:\\\/\\\/haberkuzey.com\\\/index.php\\\/2024\\\/11\\\/08\\\/tc-genclik-ve-spor-bakan-yardimcisi-eminoglu-daudeydi\\\/#primaryimage\"},\"thumbnailUrl\":\"https:\\\/\\\/haberkuzey.com\\\/wp-content\\\/uploads\\\/2024\\\/11\\\/1094810.jpg\",\"datePublished\":\"2024-11-08T16:51:56+00:00\",\"author\":{\"@id\":\"https:\\\/\\\/haberkuzey.com\\\/#\\\/schema\\\/person\\\/3372109ec735f9333f4fa47ebb9605ca\"},\"breadcrumb\":{\"@id\":\"https:\\\/\\\/haberkuzey.com\\\/index.php\\\/2024\\\/11\\\/08\\\/tc-genclik-ve-spor-bakan-yardimcisi-eminoglu-daudeydi\\\/#breadcrumb\"},\"inLanguage\":\"tr\",\"potentialAction\":[{\"@type\":\"ReadAction\",\"target\":[\"https:\\\/\\\/haberkuzey.com\\\/index.php\\\/2024\\\/11\\\/08\\\/tc-genclik-ve-spor-bakan-yardimcisi-eminoglu-daudeydi\\\/\"]}]},{\"@type\":\"ImageObject\",\"inLanguage\":\"tr\",\"@id\":\"https:\\\/\\\/haberkuzey.com\\\/index.php\\\/2024\\\/11\\\/08\\\/tc-genclik-ve-spor-bakan-yardimcisi-eminoglu-daudeydi\\\/#primaryimage\",\"url\":\"https:\\\/\\\/haberkuzey.com\\\/wp-content\\\/uploads\\\/2024\\\/11\\\/1094810.jpg\",\"contentUrl\":\"https:\\\/\\\/haberkuzey.com\\\/wp-content\\\/uploads\\\/2024\\\/11\\\/1094810.jpg\",\"width\":1800,\"height\":718},{\"@type\":\"BreadcrumbList\",\"@id\":\"https:\\\/\\\/haberkuzey.com\\\/index.php\\\/2024\\\/11\\\/08\\\/tc-genclik-ve-spor-bakan-yardimcisi-eminoglu-daudeydi\\\/#breadcrumb\",\"itemListElement\":[{\"@type\":\"ListItem\",\"position\":1,\"name\":\"Anasayfa\",\"item\":\"https:\\\/\\\/haberkuzey.com\\\/\"},{\"@type\":\"ListItem\",\"position\":2,\"name\":\"TC Gen\u00e7lik ve Spor Bakan Yard\u0131mc\u0131s\u0131 Emino\u011flu DA\u00dc\u2019deydi\"}]},{\"@type\":\"WebSite\",\"@id\":\"https:\\\/\\\/haberkuzey.com\\\/#website\",\"url\":\"https:\\\/\\\/haberkuzey.com\\\/\",\"name\":\"Haber Kuzey\",\"description\":\"Do\u011fru Haberin Adresi\",\"potentialAction\":[{\"@type\":\"SearchAction\",\"target\":{\"@type\":\"EntryPoint\",\"urlTemplate\":\"https:\\\/\\\/haberkuzey.com\\\/?s={search_term_string}\"},\"query-input\":{\"@type\":\"PropertyValueSpecification\",\"valueRequired\":true,\"valueName\":\"search_term_string\"}}],\"inLanguage\":\"tr\"},{\"@type\":\"Person\",\"@id\":\"https:\\\/\\\/haberkuzey.com\\\/#\\\/schema\\\/person\\\/3372109ec735f9333f4fa47ebb9605ca\",\"name\":\"haberkuzey\",\"image\":{\"@type\":\"ImageObject\",\"inLanguage\":\"tr\",\"@id\":\"https:\\\/\\\/secure.gravatar.com\\\/avatar\\\/f5fc875574b1575324358c3b9e6a32b8227aa5b74f3fa22e3cadb63e26fcc39c?s=96&d=mm&r=g\",\"url\":\"https:\\\/\\\/secure.gravatar.com\\\/avatar\\\/f5fc875574b1575324358c3b9e6a32b8227aa5b74f3fa22e3cadb63e26fcc39c?s=96&d=mm&r=g\",\"contentUrl\":\"https:\\\/\\\/secure.gravatar.com\\\/avatar\\\/f5fc875574b1575324358c3b9e6a32b8227aa5b74f3fa22e3cadb63e26fcc39c?s=96&d=mm&r=g\",\"caption\":\"haberkuzey\"},\"sameAs\":[\"https:\\\/\\\/haberkuzey.com\"],\"url\":\"https:\\\/\\\/haberkuzey.com\\\/index.php\\\/author\\\/haberkuzey\\\/\"}]}<\/script>\n<!-- \/ Yoast SEO plugin. -->","yoast_head_json":{"title":"TC Gen\u00e7lik ve Spor Bakan Yard\u0131mc\u0131s\u0131 Emino\u011flu DA\u00dc\u2019deydi - Haber Kuzey","robots":{"index":"index","follow":"follow","max-snippet":"max-snippet:-1","max-image-preview":"max-image-preview:large","max-video-preview":"max-video-preview:-1"},"canonical":"https:\/\/haberkuzey.com\/index.php\/2024\/11\/08\/tc-genclik-ve-spor-bakan-yardimcisi-eminoglu-daudeydi\/","og_locale":"tr_TR","og_type":"article","og_title":"TC Gen\u00e7lik ve Spor Bakan Yard\u0131mc\u0131s\u0131 Emino\u011flu DA\u00dc\u2019deydi - Haber Kuzey","og_description":"T\u00fcrkiye Cumhuriyeti (TC) Gen\u00e7lik ve Spor Bakan Yard\u0131mc\u0131s\u0131 Dr. Enes Emino\u011flu Do\u011fu Akdeniz \u00dcniversitesi (DA\u00dc) Rekt\u00f6r\u00fc Prof. Dr. Hasan K\u0131l\u0131\u00e7\u2019\u0131 ziyaret etti. DA\u00dc\u2019den verilen bilgiye g\u00f6re, ziyarette e\u011fitim hayat\u0131n\u0131n bir b\u00f6l\u00fcm\u00fcn\u00fc DA\u00dc\u2019de ge\u00e7irdi\u011finden bahseden Emino\u011flu, DA\u00dc\u2019ye hissetti\u011fi ba\u011fl\u0131l\u0131\u011fa da de\u011findi. DA\u00dc Rekt\u00f6r\u00fc Prof. Dr. K\u0131l\u0131\u00e7, \u00fcniversite olarak Gen\u00e7lik Ofisi projesine destek vermeye haz\u0131r olduklar\u0131n\u0131 belirterek, [&hellip;]","og_url":"https:\/\/haberkuzey.com\/index.php\/2024\/11\/08\/tc-genclik-ve-spor-bakan-yardimcisi-eminoglu-daudeydi\/","og_site_name":"Haber Kuzey","article_published_time":"2024-11-08T16:51:56+00:00","og_image":[{"url":"https:\/\/brtk.net\/wp-content\/uploads\/2024\/11\/08\/1094810.jpg?ver=a9fa4bf72f59565ae6f0aa0088486cf9","type":"","width":"","height":""}],"author":"haberkuzey","twitter_card":"summary_large_image","twitter_misc":{"Yazan:":"haberkuzey","Tahmini okuma s\u00fcresi":"1 dakika"},"schema":{"@context":"https:\/\/schema.org","@graph":[{"@type":"Article","@id":"https:\/\/haberkuzey.com\/index.php\/2024\/11\/08\/tc-genclik-ve-spor-bakan-yardimcisi-eminoglu-daudeydi\/#article","isPartOf":{"@id":"https:\/\/haberkuzey.com\/index.php\/2024\/11\/08\/tc-genclik-ve-spor-bakan-yardimcisi-eminoglu-daudeydi\/"},"author":{"name":"haberkuzey","@id":"https:\/\/haberkuzey.com\/#\/schema\/person\/3372109ec735f9333f4fa47ebb9605ca"},"headline":"TC Gen\u00e7lik ve Spor Bakan Yard\u0131mc\u0131s\u0131 Emino\u011flu DA\u00dc\u2019deydi","datePublished":"2024-11-08T16:51:56+00:00","mainEntityOfPage":{"@id":"https:\/\/haberkuzey.com\/index.php\/2024\/11\/08\/tc-genclik-ve-spor-bakan-yardimcisi-eminoglu-daudeydi\/"},"wordCount":150,"commentCount":0,"image":{"@id":"https:\/\/haberkuzey.com\/index.php\/2024\/11\/08\/tc-genclik-ve-spor-bakan-yardimcisi-eminoglu-daudeydi\/#primaryimage"},"thumbnailUrl":"https:\/\/haberkuzey.com\/wp-content\/uploads\/2024\/11\/1094810.jpg","articleSection":["D\u00fcnya"],"inLanguage":"tr","potentialAction":[{"@type":"CommentAction","name":"Comment","target":["https:\/\/haberkuzey.com\/index.php\/2024\/11\/08\/tc-genclik-ve-spor-bakan-yardimcisi-eminoglu-daudeydi\/#respond"]}]},{"@type":"WebPage","@id":"https:\/\/haberkuzey.com\/index.php\/2024\/11\/08\/tc-genclik-ve-spor-bakan-yardimcisi-eminoglu-daudeydi\/","url":"https:\/\/haberkuzey.com\/index.php\/2024\/11\/08\/tc-genclik-ve-spor-bakan-yardimcisi-eminoglu-daudeydi\/","name":"TC Gen\u00e7lik ve Spor Bakan Yard\u0131mc\u0131s\u0131 Emino\u011flu DA\u00dc\u2019deydi - Haber Kuzey","isPartOf":{"@id":"https:\/\/haberkuzey.com\/#website"},"primaryImageOfPage":{"@id":"https:\/\/haberkuzey.com\/index.php\/2024\/11\/08\/tc-genclik-ve-spor-bakan-yardimcisi-eminoglu-daudeydi\/#primaryimage"},"image":{"@id":"https:\/\/haberkuzey.com\/index.php\/2024\/11\/08\/tc-genclik-ve-spor-bakan-yardimcisi-eminoglu-daudeydi\/#primaryimage"},"thumbnailUrl":"https:\/\/haberkuzey.com\/wp-content\/uploads\/2024\/11\/1094810.jpg","datePublished":"2024-11-08T16:51:56+00:00","author":{"@id":"https:\/\/haberkuzey.com\/#\/schema\/person\/3372109ec735f9333f4fa47ebb9605ca"},"breadcrumb":{"@id":"https:\/\/haberkuzey.com\/index.php\/2024\/11\/08\/tc-genclik-ve-spor-bakan-yardimcisi-eminoglu-daudeydi\/#breadcrumb"},"inLanguage":"tr","potentialAction":[{"@type":"ReadAction","target":["https:\/\/haberkuzey.com\/index.php\/2024\/11\/08\/tc-genclik-ve-spor-bakan-yardimcisi-eminoglu-daudeydi\/"]}]},{"@type":"ImageObject","inLanguage":"tr","@id":"https:\/\/haberkuzey.com\/index.php\/2024\/11\/08\/tc-genclik-ve-spor-bakan-yardimcisi-eminoglu-daudeydi\/#primaryimage","url":"https:\/\/haberkuzey.com\/wp-content\/uploads\/2024\/11\/1094810.jpg","contentUrl":"https:\/\/haberkuzey.com\/wp-content\/uploads\/2024\/11\/1094810.jpg","width":1800,"height":718},{"@type":"BreadcrumbList","@id":"https:\/\/haberkuzey.com\/index.php\/2024\/11\/08\/tc-genclik-ve-spor-bakan-yardimcisi-eminoglu-daudeydi\/#breadcrumb","itemListElement":[{"@type":"ListItem","position":1,"name":"Anasayfa","item":"https:\/\/haberkuzey.com\/"},{"@type":"ListItem","position":2,"name":"TC Gen\u00e7lik ve Spor Bakan Yard\u0131mc\u0131s\u0131 Emino\u011flu DA\u00dc\u2019deydi"}]},{"@type":"WebSite","@id":"https:\/\/haberkuzey.com\/#website","url":"https:\/\/haberkuzey.com\/","name":"Haber Kuzey","description":"Do\u011fru Haberin Adresi","potentialAction":[{"@type":"SearchAction","target":{"@type":"EntryPoint","urlTemplate":"https:\/\/haberkuzey.com\/?s={search_term_string}"},"query-input":{"@type":"PropertyValueSpecification","valueRequired":true,"valueName":"search_term_string"}}],"inLanguage":"tr"},{"@type":"Person","@id":"https:\/\/haberkuzey.com\/#\/schema\/person\/3372109ec735f9333f4fa47ebb9605ca","name":"haberkuzey","image":{"@type":"ImageObject","inLanguage":"tr","@id":"https:\/\/secure.gravatar.com\/avatar\/f5fc875574b1575324358c3b9e6a32b8227aa5b74f3fa22e3cadb63e26fcc39c?s=96&d=mm&r=g","url":"https:\/\/secure.gravatar.com\/avatar\/f5fc875574b1575324358c3b9e6a32b8227aa5b74f3fa22e3cadb63e26fcc39c?s=96&d=mm&r=g","contentUrl":"https:\/\/secure.gravatar.com\/avatar\/f5fc875574b1575324358c3b9e6a32b8227aa5b74f3fa22e3cadb63e26fcc39c?s=96&d=mm&r=g","caption":"haberkuzey"},"sameAs":["https:\/\/haberkuzey.com"],"url":"https:\/\/haberkuzey.com\/index.php\/author\/haberkuzey\/"}]}},"_links":{"self":[{"href":"https:\/\/haberkuzey.com\/index.php\/wp-json\/wp\/v2\/posts\/12602","targetHints":{"allow":["GET"]}}],"collection":[{"href":"https:\/\/haberkuzey.com\/index.php\/wp-json\/wp\/v2\/posts"}],"about":[{"href":"https:\/\/haberkuzey.com\/index.php\/wp-json\/wp\/v2\/types\/post"}],"author":[{"embeddable":true,"href":"https:\/\/haberkuzey.com\/index.php\/wp-json\/wp\/v2\/users\/1"}],"replies":[{"embeddable":true,"href":"https:\/\/haberkuzey.com\/index.php\/wp-json\/wp\/v2\/comments?post=12602"}],"version-history":[{"count":0,"href":"https:\/\/haberkuzey.com\/index.php\/wp-json\/wp\/v2\/posts\/12602\/revisions"}],"wp:featuredmedia":[{"embeddable":true,"href":"https:\/\/haberkuzey.com\/index.php\/wp-json\/wp\/v2\/media\/12603"}],"wp:attachment":[{"href":"https:\/\/haberkuzey.com\/index.php\/wp-json\/wp\/v2\/media?parent=12602"}],"wp:term":[{"taxonomy":"category","embeddable":true,"href":"https:\/\/haberkuzey.com\/index.php\/wp-json\/wp\/v2\/categories?post=12602"},{"taxonomy":"post_tag","embeddable":true,"href":"https:\/\/haberkuzey.com\/index.php\/wp-json\/wp\/v2\/tags?post=12602"}],"curies":[{"name":"wp","href":"https:\/\/api.w.org\/{rel}","templated":true}]}}