{"id":12566,"date":"2024-11-08T13:46:25","date_gmt":"2024-11-08T11:46:25","guid":{"rendered":"https:\/\/haberkuzey.com\/index.php\/2024\/11\/08\/turkiye-cumhurbaskani-erdogan-fransa-cumhurbaskani-macron-ile-bir-araya-geldi\/"},"modified":"2024-11-08T13:46:25","modified_gmt":"2024-11-08T11:46:25","slug":"turkiye-cumhurbaskani-erdogan-fransa-cumhurbaskani-macron-ile-bir-araya-geldi","status":"publish","type":"post","link":"https:\/\/haberkuzey.com\/index.php\/2024\/11\/08\/turkiye-cumhurbaskani-erdogan-fransa-cumhurbaskani-macron-ile-bir-araya-geldi\/","title":{"rendered":"T\u00fcrkiye Cumhurba\u015fkan\u0131 Erdo\u011fan, Fransa Cumhurba\u015fkan\u0131 Macron ile bir araya geldi"},"content":{"rendered":"<div>\n<div class=\"mariselle-image-container center\">\n                                            <\/div>\n<p>T\u00fcrkiye Cumhurba\u015fkan\u0131 Recep Tayyip Erdo\u011fan, Avrupa Siyasi Toplulu\u011fu Zirvesi temaslar\u0131 kapsam\u0131nda Fransa Cumhurba\u015fkan\u0131 Emmanuel Macron ile bir araya geldi.<\/p>\n<p>Cumhurba\u015fkanl\u0131\u011f\u0131 \u0130leti\u015fim Ba\u015fkanl\u0131\u011f\u0131ndan yap\u0131lan a\u00e7\u0131klamaya g\u00f6re g\u00f6r\u00fc\u015fmede, T\u00fcrkiye ile Fransa ikili ili\u015fkilerinin yan\u0131 s\u0131ra b\u00f6lgesel ve k\u00fcresel konular de\u011ferlendirildi.<\/p>\n<p>Cumhurba\u015fkan\u0131 Erdo\u011fan g\u00f6r\u00fc\u015fmede, T\u00fcrkiye ile Fransa ili\u015fkilerinin k\u00f6kl\u00fc bir ge\u00e7mi\u015fe dayand\u0131\u011f\u0131n\u0131, ticari ve ekonomik ili\u015fkilerin derinle\u015ftirilmesinin iki \u00fclkeye de kazand\u0131raca\u011f\u0131n\u0131 ifade etti.<\/p>\n<p>T\u00fcrkiye\u2019nin Avrupa Birli\u011fi\u2019ne tam \u00fcyelik stratejik perspektifi ile hareket etti\u011fini, s\u00fcrecin canland\u0131r\u0131lmas\u0131n\u0131n bir ihtiya\u00e7 oldu\u011funu, G\u00fcmr\u00fck Birli\u011fi\u2019nin g\u00fcncellenmesi ve vize serbestisi ile ilgili vaatlerin yerine getirilmesinin beklendi\u011fini belirten Erdo\u011fan, Ukrayna-Rusya, \u0130srail-Filistin, \u0130srail-L\u00fcbnan ve benzeri gerilimlerin bar\u0131\u015f\u00e7\u0131l bir zeminde diplomasi yoluyla sonland\u0131r\u0131lmas\u0131n\u0131n b\u00fct\u00fcn \u00fclkelerin \u00e7\u0131kar\u0131na oldu\u011funu kaydetti.<\/p>\n<\/p><\/div>\n<p><script async\n                    defer\n                    crossorigin=\"anonymous\"\n                    src=\"https:\/\/connect.facebook.net\/tr_TR\/sdk.js#xfbml=1&#038;version=v3.3\"\n            ><\/script><\/p>\n","protected":false},"excerpt":{"rendered":"<p>T\u00fcrkiye Cumhurba\u015fkan\u0131 Recep Tayyip Erdo\u011fan, Avrupa Siyasi Toplulu\u011fu Zirvesi temaslar\u0131 kapsam\u0131nda Fransa Cumhurba\u015fkan\u0131 Emmanuel Macron ile bir araya geldi. Cumhurba\u015fkanl\u0131\u011f\u0131 \u0130leti\u015fim Ba\u015fkanl\u0131\u011f\u0131ndan yap\u0131lan a\u00e7\u0131klamaya g\u00f6re g\u00f6r\u00fc\u015fmede, T\u00fcrkiye ile Fransa ikili ili\u015fkilerinin yan\u0131 s\u0131ra b\u00f6lgesel ve k\u00fcresel konular de\u011ferlendirildi. Cumhurba\u015fkan\u0131 Erdo\u011fan g\u00f6r\u00fc\u015fmede, T\u00fcrkiye ile Fransa ili\u015fkilerinin k\u00f6kl\u00fc bir ge\u00e7mi\u015fe dayand\u0131\u011f\u0131n\u0131, ticari ve ekonomik ili\u015fkilerin derinle\u015ftirilmesinin iki [&hellip;]<\/p>\n","protected":false},"author":1,"featured_media":12567,"comment_status":"open","ping_status":"open","sticky":false,"template":"","format":"standard","meta":{"jnews-multi-image_gallery":[],"jnews_single_post":[],"jnews_primary_category":[],"footnotes":""},"categories":[2],"tags":[],"class_list":["post-12566","post","type-post","status-publish","format-standard","has-post-thumbnail","hentry","category-dunya"],"yoast_head":"<!-- This site is optimized with the Yoast SEO plugin v27.4 - https:\/\/yoast.com\/product\/yoast-seo-wordpress\/ -->\n<title>T\u00fcrkiye Cumhurba\u015fkan\u0131 Erdo\u011fan, Fransa Cumhurba\u015fkan\u0131 Macron ile bir araya geldi - Haber Kuzey<\/title>\n<meta name=\"robots\" content=\"index, follow, max-snippet:-1, max-image-preview:large, max-video-preview:-1\" \/>\n<link rel=\"canonical\" href=\"https:\/\/haberkuzey.com\/index.php\/2024\/11\/08\/turkiye-cumhurbaskani-erdogan-fransa-cumhurbaskani-macron-ile-bir-araya-geldi\/\" \/>\n<meta property=\"og:locale\" content=\"tr_TR\" \/>\n<meta property=\"og:type\" content=\"article\" \/>\n<meta property=\"og:title\" content=\"T\u00fcrkiye Cumhurba\u015fkan\u0131 Erdo\u011fan, Fransa Cumhurba\u015fkan\u0131 Macron ile bir araya geldi - Haber Kuzey\" \/>\n<meta property=\"og:description\" content=\"T\u00fcrkiye Cumhurba\u015fkan\u0131 Recep Tayyip Erdo\u011fan, Avrupa Siyasi Toplulu\u011fu Zirvesi temaslar\u0131 kapsam\u0131nda Fransa Cumhurba\u015fkan\u0131 Emmanuel Macron ile bir araya geldi. Cumhurba\u015fkanl\u0131\u011f\u0131 \u0130leti\u015fim Ba\u015fkanl\u0131\u011f\u0131ndan yap\u0131lan a\u00e7\u0131klamaya g\u00f6re g\u00f6r\u00fc\u015fmede, T\u00fcrkiye ile Fransa ikili ili\u015fkilerinin yan\u0131 s\u0131ra b\u00f6lgesel ve k\u00fcresel konular de\u011ferlendirildi. Cumhurba\u015fkan\u0131 Erdo\u011fan g\u00f6r\u00fc\u015fmede, T\u00fcrkiye ile Fransa ili\u015fkilerinin k\u00f6kl\u00fc bir ge\u00e7mi\u015fe dayand\u0131\u011f\u0131n\u0131, ticari ve ekonomik ili\u015fkilerin derinle\u015ftirilmesinin iki [&hellip;]\" \/>\n<meta property=\"og:url\" content=\"https:\/\/haberkuzey.com\/index.php\/2024\/11\/08\/turkiye-cumhurbaskani-erdogan-fransa-cumhurbaskani-macron-ile-bir-araya-geldi\/\" \/>\n<meta property=\"og:site_name\" content=\"Haber Kuzey\" \/>\n<meta property=\"article:published_time\" content=\"2024-11-08T11:46:25+00:00\" \/>\n<meta property=\"og:image\" content=\"https:\/\/brtk.net\/wp-content\/uploads\/2024\/11\/07\/ekran-goruntusu-2024-11-07-190911.png?ver=b3fd795166394d95240520ded847e5db\" \/>\n<meta name=\"author\" content=\"haberkuzey\" \/>\n<meta name=\"twitter:card\" content=\"summary_large_image\" \/>\n<meta name=\"twitter:label1\" content=\"Yazan:\" \/>\n\t<meta name=\"twitter:data1\" content=\"haberkuzey\" \/>\n\t<meta name=\"twitter:label2\" content=\"Tahmini okuma s\u00fcresi\" \/>\n\t<meta name=\"twitter:data2\" content=\"1 dakika\" \/>\n<script type=\"application\/ld+json\" class=\"yoast-schema-graph\">{\"@context\":\"https:\\\/\\\/schema.org\",\"@graph\":[{\"@type\":\"Article\",\"@id\":\"https:\\\/\\\/haberkuzey.com\\\/index.php\\\/2024\\\/11\\\/08\\\/turkiye-cumhurbaskani-erdogan-fransa-cumhurbaskani-macron-ile-bir-araya-geldi\\\/#article\",\"isPartOf\":{\"@id\":\"https:\\\/\\\/haberkuzey.com\\\/index.php\\\/2024\\\/11\\\/08\\\/turkiye-cumhurbaskani-erdogan-fransa-cumhurbaskani-macron-ile-bir-araya-geldi\\\/\"},\"author\":{\"name\":\"haberkuzey\",\"@id\":\"https:\\\/\\\/haberkuzey.com\\\/#\\\/schema\\\/person\\\/3372109ec735f9333f4fa47ebb9605ca\"},\"headline\":\"T\u00fcrkiye Cumhurba\u015fkan\u0131 Erdo\u011fan, Fransa Cumhurba\u015fkan\u0131 Macron ile bir araya geldi\",\"datePublished\":\"2024-11-08T11:46:25+00:00\",\"mainEntityOfPage\":{\"@id\":\"https:\\\/\\\/haberkuzey.com\\\/index.php\\\/2024\\\/11\\\/08\\\/turkiye-cumhurbaskani-erdogan-fransa-cumhurbaskani-macron-ile-bir-araya-geldi\\\/\"},\"wordCount\":183,\"commentCount\":0,\"image\":{\"@id\":\"https:\\\/\\\/haberkuzey.com\\\/index.php\\\/2024\\\/11\\\/08\\\/turkiye-cumhurbaskani-erdogan-fransa-cumhurbaskani-macron-ile-bir-araya-geldi\\\/#primaryimage\"},\"thumbnailUrl\":\"https:\\\/\\\/haberkuzey.com\\\/wp-content\\\/uploads\\\/2024\\\/11\\\/ekran-goruntusu-2024-11-07-190911.png\",\"articleSection\":[\"D\u00fcnya\"],\"inLanguage\":\"tr\",\"potentialAction\":[{\"@type\":\"CommentAction\",\"name\":\"Comment\",\"target\":[\"https:\\\/\\\/haberkuzey.com\\\/index.php\\\/2024\\\/11\\\/08\\\/turkiye-cumhurbaskani-erdogan-fransa-cumhurbaskani-macron-ile-bir-araya-geldi\\\/#respond\"]}]},{\"@type\":\"WebPage\",\"@id\":\"https:\\\/\\\/haberkuzey.com\\\/index.php\\\/2024\\\/11\\\/08\\\/turkiye-cumhurbaskani-erdogan-fransa-cumhurbaskani-macron-ile-bir-araya-geldi\\\/\",\"url\":\"https:\\\/\\\/haberkuzey.com\\\/index.php\\\/2024\\\/11\\\/08\\\/turkiye-cumhurbaskani-erdogan-fransa-cumhurbaskani-macron-ile-bir-araya-geldi\\\/\",\"name\":\"T\u00fcrkiye Cumhurba\u015fkan\u0131 Erdo\u011fan, Fransa Cumhurba\u015fkan\u0131 Macron ile bir araya geldi - Haber Kuzey\",\"isPartOf\":{\"@id\":\"https:\\\/\\\/haberkuzey.com\\\/#website\"},\"primaryImageOfPage\":{\"@id\":\"https:\\\/\\\/haberkuzey.com\\\/index.php\\\/2024\\\/11\\\/08\\\/turkiye-cumhurbaskani-erdogan-fransa-cumhurbaskani-macron-ile-bir-araya-geldi\\\/#primaryimage\"},\"image\":{\"@id\":\"https:\\\/\\\/haberkuzey.com\\\/index.php\\\/2024\\\/11\\\/08\\\/turkiye-cumhurbaskani-erdogan-fransa-cumhurbaskani-macron-ile-bir-araya-geldi\\\/#primaryimage\"},\"thumbnailUrl\":\"https:\\\/\\\/haberkuzey.com\\\/wp-content\\\/uploads\\\/2024\\\/11\\\/ekran-goruntusu-2024-11-07-190911.png\",\"datePublished\":\"2024-11-08T11:46:25+00:00\",\"author\":{\"@id\":\"https:\\\/\\\/haberkuzey.com\\\/#\\\/schema\\\/person\\\/3372109ec735f9333f4fa47ebb9605ca\"},\"breadcrumb\":{\"@id\":\"https:\\\/\\\/haberkuzey.com\\\/index.php\\\/2024\\\/11\\\/08\\\/turkiye-cumhurbaskani-erdogan-fransa-cumhurbaskani-macron-ile-bir-araya-geldi\\\/#breadcrumb\"},\"inLanguage\":\"tr\",\"potentialAction\":[{\"@type\":\"ReadAction\",\"target\":[\"https:\\\/\\\/haberkuzey.com\\\/index.php\\\/2024\\\/11\\\/08\\\/turkiye-cumhurbaskani-erdogan-fransa-cumhurbaskani-macron-ile-bir-araya-geldi\\\/\"]}]},{\"@type\":\"ImageObject\",\"inLanguage\":\"tr\",\"@id\":\"https:\\\/\\\/haberkuzey.com\\\/index.php\\\/2024\\\/11\\\/08\\\/turkiye-cumhurbaskani-erdogan-fransa-cumhurbaskani-macron-ile-bir-araya-geldi\\\/#primaryimage\",\"url\":\"https:\\\/\\\/haberkuzey.com\\\/wp-content\\\/uploads\\\/2024\\\/11\\\/ekran-goruntusu-2024-11-07-190911.png\",\"contentUrl\":\"https:\\\/\\\/haberkuzey.com\\\/wp-content\\\/uploads\\\/2024\\\/11\\\/ekran-goruntusu-2024-11-07-190911.png\",\"width\":1123,\"height\":618},{\"@type\":\"BreadcrumbList\",\"@id\":\"https:\\\/\\\/haberkuzey.com\\\/index.php\\\/2024\\\/11\\\/08\\\/turkiye-cumhurbaskani-erdogan-fransa-cumhurbaskani-macron-ile-bir-araya-geldi\\\/#breadcrumb\",\"itemListElement\":[{\"@type\":\"ListItem\",\"position\":1,\"name\":\"Anasayfa\",\"item\":\"https:\\\/\\\/haberkuzey.com\\\/\"},{\"@type\":\"ListItem\",\"position\":2,\"name\":\"T\u00fcrkiye Cumhurba\u015fkan\u0131 Erdo\u011fan, Fransa Cumhurba\u015fkan\u0131 Macron ile bir araya geldi\"}]},{\"@type\":\"WebSite\",\"@id\":\"https:\\\/\\\/haberkuzey.com\\\/#website\",\"url\":\"https:\\\/\\\/haberkuzey.com\\\/\",\"name\":\"Haber Kuzey\",\"description\":\"Do\u011fru Haberin Adresi\",\"potentialAction\":[{\"@type\":\"SearchAction\",\"target\":{\"@type\":\"EntryPoint\",\"urlTemplate\":\"https:\\\/\\\/haberkuzey.com\\\/?s={search_term_string}\"},\"query-input\":{\"@type\":\"PropertyValueSpecification\",\"valueRequired\":true,\"valueName\":\"search_term_string\"}}],\"inLanguage\":\"tr\"},{\"@type\":\"Person\",\"@id\":\"https:\\\/\\\/haberkuzey.com\\\/#\\\/schema\\\/person\\\/3372109ec735f9333f4fa47ebb9605ca\",\"name\":\"haberkuzey\",\"image\":{\"@type\":\"ImageObject\",\"inLanguage\":\"tr\",\"@id\":\"https:\\\/\\\/secure.gravatar.com\\\/avatar\\\/f5fc875574b1575324358c3b9e6a32b8227aa5b74f3fa22e3cadb63e26fcc39c?s=96&d=mm&r=g\",\"url\":\"https:\\\/\\\/secure.gravatar.com\\\/avatar\\\/f5fc875574b1575324358c3b9e6a32b8227aa5b74f3fa22e3cadb63e26fcc39c?s=96&d=mm&r=g\",\"contentUrl\":\"https:\\\/\\\/secure.gravatar.com\\\/avatar\\\/f5fc875574b1575324358c3b9e6a32b8227aa5b74f3fa22e3cadb63e26fcc39c?s=96&d=mm&r=g\",\"caption\":\"haberkuzey\"},\"sameAs\":[\"https:\\\/\\\/haberkuzey.com\"],\"url\":\"https:\\\/\\\/haberkuzey.com\\\/index.php\\\/author\\\/haberkuzey\\\/\"}]}<\/script>\n<!-- \/ Yoast SEO plugin. -->","yoast_head_json":{"title":"T\u00fcrkiye Cumhurba\u015fkan\u0131 Erdo\u011fan, Fransa Cumhurba\u015fkan\u0131 Macron ile bir araya geldi - Haber Kuzey","robots":{"index":"index","follow":"follow","max-snippet":"max-snippet:-1","max-image-preview":"max-image-preview:large","max-video-preview":"max-video-preview:-1"},"canonical":"https:\/\/haberkuzey.com\/index.php\/2024\/11\/08\/turkiye-cumhurbaskani-erdogan-fransa-cumhurbaskani-macron-ile-bir-araya-geldi\/","og_locale":"tr_TR","og_type":"article","og_title":"T\u00fcrkiye Cumhurba\u015fkan\u0131 Erdo\u011fan, Fransa Cumhurba\u015fkan\u0131 Macron ile bir araya geldi - Haber Kuzey","og_description":"T\u00fcrkiye Cumhurba\u015fkan\u0131 Recep Tayyip Erdo\u011fan, Avrupa Siyasi Toplulu\u011fu Zirvesi temaslar\u0131 kapsam\u0131nda Fransa Cumhurba\u015fkan\u0131 Emmanuel Macron ile bir araya geldi. Cumhurba\u015fkanl\u0131\u011f\u0131 \u0130leti\u015fim Ba\u015fkanl\u0131\u011f\u0131ndan yap\u0131lan a\u00e7\u0131klamaya g\u00f6re g\u00f6r\u00fc\u015fmede, T\u00fcrkiye ile Fransa ikili ili\u015fkilerinin yan\u0131 s\u0131ra b\u00f6lgesel ve k\u00fcresel konular de\u011ferlendirildi. Cumhurba\u015fkan\u0131 Erdo\u011fan g\u00f6r\u00fc\u015fmede, T\u00fcrkiye ile Fransa ili\u015fkilerinin k\u00f6kl\u00fc bir ge\u00e7mi\u015fe dayand\u0131\u011f\u0131n\u0131, ticari ve ekonomik ili\u015fkilerin derinle\u015ftirilmesinin iki [&hellip;]","og_url":"https:\/\/haberkuzey.com\/index.php\/2024\/11\/08\/turkiye-cumhurbaskani-erdogan-fransa-cumhurbaskani-macron-ile-bir-araya-geldi\/","og_site_name":"Haber Kuzey","article_published_time":"2024-11-08T11:46:25+00:00","og_image":[{"url":"https:\/\/brtk.net\/wp-content\/uploads\/2024\/11\/07\/ekran-goruntusu-2024-11-07-190911.png?ver=b3fd795166394d95240520ded847e5db","type":"","width":"","height":""}],"author":"haberkuzey","twitter_card":"summary_large_image","twitter_misc":{"Yazan:":"haberkuzey","Tahmini okuma s\u00fcresi":"1 dakika"},"schema":{"@context":"https:\/\/schema.org","@graph":[{"@type":"Article","@id":"https:\/\/haberkuzey.com\/index.php\/2024\/11\/08\/turkiye-cumhurbaskani-erdogan-fransa-cumhurbaskani-macron-ile-bir-araya-geldi\/#article","isPartOf":{"@id":"https:\/\/haberkuzey.com\/index.php\/2024\/11\/08\/turkiye-cumhurbaskani-erdogan-fransa-cumhurbaskani-macron-ile-bir-araya-geldi\/"},"author":{"name":"haberkuzey","@id":"https:\/\/haberkuzey.com\/#\/schema\/person\/3372109ec735f9333f4fa47ebb9605ca"},"headline":"T\u00fcrkiye Cumhurba\u015fkan\u0131 Erdo\u011fan, Fransa Cumhurba\u015fkan\u0131 Macron ile bir araya geldi","datePublished":"2024-11-08T11:46:25+00:00","mainEntityOfPage":{"@id":"https:\/\/haberkuzey.com\/index.php\/2024\/11\/08\/turkiye-cumhurbaskani-erdogan-fransa-cumhurbaskani-macron-ile-bir-araya-geldi\/"},"wordCount":183,"commentCount":0,"image":{"@id":"https:\/\/haberkuzey.com\/index.php\/2024\/11\/08\/turkiye-cumhurbaskani-erdogan-fransa-cumhurbaskani-macron-ile-bir-araya-geldi\/#primaryimage"},"thumbnailUrl":"https:\/\/haberkuzey.com\/wp-content\/uploads\/2024\/11\/ekran-goruntusu-2024-11-07-190911.png","articleSection":["D\u00fcnya"],"inLanguage":"tr","potentialAction":[{"@type":"CommentAction","name":"Comment","target":["https:\/\/haberkuzey.com\/index.php\/2024\/11\/08\/turkiye-cumhurbaskani-erdogan-fransa-cumhurbaskani-macron-ile-bir-araya-geldi\/#respond"]}]},{"@type":"WebPage","@id":"https:\/\/haberkuzey.com\/index.php\/2024\/11\/08\/turkiye-cumhurbaskani-erdogan-fransa-cumhurbaskani-macron-ile-bir-araya-geldi\/","url":"https:\/\/haberkuzey.com\/index.php\/2024\/11\/08\/turkiye-cumhurbaskani-erdogan-fransa-cumhurbaskani-macron-ile-bir-araya-geldi\/","name":"T\u00fcrkiye Cumhurba\u015fkan\u0131 Erdo\u011fan, Fransa Cumhurba\u015fkan\u0131 Macron ile bir araya geldi - Haber Kuzey","isPartOf":{"@id":"https:\/\/haberkuzey.com\/#website"},"primaryImageOfPage":{"@id":"https:\/\/haberkuzey.com\/index.php\/2024\/11\/08\/turkiye-cumhurbaskani-erdogan-fransa-cumhurbaskani-macron-ile-bir-araya-geldi\/#primaryimage"},"image":{"@id":"https:\/\/haberkuzey.com\/index.php\/2024\/11\/08\/turkiye-cumhurbaskani-erdogan-fransa-cumhurbaskani-macron-ile-bir-araya-geldi\/#primaryimage"},"thumbnailUrl":"https:\/\/haberkuzey.com\/wp-content\/uploads\/2024\/11\/ekran-goruntusu-2024-11-07-190911.png","datePublished":"2024-11-08T11:46:25+00:00","author":{"@id":"https:\/\/haberkuzey.com\/#\/schema\/person\/3372109ec735f9333f4fa47ebb9605ca"},"breadcrumb":{"@id":"https:\/\/haberkuzey.com\/index.php\/2024\/11\/08\/turkiye-cumhurbaskani-erdogan-fransa-cumhurbaskani-macron-ile-bir-araya-geldi\/#breadcrumb"},"inLanguage":"tr","potentialAction":[{"@type":"ReadAction","target":["https:\/\/haberkuzey.com\/index.php\/2024\/11\/08\/turkiye-cumhurbaskani-erdogan-fransa-cumhurbaskani-macron-ile-bir-araya-geldi\/"]}]},{"@type":"ImageObject","inLanguage":"tr","@id":"https:\/\/haberkuzey.com\/index.php\/2024\/11\/08\/turkiye-cumhurbaskani-erdogan-fransa-cumhurbaskani-macron-ile-bir-araya-geldi\/#primaryimage","url":"https:\/\/haberkuzey.com\/wp-content\/uploads\/2024\/11\/ekran-goruntusu-2024-11-07-190911.png","contentUrl":"https:\/\/haberkuzey.com\/wp-content\/uploads\/2024\/11\/ekran-goruntusu-2024-11-07-190911.png","width":1123,"height":618},{"@type":"BreadcrumbList","@id":"https:\/\/haberkuzey.com\/index.php\/2024\/11\/08\/turkiye-cumhurbaskani-erdogan-fransa-cumhurbaskani-macron-ile-bir-araya-geldi\/#breadcrumb","itemListElement":[{"@type":"ListItem","position":1,"name":"Anasayfa","item":"https:\/\/haberkuzey.com\/"},{"@type":"ListItem","position":2,"name":"T\u00fcrkiye Cumhurba\u015fkan\u0131 Erdo\u011fan, Fransa Cumhurba\u015fkan\u0131 Macron ile bir araya geldi"}]},{"@type":"WebSite","@id":"https:\/\/haberkuzey.com\/#website","url":"https:\/\/haberkuzey.com\/","name":"Haber Kuzey","description":"Do\u011fru Haberin Adresi","potentialAction":[{"@type":"SearchAction","target":{"@type":"EntryPoint","urlTemplate":"https:\/\/haberkuzey.com\/?s={search_term_string}"},"query-input":{"@type":"PropertyValueSpecification","valueRequired":true,"valueName":"search_term_string"}}],"inLanguage":"tr"},{"@type":"Person","@id":"https:\/\/haberkuzey.com\/#\/schema\/person\/3372109ec735f9333f4fa47ebb9605ca","name":"haberkuzey","image":{"@type":"ImageObject","inLanguage":"tr","@id":"https:\/\/secure.gravatar.com\/avatar\/f5fc875574b1575324358c3b9e6a32b8227aa5b74f3fa22e3cadb63e26fcc39c?s=96&d=mm&r=g","url":"https:\/\/secure.gravatar.com\/avatar\/f5fc875574b1575324358c3b9e6a32b8227aa5b74f3fa22e3cadb63e26fcc39c?s=96&d=mm&r=g","contentUrl":"https:\/\/secure.gravatar.com\/avatar\/f5fc875574b1575324358c3b9e6a32b8227aa5b74f3fa22e3cadb63e26fcc39c?s=96&d=mm&r=g","caption":"haberkuzey"},"sameAs":["https:\/\/haberkuzey.com"],"url":"https:\/\/haberkuzey.com\/index.php\/author\/haberkuzey\/"}]}},"_links":{"self":[{"href":"https:\/\/haberkuzey.com\/index.php\/wp-json\/wp\/v2\/posts\/12566","targetHints":{"allow":["GET"]}}],"collection":[{"href":"https:\/\/haberkuzey.com\/index.php\/wp-json\/wp\/v2\/posts"}],"about":[{"href":"https:\/\/haberkuzey.com\/index.php\/wp-json\/wp\/v2\/types\/post"}],"author":[{"embeddable":true,"href":"https:\/\/haberkuzey.com\/index.php\/wp-json\/wp\/v2\/users\/1"}],"replies":[{"embeddable":true,"href":"https:\/\/haberkuzey.com\/index.php\/wp-json\/wp\/v2\/comments?post=12566"}],"version-history":[{"count":0,"href":"https:\/\/haberkuzey.com\/index.php\/wp-json\/wp\/v2\/posts\/12566\/revisions"}],"wp:featuredmedia":[{"embeddable":true,"href":"https:\/\/haberkuzey.com\/index.php\/wp-json\/wp\/v2\/media\/12567"}],"wp:attachment":[{"href":"https:\/\/haberkuzey.com\/index.php\/wp-json\/wp\/v2\/media?parent=12566"}],"wp:term":[{"taxonomy":"category","embeddable":true,"href":"https:\/\/haberkuzey.com\/index.php\/wp-json\/wp\/v2\/categories?post=12566"},{"taxonomy":"post_tag","embeddable":true,"href":"https:\/\/haberkuzey.com\/index.php\/wp-json\/wp\/v2\/tags?post=12566"}],"curies":[{"name":"wp","href":"https:\/\/api.w.org\/{rel}","templated":true}]}}