{"id":12551,"date":"2024-11-07T18:44:18","date_gmt":"2024-11-07T16:44:18","guid":{"rendered":"https:\/\/haberkuzey.com\/index.php\/2024\/11\/07\/ab-komisyonunun-genislemeden-sorumlu-uye-adayi-kosun-turkiyenin-adayligi-ve-kibris-konusunda-goruslerini-anlatti\/"},"modified":"2024-11-07T18:44:18","modified_gmt":"2024-11-07T16:44:18","slug":"ab-komisyonunun-genislemeden-sorumlu-uye-adayi-kosun-turkiyenin-adayligi-ve-kibris-konusunda-goruslerini-anlatti","status":"publish","type":"post","link":"https:\/\/haberkuzey.com\/index.php\/2024\/11\/07\/ab-komisyonunun-genislemeden-sorumlu-uye-adayi-kosun-turkiyenin-adayligi-ve-kibris-konusunda-goruslerini-anlatti\/","title":{"rendered":"AB Komisyonu\u2019nun geni\u015flemeden sorumlu \u00fcye aday\u0131 Kos\u2019un T\u00fcrkiye\u2019nin adayl\u0131\u011f\u0131 ve K\u0131br\u0131s konusunda g\u00f6r\u00fc\u015flerini anlatt\u0131"},"content":{"rendered":"<div>\n<div class=\"mariselle-image-container center\">\n                                            <\/div>\n<p>Avrupa Birli\u011fi (AB) Komisyonu\u2019nun geni\u015flemeden sorumlu \u00fcyeli\u011fine aday g\u00f6sterilen Slovenyal\u0131 diplomat Marta Kos, aday bir \u00fclke ve kilit bir ortak olan T\u00fcrkiye ile etkile\u015fimini s\u00fcrd\u00fcrece\u011fini ancak \u00fcyelik s\u00fcreciyle ilgili ve ikili ili\u015fkilerdeki t\u00fcm geli\u015fmelerin K\u0131br\u0131s konusunda ya\u015fanacak olumlu geli\u015fmelere ba\u011fl\u0131 oldu\u011funu s\u00f6yledi.<\/p>\n<p>AB\u2019ye \u00fcye \u00fclkelerde 6-9 Haziran\u2019da, gelecek 5 y\u0131ll\u0131k y\u00f6netimi belirlemek i\u00e7in yap\u0131lan se\u00e7imlerin ard\u0131ndan, AB\u2019nin y\u00fcr\u00fctme organ\u0131 Komisyon\u2019un yeni ekibinin olu\u015fturulmas\u0131na dair s\u00fcre\u00e7 devam ediyor.<\/p>\n<p>Slovenya\u2019n\u0131n aday g\u00f6sterdi\u011fi ve AB Komisyonu Ba\u015fkan\u0131 Ursula von der Leyen taraf\u0131ndan geni\u015flemeden sorumlu \u00fcye olarak \u00f6nerilen Marta Kos, AP milletvekillerinin onay\u0131n\u0131 almak i\u00e7in program\u0131n\u0131 sundu.<\/p>\n<p>Kos, konu\u015fmas\u0131n\u0131n ba\u015f\u0131nda kariyerinin \u00e7o\u011funu Avrupa i\u015fleri ve d\u0131\u015f politika \u00fczerinde \u00e7al\u0131\u015farak ge\u00e7irdi\u011fini, uluslararas\u0131 gazetecilik ve kamu diplomasisi deneyimi de oldu\u011funu, \u00fclkesini Almanya, Letonya, \u0130svi\u00e7re ve Lihten\u015ftayn\u2019da temsil etti\u011fini anlatt\u0131.<\/p>\n<p>\u201cE\u011fer bana bu rol\u00fc verirseniz, gelecekteki \u00fcye \u00fclkelerin geni\u015flemeye iyi haz\u0131rlanmalar\u0131n\u0131 sa\u011flamak i\u00e7in elimden gelen her \u015feyi yapaca\u011f\u0131m.\u201d diyen Kos, yaln\u0131zca AB\u2019nin de\u011ferlerini benimseyen \u00fclkelerin Birli\u011fe kabul edilmesi ve s\u00fcrecin liyakatli olmas\u0131 i\u00e7in \u00e7al\u0131\u015faca\u011f\u0131n\u0131 s\u00f6yledi.<\/p>\n<p>Kos, Ukrayna ve Moldova\u2019y\u0131 AB \u00fcyeli\u011fi yolunda destekleme taahh\u00fcd\u00fcnde bulunurken, Bat\u0131 Balkan \u00fclkeleriyle ilgili de \u201csomut sonu\u00e7lar\u201d g\u00f6rmek istedi\u011fini ifade etti.<\/p>\n<p>\u2013 T\u00fcrkiye\u2019nin adayl\u0131\u011f\u0131<\/p>\n<p>Kos, T\u00fcrkiye\u2019nin adayl\u0131k s\u00fcrecine de de\u011finerek, kendisi i\u00e7in \u00f6nceli\u011fin K\u0131br\u0131s\u2019taki durumun Birle\u015fmi\u015f Milletler \u00f6nc\u00fcl\u00fc\u011f\u00fcndeki s\u00fcre\u00e7le \u00e7\u00f6z\u00fcme kavu\u015fturulmas\u0131 oldu\u011funu vurgulad\u0131.<\/p>\n<p>\u201cBu, gelecekteki AB-T\u00fcrkiye ili\u015fkilerinin h\u0131z\u0131n\u0131 da belirleyecektir.\u201d diyen Kos, \u015f\u00f6yle devam etti:<\/p>\n<p>\u201cAB i\u00e7in aday bir \u00fclke ve kilit bir ortak olan T\u00fcrkiye ile etkile\u015fimimi s\u00fcrd\u00fcrece\u011fim. Bunu yaparken, i\u015fbirli\u011finin sadece ekonomik uyum veya co\u011frafi yak\u0131nl\u0131k meselesi olamayaca\u011f\u0131n\u0131 anlamak \u00f6nemlidir. \u0130nsan haklar\u0131n\u0131, demokrasiyi, temel \u00f6zg\u00fcrl\u00fckleri ve hukukun \u00fcst\u00fcnl\u00fc\u011f\u00fcn\u00fc her zaman savunaca\u011f\u0131m ve aday \u00fclkelere ilkelerimizin m\u00fczakere edilemez olmad\u0131\u011f\u0131n\u0131 hat\u0131rlataca\u011f\u0131m.\u201d<\/p>\n<p>Kos, bir soru \u00fczerine \u015funlar\u0131 kaydetti:<\/p>\n<p>\u201cT\u00fcrkiye\u2019den bahsetmeden \u00f6nce K\u0131br\u0131s sorunundan bahsetmi\u015ftim. T\u00fcrkiye ile geni\u015fleme s\u00fcrecinden farkl\u0131 bir seviyede konu\u015fmaya ba\u015flamam\u0131z gerekti\u011fi konusunda net, a\u00e7\u0131k bir \u00e7izgi var. Hepimize hat\u0131rlatmak istiyorum ki asl\u0131nda 2018\u2019de T\u00fcrkiye ile m\u00fczakere s\u00fcrecini durdurduk \u00e7\u00fcnk\u00fc onlar Avrupa de\u011ferlerini takip etmediler. Bu durmu\u015f noktada. Bug\u00fcn T\u00fcrkiye ile ili\u015fkilerden bahsetti\u011fimizde farkl\u0131 \u015feylerden bahsediyoruz ama tabii ki bunlar birbirine ba\u011fl\u0131. G\u00fcmr\u00fck Birli\u011fi\u2019nin g\u00fcncellenmesi alan\u0131nda olsun, vize serbestisi alan\u0131nda olsun, T\u00fcrkiye\u2019nin Ermenistan ve Azerbaycan aras\u0131nda bir bar\u0131\u015f anla\u015fmas\u0131 elde etmemize nas\u0131l yard\u0131mc\u0131 olabilece\u011fi alan\u0131nda olsun, ne yaparsak yapal\u0131m, temel kural \u015fu \u200b\u200bolacak: K\u0131br\u0131s sorununda geli\u015fme g\u00f6rmezsek daha fazla geli\u015fme olmayacak.\u201d<\/p>\n<\/p><\/div>\n<p><script async\n                    defer\n                    crossorigin=\"anonymous\"\n                    src=\"https:\/\/connect.facebook.net\/tr_TR\/sdk.js#xfbml=1&#038;version=v3.3\"\n            ><\/script><\/p>\n","protected":false},"excerpt":{"rendered":"<p>Avrupa Birli\u011fi (AB) Komisyonu\u2019nun geni\u015flemeden sorumlu \u00fcyeli\u011fine aday g\u00f6sterilen Slovenyal\u0131 diplomat Marta Kos, aday bir \u00fclke ve kilit bir ortak olan T\u00fcrkiye ile etkile\u015fimini s\u00fcrd\u00fcrece\u011fini ancak \u00fcyelik s\u00fcreciyle ilgili ve ikili ili\u015fkilerdeki t\u00fcm geli\u015fmelerin K\u0131br\u0131s konusunda ya\u015fanacak olumlu geli\u015fmelere ba\u011fl\u0131 oldu\u011funu s\u00f6yledi. AB\u2019ye \u00fcye \u00fclkelerde 6-9 Haziran\u2019da, gelecek 5 y\u0131ll\u0131k y\u00f6netimi belirlemek i\u00e7in yap\u0131lan se\u00e7imlerin [&hellip;]<\/p>\n","protected":false},"author":1,"featured_media":12552,"comment_status":"open","ping_status":"open","sticky":false,"template":"","format":"standard","meta":{"jnews-multi-image_gallery":[],"jnews_single_post":[],"jnews_primary_category":[],"footnotes":""},"categories":[2],"tags":[],"class_list":["post-12551","post","type-post","status-publish","format-standard","has-post-thumbnail","hentry","category-dunya"],"yoast_head":"<!-- This site is optimized with the Yoast SEO plugin v27.4 - https:\/\/yoast.com\/product\/yoast-seo-wordpress\/ -->\n<title>AB Komisyonu\u2019nun geni\u015flemeden sorumlu \u00fcye aday\u0131 Kos\u2019un T\u00fcrkiye\u2019nin adayl\u0131\u011f\u0131 ve K\u0131br\u0131s konusunda g\u00f6r\u00fc\u015flerini anlatt\u0131 - Haber Kuzey<\/title>\n<meta name=\"robots\" content=\"index, follow, max-snippet:-1, max-image-preview:large, max-video-preview:-1\" \/>\n<link rel=\"canonical\" href=\"https:\/\/haberkuzey.com\/index.php\/2024\/11\/07\/ab-komisyonunun-genislemeden-sorumlu-uye-adayi-kosun-turkiyenin-adayligi-ve-kibris-konusunda-goruslerini-anlatti\/\" \/>\n<meta property=\"og:locale\" content=\"tr_TR\" \/>\n<meta property=\"og:type\" content=\"article\" \/>\n<meta property=\"og:title\" content=\"AB Komisyonu\u2019nun geni\u015flemeden sorumlu \u00fcye aday\u0131 Kos\u2019un T\u00fcrkiye\u2019nin adayl\u0131\u011f\u0131 ve K\u0131br\u0131s konusunda g\u00f6r\u00fc\u015flerini anlatt\u0131 - Haber Kuzey\" \/>\n<meta property=\"og:description\" content=\"Avrupa Birli\u011fi (AB) Komisyonu\u2019nun geni\u015flemeden sorumlu \u00fcyeli\u011fine aday g\u00f6sterilen Slovenyal\u0131 diplomat Marta Kos, aday bir \u00fclke ve kilit bir ortak olan T\u00fcrkiye ile etkile\u015fimini s\u00fcrd\u00fcrece\u011fini ancak \u00fcyelik s\u00fcreciyle ilgili ve ikili ili\u015fkilerdeki t\u00fcm geli\u015fmelerin K\u0131br\u0131s konusunda ya\u015fanacak olumlu geli\u015fmelere ba\u011fl\u0131 oldu\u011funu s\u00f6yledi. AB\u2019ye \u00fcye \u00fclkelerde 6-9 Haziran\u2019da, gelecek 5 y\u0131ll\u0131k y\u00f6netimi belirlemek i\u00e7in yap\u0131lan se\u00e7imlerin [&hellip;]\" \/>\n<meta property=\"og:url\" content=\"https:\/\/haberkuzey.com\/index.php\/2024\/11\/07\/ab-komisyonunun-genislemeden-sorumlu-uye-adayi-kosun-turkiyenin-adayligi-ve-kibris-konusunda-goruslerini-anlatti\/\" \/>\n<meta property=\"og:site_name\" content=\"Haber Kuzey\" \/>\n<meta property=\"article:published_time\" content=\"2024-11-07T16:44:18+00:00\" \/>\n<meta property=\"og:image\" content=\"https:\/\/brtk.net\/wp-content\/uploads\/2024\/11\/07\/ekran-goruntusu-2024-11-07-164727.png?ver=3a69e1be4df04e0a7ec1fab736d91d59\" \/>\n<meta name=\"author\" content=\"haberkuzey\" \/>\n<meta name=\"twitter:card\" content=\"summary_large_image\" \/>\n<meta name=\"twitter:label1\" content=\"Yazan:\" \/>\n\t<meta name=\"twitter:data1\" content=\"haberkuzey\" \/>\n\t<meta name=\"twitter:label2\" content=\"Tahmini okuma s\u00fcresi\" \/>\n\t<meta name=\"twitter:data2\" content=\"3 dakika\" \/>\n<script type=\"application\/ld+json\" class=\"yoast-schema-graph\">{\"@context\":\"https:\\\/\\\/schema.org\",\"@graph\":[{\"@type\":\"Article\",\"@id\":\"https:\\\/\\\/haberkuzey.com\\\/index.php\\\/2024\\\/11\\\/07\\\/ab-komisyonunun-genislemeden-sorumlu-uye-adayi-kosun-turkiyenin-adayligi-ve-kibris-konusunda-goruslerini-anlatti\\\/#article\",\"isPartOf\":{\"@id\":\"https:\\\/\\\/haberkuzey.com\\\/index.php\\\/2024\\\/11\\\/07\\\/ab-komisyonunun-genislemeden-sorumlu-uye-adayi-kosun-turkiyenin-adayligi-ve-kibris-konusunda-goruslerini-anlatti\\\/\"},\"author\":{\"name\":\"haberkuzey\",\"@id\":\"https:\\\/\\\/haberkuzey.com\\\/#\\\/schema\\\/person\\\/3372109ec735f9333f4fa47ebb9605ca\"},\"headline\":\"AB Komisyonu\u2019nun geni\u015flemeden sorumlu \u00fcye aday\u0131 Kos\u2019un T\u00fcrkiye\u2019nin adayl\u0131\u011f\u0131 ve K\u0131br\u0131s konusunda g\u00f6r\u00fc\u015flerini anlatt\u0131\",\"datePublished\":\"2024-11-07T16:44:18+00:00\",\"mainEntityOfPage\":{\"@id\":\"https:\\\/\\\/haberkuzey.com\\\/index.php\\\/2024\\\/11\\\/07\\\/ab-komisyonunun-genislemeden-sorumlu-uye-adayi-kosun-turkiyenin-adayligi-ve-kibris-konusunda-goruslerini-anlatti\\\/\"},\"wordCount\":556,\"commentCount\":0,\"image\":{\"@id\":\"https:\\\/\\\/haberkuzey.com\\\/index.php\\\/2024\\\/11\\\/07\\\/ab-komisyonunun-genislemeden-sorumlu-uye-adayi-kosun-turkiyenin-adayligi-ve-kibris-konusunda-goruslerini-anlatti\\\/#primaryimage\"},\"thumbnailUrl\":\"https:\\\/\\\/haberkuzey.com\\\/wp-content\\\/uploads\\\/2024\\\/11\\\/ekran-goruntusu-2024-11-07-164727.png\",\"articleSection\":[\"D\u00fcnya\"],\"inLanguage\":\"tr\",\"potentialAction\":[{\"@type\":\"CommentAction\",\"name\":\"Comment\",\"target\":[\"https:\\\/\\\/haberkuzey.com\\\/index.php\\\/2024\\\/11\\\/07\\\/ab-komisyonunun-genislemeden-sorumlu-uye-adayi-kosun-turkiyenin-adayligi-ve-kibris-konusunda-goruslerini-anlatti\\\/#respond\"]}]},{\"@type\":\"WebPage\",\"@id\":\"https:\\\/\\\/haberkuzey.com\\\/index.php\\\/2024\\\/11\\\/07\\\/ab-komisyonunun-genislemeden-sorumlu-uye-adayi-kosun-turkiyenin-adayligi-ve-kibris-konusunda-goruslerini-anlatti\\\/\",\"url\":\"https:\\\/\\\/haberkuzey.com\\\/index.php\\\/2024\\\/11\\\/07\\\/ab-komisyonunun-genislemeden-sorumlu-uye-adayi-kosun-turkiyenin-adayligi-ve-kibris-konusunda-goruslerini-anlatti\\\/\",\"name\":\"AB Komisyonu\u2019nun geni\u015flemeden sorumlu \u00fcye aday\u0131 Kos\u2019un T\u00fcrkiye\u2019nin adayl\u0131\u011f\u0131 ve K\u0131br\u0131s konusunda g\u00f6r\u00fc\u015flerini anlatt\u0131 - Haber Kuzey\",\"isPartOf\":{\"@id\":\"https:\\\/\\\/haberkuzey.com\\\/#website\"},\"primaryImageOfPage\":{\"@id\":\"https:\\\/\\\/haberkuzey.com\\\/index.php\\\/2024\\\/11\\\/07\\\/ab-komisyonunun-genislemeden-sorumlu-uye-adayi-kosun-turkiyenin-adayligi-ve-kibris-konusunda-goruslerini-anlatti\\\/#primaryimage\"},\"image\":{\"@id\":\"https:\\\/\\\/haberkuzey.com\\\/index.php\\\/2024\\\/11\\\/07\\\/ab-komisyonunun-genislemeden-sorumlu-uye-adayi-kosun-turkiyenin-adayligi-ve-kibris-konusunda-goruslerini-anlatti\\\/#primaryimage\"},\"thumbnailUrl\":\"https:\\\/\\\/haberkuzey.com\\\/wp-content\\\/uploads\\\/2024\\\/11\\\/ekran-goruntusu-2024-11-07-164727.png\",\"datePublished\":\"2024-11-07T16:44:18+00:00\",\"author\":{\"@id\":\"https:\\\/\\\/haberkuzey.com\\\/#\\\/schema\\\/person\\\/3372109ec735f9333f4fa47ebb9605ca\"},\"breadcrumb\":{\"@id\":\"https:\\\/\\\/haberkuzey.com\\\/index.php\\\/2024\\\/11\\\/07\\\/ab-komisyonunun-genislemeden-sorumlu-uye-adayi-kosun-turkiyenin-adayligi-ve-kibris-konusunda-goruslerini-anlatti\\\/#breadcrumb\"},\"inLanguage\":\"tr\",\"potentialAction\":[{\"@type\":\"ReadAction\",\"target\":[\"https:\\\/\\\/haberkuzey.com\\\/index.php\\\/2024\\\/11\\\/07\\\/ab-komisyonunun-genislemeden-sorumlu-uye-adayi-kosun-turkiyenin-adayligi-ve-kibris-konusunda-goruslerini-anlatti\\\/\"]}]},{\"@type\":\"ImageObject\",\"inLanguage\":\"tr\",\"@id\":\"https:\\\/\\\/haberkuzey.com\\\/index.php\\\/2024\\\/11\\\/07\\\/ab-komisyonunun-genislemeden-sorumlu-uye-adayi-kosun-turkiyenin-adayligi-ve-kibris-konusunda-goruslerini-anlatti\\\/#primaryimage\",\"url\":\"https:\\\/\\\/haberkuzey.com\\\/wp-content\\\/uploads\\\/2024\\\/11\\\/ekran-goruntusu-2024-11-07-164727.png\",\"contentUrl\":\"https:\\\/\\\/haberkuzey.com\\\/wp-content\\\/uploads\\\/2024\\\/11\\\/ekran-goruntusu-2024-11-07-164727.png\",\"width\":1142,\"height\":640},{\"@type\":\"BreadcrumbList\",\"@id\":\"https:\\\/\\\/haberkuzey.com\\\/index.php\\\/2024\\\/11\\\/07\\\/ab-komisyonunun-genislemeden-sorumlu-uye-adayi-kosun-turkiyenin-adayligi-ve-kibris-konusunda-goruslerini-anlatti\\\/#breadcrumb\",\"itemListElement\":[{\"@type\":\"ListItem\",\"position\":1,\"name\":\"Anasayfa\",\"item\":\"https:\\\/\\\/haberkuzey.com\\\/\"},{\"@type\":\"ListItem\",\"position\":2,\"name\":\"AB Komisyonu\u2019nun geni\u015flemeden sorumlu \u00fcye aday\u0131 Kos\u2019un T\u00fcrkiye\u2019nin adayl\u0131\u011f\u0131 ve K\u0131br\u0131s konusunda g\u00f6r\u00fc\u015flerini anlatt\u0131\"}]},{\"@type\":\"WebSite\",\"@id\":\"https:\\\/\\\/haberkuzey.com\\\/#website\",\"url\":\"https:\\\/\\\/haberkuzey.com\\\/\",\"name\":\"Haber Kuzey\",\"description\":\"Do\u011fru Haberin Adresi\",\"potentialAction\":[{\"@type\":\"SearchAction\",\"target\":{\"@type\":\"EntryPoint\",\"urlTemplate\":\"https:\\\/\\\/haberkuzey.com\\\/?s={search_term_string}\"},\"query-input\":{\"@type\":\"PropertyValueSpecification\",\"valueRequired\":true,\"valueName\":\"search_term_string\"}}],\"inLanguage\":\"tr\"},{\"@type\":\"Person\",\"@id\":\"https:\\\/\\\/haberkuzey.com\\\/#\\\/schema\\\/person\\\/3372109ec735f9333f4fa47ebb9605ca\",\"name\":\"haberkuzey\",\"image\":{\"@type\":\"ImageObject\",\"inLanguage\":\"tr\",\"@id\":\"https:\\\/\\\/secure.gravatar.com\\\/avatar\\\/f5fc875574b1575324358c3b9e6a32b8227aa5b74f3fa22e3cadb63e26fcc39c?s=96&d=mm&r=g\",\"url\":\"https:\\\/\\\/secure.gravatar.com\\\/avatar\\\/f5fc875574b1575324358c3b9e6a32b8227aa5b74f3fa22e3cadb63e26fcc39c?s=96&d=mm&r=g\",\"contentUrl\":\"https:\\\/\\\/secure.gravatar.com\\\/avatar\\\/f5fc875574b1575324358c3b9e6a32b8227aa5b74f3fa22e3cadb63e26fcc39c?s=96&d=mm&r=g\",\"caption\":\"haberkuzey\"},\"sameAs\":[\"https:\\\/\\\/haberkuzey.com\"],\"url\":\"https:\\\/\\\/haberkuzey.com\\\/index.php\\\/author\\\/haberkuzey\\\/\"}]}<\/script>\n<!-- \/ Yoast SEO plugin. -->","yoast_head_json":{"title":"AB Komisyonu\u2019nun geni\u015flemeden sorumlu \u00fcye aday\u0131 Kos\u2019un T\u00fcrkiye\u2019nin adayl\u0131\u011f\u0131 ve K\u0131br\u0131s konusunda g\u00f6r\u00fc\u015flerini anlatt\u0131 - Haber Kuzey","robots":{"index":"index","follow":"follow","max-snippet":"max-snippet:-1","max-image-preview":"max-image-preview:large","max-video-preview":"max-video-preview:-1"},"canonical":"https:\/\/haberkuzey.com\/index.php\/2024\/11\/07\/ab-komisyonunun-genislemeden-sorumlu-uye-adayi-kosun-turkiyenin-adayligi-ve-kibris-konusunda-goruslerini-anlatti\/","og_locale":"tr_TR","og_type":"article","og_title":"AB Komisyonu\u2019nun geni\u015flemeden sorumlu \u00fcye aday\u0131 Kos\u2019un T\u00fcrkiye\u2019nin adayl\u0131\u011f\u0131 ve K\u0131br\u0131s konusunda g\u00f6r\u00fc\u015flerini anlatt\u0131 - Haber Kuzey","og_description":"Avrupa Birli\u011fi (AB) Komisyonu\u2019nun geni\u015flemeden sorumlu \u00fcyeli\u011fine aday g\u00f6sterilen Slovenyal\u0131 diplomat Marta Kos, aday bir \u00fclke ve kilit bir ortak olan T\u00fcrkiye ile etkile\u015fimini s\u00fcrd\u00fcrece\u011fini ancak \u00fcyelik s\u00fcreciyle ilgili ve ikili ili\u015fkilerdeki t\u00fcm geli\u015fmelerin K\u0131br\u0131s konusunda ya\u015fanacak olumlu geli\u015fmelere ba\u011fl\u0131 oldu\u011funu s\u00f6yledi. AB\u2019ye \u00fcye \u00fclkelerde 6-9 Haziran\u2019da, gelecek 5 y\u0131ll\u0131k y\u00f6netimi belirlemek i\u00e7in yap\u0131lan se\u00e7imlerin [&hellip;]","og_url":"https:\/\/haberkuzey.com\/index.php\/2024\/11\/07\/ab-komisyonunun-genislemeden-sorumlu-uye-adayi-kosun-turkiyenin-adayligi-ve-kibris-konusunda-goruslerini-anlatti\/","og_site_name":"Haber Kuzey","article_published_time":"2024-11-07T16:44:18+00:00","og_image":[{"url":"https:\/\/brtk.net\/wp-content\/uploads\/2024\/11\/07\/ekran-goruntusu-2024-11-07-164727.png?ver=3a69e1be4df04e0a7ec1fab736d91d59","type":"","width":"","height":""}],"author":"haberkuzey","twitter_card":"summary_large_image","twitter_misc":{"Yazan:":"haberkuzey","Tahmini okuma s\u00fcresi":"3 dakika"},"schema":{"@context":"https:\/\/schema.org","@graph":[{"@type":"Article","@id":"https:\/\/haberkuzey.com\/index.php\/2024\/11\/07\/ab-komisyonunun-genislemeden-sorumlu-uye-adayi-kosun-turkiyenin-adayligi-ve-kibris-konusunda-goruslerini-anlatti\/#article","isPartOf":{"@id":"https:\/\/haberkuzey.com\/index.php\/2024\/11\/07\/ab-komisyonunun-genislemeden-sorumlu-uye-adayi-kosun-turkiyenin-adayligi-ve-kibris-konusunda-goruslerini-anlatti\/"},"author":{"name":"haberkuzey","@id":"https:\/\/haberkuzey.com\/#\/schema\/person\/3372109ec735f9333f4fa47ebb9605ca"},"headline":"AB Komisyonu\u2019nun geni\u015flemeden sorumlu \u00fcye aday\u0131 Kos\u2019un T\u00fcrkiye\u2019nin adayl\u0131\u011f\u0131 ve K\u0131br\u0131s konusunda g\u00f6r\u00fc\u015flerini anlatt\u0131","datePublished":"2024-11-07T16:44:18+00:00","mainEntityOfPage":{"@id":"https:\/\/haberkuzey.com\/index.php\/2024\/11\/07\/ab-komisyonunun-genislemeden-sorumlu-uye-adayi-kosun-turkiyenin-adayligi-ve-kibris-konusunda-goruslerini-anlatti\/"},"wordCount":556,"commentCount":0,"image":{"@id":"https:\/\/haberkuzey.com\/index.php\/2024\/11\/07\/ab-komisyonunun-genislemeden-sorumlu-uye-adayi-kosun-turkiyenin-adayligi-ve-kibris-konusunda-goruslerini-anlatti\/#primaryimage"},"thumbnailUrl":"https:\/\/haberkuzey.com\/wp-content\/uploads\/2024\/11\/ekran-goruntusu-2024-11-07-164727.png","articleSection":["D\u00fcnya"],"inLanguage":"tr","potentialAction":[{"@type":"CommentAction","name":"Comment","target":["https:\/\/haberkuzey.com\/index.php\/2024\/11\/07\/ab-komisyonunun-genislemeden-sorumlu-uye-adayi-kosun-turkiyenin-adayligi-ve-kibris-konusunda-goruslerini-anlatti\/#respond"]}]},{"@type":"WebPage","@id":"https:\/\/haberkuzey.com\/index.php\/2024\/11\/07\/ab-komisyonunun-genislemeden-sorumlu-uye-adayi-kosun-turkiyenin-adayligi-ve-kibris-konusunda-goruslerini-anlatti\/","url":"https:\/\/haberkuzey.com\/index.php\/2024\/11\/07\/ab-komisyonunun-genislemeden-sorumlu-uye-adayi-kosun-turkiyenin-adayligi-ve-kibris-konusunda-goruslerini-anlatti\/","name":"AB Komisyonu\u2019nun geni\u015flemeden sorumlu \u00fcye aday\u0131 Kos\u2019un T\u00fcrkiye\u2019nin adayl\u0131\u011f\u0131 ve K\u0131br\u0131s konusunda g\u00f6r\u00fc\u015flerini anlatt\u0131 - Haber Kuzey","isPartOf":{"@id":"https:\/\/haberkuzey.com\/#website"},"primaryImageOfPage":{"@id":"https:\/\/haberkuzey.com\/index.php\/2024\/11\/07\/ab-komisyonunun-genislemeden-sorumlu-uye-adayi-kosun-turkiyenin-adayligi-ve-kibris-konusunda-goruslerini-anlatti\/#primaryimage"},"image":{"@id":"https:\/\/haberkuzey.com\/index.php\/2024\/11\/07\/ab-komisyonunun-genislemeden-sorumlu-uye-adayi-kosun-turkiyenin-adayligi-ve-kibris-konusunda-goruslerini-anlatti\/#primaryimage"},"thumbnailUrl":"https:\/\/haberkuzey.com\/wp-content\/uploads\/2024\/11\/ekran-goruntusu-2024-11-07-164727.png","datePublished":"2024-11-07T16:44:18+00:00","author":{"@id":"https:\/\/haberkuzey.com\/#\/schema\/person\/3372109ec735f9333f4fa47ebb9605ca"},"breadcrumb":{"@id":"https:\/\/haberkuzey.com\/index.php\/2024\/11\/07\/ab-komisyonunun-genislemeden-sorumlu-uye-adayi-kosun-turkiyenin-adayligi-ve-kibris-konusunda-goruslerini-anlatti\/#breadcrumb"},"inLanguage":"tr","potentialAction":[{"@type":"ReadAction","target":["https:\/\/haberkuzey.com\/index.php\/2024\/11\/07\/ab-komisyonunun-genislemeden-sorumlu-uye-adayi-kosun-turkiyenin-adayligi-ve-kibris-konusunda-goruslerini-anlatti\/"]}]},{"@type":"ImageObject","inLanguage":"tr","@id":"https:\/\/haberkuzey.com\/index.php\/2024\/11\/07\/ab-komisyonunun-genislemeden-sorumlu-uye-adayi-kosun-turkiyenin-adayligi-ve-kibris-konusunda-goruslerini-anlatti\/#primaryimage","url":"https:\/\/haberkuzey.com\/wp-content\/uploads\/2024\/11\/ekran-goruntusu-2024-11-07-164727.png","contentUrl":"https:\/\/haberkuzey.com\/wp-content\/uploads\/2024\/11\/ekran-goruntusu-2024-11-07-164727.png","width":1142,"height":640},{"@type":"BreadcrumbList","@id":"https:\/\/haberkuzey.com\/index.php\/2024\/11\/07\/ab-komisyonunun-genislemeden-sorumlu-uye-adayi-kosun-turkiyenin-adayligi-ve-kibris-konusunda-goruslerini-anlatti\/#breadcrumb","itemListElement":[{"@type":"ListItem","position":1,"name":"Anasayfa","item":"https:\/\/haberkuzey.com\/"},{"@type":"ListItem","position":2,"name":"AB Komisyonu\u2019nun geni\u015flemeden sorumlu \u00fcye aday\u0131 Kos\u2019un T\u00fcrkiye\u2019nin adayl\u0131\u011f\u0131 ve K\u0131br\u0131s konusunda g\u00f6r\u00fc\u015flerini anlatt\u0131"}]},{"@type":"WebSite","@id":"https:\/\/haberkuzey.com\/#website","url":"https:\/\/haberkuzey.com\/","name":"Haber Kuzey","description":"Do\u011fru Haberin Adresi","potentialAction":[{"@type":"SearchAction","target":{"@type":"EntryPoint","urlTemplate":"https:\/\/haberkuzey.com\/?s={search_term_string}"},"query-input":{"@type":"PropertyValueSpecification","valueRequired":true,"valueName":"search_term_string"}}],"inLanguage":"tr"},{"@type":"Person","@id":"https:\/\/haberkuzey.com\/#\/schema\/person\/3372109ec735f9333f4fa47ebb9605ca","name":"haberkuzey","image":{"@type":"ImageObject","inLanguage":"tr","@id":"https:\/\/secure.gravatar.com\/avatar\/f5fc875574b1575324358c3b9e6a32b8227aa5b74f3fa22e3cadb63e26fcc39c?s=96&d=mm&r=g","url":"https:\/\/secure.gravatar.com\/avatar\/f5fc875574b1575324358c3b9e6a32b8227aa5b74f3fa22e3cadb63e26fcc39c?s=96&d=mm&r=g","contentUrl":"https:\/\/secure.gravatar.com\/avatar\/f5fc875574b1575324358c3b9e6a32b8227aa5b74f3fa22e3cadb63e26fcc39c?s=96&d=mm&r=g","caption":"haberkuzey"},"sameAs":["https:\/\/haberkuzey.com"],"url":"https:\/\/haberkuzey.com\/index.php\/author\/haberkuzey\/"}]}},"_links":{"self":[{"href":"https:\/\/haberkuzey.com\/index.php\/wp-json\/wp\/v2\/posts\/12551","targetHints":{"allow":["GET"]}}],"collection":[{"href":"https:\/\/haberkuzey.com\/index.php\/wp-json\/wp\/v2\/posts"}],"about":[{"href":"https:\/\/haberkuzey.com\/index.php\/wp-json\/wp\/v2\/types\/post"}],"author":[{"embeddable":true,"href":"https:\/\/haberkuzey.com\/index.php\/wp-json\/wp\/v2\/users\/1"}],"replies":[{"embeddable":true,"href":"https:\/\/haberkuzey.com\/index.php\/wp-json\/wp\/v2\/comments?post=12551"}],"version-history":[{"count":0,"href":"https:\/\/haberkuzey.com\/index.php\/wp-json\/wp\/v2\/posts\/12551\/revisions"}],"wp:featuredmedia":[{"embeddable":true,"href":"https:\/\/haberkuzey.com\/index.php\/wp-json\/wp\/v2\/media\/12552"}],"wp:attachment":[{"href":"https:\/\/haberkuzey.com\/index.php\/wp-json\/wp\/v2\/media?parent=12551"}],"wp:term":[{"taxonomy":"category","embeddable":true,"href":"https:\/\/haberkuzey.com\/index.php\/wp-json\/wp\/v2\/categories?post=12551"},{"taxonomy":"post_tag","embeddable":true,"href":"https:\/\/haberkuzey.com\/index.php\/wp-json\/wp\/v2\/tags?post=12551"}],"curies":[{"name":"wp","href":"https:\/\/api.w.org\/{rel}","templated":true}]}}