{"id":12452,"date":"2024-11-06T10:35:46","date_gmt":"2024-11-06T08:35:46","guid":{"rendered":"https:\/\/haberkuzey.com\/index.php\/2024\/11\/06\/tc-cumhurbaskani-erdogan-kktcnin-teskilatimizin-bugunku-zirvesinde-onur-konugu-olarak-yer-almasi-dayanisma-irademizin-tezahurudur-kendilerinin-yakin-zamanda-tam-uye-olarak-yer-almasini-bek\/"},"modified":"2024-11-06T10:35:46","modified_gmt":"2024-11-06T08:35:46","slug":"tc-cumhurbaskani-erdogan-kktcnin-teskilatimizin-bugunku-zirvesinde-onur-konugu-olarak-yer-almasi-dayanisma-irademizin-tezahurudur-kendilerinin-yakin-zamanda-tam-uye-olarak-yer-almasini-bek","status":"publish","type":"post","link":"https:\/\/haberkuzey.com\/index.php\/2024\/11\/06\/tc-cumhurbaskani-erdogan-kktcnin-teskilatimizin-bugunku-zirvesinde-onur-konugu-olarak-yer-almasi-dayanisma-irademizin-tezahurudur-kendilerinin-yakin-zamanda-tam-uye-olarak-yer-almasini-bek\/","title":{"rendered":"TC Cumhurba\u015fkan\u0131  Erdo\u011fan: KKTC\u2019nin te\u015fkilat\u0131m\u0131z\u0131n bug\u00fcnk\u00fc zirvesinde onur konu\u011fu olarak yer almas\u0131 dayan\u0131\u015fma irademizin tezah\u00fcr\u00fcd\u00fcr. Kendilerinin yak\u0131n zamanda tam \u00fcye olarak yer almas\u0131n\u0131 bekliyoruz. K\u0131br\u0131s\u2019ta adil \u00e7\u00f6z\u00fcm i\u00e7in T\u00fcrk d\u00fcnyas\u0131na sorumluluk d\u00fc\u015f\u00fcyor"},"content":{"rendered":"<div>\n<div class=\"mariselle-image-container center\">\n                                            <\/div>\n<p>TC Cumhurba\u015fkan\u0131 Recep Tayyip Erdo\u011fan, \u2060T\u00fcrk Devletleri Te\u015fkilat\u0131 11. Devlet ve H\u00fck\u00fcmet Ba\u015fkanlar\u0131 Zirvesi\u2019nde konu\u015ftu.<\/p>\n<p><strong>\u201cTe\u015fkilat\u0131m\u0131z\u0131 \u00e7ok daha ileriye ta\u015f\u0131yaca\u011f\u0131z\u201d<\/strong><br \/>Ata yurdumuz Bi\u015fkek\u2019te bulunmaktan memnuniyet duyuyorum. Zirvemizin t\u00fcm T\u00fcrk d\u00fcnyas\u0131 i\u00e7in hay\u0131rlara vesile olmas\u0131n\u0131 diliyorum. T\u00fcrk d\u00fcnyas\u0131 i\u00e7in ortak bir gelecek in\u015fas\u0131n\u0131 hedef al\u0131yoruz. T\u00fcrk Devletleri Te\u015fkilat\u0131, \u00f6rnek al\u0131nan bir platform haline gelmi\u015ftir. T\u00fcrk d\u00fcnyas\u0131n\u0131 ilelebet payidar k\u0131lacak g\u00fc\u00e7l\u00fc irade masan\u0131n etraf\u0131ndaki t\u00fcm dostlar\u0131mda ziyadesiyle mevcuttur. Te\u015fkilat\u0131m\u0131z\u0131 \u00e7ok daha ileriye ta\u015f\u0131yaca\u011f\u0131z. <\/p>\n<p><strong>\u201cSoyk\u0131r\u0131m\u0131n durdurulmas\u0131 noktas\u0131nda uluslararas\u0131 toplum k\u00f6t\u00fc bir s\u0131nav veriyor\u201d<\/strong><br \/>Gazze ba\u015fta olmak \u00fczere i\u015fgal alt\u0131ndaki Filistin topraklar\u0131nda ya\u015fanan soyk\u0131r\u0131m\u0131n durdurulmas\u0131 noktas\u0131nda uluslararas\u0131 toplum k\u00f6t\u00fc bir s\u0131nav veriyor. Karar dahi alam\u0131yor, almak istemiyor. \u0130srail\u2019in kan ve g\u00f6zya\u015f\u0131n\u0131 t\u00fcm b\u00f6lgeye yayma hedefini g\u00f6r\u00fcyoruz. T\u00fcrkiye olarak bu vah\u015feti, katliam\u0131 kabul etmiyoruz. \u0130srail\u2019i durdurmak Filistin devletini kal\u0131c\u0131 tesis etmek i\u00e7in elimizden gelen gayreti g\u00f6steriyoruz. <\/p>\n<p><strong>\u201cK\u0131br\u0131s\u2019ta adil \u00e7\u00f6z\u00fcm i\u00e7in T\u00fcrk d\u00fcnyas\u0131na sorumluluk d\u00fc\u015f\u00fcyor\u201d<\/strong><br \/>Azerbaycan\u2019\u0131n \u015fehitler vererek elde etti\u011fi tarihi kazan\u0131mlar\u0131n bir bar\u0131\u015f anla\u015fmas\u0131 imzalanmas\u0131 suretiyle masada da per\u00e7inlenmesini \u00fcmit ve temenni ediyoruz.<a href=\"https:\/\/brtk.net\/\">KKTC\u2018nin te\u015fkilat\u0131m\u0131z\u0131n bug\u00fcnk\u00fc zirvesinde onur konu\u011fu olarak yer almas\u0131 dayan\u0131\u015fma irademizin tezah\u00fcr\u00fcd\u00fcr. Kendilerinin yak\u0131n zamanda tam \u00fcye olarak yer almas\u0131n\u0131 bekliyoruz. K\u0131br\u0131s\u2019ta adil \u00e7\u00f6z\u00fcm i\u00e7in T\u00fcrk d\u00fcnyas\u0131na sorumluluk d\u00fc\u015f\u00fcyor.  Ukrayna\u2019da da kal\u0131c\u0131 ve adil bir bar\u0131\u015f\u0131 destekliyoruz. <\/p>\n<blockquote class=\"twitter-tweet\" data-media-max-width=\"560\">\n<p lang=\"tr\" dir=\"ltr\">\u201c<a href=\"https:\/\/brtk.net\/\">KKTC\u2019nin en k\u0131sa zamanda tam \u00fcye olarak aram\u0131zdaki yerini almas\u0131n\u0131 bekliyoruz\u201d<\/p>\n<p>Cumhurba\u015fkan\u0131 Erdo\u011fan: <a href=\"https:\/\/brtk.net\/\">KKTC\u2019nin te\u015fkilat\u0131m\u0131z\u0131n bug\u00fcnk\u00fc zirvesinde onur konu\u011fu ve g\u00f6zlemci \u00fcye olarak yer almas\u0131 T\u00fcrk d\u00fcnyas\u0131 olarak K\u0131br\u0131s T\u00fcrk\u00fc ile dayan\u0131\u015fma irademizin tezah\u00fcr\u00fcd\u00fcr. <a href=\"https:\/\/t.co\/Utcp8JXoee\">pic.twitter.com\/Utcp8JXoee<\/a><\/p>\n<p>\u2014 TRT Haber Canl\u0131 (@trthabercanli) <a href=\"https:\/\/twitter.com\/trthabercanli\/status\/1854073909903343854?ref_src=twsrc%5Etfw\">November 6, 2024<\/a><\/p>\n<\/blockquote>\n<p><strong>\u201cPotansiyelimizi ortaya \u00e7\u0131karmak i\u00e7in i\u015f birli\u011fimizi geli\u015ftirelim\u201d<\/strong><br \/>175 milyona ula\u015fan gen\u00e7 ve dinamik n\u00fcfusumuz ve ticaret hacmimizle b\u00fcy\u00fck at\u0131l\u0131mlar ger\u00e7ekle\u015febilir. Bilim, enerji ve ula\u015ft\u0131rma gibi alanlarda potansiyelimizi ortaya \u00e7\u0131karmak i\u00e7in i\u015f birli\u011fimizi geli\u015ftirelim. Ge\u00e7en sene hayata ge\u00e7irdi\u011fimiz T\u00fcrk projelerimize destek sa\u011flayaca\u011f\u0131ndan eminim. Enerji konusunda da tek kayna\u011fa ba\u011f\u0131ml\u0131l\u0131\u011f\u0131 azaltmal\u0131y\u0131z. <\/p>\n<p><strong>\u201cOrtak alfabemiz gelece\u011fi birlikte in\u015fa etmemizin de ni\u015fanesi\u201d<\/strong><br \/>Ortak alfabe olu\u015fturulmas\u0131 \u00e7abas\u0131 Eyl\u00fcl 2024\u2019te tamamland\u0131. Ortak alfabemiz gelece\u011fi birlikte in\u015fa etmemizin de ni\u015fanesidir. Bundan sonra \u00fcye \u00fclkelerin bu alfabeyi esas alarak gerekli d\u00f6n\u00fc\u015f\u00fcm\u00fc ger\u00e7ekle\u015ftirmesi gerekiyor. \u00dcyelerimizin yeni alfabeye ge\u00e7i\u015fte ad\u0131m atmas\u0131 isabetli olacak. T\u00fcrk d\u00fcnyas\u0131 y\u00fczy\u0131l\u0131 i\u00e7in birlikte \u00e7al\u0131\u015faca\u011f\u0131z.<\/p>\n<\/p><\/div>\n<p><script async src=\"\/\/platform.twitter.com\/widgets.js\" charset=\"utf-8\"><\/script><script async\n                    defer\n                    crossorigin=\"anonymous\"\n                    src=\"https:\/\/connect.facebook.net\/tr_TR\/sdk.js#xfbml=1&#038;version=v3.3\"\n            ><\/script><\/p>\n","protected":false},"excerpt":{"rendered":"<p>TC Cumhurba\u015fkan\u0131 Recep Tayyip Erdo\u011fan, \u2060T\u00fcrk Devletleri Te\u015fkilat\u0131 11. Devlet ve H\u00fck\u00fcmet Ba\u015fkanlar\u0131 Zirvesi\u2019nde konu\u015ftu. \u201cTe\u015fkilat\u0131m\u0131z\u0131 \u00e7ok daha ileriye ta\u015f\u0131yaca\u011f\u0131z\u201dAta yurdumuz Bi\u015fkek\u2019te bulunmaktan memnuniyet duyuyorum. Zirvemizin t\u00fcm T\u00fcrk d\u00fcnyas\u0131 i\u00e7in hay\u0131rlara vesile olmas\u0131n\u0131 diliyorum. T\u00fcrk d\u00fcnyas\u0131 i\u00e7in ortak bir gelecek in\u015fas\u0131n\u0131 hedef al\u0131yoruz. T\u00fcrk Devletleri Te\u015fkilat\u0131, \u00f6rnek al\u0131nan bir platform haline gelmi\u015ftir. T\u00fcrk d\u00fcnyas\u0131n\u0131 ilelebet [&hellip;]<\/p>\n","protected":false},"author":1,"featured_media":12451,"comment_status":"open","ping_status":"open","sticky":false,"template":"","format":"standard","meta":{"jnews-multi-image_gallery":[],"jnews_single_post":[],"jnews_primary_category":[],"footnotes":""},"categories":[2],"tags":[],"class_list":["post-12452","post","type-post","status-publish","format-standard","has-post-thumbnail","hentry","category-dunya"],"yoast_head":"<!-- This site is optimized with the Yoast SEO plugin v27.4 - https:\/\/yoast.com\/product\/yoast-seo-wordpress\/ -->\n<title>TC Cumhurba\u015fkan\u0131 Erdo\u011fan: KKTC\u2019nin te\u015fkilat\u0131m\u0131z\u0131n bug\u00fcnk\u00fc zirvesinde onur konu\u011fu olarak yer almas\u0131 dayan\u0131\u015fma irademizin tezah\u00fcr\u00fcd\u00fcr. Kendilerinin yak\u0131n zamanda tam \u00fcye olarak yer almas\u0131n\u0131 bekliyoruz. K\u0131br\u0131s\u2019ta adil \u00e7\u00f6z\u00fcm i\u00e7in T\u00fcrk d\u00fcnyas\u0131na sorumluluk d\u00fc\u015f\u00fcyor - Haber Kuzey<\/title>\n<meta name=\"robots\" content=\"index, follow, max-snippet:-1, max-image-preview:large, max-video-preview:-1\" \/>\n<link rel=\"canonical\" href=\"https:\/\/haberkuzey.com\/index.php\/2024\/11\/06\/tc-cumhurbaskani-erdogan-kktcnin-teskilatimizin-bugunku-zirvesinde-onur-konugu-olarak-yer-almasi-dayanisma-irademizin-tezahurudur-kendilerinin-yakin-zamanda-tam-uye-olarak-yer-almasini-bek\/\" \/>\n<meta property=\"og:locale\" content=\"tr_TR\" \/>\n<meta property=\"og:type\" content=\"article\" \/>\n<meta property=\"og:title\" content=\"TC Cumhurba\u015fkan\u0131 Erdo\u011fan: KKTC\u2019nin te\u015fkilat\u0131m\u0131z\u0131n bug\u00fcnk\u00fc zirvesinde onur konu\u011fu olarak yer almas\u0131 dayan\u0131\u015fma irademizin tezah\u00fcr\u00fcd\u00fcr. Kendilerinin yak\u0131n zamanda tam \u00fcye olarak yer almas\u0131n\u0131 bekliyoruz. K\u0131br\u0131s\u2019ta adil \u00e7\u00f6z\u00fcm i\u00e7in T\u00fcrk d\u00fcnyas\u0131na sorumluluk d\u00fc\u015f\u00fcyor - Haber Kuzey\" \/>\n<meta property=\"og:description\" content=\"TC Cumhurba\u015fkan\u0131 Recep Tayyip Erdo\u011fan, \u2060T\u00fcrk Devletleri Te\u015fkilat\u0131 11. Devlet ve H\u00fck\u00fcmet Ba\u015fkanlar\u0131 Zirvesi\u2019nde konu\u015ftu. \u201cTe\u015fkilat\u0131m\u0131z\u0131 \u00e7ok daha ileriye ta\u015f\u0131yaca\u011f\u0131z\u201dAta yurdumuz Bi\u015fkek\u2019te bulunmaktan memnuniyet duyuyorum. Zirvemizin t\u00fcm T\u00fcrk d\u00fcnyas\u0131 i\u00e7in hay\u0131rlara vesile olmas\u0131n\u0131 diliyorum. T\u00fcrk d\u00fcnyas\u0131 i\u00e7in ortak bir gelecek in\u015fas\u0131n\u0131 hedef al\u0131yoruz. T\u00fcrk Devletleri Te\u015fkilat\u0131, \u00f6rnek al\u0131nan bir platform haline gelmi\u015ftir. T\u00fcrk d\u00fcnyas\u0131n\u0131 ilelebet [&hellip;]\" \/>\n<meta property=\"og:url\" content=\"https:\/\/haberkuzey.com\/index.php\/2024\/11\/06\/tc-cumhurbaskani-erdogan-kktcnin-teskilatimizin-bugunku-zirvesinde-onur-konugu-olarak-yer-almasi-dayanisma-irademizin-tezahurudur-kendilerinin-yakin-zamanda-tam-uye-olarak-yer-almasini-bek\/\" \/>\n<meta property=\"og:site_name\" content=\"Haber Kuzey\" \/>\n<meta property=\"article:published_time\" content=\"2024-11-06T08:35:46+00:00\" \/>\n<meta property=\"og:image\" content=\"https:\/\/brtk.net\/wp-content\/uploads\/2024\/11\/06\/252s.jpg?ver=06e546d05868060b2faf83b0c4b7c3f4\" \/>\n<meta name=\"author\" content=\"haberkuzey\" \/>\n<meta name=\"twitter:card\" content=\"summary_large_image\" \/>\n<meta name=\"twitter:label1\" content=\"Yazan:\" \/>\n\t<meta name=\"twitter:data1\" content=\"haberkuzey\" \/>\n\t<meta name=\"twitter:label2\" content=\"Tahmini okuma s\u00fcresi\" \/>\n\t<meta name=\"twitter:data2\" content=\"3 dakika\" \/>\n<script type=\"application\/ld+json\" class=\"yoast-schema-graph\">{\"@context\":\"https:\\\/\\\/schema.org\",\"@graph\":[{\"@type\":\"Article\",\"@id\":\"https:\\\/\\\/haberkuzey.com\\\/index.php\\\/2024\\\/11\\\/06\\\/tc-cumhurbaskani-erdogan-kktcnin-teskilatimizin-bugunku-zirvesinde-onur-konugu-olarak-yer-almasi-dayanisma-irademizin-tezahurudur-kendilerinin-yakin-zamanda-tam-uye-olarak-yer-almasini-bek\\\/#article\",\"isPartOf\":{\"@id\":\"https:\\\/\\\/haberkuzey.com\\\/index.php\\\/2024\\\/11\\\/06\\\/tc-cumhurbaskani-erdogan-kktcnin-teskilatimizin-bugunku-zirvesinde-onur-konugu-olarak-yer-almasi-dayanisma-irademizin-tezahurudur-kendilerinin-yakin-zamanda-tam-uye-olarak-yer-almasini-bek\\\/\"},\"author\":{\"name\":\"haberkuzey\",\"@id\":\"https:\\\/\\\/haberkuzey.com\\\/#\\\/schema\\\/person\\\/3372109ec735f9333f4fa47ebb9605ca\"},\"headline\":\"TC Cumhurba\u015fkan\u0131 Erdo\u011fan: KKTC\u2019nin te\u015fkilat\u0131m\u0131z\u0131n bug\u00fcnk\u00fc zirvesinde onur konu\u011fu olarak yer almas\u0131 dayan\u0131\u015fma irademizin tezah\u00fcr\u00fcd\u00fcr. Kendilerinin yak\u0131n zamanda tam \u00fcye olarak yer almas\u0131n\u0131 bekliyoruz. K\u0131br\u0131s\u2019ta adil \u00e7\u00f6z\u00fcm i\u00e7in T\u00fcrk d\u00fcnyas\u0131na sorumluluk d\u00fc\u015f\u00fcyor\",\"datePublished\":\"2024-11-06T08:35:46+00:00\",\"mainEntityOfPage\":{\"@id\":\"https:\\\/\\\/haberkuzey.com\\\/index.php\\\/2024\\\/11\\\/06\\\/tc-cumhurbaskani-erdogan-kktcnin-teskilatimizin-bugunku-zirvesinde-onur-konugu-olarak-yer-almasi-dayanisma-irademizin-tezahurudur-kendilerinin-yakin-zamanda-tam-uye-olarak-yer-almasini-bek\\\/\"},\"wordCount\":579,\"commentCount\":0,\"image\":{\"@id\":\"https:\\\/\\\/haberkuzey.com\\\/index.php\\\/2024\\\/11\\\/06\\\/tc-cumhurbaskani-erdogan-kktcnin-teskilatimizin-bugunku-zirvesinde-onur-konugu-olarak-yer-almasi-dayanisma-irademizin-tezahurudur-kendilerinin-yakin-zamanda-tam-uye-olarak-yer-almasini-bek\\\/#primaryimage\"},\"thumbnailUrl\":\"https:\\\/\\\/haberkuzey.com\\\/wp-content\\\/uploads\\\/2024\\\/11\\\/252s.jpg\",\"articleSection\":[\"D\u00fcnya\"],\"inLanguage\":\"tr\",\"potentialAction\":[{\"@type\":\"CommentAction\",\"name\":\"Comment\",\"target\":[\"https:\\\/\\\/haberkuzey.com\\\/index.php\\\/2024\\\/11\\\/06\\\/tc-cumhurbaskani-erdogan-kktcnin-teskilatimizin-bugunku-zirvesinde-onur-konugu-olarak-yer-almasi-dayanisma-irademizin-tezahurudur-kendilerinin-yakin-zamanda-tam-uye-olarak-yer-almasini-bek\\\/#respond\"]}]},{\"@type\":\"WebPage\",\"@id\":\"https:\\\/\\\/haberkuzey.com\\\/index.php\\\/2024\\\/11\\\/06\\\/tc-cumhurbaskani-erdogan-kktcnin-teskilatimizin-bugunku-zirvesinde-onur-konugu-olarak-yer-almasi-dayanisma-irademizin-tezahurudur-kendilerinin-yakin-zamanda-tam-uye-olarak-yer-almasini-bek\\\/\",\"url\":\"https:\\\/\\\/haberkuzey.com\\\/index.php\\\/2024\\\/11\\\/06\\\/tc-cumhurbaskani-erdogan-kktcnin-teskilatimizin-bugunku-zirvesinde-onur-konugu-olarak-yer-almasi-dayanisma-irademizin-tezahurudur-kendilerinin-yakin-zamanda-tam-uye-olarak-yer-almasini-bek\\\/\",\"name\":\"TC Cumhurba\u015fkan\u0131 Erdo\u011fan: KKTC\u2019nin te\u015fkilat\u0131m\u0131z\u0131n bug\u00fcnk\u00fc zirvesinde onur konu\u011fu olarak yer almas\u0131 dayan\u0131\u015fma irademizin tezah\u00fcr\u00fcd\u00fcr. Kendilerinin yak\u0131n zamanda tam \u00fcye olarak yer almas\u0131n\u0131 bekliyoruz. K\u0131br\u0131s\u2019ta adil \u00e7\u00f6z\u00fcm i\u00e7in T\u00fcrk d\u00fcnyas\u0131na sorumluluk d\u00fc\u015f\u00fcyor - Haber Kuzey\",\"isPartOf\":{\"@id\":\"https:\\\/\\\/haberkuzey.com\\\/#website\"},\"primaryImageOfPage\":{\"@id\":\"https:\\\/\\\/haberkuzey.com\\\/index.php\\\/2024\\\/11\\\/06\\\/tc-cumhurbaskani-erdogan-kktcnin-teskilatimizin-bugunku-zirvesinde-onur-konugu-olarak-yer-almasi-dayanisma-irademizin-tezahurudur-kendilerinin-yakin-zamanda-tam-uye-olarak-yer-almasini-bek\\\/#primaryimage\"},\"image\":{\"@id\":\"https:\\\/\\\/haberkuzey.com\\\/index.php\\\/2024\\\/11\\\/06\\\/tc-cumhurbaskani-erdogan-kktcnin-teskilatimizin-bugunku-zirvesinde-onur-konugu-olarak-yer-almasi-dayanisma-irademizin-tezahurudur-kendilerinin-yakin-zamanda-tam-uye-olarak-yer-almasini-bek\\\/#primaryimage\"},\"thumbnailUrl\":\"https:\\\/\\\/haberkuzey.com\\\/wp-content\\\/uploads\\\/2024\\\/11\\\/252s.jpg\",\"datePublished\":\"2024-11-06T08:35:46+00:00\",\"author\":{\"@id\":\"https:\\\/\\\/haberkuzey.com\\\/#\\\/schema\\\/person\\\/3372109ec735f9333f4fa47ebb9605ca\"},\"breadcrumb\":{\"@id\":\"https:\\\/\\\/haberkuzey.com\\\/index.php\\\/2024\\\/11\\\/06\\\/tc-cumhurbaskani-erdogan-kktcnin-teskilatimizin-bugunku-zirvesinde-onur-konugu-olarak-yer-almasi-dayanisma-irademizin-tezahurudur-kendilerinin-yakin-zamanda-tam-uye-olarak-yer-almasini-bek\\\/#breadcrumb\"},\"inLanguage\":\"tr\",\"potentialAction\":[{\"@type\":\"ReadAction\",\"target\":[\"https:\\\/\\\/haberkuzey.com\\\/index.php\\\/2024\\\/11\\\/06\\\/tc-cumhurbaskani-erdogan-kktcnin-teskilatimizin-bugunku-zirvesinde-onur-konugu-olarak-yer-almasi-dayanisma-irademizin-tezahurudur-kendilerinin-yakin-zamanda-tam-uye-olarak-yer-almasini-bek\\\/\"]}]},{\"@type\":\"ImageObject\",\"inLanguage\":\"tr\",\"@id\":\"https:\\\/\\\/haberkuzey.com\\\/index.php\\\/2024\\\/11\\\/06\\\/tc-cumhurbaskani-erdogan-kktcnin-teskilatimizin-bugunku-zirvesinde-onur-konugu-olarak-yer-almasi-dayanisma-irademizin-tezahurudur-kendilerinin-yakin-zamanda-tam-uye-olarak-yer-almasini-bek\\\/#primaryimage\",\"url\":\"https:\\\/\\\/haberkuzey.com\\\/wp-content\\\/uploads\\\/2024\\\/11\\\/252s.jpg\",\"contentUrl\":\"https:\\\/\\\/haberkuzey.com\\\/wp-content\\\/uploads\\\/2024\\\/11\\\/252s.jpg\",\"width\":1561,\"height\":648},{\"@type\":\"BreadcrumbList\",\"@id\":\"https:\\\/\\\/haberkuzey.com\\\/index.php\\\/2024\\\/11\\\/06\\\/tc-cumhurbaskani-erdogan-kktcnin-teskilatimizin-bugunku-zirvesinde-onur-konugu-olarak-yer-almasi-dayanisma-irademizin-tezahurudur-kendilerinin-yakin-zamanda-tam-uye-olarak-yer-almasini-bek\\\/#breadcrumb\",\"itemListElement\":[{\"@type\":\"ListItem\",\"position\":1,\"name\":\"Anasayfa\",\"item\":\"https:\\\/\\\/haberkuzey.com\\\/\"},{\"@type\":\"ListItem\",\"position\":2,\"name\":\"TC Cumhurba\u015fkan\u0131 Erdo\u011fan: KKTC\u2019nin te\u015fkilat\u0131m\u0131z\u0131n bug\u00fcnk\u00fc zirvesinde onur konu\u011fu olarak yer almas\u0131 dayan\u0131\u015fma irademizin tezah\u00fcr\u00fcd\u00fcr. Kendilerinin yak\u0131n zamanda tam \u00fcye olarak yer almas\u0131n\u0131 bekliyoruz. K\u0131br\u0131s\u2019ta adil \u00e7\u00f6z\u00fcm i\u00e7in T\u00fcrk d\u00fcnyas\u0131na sorumluluk d\u00fc\u015f\u00fcyor\"}]},{\"@type\":\"WebSite\",\"@id\":\"https:\\\/\\\/haberkuzey.com\\\/#website\",\"url\":\"https:\\\/\\\/haberkuzey.com\\\/\",\"name\":\"Haber Kuzey\",\"description\":\"Do\u011fru Haberin Adresi\",\"potentialAction\":[{\"@type\":\"SearchAction\",\"target\":{\"@type\":\"EntryPoint\",\"urlTemplate\":\"https:\\\/\\\/haberkuzey.com\\\/?s={search_term_string}\"},\"query-input\":{\"@type\":\"PropertyValueSpecification\",\"valueRequired\":true,\"valueName\":\"search_term_string\"}}],\"inLanguage\":\"tr\"},{\"@type\":\"Person\",\"@id\":\"https:\\\/\\\/haberkuzey.com\\\/#\\\/schema\\\/person\\\/3372109ec735f9333f4fa47ebb9605ca\",\"name\":\"haberkuzey\",\"image\":{\"@type\":\"ImageObject\",\"inLanguage\":\"tr\",\"@id\":\"https:\\\/\\\/secure.gravatar.com\\\/avatar\\\/f5fc875574b1575324358c3b9e6a32b8227aa5b74f3fa22e3cadb63e26fcc39c?s=96&d=mm&r=g\",\"url\":\"https:\\\/\\\/secure.gravatar.com\\\/avatar\\\/f5fc875574b1575324358c3b9e6a32b8227aa5b74f3fa22e3cadb63e26fcc39c?s=96&d=mm&r=g\",\"contentUrl\":\"https:\\\/\\\/secure.gravatar.com\\\/avatar\\\/f5fc875574b1575324358c3b9e6a32b8227aa5b74f3fa22e3cadb63e26fcc39c?s=96&d=mm&r=g\",\"caption\":\"haberkuzey\"},\"sameAs\":[\"https:\\\/\\\/haberkuzey.com\"],\"url\":\"https:\\\/\\\/haberkuzey.com\\\/index.php\\\/author\\\/haberkuzey\\\/\"}]}<\/script>\n<!-- \/ Yoast SEO plugin. -->","yoast_head_json":{"title":"TC Cumhurba\u015fkan\u0131 Erdo\u011fan: KKTC\u2019nin te\u015fkilat\u0131m\u0131z\u0131n bug\u00fcnk\u00fc zirvesinde onur konu\u011fu olarak yer almas\u0131 dayan\u0131\u015fma irademizin tezah\u00fcr\u00fcd\u00fcr. Kendilerinin yak\u0131n zamanda tam \u00fcye olarak yer almas\u0131n\u0131 bekliyoruz. K\u0131br\u0131s\u2019ta adil \u00e7\u00f6z\u00fcm i\u00e7in T\u00fcrk d\u00fcnyas\u0131na sorumluluk d\u00fc\u015f\u00fcyor - Haber Kuzey","robots":{"index":"index","follow":"follow","max-snippet":"max-snippet:-1","max-image-preview":"max-image-preview:large","max-video-preview":"max-video-preview:-1"},"canonical":"https:\/\/haberkuzey.com\/index.php\/2024\/11\/06\/tc-cumhurbaskani-erdogan-kktcnin-teskilatimizin-bugunku-zirvesinde-onur-konugu-olarak-yer-almasi-dayanisma-irademizin-tezahurudur-kendilerinin-yakin-zamanda-tam-uye-olarak-yer-almasini-bek\/","og_locale":"tr_TR","og_type":"article","og_title":"TC Cumhurba\u015fkan\u0131 Erdo\u011fan: KKTC\u2019nin te\u015fkilat\u0131m\u0131z\u0131n bug\u00fcnk\u00fc zirvesinde onur konu\u011fu olarak yer almas\u0131 dayan\u0131\u015fma irademizin tezah\u00fcr\u00fcd\u00fcr. Kendilerinin yak\u0131n zamanda tam \u00fcye olarak yer almas\u0131n\u0131 bekliyoruz. K\u0131br\u0131s\u2019ta adil \u00e7\u00f6z\u00fcm i\u00e7in T\u00fcrk d\u00fcnyas\u0131na sorumluluk d\u00fc\u015f\u00fcyor - Haber Kuzey","og_description":"TC Cumhurba\u015fkan\u0131 Recep Tayyip Erdo\u011fan, \u2060T\u00fcrk Devletleri Te\u015fkilat\u0131 11. Devlet ve H\u00fck\u00fcmet Ba\u015fkanlar\u0131 Zirvesi\u2019nde konu\u015ftu. \u201cTe\u015fkilat\u0131m\u0131z\u0131 \u00e7ok daha ileriye ta\u015f\u0131yaca\u011f\u0131z\u201dAta yurdumuz Bi\u015fkek\u2019te bulunmaktan memnuniyet duyuyorum. Zirvemizin t\u00fcm T\u00fcrk d\u00fcnyas\u0131 i\u00e7in hay\u0131rlara vesile olmas\u0131n\u0131 diliyorum. T\u00fcrk d\u00fcnyas\u0131 i\u00e7in ortak bir gelecek in\u015fas\u0131n\u0131 hedef al\u0131yoruz. T\u00fcrk Devletleri Te\u015fkilat\u0131, \u00f6rnek al\u0131nan bir platform haline gelmi\u015ftir. T\u00fcrk d\u00fcnyas\u0131n\u0131 ilelebet [&hellip;]","og_url":"https:\/\/haberkuzey.com\/index.php\/2024\/11\/06\/tc-cumhurbaskani-erdogan-kktcnin-teskilatimizin-bugunku-zirvesinde-onur-konugu-olarak-yer-almasi-dayanisma-irademizin-tezahurudur-kendilerinin-yakin-zamanda-tam-uye-olarak-yer-almasini-bek\/","og_site_name":"Haber Kuzey","article_published_time":"2024-11-06T08:35:46+00:00","og_image":[{"url":"https:\/\/brtk.net\/wp-content\/uploads\/2024\/11\/06\/252s.jpg?ver=06e546d05868060b2faf83b0c4b7c3f4","type":"","width":"","height":""}],"author":"haberkuzey","twitter_card":"summary_large_image","twitter_misc":{"Yazan:":"haberkuzey","Tahmini okuma s\u00fcresi":"3 dakika"},"schema":{"@context":"https:\/\/schema.org","@graph":[{"@type":"Article","@id":"https:\/\/haberkuzey.com\/index.php\/2024\/11\/06\/tc-cumhurbaskani-erdogan-kktcnin-teskilatimizin-bugunku-zirvesinde-onur-konugu-olarak-yer-almasi-dayanisma-irademizin-tezahurudur-kendilerinin-yakin-zamanda-tam-uye-olarak-yer-almasini-bek\/#article","isPartOf":{"@id":"https:\/\/haberkuzey.com\/index.php\/2024\/11\/06\/tc-cumhurbaskani-erdogan-kktcnin-teskilatimizin-bugunku-zirvesinde-onur-konugu-olarak-yer-almasi-dayanisma-irademizin-tezahurudur-kendilerinin-yakin-zamanda-tam-uye-olarak-yer-almasini-bek\/"},"author":{"name":"haberkuzey","@id":"https:\/\/haberkuzey.com\/#\/schema\/person\/3372109ec735f9333f4fa47ebb9605ca"},"headline":"TC Cumhurba\u015fkan\u0131 Erdo\u011fan: KKTC\u2019nin te\u015fkilat\u0131m\u0131z\u0131n bug\u00fcnk\u00fc zirvesinde onur konu\u011fu olarak yer almas\u0131 dayan\u0131\u015fma irademizin tezah\u00fcr\u00fcd\u00fcr. Kendilerinin yak\u0131n zamanda tam \u00fcye olarak yer almas\u0131n\u0131 bekliyoruz. K\u0131br\u0131s\u2019ta adil \u00e7\u00f6z\u00fcm i\u00e7in T\u00fcrk d\u00fcnyas\u0131na sorumluluk d\u00fc\u015f\u00fcyor","datePublished":"2024-11-06T08:35:46+00:00","mainEntityOfPage":{"@id":"https:\/\/haberkuzey.com\/index.php\/2024\/11\/06\/tc-cumhurbaskani-erdogan-kktcnin-teskilatimizin-bugunku-zirvesinde-onur-konugu-olarak-yer-almasi-dayanisma-irademizin-tezahurudur-kendilerinin-yakin-zamanda-tam-uye-olarak-yer-almasini-bek\/"},"wordCount":579,"commentCount":0,"image":{"@id":"https:\/\/haberkuzey.com\/index.php\/2024\/11\/06\/tc-cumhurbaskani-erdogan-kktcnin-teskilatimizin-bugunku-zirvesinde-onur-konugu-olarak-yer-almasi-dayanisma-irademizin-tezahurudur-kendilerinin-yakin-zamanda-tam-uye-olarak-yer-almasini-bek\/#primaryimage"},"thumbnailUrl":"https:\/\/haberkuzey.com\/wp-content\/uploads\/2024\/11\/252s.jpg","articleSection":["D\u00fcnya"],"inLanguage":"tr","potentialAction":[{"@type":"CommentAction","name":"Comment","target":["https:\/\/haberkuzey.com\/index.php\/2024\/11\/06\/tc-cumhurbaskani-erdogan-kktcnin-teskilatimizin-bugunku-zirvesinde-onur-konugu-olarak-yer-almasi-dayanisma-irademizin-tezahurudur-kendilerinin-yakin-zamanda-tam-uye-olarak-yer-almasini-bek\/#respond"]}]},{"@type":"WebPage","@id":"https:\/\/haberkuzey.com\/index.php\/2024\/11\/06\/tc-cumhurbaskani-erdogan-kktcnin-teskilatimizin-bugunku-zirvesinde-onur-konugu-olarak-yer-almasi-dayanisma-irademizin-tezahurudur-kendilerinin-yakin-zamanda-tam-uye-olarak-yer-almasini-bek\/","url":"https:\/\/haberkuzey.com\/index.php\/2024\/11\/06\/tc-cumhurbaskani-erdogan-kktcnin-teskilatimizin-bugunku-zirvesinde-onur-konugu-olarak-yer-almasi-dayanisma-irademizin-tezahurudur-kendilerinin-yakin-zamanda-tam-uye-olarak-yer-almasini-bek\/","name":"TC Cumhurba\u015fkan\u0131 Erdo\u011fan: KKTC\u2019nin te\u015fkilat\u0131m\u0131z\u0131n bug\u00fcnk\u00fc zirvesinde onur konu\u011fu olarak yer almas\u0131 dayan\u0131\u015fma irademizin tezah\u00fcr\u00fcd\u00fcr. Kendilerinin yak\u0131n zamanda tam \u00fcye olarak yer almas\u0131n\u0131 bekliyoruz. K\u0131br\u0131s\u2019ta adil \u00e7\u00f6z\u00fcm i\u00e7in T\u00fcrk d\u00fcnyas\u0131na sorumluluk d\u00fc\u015f\u00fcyor - Haber Kuzey","isPartOf":{"@id":"https:\/\/haberkuzey.com\/#website"},"primaryImageOfPage":{"@id":"https:\/\/haberkuzey.com\/index.php\/2024\/11\/06\/tc-cumhurbaskani-erdogan-kktcnin-teskilatimizin-bugunku-zirvesinde-onur-konugu-olarak-yer-almasi-dayanisma-irademizin-tezahurudur-kendilerinin-yakin-zamanda-tam-uye-olarak-yer-almasini-bek\/#primaryimage"},"image":{"@id":"https:\/\/haberkuzey.com\/index.php\/2024\/11\/06\/tc-cumhurbaskani-erdogan-kktcnin-teskilatimizin-bugunku-zirvesinde-onur-konugu-olarak-yer-almasi-dayanisma-irademizin-tezahurudur-kendilerinin-yakin-zamanda-tam-uye-olarak-yer-almasini-bek\/#primaryimage"},"thumbnailUrl":"https:\/\/haberkuzey.com\/wp-content\/uploads\/2024\/11\/252s.jpg","datePublished":"2024-11-06T08:35:46+00:00","author":{"@id":"https:\/\/haberkuzey.com\/#\/schema\/person\/3372109ec735f9333f4fa47ebb9605ca"},"breadcrumb":{"@id":"https:\/\/haberkuzey.com\/index.php\/2024\/11\/06\/tc-cumhurbaskani-erdogan-kktcnin-teskilatimizin-bugunku-zirvesinde-onur-konugu-olarak-yer-almasi-dayanisma-irademizin-tezahurudur-kendilerinin-yakin-zamanda-tam-uye-olarak-yer-almasini-bek\/#breadcrumb"},"inLanguage":"tr","potentialAction":[{"@type":"ReadAction","target":["https:\/\/haberkuzey.com\/index.php\/2024\/11\/06\/tc-cumhurbaskani-erdogan-kktcnin-teskilatimizin-bugunku-zirvesinde-onur-konugu-olarak-yer-almasi-dayanisma-irademizin-tezahurudur-kendilerinin-yakin-zamanda-tam-uye-olarak-yer-almasini-bek\/"]}]},{"@type":"ImageObject","inLanguage":"tr","@id":"https:\/\/haberkuzey.com\/index.php\/2024\/11\/06\/tc-cumhurbaskani-erdogan-kktcnin-teskilatimizin-bugunku-zirvesinde-onur-konugu-olarak-yer-almasi-dayanisma-irademizin-tezahurudur-kendilerinin-yakin-zamanda-tam-uye-olarak-yer-almasini-bek\/#primaryimage","url":"https:\/\/haberkuzey.com\/wp-content\/uploads\/2024\/11\/252s.jpg","contentUrl":"https:\/\/haberkuzey.com\/wp-content\/uploads\/2024\/11\/252s.jpg","width":1561,"height":648},{"@type":"BreadcrumbList","@id":"https:\/\/haberkuzey.com\/index.php\/2024\/11\/06\/tc-cumhurbaskani-erdogan-kktcnin-teskilatimizin-bugunku-zirvesinde-onur-konugu-olarak-yer-almasi-dayanisma-irademizin-tezahurudur-kendilerinin-yakin-zamanda-tam-uye-olarak-yer-almasini-bek\/#breadcrumb","itemListElement":[{"@type":"ListItem","position":1,"name":"Anasayfa","item":"https:\/\/haberkuzey.com\/"},{"@type":"ListItem","position":2,"name":"TC Cumhurba\u015fkan\u0131 Erdo\u011fan: KKTC\u2019nin te\u015fkilat\u0131m\u0131z\u0131n bug\u00fcnk\u00fc zirvesinde onur konu\u011fu olarak yer almas\u0131 dayan\u0131\u015fma irademizin tezah\u00fcr\u00fcd\u00fcr. Kendilerinin yak\u0131n zamanda tam \u00fcye olarak yer almas\u0131n\u0131 bekliyoruz. K\u0131br\u0131s\u2019ta adil \u00e7\u00f6z\u00fcm i\u00e7in T\u00fcrk d\u00fcnyas\u0131na sorumluluk d\u00fc\u015f\u00fcyor"}]},{"@type":"WebSite","@id":"https:\/\/haberkuzey.com\/#website","url":"https:\/\/haberkuzey.com\/","name":"Haber Kuzey","description":"Do\u011fru Haberin Adresi","potentialAction":[{"@type":"SearchAction","target":{"@type":"EntryPoint","urlTemplate":"https:\/\/haberkuzey.com\/?s={search_term_string}"},"query-input":{"@type":"PropertyValueSpecification","valueRequired":true,"valueName":"search_term_string"}}],"inLanguage":"tr"},{"@type":"Person","@id":"https:\/\/haberkuzey.com\/#\/schema\/person\/3372109ec735f9333f4fa47ebb9605ca","name":"haberkuzey","image":{"@type":"ImageObject","inLanguage":"tr","@id":"https:\/\/secure.gravatar.com\/avatar\/f5fc875574b1575324358c3b9e6a32b8227aa5b74f3fa22e3cadb63e26fcc39c?s=96&d=mm&r=g","url":"https:\/\/secure.gravatar.com\/avatar\/f5fc875574b1575324358c3b9e6a32b8227aa5b74f3fa22e3cadb63e26fcc39c?s=96&d=mm&r=g","contentUrl":"https:\/\/secure.gravatar.com\/avatar\/f5fc875574b1575324358c3b9e6a32b8227aa5b74f3fa22e3cadb63e26fcc39c?s=96&d=mm&r=g","caption":"haberkuzey"},"sameAs":["https:\/\/haberkuzey.com"],"url":"https:\/\/haberkuzey.com\/index.php\/author\/haberkuzey\/"}]}},"_links":{"self":[{"href":"https:\/\/haberkuzey.com\/index.php\/wp-json\/wp\/v2\/posts\/12452","targetHints":{"allow":["GET"]}}],"collection":[{"href":"https:\/\/haberkuzey.com\/index.php\/wp-json\/wp\/v2\/posts"}],"about":[{"href":"https:\/\/haberkuzey.com\/index.php\/wp-json\/wp\/v2\/types\/post"}],"author":[{"embeddable":true,"href":"https:\/\/haberkuzey.com\/index.php\/wp-json\/wp\/v2\/users\/1"}],"replies":[{"embeddable":true,"href":"https:\/\/haberkuzey.com\/index.php\/wp-json\/wp\/v2\/comments?post=12452"}],"version-history":[{"count":0,"href":"https:\/\/haberkuzey.com\/index.php\/wp-json\/wp\/v2\/posts\/12452\/revisions"}],"wp:featuredmedia":[{"embeddable":true,"href":"https:\/\/haberkuzey.com\/index.php\/wp-json\/wp\/v2\/media\/12451"}],"wp:attachment":[{"href":"https:\/\/haberkuzey.com\/index.php\/wp-json\/wp\/v2\/media?parent=12452"}],"wp:term":[{"taxonomy":"category","embeddable":true,"href":"https:\/\/haberkuzey.com\/index.php\/wp-json\/wp\/v2\/categories?post=12452"},{"taxonomy":"post_tag","embeddable":true,"href":"https:\/\/haberkuzey.com\/index.php\/wp-json\/wp\/v2\/tags?post=12452"}],"curies":[{"name":"wp","href":"https:\/\/api.w.org\/{rel}","templated":true}]}}