{"id":1220,"date":"2024-05-02T14:55:40","date_gmt":"2024-05-02T11:55:40","guid":{"rendered":"https:\/\/kuzeyinsesi.com\/index.php\/2024\/05\/02\/hong-kong-son-140-yilin-en-sicak-nisan-ayini-yasadi\/"},"modified":"2024-05-02T14:55:40","modified_gmt":"2024-05-02T11:55:40","slug":"hong-kong-son-140-yilin-en-sicak-nisan-ayini-yasadi","status":"publish","type":"post","link":"https:\/\/haberkuzey.com\/index.php\/2024\/05\/02\/hong-kong-son-140-yilin-en-sicak-nisan-ayini-yasadi\/","title":{"rendered":"Hong Kong son 140 y\u0131l\u0131n en s\u0131cak nisan ay\u0131n\u0131 ya\u015fad\u0131"},"content":{"rendered":"<p><\/p>\n<div>\n<p>&#13;<br \/>\n\t<a href=\"https:\/\/www.trthaber.com\/etiket\/hong-kong\/\" target=\"_blank\" rel=\"noopener\">Hong Kong<\/a> G\u00f6zlemevinden yap\u0131lan a\u00e7\u0131klamaya g\u00f6re, nisan ay\u0131nda ortalama s\u0131cakl\u0131k 26,4 santigrat derece \u00f6l\u00e7\u00fcld\u00fc.<\/p>\n<p>&#13;<br \/>\n\tBu, meteorolojik kay\u0131tlar\u0131n tutuldu\u011fu son 140 y\u0131lda &#8220;en s\u0131cak nisan ay\u0131&#8221; olarak kay\u0131tlara ge\u00e7ti.<\/p>\n<p>&#13;<br \/>\n\tSub-tropikal iklim ku\u015fa\u011f\u0131nda yer alan Hong Kong&#8217;da, bu y\u0131l k\u0131\u015f ve bahar aylar\u0131nda s\u0131cakl\u0131k de\u011ferleri mevsim normallerinin \u00fczerinde seyrediyor.<\/p>\n<p>&#13;<br \/>\n\tKentte 27 Nisan&#8217;da g\u00fcnl\u00fck ortalama s\u0131cakl\u0131k 28,8 santigrat dereceyle t\u00fcm zamanlar\u0131n en y\u00fcksek seviyesine \u00e7\u0131km\u0131\u015ft\u0131.<\/p>\n<p>&#13;<br \/>\n\tHong Kong&#8217;da 1990-2020 y\u0131llar\u0131nda nisan aylar\u0131ndaki ortalama s\u0131cakl\u0131k 21,1 ila 25,6 santigrat derecelerde \u00f6l\u00e7\u00fclm\u00fc\u015ft\u00fc.<\/p>\n<\/p><\/div>\n","protected":false},"excerpt":{"rendered":"<p>&#13; Hong Kong G\u00f6zlemevinden yap\u0131lan a\u00e7\u0131klamaya g\u00f6re, nisan ay\u0131nda ortalama s\u0131cakl\u0131k 26,4 santigrat derece \u00f6l\u00e7\u00fcld\u00fc. &#13; Bu, meteorolojik kay\u0131tlar\u0131n tutuldu\u011fu son 140 y\u0131lda &#8220;en s\u0131cak nisan ay\u0131&#8221; olarak kay\u0131tlara ge\u00e7ti. &#13; Sub-tropikal iklim ku\u015fa\u011f\u0131nda yer alan Hong Kong&#8217;da, bu y\u0131l k\u0131\u015f ve bahar aylar\u0131nda s\u0131cakl\u0131k de\u011ferleri mevsim normallerinin \u00fczerinde seyrediyor. &#13; Kentte 27 Nisan&#8217;da g\u00fcnl\u00fck [&hellip;]<\/p>\n","protected":false},"author":1,"featured_media":1221,"comment_status":"open","ping_status":"open","sticky":false,"template":"","format":"standard","meta":{"jnews-multi-image_gallery":[],"jnews_single_post":[],"jnews_primary_category":[],"footnotes":""},"categories":[2],"tags":[],"class_list":["post-1220","post","type-post","status-publish","format-standard","has-post-thumbnail","hentry","category-dunya"],"yoast_head":"<!-- This site is optimized with the Yoast SEO plugin v27.5 - https:\/\/yoast.com\/product\/yoast-seo-wordpress\/ -->\n<title>Hong Kong son 140 y\u0131l\u0131n en s\u0131cak nisan ay\u0131n\u0131 ya\u015fad\u0131 - Haber Kuzey<\/title>\n<meta name=\"robots\" content=\"index, follow, max-snippet:-1, max-image-preview:large, max-video-preview:-1\" \/>\n<link rel=\"canonical\" href=\"https:\/\/haberkuzey.com\/index.php\/2024\/05\/02\/hong-kong-son-140-yilin-en-sicak-nisan-ayini-yasadi\/\" \/>\n<meta property=\"og:locale\" content=\"tr_TR\" \/>\n<meta property=\"og:type\" content=\"article\" \/>\n<meta property=\"og:title\" content=\"Hong Kong son 140 y\u0131l\u0131n en s\u0131cak nisan ay\u0131n\u0131 ya\u015fad\u0131 - Haber Kuzey\" \/>\n<meta property=\"og:description\" content=\"&#013; Hong Kong G\u00f6zlemevinden yap\u0131lan a\u00e7\u0131klamaya g\u00f6re, nisan ay\u0131nda ortalama s\u0131cakl\u0131k 26,4 santigrat derece \u00f6l\u00e7\u00fcld\u00fc. &#013; Bu, meteorolojik kay\u0131tlar\u0131n tutuldu\u011fu son 140 y\u0131lda &#8220;en s\u0131cak nisan ay\u0131&#8221; olarak kay\u0131tlara ge\u00e7ti. &#013; Sub-tropikal iklim ku\u015fa\u011f\u0131nda yer alan Hong Kong&#8217;da, bu y\u0131l k\u0131\u015f ve bahar aylar\u0131nda s\u0131cakl\u0131k de\u011ferleri mevsim normallerinin \u00fczerinde seyrediyor. &#013; Kentte 27 Nisan&#8217;da g\u00fcnl\u00fck [&hellip;]\" \/>\n<meta property=\"og:url\" content=\"https:\/\/haberkuzey.com\/index.php\/2024\/05\/02\/hong-kong-son-140-yilin-en-sicak-nisan-ayini-yasadi\/\" \/>\n<meta property=\"og:site_name\" content=\"Haber Kuzey\" \/>\n<meta property=\"article:published_time\" content=\"2024-05-02T11:55:40+00:00\" \/>\n<meta property=\"og:image\" content=\"https:\/\/haberkuzey.com\/wp-content\/uploads\/2024\/05\/hong-kong-reu-1565113.jpg\" \/>\n\t<meta property=\"og:image:width\" content=\"1280\" \/>\n\t<meta property=\"og:image:height\" content=\"720\" \/>\n\t<meta property=\"og:image:type\" content=\"image\/jpeg\" \/>\n<meta name=\"author\" content=\"haberkuzey\" \/>\n<meta name=\"twitter:card\" content=\"summary_large_image\" \/>\n<meta name=\"twitter:label1\" content=\"Yazan:\" \/>\n\t<meta name=\"twitter:data1\" content=\"haberkuzey\" \/>\n\t<meta name=\"twitter:label2\" content=\"Tahmini okuma s\u00fcresi\" \/>\n\t<meta name=\"twitter:data2\" content=\"1 dakika\" \/>\n<script type=\"application\/ld+json\" class=\"yoast-schema-graph\">{\"@context\":\"https:\\\/\\\/schema.org\",\"@graph\":[{\"@type\":\"Article\",\"@id\":\"https:\\\/\\\/haberkuzey.com\\\/index.php\\\/2024\\\/05\\\/02\\\/hong-kong-son-140-yilin-en-sicak-nisan-ayini-yasadi\\\/#article\",\"isPartOf\":{\"@id\":\"https:\\\/\\\/haberkuzey.com\\\/index.php\\\/2024\\\/05\\\/02\\\/hong-kong-son-140-yilin-en-sicak-nisan-ayini-yasadi\\\/\"},\"author\":{\"name\":\"haberkuzey\",\"@id\":\"https:\\\/\\\/haberkuzey.com\\\/#\\\/schema\\\/person\\\/3372109ec735f9333f4fa47ebb9605ca\"},\"headline\":\"Hong Kong son 140 y\u0131l\u0131n en s\u0131cak nisan ay\u0131n\u0131 ya\u015fad\u0131\",\"datePublished\":\"2024-05-02T11:55:40+00:00\",\"mainEntityOfPage\":{\"@id\":\"https:\\\/\\\/haberkuzey.com\\\/index.php\\\/2024\\\/05\\\/02\\\/hong-kong-son-140-yilin-en-sicak-nisan-ayini-yasadi\\\/\"},\"wordCount\":124,\"commentCount\":0,\"image\":{\"@id\":\"https:\\\/\\\/haberkuzey.com\\\/index.php\\\/2024\\\/05\\\/02\\\/hong-kong-son-140-yilin-en-sicak-nisan-ayini-yasadi\\\/#primaryimage\"},\"thumbnailUrl\":\"https:\\\/\\\/haberkuzey.com\\\/wp-content\\\/uploads\\\/2024\\\/05\\\/hong-kong-reu-1565113.jpg\",\"articleSection\":[\"D\u00fcnya\"],\"inLanguage\":\"tr\",\"potentialAction\":[{\"@type\":\"CommentAction\",\"name\":\"Comment\",\"target\":[\"https:\\\/\\\/haberkuzey.com\\\/index.php\\\/2024\\\/05\\\/02\\\/hong-kong-son-140-yilin-en-sicak-nisan-ayini-yasadi\\\/#respond\"]}]},{\"@type\":\"WebPage\",\"@id\":\"https:\\\/\\\/haberkuzey.com\\\/index.php\\\/2024\\\/05\\\/02\\\/hong-kong-son-140-yilin-en-sicak-nisan-ayini-yasadi\\\/\",\"url\":\"https:\\\/\\\/haberkuzey.com\\\/index.php\\\/2024\\\/05\\\/02\\\/hong-kong-son-140-yilin-en-sicak-nisan-ayini-yasadi\\\/\",\"name\":\"Hong Kong son 140 y\u0131l\u0131n en s\u0131cak nisan ay\u0131n\u0131 ya\u015fad\u0131 - Haber Kuzey\",\"isPartOf\":{\"@id\":\"https:\\\/\\\/haberkuzey.com\\\/#website\"},\"primaryImageOfPage\":{\"@id\":\"https:\\\/\\\/haberkuzey.com\\\/index.php\\\/2024\\\/05\\\/02\\\/hong-kong-son-140-yilin-en-sicak-nisan-ayini-yasadi\\\/#primaryimage\"},\"image\":{\"@id\":\"https:\\\/\\\/haberkuzey.com\\\/index.php\\\/2024\\\/05\\\/02\\\/hong-kong-son-140-yilin-en-sicak-nisan-ayini-yasadi\\\/#primaryimage\"},\"thumbnailUrl\":\"https:\\\/\\\/haberkuzey.com\\\/wp-content\\\/uploads\\\/2024\\\/05\\\/hong-kong-reu-1565113.jpg\",\"datePublished\":\"2024-05-02T11:55:40+00:00\",\"author\":{\"@id\":\"https:\\\/\\\/haberkuzey.com\\\/#\\\/schema\\\/person\\\/3372109ec735f9333f4fa47ebb9605ca\"},\"breadcrumb\":{\"@id\":\"https:\\\/\\\/haberkuzey.com\\\/index.php\\\/2024\\\/05\\\/02\\\/hong-kong-son-140-yilin-en-sicak-nisan-ayini-yasadi\\\/#breadcrumb\"},\"inLanguage\":\"tr\",\"potentialAction\":[{\"@type\":\"ReadAction\",\"target\":[\"https:\\\/\\\/haberkuzey.com\\\/index.php\\\/2024\\\/05\\\/02\\\/hong-kong-son-140-yilin-en-sicak-nisan-ayini-yasadi\\\/\"]}]},{\"@type\":\"ImageObject\",\"inLanguage\":\"tr\",\"@id\":\"https:\\\/\\\/haberkuzey.com\\\/index.php\\\/2024\\\/05\\\/02\\\/hong-kong-son-140-yilin-en-sicak-nisan-ayini-yasadi\\\/#primaryimage\",\"url\":\"https:\\\/\\\/haberkuzey.com\\\/wp-content\\\/uploads\\\/2024\\\/05\\\/hong-kong-reu-1565113.jpg\",\"contentUrl\":\"https:\\\/\\\/haberkuzey.com\\\/wp-content\\\/uploads\\\/2024\\\/05\\\/hong-kong-reu-1565113.jpg\",\"width\":1280,\"height\":720},{\"@type\":\"BreadcrumbList\",\"@id\":\"https:\\\/\\\/haberkuzey.com\\\/index.php\\\/2024\\\/05\\\/02\\\/hong-kong-son-140-yilin-en-sicak-nisan-ayini-yasadi\\\/#breadcrumb\",\"itemListElement\":[{\"@type\":\"ListItem\",\"position\":1,\"name\":\"Anasayfa\",\"item\":\"https:\\\/\\\/haberkuzey.com\\\/\"},{\"@type\":\"ListItem\",\"position\":2,\"name\":\"Hong Kong son 140 y\u0131l\u0131n en s\u0131cak nisan ay\u0131n\u0131 ya\u015fad\u0131\"}]},{\"@type\":\"WebSite\",\"@id\":\"https:\\\/\\\/haberkuzey.com\\\/#website\",\"url\":\"https:\\\/\\\/haberkuzey.com\\\/\",\"name\":\"Haber Kuzey\",\"description\":\"Do\u011fru Haberin Adresi\",\"potentialAction\":[{\"@type\":\"SearchAction\",\"target\":{\"@type\":\"EntryPoint\",\"urlTemplate\":\"https:\\\/\\\/haberkuzey.com\\\/?s={search_term_string}\"},\"query-input\":{\"@type\":\"PropertyValueSpecification\",\"valueRequired\":true,\"valueName\":\"search_term_string\"}}],\"inLanguage\":\"tr\"},{\"@type\":\"Person\",\"@id\":\"https:\\\/\\\/haberkuzey.com\\\/#\\\/schema\\\/person\\\/3372109ec735f9333f4fa47ebb9605ca\",\"name\":\"haberkuzey\",\"image\":{\"@type\":\"ImageObject\",\"inLanguage\":\"tr\",\"@id\":\"https:\\\/\\\/secure.gravatar.com\\\/avatar\\\/f5fc875574b1575324358c3b9e6a32b8227aa5b74f3fa22e3cadb63e26fcc39c?s=96&d=mm&r=g\",\"url\":\"https:\\\/\\\/secure.gravatar.com\\\/avatar\\\/f5fc875574b1575324358c3b9e6a32b8227aa5b74f3fa22e3cadb63e26fcc39c?s=96&d=mm&r=g\",\"contentUrl\":\"https:\\\/\\\/secure.gravatar.com\\\/avatar\\\/f5fc875574b1575324358c3b9e6a32b8227aa5b74f3fa22e3cadb63e26fcc39c?s=96&d=mm&r=g\",\"caption\":\"haberkuzey\"},\"sameAs\":[\"https:\\\/\\\/haberkuzey.com\"],\"url\":\"https:\\\/\\\/haberkuzey.com\\\/index.php\\\/author\\\/haberkuzey\\\/\"}]}<\/script>\n<!-- \/ Yoast SEO plugin. -->","yoast_head_json":{"title":"Hong Kong son 140 y\u0131l\u0131n en s\u0131cak nisan ay\u0131n\u0131 ya\u015fad\u0131 - Haber Kuzey","robots":{"index":"index","follow":"follow","max-snippet":"max-snippet:-1","max-image-preview":"max-image-preview:large","max-video-preview":"max-video-preview:-1"},"canonical":"https:\/\/haberkuzey.com\/index.php\/2024\/05\/02\/hong-kong-son-140-yilin-en-sicak-nisan-ayini-yasadi\/","og_locale":"tr_TR","og_type":"article","og_title":"Hong Kong son 140 y\u0131l\u0131n en s\u0131cak nisan ay\u0131n\u0131 ya\u015fad\u0131 - Haber Kuzey","og_description":"&#13; Hong Kong G\u00f6zlemevinden yap\u0131lan a\u00e7\u0131klamaya g\u00f6re, nisan ay\u0131nda ortalama s\u0131cakl\u0131k 26,4 santigrat derece \u00f6l\u00e7\u00fcld\u00fc. &#13; Bu, meteorolojik kay\u0131tlar\u0131n tutuldu\u011fu son 140 y\u0131lda &#8220;en s\u0131cak nisan ay\u0131&#8221; olarak kay\u0131tlara ge\u00e7ti. &#13; Sub-tropikal iklim ku\u015fa\u011f\u0131nda yer alan Hong Kong&#8217;da, bu y\u0131l k\u0131\u015f ve bahar aylar\u0131nda s\u0131cakl\u0131k de\u011ferleri mevsim normallerinin \u00fczerinde seyrediyor. &#13; Kentte 27 Nisan&#8217;da g\u00fcnl\u00fck [&hellip;]","og_url":"https:\/\/haberkuzey.com\/index.php\/2024\/05\/02\/hong-kong-son-140-yilin-en-sicak-nisan-ayini-yasadi\/","og_site_name":"Haber Kuzey","article_published_time":"2024-05-02T11:55:40+00:00","og_image":[{"width":1280,"height":720,"url":"https:\/\/haberkuzey.com\/wp-content\/uploads\/2024\/05\/hong-kong-reu-1565113.jpg","type":"image\/jpeg"}],"author":"haberkuzey","twitter_card":"summary_large_image","twitter_misc":{"Yazan:":"haberkuzey","Tahmini okuma s\u00fcresi":"1 dakika"},"schema":{"@context":"https:\/\/schema.org","@graph":[{"@type":"Article","@id":"https:\/\/haberkuzey.com\/index.php\/2024\/05\/02\/hong-kong-son-140-yilin-en-sicak-nisan-ayini-yasadi\/#article","isPartOf":{"@id":"https:\/\/haberkuzey.com\/index.php\/2024\/05\/02\/hong-kong-son-140-yilin-en-sicak-nisan-ayini-yasadi\/"},"author":{"name":"haberkuzey","@id":"https:\/\/haberkuzey.com\/#\/schema\/person\/3372109ec735f9333f4fa47ebb9605ca"},"headline":"Hong Kong son 140 y\u0131l\u0131n en s\u0131cak nisan ay\u0131n\u0131 ya\u015fad\u0131","datePublished":"2024-05-02T11:55:40+00:00","mainEntityOfPage":{"@id":"https:\/\/haberkuzey.com\/index.php\/2024\/05\/02\/hong-kong-son-140-yilin-en-sicak-nisan-ayini-yasadi\/"},"wordCount":124,"commentCount":0,"image":{"@id":"https:\/\/haberkuzey.com\/index.php\/2024\/05\/02\/hong-kong-son-140-yilin-en-sicak-nisan-ayini-yasadi\/#primaryimage"},"thumbnailUrl":"https:\/\/haberkuzey.com\/wp-content\/uploads\/2024\/05\/hong-kong-reu-1565113.jpg","articleSection":["D\u00fcnya"],"inLanguage":"tr","potentialAction":[{"@type":"CommentAction","name":"Comment","target":["https:\/\/haberkuzey.com\/index.php\/2024\/05\/02\/hong-kong-son-140-yilin-en-sicak-nisan-ayini-yasadi\/#respond"]}]},{"@type":"WebPage","@id":"https:\/\/haberkuzey.com\/index.php\/2024\/05\/02\/hong-kong-son-140-yilin-en-sicak-nisan-ayini-yasadi\/","url":"https:\/\/haberkuzey.com\/index.php\/2024\/05\/02\/hong-kong-son-140-yilin-en-sicak-nisan-ayini-yasadi\/","name":"Hong Kong son 140 y\u0131l\u0131n en s\u0131cak nisan ay\u0131n\u0131 ya\u015fad\u0131 - Haber Kuzey","isPartOf":{"@id":"https:\/\/haberkuzey.com\/#website"},"primaryImageOfPage":{"@id":"https:\/\/haberkuzey.com\/index.php\/2024\/05\/02\/hong-kong-son-140-yilin-en-sicak-nisan-ayini-yasadi\/#primaryimage"},"image":{"@id":"https:\/\/haberkuzey.com\/index.php\/2024\/05\/02\/hong-kong-son-140-yilin-en-sicak-nisan-ayini-yasadi\/#primaryimage"},"thumbnailUrl":"https:\/\/haberkuzey.com\/wp-content\/uploads\/2024\/05\/hong-kong-reu-1565113.jpg","datePublished":"2024-05-02T11:55:40+00:00","author":{"@id":"https:\/\/haberkuzey.com\/#\/schema\/person\/3372109ec735f9333f4fa47ebb9605ca"},"breadcrumb":{"@id":"https:\/\/haberkuzey.com\/index.php\/2024\/05\/02\/hong-kong-son-140-yilin-en-sicak-nisan-ayini-yasadi\/#breadcrumb"},"inLanguage":"tr","potentialAction":[{"@type":"ReadAction","target":["https:\/\/haberkuzey.com\/index.php\/2024\/05\/02\/hong-kong-son-140-yilin-en-sicak-nisan-ayini-yasadi\/"]}]},{"@type":"ImageObject","inLanguage":"tr","@id":"https:\/\/haberkuzey.com\/index.php\/2024\/05\/02\/hong-kong-son-140-yilin-en-sicak-nisan-ayini-yasadi\/#primaryimage","url":"https:\/\/haberkuzey.com\/wp-content\/uploads\/2024\/05\/hong-kong-reu-1565113.jpg","contentUrl":"https:\/\/haberkuzey.com\/wp-content\/uploads\/2024\/05\/hong-kong-reu-1565113.jpg","width":1280,"height":720},{"@type":"BreadcrumbList","@id":"https:\/\/haberkuzey.com\/index.php\/2024\/05\/02\/hong-kong-son-140-yilin-en-sicak-nisan-ayini-yasadi\/#breadcrumb","itemListElement":[{"@type":"ListItem","position":1,"name":"Anasayfa","item":"https:\/\/haberkuzey.com\/"},{"@type":"ListItem","position":2,"name":"Hong Kong son 140 y\u0131l\u0131n en s\u0131cak nisan ay\u0131n\u0131 ya\u015fad\u0131"}]},{"@type":"WebSite","@id":"https:\/\/haberkuzey.com\/#website","url":"https:\/\/haberkuzey.com\/","name":"Haber Kuzey","description":"Do\u011fru Haberin Adresi","potentialAction":[{"@type":"SearchAction","target":{"@type":"EntryPoint","urlTemplate":"https:\/\/haberkuzey.com\/?s={search_term_string}"},"query-input":{"@type":"PropertyValueSpecification","valueRequired":true,"valueName":"search_term_string"}}],"inLanguage":"tr"},{"@type":"Person","@id":"https:\/\/haberkuzey.com\/#\/schema\/person\/3372109ec735f9333f4fa47ebb9605ca","name":"haberkuzey","image":{"@type":"ImageObject","inLanguage":"tr","@id":"https:\/\/secure.gravatar.com\/avatar\/f5fc875574b1575324358c3b9e6a32b8227aa5b74f3fa22e3cadb63e26fcc39c?s=96&d=mm&r=g","url":"https:\/\/secure.gravatar.com\/avatar\/f5fc875574b1575324358c3b9e6a32b8227aa5b74f3fa22e3cadb63e26fcc39c?s=96&d=mm&r=g","contentUrl":"https:\/\/secure.gravatar.com\/avatar\/f5fc875574b1575324358c3b9e6a32b8227aa5b74f3fa22e3cadb63e26fcc39c?s=96&d=mm&r=g","caption":"haberkuzey"},"sameAs":["https:\/\/haberkuzey.com"],"url":"https:\/\/haberkuzey.com\/index.php\/author\/haberkuzey\/"}]}},"_links":{"self":[{"href":"https:\/\/haberkuzey.com\/index.php\/wp-json\/wp\/v2\/posts\/1220","targetHints":{"allow":["GET"]}}],"collection":[{"href":"https:\/\/haberkuzey.com\/index.php\/wp-json\/wp\/v2\/posts"}],"about":[{"href":"https:\/\/haberkuzey.com\/index.php\/wp-json\/wp\/v2\/types\/post"}],"author":[{"embeddable":true,"href":"https:\/\/haberkuzey.com\/index.php\/wp-json\/wp\/v2\/users\/1"}],"replies":[{"embeddable":true,"href":"https:\/\/haberkuzey.com\/index.php\/wp-json\/wp\/v2\/comments?post=1220"}],"version-history":[{"count":0,"href":"https:\/\/haberkuzey.com\/index.php\/wp-json\/wp\/v2\/posts\/1220\/revisions"}],"wp:featuredmedia":[{"embeddable":true,"href":"https:\/\/haberkuzey.com\/index.php\/wp-json\/wp\/v2\/media\/1221"}],"wp:attachment":[{"href":"https:\/\/haberkuzey.com\/index.php\/wp-json\/wp\/v2\/media?parent=1220"}],"wp:term":[{"taxonomy":"category","embeddable":true,"href":"https:\/\/haberkuzey.com\/index.php\/wp-json\/wp\/v2\/categories?post=1220"},{"taxonomy":"post_tag","embeddable":true,"href":"https:\/\/haberkuzey.com\/index.php\/wp-json\/wp\/v2\/tags?post=1220"}],"curies":[{"name":"wp","href":"https:\/\/api.w.org\/{rel}","templated":true}]}}