{"id":12124,"date":"2024-10-31T09:28:02","date_gmt":"2024-10-31T07:28:02","guid":{"rendered":"https:\/\/haberkuzey.com\/index.php\/2024\/10\/31\/bes-saglik-calisani-yedi-gun-daha-tutuklu-kalacak\/"},"modified":"2024-10-31T09:28:02","modified_gmt":"2024-10-31T07:28:02","slug":"bes-saglik-calisani-yedi-gun-daha-tutuklu-kalacak","status":"publish","type":"post","link":"https:\/\/haberkuzey.com\/index.php\/2024\/10\/31\/bes-saglik-calisani-yedi-gun-daha-tutuklu-kalacak\/","title":{"rendered":"Be\u015f sa\u011fl\u0131k \u00e7al\u0131\u015fan\u0131 yedi g\u00fcn daha tutuklu kalacak"},"content":{"rendered":"<div>\n<div class=\"mariselle-image-container center\">\n                                            <\/div>\n<p> Lefko\u015fa Dr. Burhan Nalbanto\u011flu Devlet Hastanesi Yenido\u011fan Yo\u011fun Bak\u0131m \u00dcnitesi\u2019nde, erken do\u011fum sebebiyle kuv\u00f6zde tedavi g\u00f6ren 20 g\u00fcnl\u00fck bebe\u011fin hayat\u0131n\u0131 kaybetmesiyle ilgili tutuklu be\u015f sa\u011fl\u0131k \u00e7al\u0131\u015fan\u0131, bug\u00fcn yeniden mahkemeye \u00e7\u0131kar\u0131ld\u0131.<\/p>\n<p> \u201cTedbirsizlik ve ihmal sonucu \u00f6l\u00fcme sebebiyet verme\u201d su\u00e7lamas\u0131yla bug\u00fcn Lefko\u015fa Kaza Mahkemesi\u2019ne \u00e7\u0131kar\u0131lan \u00c7.\u015e., A.D., G.K.A., K.Y. ve M.A. aleyhinde yedi g\u00fcn tutukluk emri temin edildi.<\/p>\n<p>Lefko\u015fa Kaza Mahkemesi Yarg\u0131c\u0131 Nuray Necdet huzurunda g\u00f6r\u00fc\u015f\u00fclen davada, Tan\u0131k Polis H\u00fcseyin Zaifer, mahkemeye olgular\u0131 aktard\u0131.<\/p>\n<\/p><\/div>\n<p><script async\n                    defer\n                    crossorigin=\"anonymous\"\n                    src=\"https:\/\/connect.facebook.net\/tr_TR\/sdk.js#xfbml=1&#038;version=v3.3\"\n            ><\/script><\/p>\n","protected":false},"excerpt":{"rendered":"<p>Lefko\u015fa Dr. Burhan Nalbanto\u011flu Devlet Hastanesi Yenido\u011fan Yo\u011fun Bak\u0131m \u00dcnitesi\u2019nde, erken do\u011fum sebebiyle kuv\u00f6zde tedavi g\u00f6ren 20 g\u00fcnl\u00fck bebe\u011fin hayat\u0131n\u0131 kaybetmesiyle ilgili tutuklu be\u015f sa\u011fl\u0131k \u00e7al\u0131\u015fan\u0131, bug\u00fcn yeniden mahkemeye \u00e7\u0131kar\u0131ld\u0131. \u201cTedbirsizlik ve ihmal sonucu \u00f6l\u00fcme sebebiyet verme\u201d su\u00e7lamas\u0131yla bug\u00fcn Lefko\u015fa Kaza Mahkemesi\u2019ne \u00e7\u0131kar\u0131lan \u00c7.\u015e., A.D., G.K.A., K.Y. ve M.A. aleyhinde yedi g\u00fcn tutukluk emri temin [&hellip;]<\/p>\n","protected":false},"author":1,"featured_media":7179,"comment_status":"open","ping_status":"open","sticky":false,"template":"","format":"standard","meta":{"jnews-multi-image_gallery":[],"jnews_single_post":[],"jnews_primary_category":[],"footnotes":""},"categories":[1],"tags":[],"class_list":["post-12124","post","type-post","status-publish","format-standard","has-post-thumbnail","hentry","category-kibris"],"yoast_head":"<!-- This site is optimized with the Yoast SEO plugin v27.5 - https:\/\/yoast.com\/product\/yoast-seo-wordpress\/ -->\n<title>Be\u015f sa\u011fl\u0131k \u00e7al\u0131\u015fan\u0131 yedi g\u00fcn daha tutuklu kalacak - Haber Kuzey<\/title>\n<meta name=\"robots\" content=\"index, follow, max-snippet:-1, max-image-preview:large, max-video-preview:-1\" \/>\n<link rel=\"canonical\" href=\"https:\/\/haberkuzey.com\/index.php\/2024\/10\/31\/bes-saglik-calisani-yedi-gun-daha-tutuklu-kalacak\/\" \/>\n<meta property=\"og:locale\" content=\"tr_TR\" \/>\n<meta property=\"og:type\" content=\"article\" \/>\n<meta property=\"og:title\" content=\"Be\u015f sa\u011fl\u0131k \u00e7al\u0131\u015fan\u0131 yedi g\u00fcn daha tutuklu kalacak - Haber Kuzey\" \/>\n<meta property=\"og:description\" content=\"Lefko\u015fa Dr. Burhan Nalbanto\u011flu Devlet Hastanesi Yenido\u011fan Yo\u011fun Bak\u0131m \u00dcnitesi\u2019nde, erken do\u011fum sebebiyle kuv\u00f6zde tedavi g\u00f6ren 20 g\u00fcnl\u00fck bebe\u011fin hayat\u0131n\u0131 kaybetmesiyle ilgili tutuklu be\u015f sa\u011fl\u0131k \u00e7al\u0131\u015fan\u0131, bug\u00fcn yeniden mahkemeye \u00e7\u0131kar\u0131ld\u0131. \u201cTedbirsizlik ve ihmal sonucu \u00f6l\u00fcme sebebiyet verme\u201d su\u00e7lamas\u0131yla bug\u00fcn Lefko\u015fa Kaza Mahkemesi\u2019ne \u00e7\u0131kar\u0131lan \u00c7.\u015e., A.D., G.K.A., K.Y. ve M.A. aleyhinde yedi g\u00fcn tutukluk emri temin [&hellip;]\" \/>\n<meta property=\"og:url\" content=\"https:\/\/haberkuzey.com\/index.php\/2024\/10\/31\/bes-saglik-calisani-yedi-gun-daha-tutuklu-kalacak\/\" \/>\n<meta property=\"og:site_name\" content=\"Haber Kuzey\" \/>\n<meta property=\"article:published_time\" content=\"2024-10-31T07:28:02+00:00\" \/>\n<meta property=\"og:image\" content=\"https:\/\/brtk.net\/wp-content\/uploads\/2023\/10\/20\/mahkeme4.jpg?ver=7b8620210f1130ecf0c730152490aa5e\" \/>\n<meta name=\"author\" content=\"haberkuzey\" \/>\n<meta name=\"twitter:card\" content=\"summary_large_image\" \/>\n<meta name=\"twitter:label1\" content=\"Yazan:\" \/>\n\t<meta name=\"twitter:data1\" content=\"haberkuzey\" \/>\n\t<meta name=\"twitter:label2\" content=\"Tahmini okuma s\u00fcresi\" \/>\n\t<meta name=\"twitter:data2\" content=\"1 dakika\" \/>\n<script type=\"application\/ld+json\" class=\"yoast-schema-graph\">{\"@context\":\"https:\\\/\\\/schema.org\",\"@graph\":[{\"@type\":\"Article\",\"@id\":\"https:\\\/\\\/haberkuzey.com\\\/index.php\\\/2024\\\/10\\\/31\\\/bes-saglik-calisani-yedi-gun-daha-tutuklu-kalacak\\\/#article\",\"isPartOf\":{\"@id\":\"https:\\\/\\\/haberkuzey.com\\\/index.php\\\/2024\\\/10\\\/31\\\/bes-saglik-calisani-yedi-gun-daha-tutuklu-kalacak\\\/\"},\"author\":{\"name\":\"haberkuzey\",\"@id\":\"https:\\\/\\\/haberkuzey.com\\\/#\\\/schema\\\/person\\\/3372109ec735f9333f4fa47ebb9605ca\"},\"headline\":\"Be\u015f sa\u011fl\u0131k \u00e7al\u0131\u015fan\u0131 yedi g\u00fcn daha tutuklu kalacak\",\"datePublished\":\"2024-10-31T07:28:02+00:00\",\"mainEntityOfPage\":{\"@id\":\"https:\\\/\\\/haberkuzey.com\\\/index.php\\\/2024\\\/10\\\/31\\\/bes-saglik-calisani-yedi-gun-daha-tutuklu-kalacak\\\/\"},\"wordCount\":119,\"commentCount\":0,\"image\":{\"@id\":\"https:\\\/\\\/haberkuzey.com\\\/index.php\\\/2024\\\/10\\\/31\\\/bes-saglik-calisani-yedi-gun-daha-tutuklu-kalacak\\\/#primaryimage\"},\"thumbnailUrl\":\"https:\\\/\\\/haberkuzey.com\\\/wp-content\\\/uploads\\\/2024\\\/08\\\/mahkeme4.jpg\",\"articleSection\":[\"K\u0131br\u0131s\"],\"inLanguage\":\"tr\",\"potentialAction\":[{\"@type\":\"CommentAction\",\"name\":\"Comment\",\"target\":[\"https:\\\/\\\/haberkuzey.com\\\/index.php\\\/2024\\\/10\\\/31\\\/bes-saglik-calisani-yedi-gun-daha-tutuklu-kalacak\\\/#respond\"]}]},{\"@type\":\"WebPage\",\"@id\":\"https:\\\/\\\/haberkuzey.com\\\/index.php\\\/2024\\\/10\\\/31\\\/bes-saglik-calisani-yedi-gun-daha-tutuklu-kalacak\\\/\",\"url\":\"https:\\\/\\\/haberkuzey.com\\\/index.php\\\/2024\\\/10\\\/31\\\/bes-saglik-calisani-yedi-gun-daha-tutuklu-kalacak\\\/\",\"name\":\"Be\u015f sa\u011fl\u0131k \u00e7al\u0131\u015fan\u0131 yedi g\u00fcn daha tutuklu kalacak - Haber Kuzey\",\"isPartOf\":{\"@id\":\"https:\\\/\\\/haberkuzey.com\\\/#website\"},\"primaryImageOfPage\":{\"@id\":\"https:\\\/\\\/haberkuzey.com\\\/index.php\\\/2024\\\/10\\\/31\\\/bes-saglik-calisani-yedi-gun-daha-tutuklu-kalacak\\\/#primaryimage\"},\"image\":{\"@id\":\"https:\\\/\\\/haberkuzey.com\\\/index.php\\\/2024\\\/10\\\/31\\\/bes-saglik-calisani-yedi-gun-daha-tutuklu-kalacak\\\/#primaryimage\"},\"thumbnailUrl\":\"https:\\\/\\\/haberkuzey.com\\\/wp-content\\\/uploads\\\/2024\\\/08\\\/mahkeme4.jpg\",\"datePublished\":\"2024-10-31T07:28:02+00:00\",\"author\":{\"@id\":\"https:\\\/\\\/haberkuzey.com\\\/#\\\/schema\\\/person\\\/3372109ec735f9333f4fa47ebb9605ca\"},\"breadcrumb\":{\"@id\":\"https:\\\/\\\/haberkuzey.com\\\/index.php\\\/2024\\\/10\\\/31\\\/bes-saglik-calisani-yedi-gun-daha-tutuklu-kalacak\\\/#breadcrumb\"},\"inLanguage\":\"tr\",\"potentialAction\":[{\"@type\":\"ReadAction\",\"target\":[\"https:\\\/\\\/haberkuzey.com\\\/index.php\\\/2024\\\/10\\\/31\\\/bes-saglik-calisani-yedi-gun-daha-tutuklu-kalacak\\\/\"]}]},{\"@type\":\"ImageObject\",\"inLanguage\":\"tr\",\"@id\":\"https:\\\/\\\/haberkuzey.com\\\/index.php\\\/2024\\\/10\\\/31\\\/bes-saglik-calisani-yedi-gun-daha-tutuklu-kalacak\\\/#primaryimage\",\"url\":\"https:\\\/\\\/haberkuzey.com\\\/wp-content\\\/uploads\\\/2024\\\/08\\\/mahkeme4.jpg\",\"contentUrl\":\"https:\\\/\\\/haberkuzey.com\\\/wp-content\\\/uploads\\\/2024\\\/08\\\/mahkeme4.jpg\",\"width\":670,\"height\":371},{\"@type\":\"BreadcrumbList\",\"@id\":\"https:\\\/\\\/haberkuzey.com\\\/index.php\\\/2024\\\/10\\\/31\\\/bes-saglik-calisani-yedi-gun-daha-tutuklu-kalacak\\\/#breadcrumb\",\"itemListElement\":[{\"@type\":\"ListItem\",\"position\":1,\"name\":\"Anasayfa\",\"item\":\"https:\\\/\\\/haberkuzey.com\\\/\"},{\"@type\":\"ListItem\",\"position\":2,\"name\":\"Be\u015f sa\u011fl\u0131k \u00e7al\u0131\u015fan\u0131 yedi g\u00fcn daha tutuklu kalacak\"}]},{\"@type\":\"WebSite\",\"@id\":\"https:\\\/\\\/haberkuzey.com\\\/#website\",\"url\":\"https:\\\/\\\/haberkuzey.com\\\/\",\"name\":\"Haber Kuzey\",\"description\":\"Do\u011fru Haberin Adresi\",\"potentialAction\":[{\"@type\":\"SearchAction\",\"target\":{\"@type\":\"EntryPoint\",\"urlTemplate\":\"https:\\\/\\\/haberkuzey.com\\\/?s={search_term_string}\"},\"query-input\":{\"@type\":\"PropertyValueSpecification\",\"valueRequired\":true,\"valueName\":\"search_term_string\"}}],\"inLanguage\":\"tr\"},{\"@type\":\"Person\",\"@id\":\"https:\\\/\\\/haberkuzey.com\\\/#\\\/schema\\\/person\\\/3372109ec735f9333f4fa47ebb9605ca\",\"name\":\"haberkuzey\",\"image\":{\"@type\":\"ImageObject\",\"inLanguage\":\"tr\",\"@id\":\"https:\\\/\\\/secure.gravatar.com\\\/avatar\\\/f5fc875574b1575324358c3b9e6a32b8227aa5b74f3fa22e3cadb63e26fcc39c?s=96&d=mm&r=g\",\"url\":\"https:\\\/\\\/secure.gravatar.com\\\/avatar\\\/f5fc875574b1575324358c3b9e6a32b8227aa5b74f3fa22e3cadb63e26fcc39c?s=96&d=mm&r=g\",\"contentUrl\":\"https:\\\/\\\/secure.gravatar.com\\\/avatar\\\/f5fc875574b1575324358c3b9e6a32b8227aa5b74f3fa22e3cadb63e26fcc39c?s=96&d=mm&r=g\",\"caption\":\"haberkuzey\"},\"sameAs\":[\"https:\\\/\\\/haberkuzey.com\"],\"url\":\"https:\\\/\\\/haberkuzey.com\\\/index.php\\\/author\\\/haberkuzey\\\/\"}]}<\/script>\n<!-- \/ Yoast SEO plugin. -->","yoast_head_json":{"title":"Be\u015f sa\u011fl\u0131k \u00e7al\u0131\u015fan\u0131 yedi g\u00fcn daha tutuklu kalacak - Haber Kuzey","robots":{"index":"index","follow":"follow","max-snippet":"max-snippet:-1","max-image-preview":"max-image-preview:large","max-video-preview":"max-video-preview:-1"},"canonical":"https:\/\/haberkuzey.com\/index.php\/2024\/10\/31\/bes-saglik-calisani-yedi-gun-daha-tutuklu-kalacak\/","og_locale":"tr_TR","og_type":"article","og_title":"Be\u015f sa\u011fl\u0131k \u00e7al\u0131\u015fan\u0131 yedi g\u00fcn daha tutuklu kalacak - Haber Kuzey","og_description":"Lefko\u015fa Dr. Burhan Nalbanto\u011flu Devlet Hastanesi Yenido\u011fan Yo\u011fun Bak\u0131m \u00dcnitesi\u2019nde, erken do\u011fum sebebiyle kuv\u00f6zde tedavi g\u00f6ren 20 g\u00fcnl\u00fck bebe\u011fin hayat\u0131n\u0131 kaybetmesiyle ilgili tutuklu be\u015f sa\u011fl\u0131k \u00e7al\u0131\u015fan\u0131, bug\u00fcn yeniden mahkemeye \u00e7\u0131kar\u0131ld\u0131. \u201cTedbirsizlik ve ihmal sonucu \u00f6l\u00fcme sebebiyet verme\u201d su\u00e7lamas\u0131yla bug\u00fcn Lefko\u015fa Kaza Mahkemesi\u2019ne \u00e7\u0131kar\u0131lan \u00c7.\u015e., A.D., G.K.A., K.Y. ve M.A. aleyhinde yedi g\u00fcn tutukluk emri temin [&hellip;]","og_url":"https:\/\/haberkuzey.com\/index.php\/2024\/10\/31\/bes-saglik-calisani-yedi-gun-daha-tutuklu-kalacak\/","og_site_name":"Haber Kuzey","article_published_time":"2024-10-31T07:28:02+00:00","og_image":[{"url":"https:\/\/brtk.net\/wp-content\/uploads\/2023\/10\/20\/mahkeme4.jpg?ver=7b8620210f1130ecf0c730152490aa5e","type":"","width":"","height":""}],"author":"haberkuzey","twitter_card":"summary_large_image","twitter_misc":{"Yazan:":"haberkuzey","Tahmini okuma s\u00fcresi":"1 dakika"},"schema":{"@context":"https:\/\/schema.org","@graph":[{"@type":"Article","@id":"https:\/\/haberkuzey.com\/index.php\/2024\/10\/31\/bes-saglik-calisani-yedi-gun-daha-tutuklu-kalacak\/#article","isPartOf":{"@id":"https:\/\/haberkuzey.com\/index.php\/2024\/10\/31\/bes-saglik-calisani-yedi-gun-daha-tutuklu-kalacak\/"},"author":{"name":"haberkuzey","@id":"https:\/\/haberkuzey.com\/#\/schema\/person\/3372109ec735f9333f4fa47ebb9605ca"},"headline":"Be\u015f sa\u011fl\u0131k \u00e7al\u0131\u015fan\u0131 yedi g\u00fcn daha tutuklu kalacak","datePublished":"2024-10-31T07:28:02+00:00","mainEntityOfPage":{"@id":"https:\/\/haberkuzey.com\/index.php\/2024\/10\/31\/bes-saglik-calisani-yedi-gun-daha-tutuklu-kalacak\/"},"wordCount":119,"commentCount":0,"image":{"@id":"https:\/\/haberkuzey.com\/index.php\/2024\/10\/31\/bes-saglik-calisani-yedi-gun-daha-tutuklu-kalacak\/#primaryimage"},"thumbnailUrl":"https:\/\/haberkuzey.com\/wp-content\/uploads\/2024\/08\/mahkeme4.jpg","articleSection":["K\u0131br\u0131s"],"inLanguage":"tr","potentialAction":[{"@type":"CommentAction","name":"Comment","target":["https:\/\/haberkuzey.com\/index.php\/2024\/10\/31\/bes-saglik-calisani-yedi-gun-daha-tutuklu-kalacak\/#respond"]}]},{"@type":"WebPage","@id":"https:\/\/haberkuzey.com\/index.php\/2024\/10\/31\/bes-saglik-calisani-yedi-gun-daha-tutuklu-kalacak\/","url":"https:\/\/haberkuzey.com\/index.php\/2024\/10\/31\/bes-saglik-calisani-yedi-gun-daha-tutuklu-kalacak\/","name":"Be\u015f sa\u011fl\u0131k \u00e7al\u0131\u015fan\u0131 yedi g\u00fcn daha tutuklu kalacak - Haber Kuzey","isPartOf":{"@id":"https:\/\/haberkuzey.com\/#website"},"primaryImageOfPage":{"@id":"https:\/\/haberkuzey.com\/index.php\/2024\/10\/31\/bes-saglik-calisani-yedi-gun-daha-tutuklu-kalacak\/#primaryimage"},"image":{"@id":"https:\/\/haberkuzey.com\/index.php\/2024\/10\/31\/bes-saglik-calisani-yedi-gun-daha-tutuklu-kalacak\/#primaryimage"},"thumbnailUrl":"https:\/\/haberkuzey.com\/wp-content\/uploads\/2024\/08\/mahkeme4.jpg","datePublished":"2024-10-31T07:28:02+00:00","author":{"@id":"https:\/\/haberkuzey.com\/#\/schema\/person\/3372109ec735f9333f4fa47ebb9605ca"},"breadcrumb":{"@id":"https:\/\/haberkuzey.com\/index.php\/2024\/10\/31\/bes-saglik-calisani-yedi-gun-daha-tutuklu-kalacak\/#breadcrumb"},"inLanguage":"tr","potentialAction":[{"@type":"ReadAction","target":["https:\/\/haberkuzey.com\/index.php\/2024\/10\/31\/bes-saglik-calisani-yedi-gun-daha-tutuklu-kalacak\/"]}]},{"@type":"ImageObject","inLanguage":"tr","@id":"https:\/\/haberkuzey.com\/index.php\/2024\/10\/31\/bes-saglik-calisani-yedi-gun-daha-tutuklu-kalacak\/#primaryimage","url":"https:\/\/haberkuzey.com\/wp-content\/uploads\/2024\/08\/mahkeme4.jpg","contentUrl":"https:\/\/haberkuzey.com\/wp-content\/uploads\/2024\/08\/mahkeme4.jpg","width":670,"height":371},{"@type":"BreadcrumbList","@id":"https:\/\/haberkuzey.com\/index.php\/2024\/10\/31\/bes-saglik-calisani-yedi-gun-daha-tutuklu-kalacak\/#breadcrumb","itemListElement":[{"@type":"ListItem","position":1,"name":"Anasayfa","item":"https:\/\/haberkuzey.com\/"},{"@type":"ListItem","position":2,"name":"Be\u015f sa\u011fl\u0131k \u00e7al\u0131\u015fan\u0131 yedi g\u00fcn daha tutuklu kalacak"}]},{"@type":"WebSite","@id":"https:\/\/haberkuzey.com\/#website","url":"https:\/\/haberkuzey.com\/","name":"Haber Kuzey","description":"Do\u011fru Haberin Adresi","potentialAction":[{"@type":"SearchAction","target":{"@type":"EntryPoint","urlTemplate":"https:\/\/haberkuzey.com\/?s={search_term_string}"},"query-input":{"@type":"PropertyValueSpecification","valueRequired":true,"valueName":"search_term_string"}}],"inLanguage":"tr"},{"@type":"Person","@id":"https:\/\/haberkuzey.com\/#\/schema\/person\/3372109ec735f9333f4fa47ebb9605ca","name":"haberkuzey","image":{"@type":"ImageObject","inLanguage":"tr","@id":"https:\/\/secure.gravatar.com\/avatar\/f5fc875574b1575324358c3b9e6a32b8227aa5b74f3fa22e3cadb63e26fcc39c?s=96&d=mm&r=g","url":"https:\/\/secure.gravatar.com\/avatar\/f5fc875574b1575324358c3b9e6a32b8227aa5b74f3fa22e3cadb63e26fcc39c?s=96&d=mm&r=g","contentUrl":"https:\/\/secure.gravatar.com\/avatar\/f5fc875574b1575324358c3b9e6a32b8227aa5b74f3fa22e3cadb63e26fcc39c?s=96&d=mm&r=g","caption":"haberkuzey"},"sameAs":["https:\/\/haberkuzey.com"],"url":"https:\/\/haberkuzey.com\/index.php\/author\/haberkuzey\/"}]}},"_links":{"self":[{"href":"https:\/\/haberkuzey.com\/index.php\/wp-json\/wp\/v2\/posts\/12124","targetHints":{"allow":["GET"]}}],"collection":[{"href":"https:\/\/haberkuzey.com\/index.php\/wp-json\/wp\/v2\/posts"}],"about":[{"href":"https:\/\/haberkuzey.com\/index.php\/wp-json\/wp\/v2\/types\/post"}],"author":[{"embeddable":true,"href":"https:\/\/haberkuzey.com\/index.php\/wp-json\/wp\/v2\/users\/1"}],"replies":[{"embeddable":true,"href":"https:\/\/haberkuzey.com\/index.php\/wp-json\/wp\/v2\/comments?post=12124"}],"version-history":[{"count":0,"href":"https:\/\/haberkuzey.com\/index.php\/wp-json\/wp\/v2\/posts\/12124\/revisions"}],"wp:featuredmedia":[{"embeddable":true,"href":"https:\/\/haberkuzey.com\/index.php\/wp-json\/wp\/v2\/media\/7179"}],"wp:attachment":[{"href":"https:\/\/haberkuzey.com\/index.php\/wp-json\/wp\/v2\/media?parent=12124"}],"wp:term":[{"taxonomy":"category","embeddable":true,"href":"https:\/\/haberkuzey.com\/index.php\/wp-json\/wp\/v2\/categories?post=12124"},{"taxonomy":"post_tag","embeddable":true,"href":"https:\/\/haberkuzey.com\/index.php\/wp-json\/wp\/v2\/tags?post=12124"}],"curies":[{"name":"wp","href":"https:\/\/api.w.org\/{rel}","templated":true}]}}