{"id":1206,"date":"2024-05-02T11:52:39","date_gmt":"2024-05-02T08:52:39","guid":{"rendered":"https:\/\/kuzeyinsesi.com\/index.php\/2024\/05\/02\/israil-askerleri-bati-seriadaki-baskinlarda-1-kisiyi-yaraladi-15-kisiyi-gozaltina-aldi\/"},"modified":"2024-05-02T11:52:39","modified_gmt":"2024-05-02T08:52:39","slug":"israil-askerleri-bati-seriadaki-baskinlarda-1-kisiyi-yaraladi-15-kisiyi-gozaltina-aldi","status":"publish","type":"post","link":"https:\/\/haberkuzey.com\/index.php\/2024\/05\/02\/israil-askerleri-bati-seriadaki-baskinlarda-1-kisiyi-yaraladi-15-kisiyi-gozaltina-aldi\/","title":{"rendered":"\u0130srail askerleri Bat\u0131 \u015eeria&#039;daki bask\u0131nlarda 1 ki\u015fiyi yaralad\u0131, 15 ki\u015fiyi g\u00f6zalt\u0131na ald\u0131"},"content":{"rendered":"<p><\/p>\n<div>\n<p>&#13;<br \/>\n\tA\u00e7\u0131klamada, <a href=\"https:\/\/www.trthaber.com\/etiket\/israil\/\" target=\"_blank\" rel=\"noopener\">\u0130srail<\/a> ordusunun d\u00fcn geceden bu yana en az 15 ki\u015fiyi daha g\u00f6zalt\u0131na almas\u0131yla 7 Ekim&#8217;den bu yana g\u00f6zalt\u0131na al\u0131nan Filistinlilerin say\u0131s\u0131 8 bin 550&#8217;ye y\u00fckseldi.<\/p>\n<p>&#13;<br \/>\n\t\u00d6te yandan Filistin resmi haber ajans\u0131 WAFA&#8217;da \u0130srail g\u00fc\u00e7lerinin gece d\u00fczenledi\u011fi bask\u0131nlara ili\u015fkin bilgi verildi.<\/p>\n<p>&#13;<br \/>\n\t\u0130srail g\u00fc\u00e7leri, Ramallah kentinin kuzeyindeki El-Celezun M\u00fclteci Kamp\u0131na bask\u0131n d\u00fczenledi. Bask\u0131na tepki g\u00f6steren Filistinliler ile askerler aras\u0131nda \u00e7at\u0131\u015fma \u00e7\u0131kt\u0131.<\/p>\n<p>&#13;<br \/>\n\tFilistinlilere ger\u00e7ek ve <a href=\"https:\/\/www.trthaber.com\/etiket\/plastik\/\" target=\"_blank\" rel=\"noopener\">plastik<\/a> mermi ile g\u00f6z ya\u015fart\u0131c\u0131 gazla m\u00fcdahale eden askerler 1 Filistinliyi aya\u011f\u0131ndan yaralad\u0131, 1&#8217;i kad\u0131n 5 ki\u015fiyi g\u00f6zalt\u0131na ald\u0131.<\/p>\n<p>&#13;<br \/>\n\tG\u00f6zalt\u0131na al\u0131nanlar aras\u0131nda 16 ya\u015f\u0131nda bir \u00e7ocu\u011fun da oldu\u011fu ifade edildi.<\/p>\n<p>&#13;<br \/>\n\t\u0130srail g\u00fc\u00e7leri askeri ara\u00e7larla kampa d\u00fczenledi\u011fi bask\u0131n s\u0131ras\u0131nda \u00e7ok say\u0131da arac\u0131 tahrip etti.<\/p>\n<p>&#13;<br \/>\n\tYerel kaynaklar, \u0130srail askerlerinin El Halil kentinin \u00e7e\u015fitli b\u00f6lgelerinde Filistinlilerin evlerine bask\u0131nlar d\u00fczenledi\u011fini ve tefti\u015fler yapt\u0131\u011f\u0131n\u0131 aktard\u0131.<\/p>\n<p>&#13;<br \/>\n\tAskerler, kentin bat\u0131s\u0131ndaki \u0130zna beldesinde evlerine bask\u0131n d\u00fczenledi\u011fi 3 ki\u015fiyi g\u00f6zalt\u0131na ald\u0131.<\/p>\n<p>&#13;<br \/>\n\t\u0130srail g\u00fc\u00e7leri kentte ayr\u0131ca 6 ay s\u00fcren tutuklulu\u011funun ard\u0131ndan yakla\u015f\u0131k 10 g\u00fcn \u00f6nce serbest b\u0131rak\u0131lan Mutez el-Ca&#8217;be adl\u0131 Filistinliyi yeniden g\u00f6zalt\u0131na ald\u0131.<\/p>\n<p>&#13;<br \/>\n\t\u00d6te yandan WAFA&#8217;ya a\u00e7\u0131klamada bulunan bir emniyet yetkilisi, Beyt\u00fcllahim kentinde Husan kasabas\u0131na bask\u0131n d\u00fczenleyen askerlerin, burada 3 ki\u015fiyi g\u00f6zalt\u0131na ald\u0131\u011f\u0131n\u0131 ifade etti.<\/p>\n<\/p><\/div>\n","protected":false},"excerpt":{"rendered":"<p>&#13; A\u00e7\u0131klamada, \u0130srail ordusunun d\u00fcn geceden bu yana en az 15 ki\u015fiyi daha g\u00f6zalt\u0131na almas\u0131yla 7 Ekim&#8217;den bu yana g\u00f6zalt\u0131na al\u0131nan Filistinlilerin say\u0131s\u0131 8 bin 550&#8217;ye y\u00fckseldi. &#13; \u00d6te yandan Filistin resmi haber ajans\u0131 WAFA&#8217;da \u0130srail g\u00fc\u00e7lerinin gece d\u00fczenledi\u011fi bask\u0131nlara ili\u015fkin bilgi verildi. &#13; \u0130srail g\u00fc\u00e7leri, Ramallah kentinin kuzeyindeki El-Celezun M\u00fclteci Kamp\u0131na bask\u0131n d\u00fczenledi. Bask\u0131na [&hellip;]<\/p>\n","protected":false},"author":1,"featured_media":1249,"comment_status":"open","ping_status":"open","sticky":false,"template":"","format":"standard","meta":{"jnews-multi-image_gallery":[],"jnews_single_post":[],"jnews_primary_category":[],"footnotes":""},"categories":[2],"tags":[],"class_list":["post-1206","post","type-post","status-publish","format-standard","has-post-thumbnail","hentry","category-dunya"],"yoast_head":"<!-- This site is optimized with the Yoast SEO plugin v27.5 - https:\/\/yoast.com\/product\/yoast-seo-wordpress\/ -->\n<title>\u0130srail askerleri Bat\u0131 \u015eeria&#039;daki bask\u0131nlarda 1 ki\u015fiyi yaralad\u0131, 15 ki\u015fiyi g\u00f6zalt\u0131na ald\u0131 - Haber Kuzey<\/title>\n<meta name=\"robots\" content=\"index, follow, max-snippet:-1, max-image-preview:large, max-video-preview:-1\" \/>\n<link rel=\"canonical\" href=\"https:\/\/haberkuzey.com\/index.php\/2024\/05\/02\/israil-askerleri-bati-seriadaki-baskinlarda-1-kisiyi-yaraladi-15-kisiyi-gozaltina-aldi\/\" \/>\n<meta property=\"og:locale\" content=\"tr_TR\" \/>\n<meta property=\"og:type\" content=\"article\" \/>\n<meta property=\"og:title\" content=\"\u0130srail askerleri Bat\u0131 \u015eeria&#039;daki bask\u0131nlarda 1 ki\u015fiyi yaralad\u0131, 15 ki\u015fiyi g\u00f6zalt\u0131na ald\u0131 - Haber Kuzey\" \/>\n<meta property=\"og:description\" content=\"&#013; A\u00e7\u0131klamada, \u0130srail ordusunun d\u00fcn geceden bu yana en az 15 ki\u015fiyi daha g\u00f6zalt\u0131na almas\u0131yla 7 Ekim&#8217;den bu yana g\u00f6zalt\u0131na al\u0131nan Filistinlilerin say\u0131s\u0131 8 bin 550&#8217;ye y\u00fckseldi. &#013; \u00d6te yandan Filistin resmi haber ajans\u0131 WAFA&#8217;da \u0130srail g\u00fc\u00e7lerinin gece d\u00fczenledi\u011fi bask\u0131nlara ili\u015fkin bilgi verildi. &#013; \u0130srail g\u00fc\u00e7leri, Ramallah kentinin kuzeyindeki El-Celezun M\u00fclteci Kamp\u0131na bask\u0131n d\u00fczenledi. Bask\u0131na [&hellip;]\" \/>\n<meta property=\"og:url\" content=\"https:\/\/haberkuzey.com\/index.php\/2024\/05\/02\/israil-askerleri-bati-seriadaki-baskinlarda-1-kisiyi-yaraladi-15-kisiyi-gozaltina-aldi\/\" \/>\n<meta property=\"og:site_name\" content=\"Haber Kuzey\" \/>\n<meta property=\"article:published_time\" content=\"2024-05-02T08:52:39+00:00\" \/>\n<meta property=\"og:image\" content=\"https:\/\/haberkuzey.com\/wp-content\/uploads\/2024\/05\/bati-seria-a-2134973.jpg\" \/>\n\t<meta property=\"og:image:width\" content=\"1280\" \/>\n\t<meta property=\"og:image:height\" content=\"720\" \/>\n\t<meta property=\"og:image:type\" content=\"image\/jpeg\" \/>\n<meta name=\"author\" content=\"haberkuzey\" \/>\n<meta name=\"twitter:card\" content=\"summary_large_image\" \/>\n<meta name=\"twitter:label1\" content=\"Yazan:\" \/>\n\t<meta name=\"twitter:data1\" content=\"haberkuzey\" \/>\n\t<meta name=\"twitter:label2\" content=\"Tahmini okuma s\u00fcresi\" \/>\n\t<meta name=\"twitter:data2\" content=\"1 dakika\" \/>\n<script type=\"application\/ld+json\" class=\"yoast-schema-graph\">{\"@context\":\"https:\\\/\\\/schema.org\",\"@graph\":[{\"@type\":\"Article\",\"@id\":\"https:\\\/\\\/haberkuzey.com\\\/index.php\\\/2024\\\/05\\\/02\\\/israil-askerleri-bati-seriadaki-baskinlarda-1-kisiyi-yaraladi-15-kisiyi-gozaltina-aldi\\\/#article\",\"isPartOf\":{\"@id\":\"https:\\\/\\\/haberkuzey.com\\\/index.php\\\/2024\\\/05\\\/02\\\/israil-askerleri-bati-seriadaki-baskinlarda-1-kisiyi-yaraladi-15-kisiyi-gozaltina-aldi\\\/\"},\"author\":{\"name\":\"haberkuzey\",\"@id\":\"https:\\\/\\\/haberkuzey.com\\\/#\\\/schema\\\/person\\\/3372109ec735f9333f4fa47ebb9605ca\"},\"headline\":\"\u0130srail askerleri Bat\u0131 \u015eeria&#039;daki bask\u0131nlarda 1 ki\u015fiyi yaralad\u0131, 15 ki\u015fiyi g\u00f6zalt\u0131na ald\u0131\",\"datePublished\":\"2024-05-02T08:52:39+00:00\",\"mainEntityOfPage\":{\"@id\":\"https:\\\/\\\/haberkuzey.com\\\/index.php\\\/2024\\\/05\\\/02\\\/israil-askerleri-bati-seriadaki-baskinlarda-1-kisiyi-yaraladi-15-kisiyi-gozaltina-aldi\\\/\"},\"wordCount\":274,\"commentCount\":0,\"image\":{\"@id\":\"https:\\\/\\\/haberkuzey.com\\\/index.php\\\/2024\\\/05\\\/02\\\/israil-askerleri-bati-seriadaki-baskinlarda-1-kisiyi-yaraladi-15-kisiyi-gozaltina-aldi\\\/#primaryimage\"},\"thumbnailUrl\":\"https:\\\/\\\/haberkuzey.com\\\/wp-content\\\/uploads\\\/2024\\\/05\\\/bati-seria-a-2134973.jpg\",\"articleSection\":[\"D\u00fcnya\"],\"inLanguage\":\"tr\",\"potentialAction\":[{\"@type\":\"CommentAction\",\"name\":\"Comment\",\"target\":[\"https:\\\/\\\/haberkuzey.com\\\/index.php\\\/2024\\\/05\\\/02\\\/israil-askerleri-bati-seriadaki-baskinlarda-1-kisiyi-yaraladi-15-kisiyi-gozaltina-aldi\\\/#respond\"]}]},{\"@type\":\"WebPage\",\"@id\":\"https:\\\/\\\/haberkuzey.com\\\/index.php\\\/2024\\\/05\\\/02\\\/israil-askerleri-bati-seriadaki-baskinlarda-1-kisiyi-yaraladi-15-kisiyi-gozaltina-aldi\\\/\",\"url\":\"https:\\\/\\\/haberkuzey.com\\\/index.php\\\/2024\\\/05\\\/02\\\/israil-askerleri-bati-seriadaki-baskinlarda-1-kisiyi-yaraladi-15-kisiyi-gozaltina-aldi\\\/\",\"name\":\"\u0130srail askerleri Bat\u0131 \u015eeria&#039;daki bask\u0131nlarda 1 ki\u015fiyi yaralad\u0131, 15 ki\u015fiyi g\u00f6zalt\u0131na ald\u0131 - Haber Kuzey\",\"isPartOf\":{\"@id\":\"https:\\\/\\\/haberkuzey.com\\\/#website\"},\"primaryImageOfPage\":{\"@id\":\"https:\\\/\\\/haberkuzey.com\\\/index.php\\\/2024\\\/05\\\/02\\\/israil-askerleri-bati-seriadaki-baskinlarda-1-kisiyi-yaraladi-15-kisiyi-gozaltina-aldi\\\/#primaryimage\"},\"image\":{\"@id\":\"https:\\\/\\\/haberkuzey.com\\\/index.php\\\/2024\\\/05\\\/02\\\/israil-askerleri-bati-seriadaki-baskinlarda-1-kisiyi-yaraladi-15-kisiyi-gozaltina-aldi\\\/#primaryimage\"},\"thumbnailUrl\":\"https:\\\/\\\/haberkuzey.com\\\/wp-content\\\/uploads\\\/2024\\\/05\\\/bati-seria-a-2134973.jpg\",\"datePublished\":\"2024-05-02T08:52:39+00:00\",\"author\":{\"@id\":\"https:\\\/\\\/haberkuzey.com\\\/#\\\/schema\\\/person\\\/3372109ec735f9333f4fa47ebb9605ca\"},\"breadcrumb\":{\"@id\":\"https:\\\/\\\/haberkuzey.com\\\/index.php\\\/2024\\\/05\\\/02\\\/israil-askerleri-bati-seriadaki-baskinlarda-1-kisiyi-yaraladi-15-kisiyi-gozaltina-aldi\\\/#breadcrumb\"},\"inLanguage\":\"tr\",\"potentialAction\":[{\"@type\":\"ReadAction\",\"target\":[\"https:\\\/\\\/haberkuzey.com\\\/index.php\\\/2024\\\/05\\\/02\\\/israil-askerleri-bati-seriadaki-baskinlarda-1-kisiyi-yaraladi-15-kisiyi-gozaltina-aldi\\\/\"]}]},{\"@type\":\"ImageObject\",\"inLanguage\":\"tr\",\"@id\":\"https:\\\/\\\/haberkuzey.com\\\/index.php\\\/2024\\\/05\\\/02\\\/israil-askerleri-bati-seriadaki-baskinlarda-1-kisiyi-yaraladi-15-kisiyi-gozaltina-aldi\\\/#primaryimage\",\"url\":\"https:\\\/\\\/haberkuzey.com\\\/wp-content\\\/uploads\\\/2024\\\/05\\\/bati-seria-a-2134973.jpg\",\"contentUrl\":\"https:\\\/\\\/haberkuzey.com\\\/wp-content\\\/uploads\\\/2024\\\/05\\\/bati-seria-a-2134973.jpg\",\"width\":1280,\"height\":720},{\"@type\":\"BreadcrumbList\",\"@id\":\"https:\\\/\\\/haberkuzey.com\\\/index.php\\\/2024\\\/05\\\/02\\\/israil-askerleri-bati-seriadaki-baskinlarda-1-kisiyi-yaraladi-15-kisiyi-gozaltina-aldi\\\/#breadcrumb\",\"itemListElement\":[{\"@type\":\"ListItem\",\"position\":1,\"name\":\"Anasayfa\",\"item\":\"https:\\\/\\\/haberkuzey.com\\\/\"},{\"@type\":\"ListItem\",\"position\":2,\"name\":\"\u0130srail askerleri Bat\u0131 \u015eeria&#039;daki bask\u0131nlarda 1 ki\u015fiyi yaralad\u0131, 15 ki\u015fiyi g\u00f6zalt\u0131na ald\u0131\"}]},{\"@type\":\"WebSite\",\"@id\":\"https:\\\/\\\/haberkuzey.com\\\/#website\",\"url\":\"https:\\\/\\\/haberkuzey.com\\\/\",\"name\":\"Haber Kuzey\",\"description\":\"Do\u011fru Haberin Adresi\",\"potentialAction\":[{\"@type\":\"SearchAction\",\"target\":{\"@type\":\"EntryPoint\",\"urlTemplate\":\"https:\\\/\\\/haberkuzey.com\\\/?s={search_term_string}\"},\"query-input\":{\"@type\":\"PropertyValueSpecification\",\"valueRequired\":true,\"valueName\":\"search_term_string\"}}],\"inLanguage\":\"tr\"},{\"@type\":\"Person\",\"@id\":\"https:\\\/\\\/haberkuzey.com\\\/#\\\/schema\\\/person\\\/3372109ec735f9333f4fa47ebb9605ca\",\"name\":\"haberkuzey\",\"image\":{\"@type\":\"ImageObject\",\"inLanguage\":\"tr\",\"@id\":\"https:\\\/\\\/secure.gravatar.com\\\/avatar\\\/f5fc875574b1575324358c3b9e6a32b8227aa5b74f3fa22e3cadb63e26fcc39c?s=96&d=mm&r=g\",\"url\":\"https:\\\/\\\/secure.gravatar.com\\\/avatar\\\/f5fc875574b1575324358c3b9e6a32b8227aa5b74f3fa22e3cadb63e26fcc39c?s=96&d=mm&r=g\",\"contentUrl\":\"https:\\\/\\\/secure.gravatar.com\\\/avatar\\\/f5fc875574b1575324358c3b9e6a32b8227aa5b74f3fa22e3cadb63e26fcc39c?s=96&d=mm&r=g\",\"caption\":\"haberkuzey\"},\"sameAs\":[\"https:\\\/\\\/haberkuzey.com\"],\"url\":\"https:\\\/\\\/haberkuzey.com\\\/index.php\\\/author\\\/haberkuzey\\\/\"}]}<\/script>\n<!-- \/ Yoast SEO plugin. -->","yoast_head_json":{"title":"\u0130srail askerleri Bat\u0131 \u015eeria&#039;daki bask\u0131nlarda 1 ki\u015fiyi yaralad\u0131, 15 ki\u015fiyi g\u00f6zalt\u0131na ald\u0131 - Haber Kuzey","robots":{"index":"index","follow":"follow","max-snippet":"max-snippet:-1","max-image-preview":"max-image-preview:large","max-video-preview":"max-video-preview:-1"},"canonical":"https:\/\/haberkuzey.com\/index.php\/2024\/05\/02\/israil-askerleri-bati-seriadaki-baskinlarda-1-kisiyi-yaraladi-15-kisiyi-gozaltina-aldi\/","og_locale":"tr_TR","og_type":"article","og_title":"\u0130srail askerleri Bat\u0131 \u015eeria&#039;daki bask\u0131nlarda 1 ki\u015fiyi yaralad\u0131, 15 ki\u015fiyi g\u00f6zalt\u0131na ald\u0131 - Haber Kuzey","og_description":"&#13; A\u00e7\u0131klamada, \u0130srail ordusunun d\u00fcn geceden bu yana en az 15 ki\u015fiyi daha g\u00f6zalt\u0131na almas\u0131yla 7 Ekim&#8217;den bu yana g\u00f6zalt\u0131na al\u0131nan Filistinlilerin say\u0131s\u0131 8 bin 550&#8217;ye y\u00fckseldi. &#13; \u00d6te yandan Filistin resmi haber ajans\u0131 WAFA&#8217;da \u0130srail g\u00fc\u00e7lerinin gece d\u00fczenledi\u011fi bask\u0131nlara ili\u015fkin bilgi verildi. &#13; \u0130srail g\u00fc\u00e7leri, Ramallah kentinin kuzeyindeki El-Celezun M\u00fclteci Kamp\u0131na bask\u0131n d\u00fczenledi. Bask\u0131na [&hellip;]","og_url":"https:\/\/haberkuzey.com\/index.php\/2024\/05\/02\/israil-askerleri-bati-seriadaki-baskinlarda-1-kisiyi-yaraladi-15-kisiyi-gozaltina-aldi\/","og_site_name":"Haber Kuzey","article_published_time":"2024-05-02T08:52:39+00:00","og_image":[{"width":1280,"height":720,"url":"https:\/\/haberkuzey.com\/wp-content\/uploads\/2024\/05\/bati-seria-a-2134973.jpg","type":"image\/jpeg"}],"author":"haberkuzey","twitter_card":"summary_large_image","twitter_misc":{"Yazan:":"haberkuzey","Tahmini okuma s\u00fcresi":"1 dakika"},"schema":{"@context":"https:\/\/schema.org","@graph":[{"@type":"Article","@id":"https:\/\/haberkuzey.com\/index.php\/2024\/05\/02\/israil-askerleri-bati-seriadaki-baskinlarda-1-kisiyi-yaraladi-15-kisiyi-gozaltina-aldi\/#article","isPartOf":{"@id":"https:\/\/haberkuzey.com\/index.php\/2024\/05\/02\/israil-askerleri-bati-seriadaki-baskinlarda-1-kisiyi-yaraladi-15-kisiyi-gozaltina-aldi\/"},"author":{"name":"haberkuzey","@id":"https:\/\/haberkuzey.com\/#\/schema\/person\/3372109ec735f9333f4fa47ebb9605ca"},"headline":"\u0130srail askerleri Bat\u0131 \u015eeria&#039;daki bask\u0131nlarda 1 ki\u015fiyi yaralad\u0131, 15 ki\u015fiyi g\u00f6zalt\u0131na ald\u0131","datePublished":"2024-05-02T08:52:39+00:00","mainEntityOfPage":{"@id":"https:\/\/haberkuzey.com\/index.php\/2024\/05\/02\/israil-askerleri-bati-seriadaki-baskinlarda-1-kisiyi-yaraladi-15-kisiyi-gozaltina-aldi\/"},"wordCount":274,"commentCount":0,"image":{"@id":"https:\/\/haberkuzey.com\/index.php\/2024\/05\/02\/israil-askerleri-bati-seriadaki-baskinlarda-1-kisiyi-yaraladi-15-kisiyi-gozaltina-aldi\/#primaryimage"},"thumbnailUrl":"https:\/\/haberkuzey.com\/wp-content\/uploads\/2024\/05\/bati-seria-a-2134973.jpg","articleSection":["D\u00fcnya"],"inLanguage":"tr","potentialAction":[{"@type":"CommentAction","name":"Comment","target":["https:\/\/haberkuzey.com\/index.php\/2024\/05\/02\/israil-askerleri-bati-seriadaki-baskinlarda-1-kisiyi-yaraladi-15-kisiyi-gozaltina-aldi\/#respond"]}]},{"@type":"WebPage","@id":"https:\/\/haberkuzey.com\/index.php\/2024\/05\/02\/israil-askerleri-bati-seriadaki-baskinlarda-1-kisiyi-yaraladi-15-kisiyi-gozaltina-aldi\/","url":"https:\/\/haberkuzey.com\/index.php\/2024\/05\/02\/israil-askerleri-bati-seriadaki-baskinlarda-1-kisiyi-yaraladi-15-kisiyi-gozaltina-aldi\/","name":"\u0130srail askerleri Bat\u0131 \u015eeria&#039;daki bask\u0131nlarda 1 ki\u015fiyi yaralad\u0131, 15 ki\u015fiyi g\u00f6zalt\u0131na ald\u0131 - Haber Kuzey","isPartOf":{"@id":"https:\/\/haberkuzey.com\/#website"},"primaryImageOfPage":{"@id":"https:\/\/haberkuzey.com\/index.php\/2024\/05\/02\/israil-askerleri-bati-seriadaki-baskinlarda-1-kisiyi-yaraladi-15-kisiyi-gozaltina-aldi\/#primaryimage"},"image":{"@id":"https:\/\/haberkuzey.com\/index.php\/2024\/05\/02\/israil-askerleri-bati-seriadaki-baskinlarda-1-kisiyi-yaraladi-15-kisiyi-gozaltina-aldi\/#primaryimage"},"thumbnailUrl":"https:\/\/haberkuzey.com\/wp-content\/uploads\/2024\/05\/bati-seria-a-2134973.jpg","datePublished":"2024-05-02T08:52:39+00:00","author":{"@id":"https:\/\/haberkuzey.com\/#\/schema\/person\/3372109ec735f9333f4fa47ebb9605ca"},"breadcrumb":{"@id":"https:\/\/haberkuzey.com\/index.php\/2024\/05\/02\/israil-askerleri-bati-seriadaki-baskinlarda-1-kisiyi-yaraladi-15-kisiyi-gozaltina-aldi\/#breadcrumb"},"inLanguage":"tr","potentialAction":[{"@type":"ReadAction","target":["https:\/\/haberkuzey.com\/index.php\/2024\/05\/02\/israil-askerleri-bati-seriadaki-baskinlarda-1-kisiyi-yaraladi-15-kisiyi-gozaltina-aldi\/"]}]},{"@type":"ImageObject","inLanguage":"tr","@id":"https:\/\/haberkuzey.com\/index.php\/2024\/05\/02\/israil-askerleri-bati-seriadaki-baskinlarda-1-kisiyi-yaraladi-15-kisiyi-gozaltina-aldi\/#primaryimage","url":"https:\/\/haberkuzey.com\/wp-content\/uploads\/2024\/05\/bati-seria-a-2134973.jpg","contentUrl":"https:\/\/haberkuzey.com\/wp-content\/uploads\/2024\/05\/bati-seria-a-2134973.jpg","width":1280,"height":720},{"@type":"BreadcrumbList","@id":"https:\/\/haberkuzey.com\/index.php\/2024\/05\/02\/israil-askerleri-bati-seriadaki-baskinlarda-1-kisiyi-yaraladi-15-kisiyi-gozaltina-aldi\/#breadcrumb","itemListElement":[{"@type":"ListItem","position":1,"name":"Anasayfa","item":"https:\/\/haberkuzey.com\/"},{"@type":"ListItem","position":2,"name":"\u0130srail askerleri Bat\u0131 \u015eeria&#039;daki bask\u0131nlarda 1 ki\u015fiyi yaralad\u0131, 15 ki\u015fiyi g\u00f6zalt\u0131na ald\u0131"}]},{"@type":"WebSite","@id":"https:\/\/haberkuzey.com\/#website","url":"https:\/\/haberkuzey.com\/","name":"Haber Kuzey","description":"Do\u011fru Haberin Adresi","potentialAction":[{"@type":"SearchAction","target":{"@type":"EntryPoint","urlTemplate":"https:\/\/haberkuzey.com\/?s={search_term_string}"},"query-input":{"@type":"PropertyValueSpecification","valueRequired":true,"valueName":"search_term_string"}}],"inLanguage":"tr"},{"@type":"Person","@id":"https:\/\/haberkuzey.com\/#\/schema\/person\/3372109ec735f9333f4fa47ebb9605ca","name":"haberkuzey","image":{"@type":"ImageObject","inLanguage":"tr","@id":"https:\/\/secure.gravatar.com\/avatar\/f5fc875574b1575324358c3b9e6a32b8227aa5b74f3fa22e3cadb63e26fcc39c?s=96&d=mm&r=g","url":"https:\/\/secure.gravatar.com\/avatar\/f5fc875574b1575324358c3b9e6a32b8227aa5b74f3fa22e3cadb63e26fcc39c?s=96&d=mm&r=g","contentUrl":"https:\/\/secure.gravatar.com\/avatar\/f5fc875574b1575324358c3b9e6a32b8227aa5b74f3fa22e3cadb63e26fcc39c?s=96&d=mm&r=g","caption":"haberkuzey"},"sameAs":["https:\/\/haberkuzey.com"],"url":"https:\/\/haberkuzey.com\/index.php\/author\/haberkuzey\/"}]}},"_links":{"self":[{"href":"https:\/\/haberkuzey.com\/index.php\/wp-json\/wp\/v2\/posts\/1206","targetHints":{"allow":["GET"]}}],"collection":[{"href":"https:\/\/haberkuzey.com\/index.php\/wp-json\/wp\/v2\/posts"}],"about":[{"href":"https:\/\/haberkuzey.com\/index.php\/wp-json\/wp\/v2\/types\/post"}],"author":[{"embeddable":true,"href":"https:\/\/haberkuzey.com\/index.php\/wp-json\/wp\/v2\/users\/1"}],"replies":[{"embeddable":true,"href":"https:\/\/haberkuzey.com\/index.php\/wp-json\/wp\/v2\/comments?post=1206"}],"version-history":[{"count":0,"href":"https:\/\/haberkuzey.com\/index.php\/wp-json\/wp\/v2\/posts\/1206\/revisions"}],"wp:featuredmedia":[{"embeddable":true,"href":"https:\/\/haberkuzey.com\/index.php\/wp-json\/wp\/v2\/media\/1249"}],"wp:attachment":[{"href":"https:\/\/haberkuzey.com\/index.php\/wp-json\/wp\/v2\/media?parent=1206"}],"wp:term":[{"taxonomy":"category","embeddable":true,"href":"https:\/\/haberkuzey.com\/index.php\/wp-json\/wp\/v2\/categories?post=1206"},{"taxonomy":"post_tag","embeddable":true,"href":"https:\/\/haberkuzey.com\/index.php\/wp-json\/wp\/v2\/tags?post=1206"}],"curies":[{"name":"wp","href":"https:\/\/api.w.org\/{rel}","templated":true}]}}