{"id":1202,"date":"2024-05-01T15:55:18","date_gmt":"2024-05-01T12:55:18","guid":{"rendered":"https:\/\/kuzeyinsesi.com\/index.php\/2024\/05\/01\/1-mayis-ara-bolgede-baris-ve-sosyal-adalet-icin-emekciler-omuz-omuza-adli-ortak-etkinlikle-kutlandi\/"},"modified":"2024-05-01T15:55:18","modified_gmt":"2024-05-01T12:55:18","slug":"1-mayis-ara-bolgede-baris-ve-sosyal-adalet-icin-emekciler-omuz-omuza-adli-ortak-etkinlikle-kutlandi","status":"publish","type":"post","link":"https:\/\/haberkuzey.com\/index.php\/2024\/05\/01\/1-mayis-ara-bolgede-baris-ve-sosyal-adalet-icin-emekciler-omuz-omuza-adli-ortak-etkinlikle-kutlandi\/","title":{"rendered":"1 May\u0131s ara b\u00f6lgede \u201cBar\u0131\u015f ve Sosyal Adalet \u0130\u00e7in Emek\u00e7iler Omuz Omuza\u201d adl\u0131 ortak etkinlikle kutland\u0131"},"content":{"rendered":"<div>\n<p style=\"font-weight: 300;\"><span style=\"font-weight: 300 !important;\"><\/p>\n<div class=\"mariselle-image-container none\">\n                                            <\/div>\n<p><\/span><\/p>\n<p style=\"font-weight: 300;\"><span style=\"font-weight: 300 !important;\">1 May\u0131s \u0130\u015f\u00e7i Bayram\u0131 nedeniyle, adan\u0131n her iki taraf\u0131ndan baz\u0131 sendika ve \u00f6rg\u00fctlerin kat\u0131l\u0131m\u0131yla Lefko\u015fa\u2019da ara b\u00f6lgede\u00a0 \u201cBar\u0131\u015f ve Sosyal Adalet \u0130\u00e7in Emek\u00e7iler Omuz Omuza\u201d slogan\u0131yla ortak bir etkinlik yap\u0131ld\u0131.<\/span><\/p>\n<p style=\"font-weight: 300;\"><span style=\"font-weight: 300 !important;\">D\u00fcnya \u0130\u015f\u00e7i Sendikalar\u0131 Federasyonu\u2019na \u00fcye G\u00fcney\u2019den PEO ve Kuzey\u2019den DEV-\u0130\u015e, KTAMS, KT\u00d6S, KTOE\u00d6S, BES, KOOP-SEN, DA\u00dc-SEN taraf\u0131ndan organize edilen ve iki taraftan baz\u0131 sivil toplum \u00f6rg\u00fctleri taraf\u0131ndan desteklenen ortak 1 May\u0131s eyleminde, \u201cbar\u0131\u015f ve sosyal adalet i\u00e7in dayan\u0131\u015fma ve ortak m\u00fccadele\u201d\u00a0 mesaj\u0131 verildi, ayr\u0131ca Filistin halk\u0131yla dayan\u0131\u015fma mesaj\u0131 da g\u00f6nderildi.<\/span><\/p>\n<p style=\"font-weight: 300;\"><span style=\"font-weight: 300 !important;\">Ara b\u00f6lgedeki ortak eyleme kuzeyden kat\u0131lacaklar, saat 09.30\u2019da Ku\u011fulu Park\u2019ta toplan\u0131p, ellerinde pankartlar ve bayraklarla, \u00c7etinkaya (Taksim) Sahas\u0131\u2019na do\u011fru (Dayan\u0131\u015fma Evi kar\u015f\u0131s\u0131na) y\u00fcr\u00fcy\u00fcp Ledra Palace\u2019dan ge\u00e7erek,\u00a0 e\u015f zamanl\u0131 olarak g\u00fcneyden y\u00fcr\u00fcy\u00fc\u015f ger\u00e7ekle\u015ftirerek toplanma alan\u0131na gelen K\u0131br\u0131sl\u0131 Rum kat\u0131l\u0131mc\u0131larla bulu\u015ftular.<\/span><\/p>\n<p style=\"font-weight: 300;\"><span style=\"font-weight: 300 !important;\">Ku\u011fulu Park\u2019tan ara b\u00f6lgedeki eylem alan\u0131na y\u00fcr\u00fcy\u00fc\u015f esnas\u0131nda, \u201cEmek, Bar\u0131\u015f, \u00d6zg\u00fcrl\u00fck,\u201d \u201cSendikas\u0131z \u00c7al\u0131\u015ft\u0131r\u0131lmak Yasaklans\u0131n\u201d,\u00a0 \u201cG\u00f6\u00e7 Yasas\u0131na Dur De\u201d yaz\u0131l\u0131 pankartlar ta\u015f\u0131nd\u0131, \u00a0\u201cYa\u015fas\u0131n 1 May\u0131s\u201d sloganlar\u0131 at\u0131ld\u0131.<\/span><\/p>\n<p style=\"font-weight: 300;\"><span style=\"font-weight: 300 !important;\">Etkinli\u011fe, 2. Cumhurba\u015fkan\u0131 Mehmet Ali Talat, ana muhalefet Cumhuriyet\u00e7i T\u00fcrk Partisi (CTP) Genel Ba\u015fkan\u0131 Tufan Erh\u00fcrman, Lefko\u015fa T\u00fcrk Belediyesi Ba\u015fkan\u0131 Mehmet Harmanc\u0131, ortak etkinli\u011fi organize eden sendika temsilcileri ile baz\u0131 sivil toplum \u00f6rg\u00fct ve siyasi parti temsilcileri ve \u00fcyeleri kat\u0131ld\u0131.<\/span><\/p>\n<p style=\"font-weight: 300;\"><span style=\"font-weight: 300 !important;\">Etkinli\u011fi organize eden sendika temsilcilerinin, ara b\u00f6lgede toplanan emek\u00e7ileri selamlamas\u0131n\u0131n ard\u0131ndan 1 May\u0131s ortak a\u00e7\u0131klamas\u0131, iki dilde DEV-\u0130\u015e Ba\u015fkan\u0131 Koral A\u015fam ve PEO Genel Sekreteri Sotirulla Haralambus taraf\u0131ndan okundu.<\/span><\/p>\n<p style=\"font-weight: 300;\"><span style=\"font-weight: 300 !important;\">Ortak a\u00e7\u0131klaman\u0131n ard\u0131ndan iki Kulis Theodoru ile Umut Albayrak sahne alarak konser verdi.<\/span><\/p>\n<p style=\"font-weight: 300;\"><strong>\u2013 Ortak 1 May\u0131s a\u00e7\u0131klamas\u0131<\/strong><\/p>\n<p style=\"font-weight: 300;\"><span style=\"font-weight: 300 !important;\">Ortak 1 May\u0131s a\u00e7\u0131klamas\u0131n\u0131 okuyan DEV-\u0130\u015e Ba\u015fkan\u0131 Koral A\u015fam, d\u00fcnya emek\u00e7ilerinin m\u00fccadele ve dayan\u0131\u015fma g\u00fcn\u00fc olan 1 May\u0131s \u0130\u015f\u00e7i Bayram\u0131\u2019n\u0131 K\u0131br\u0131sl\u0131 emek\u00e7iler olarak bu y\u0131l da birlikte kutlad\u0131klar\u0131n\u0131 belirterek, K\u0131br\u0131s\u2019ta i\u015f\u00e7i hareketinin \u00f6nc\u00fclerini sayg\u0131 ve onurla and\u0131klar\u0131n\u0131 s\u00f6yledi.<\/span><\/p>\n<p style=\"font-weight: 300;\"><span style=\"font-weight: 300 !important;\">A\u015fam, g\u00fcn\u00fcm\u00fczde pahal\u0131l\u0131k ve enflasyonun emek\u00e7ilerin ya\u015fam standartlar\u0131n\u0131 daha da d\u00fc\u015f\u00fcrd\u00fc\u011f\u00fcne, neoliberal politikalar sonucu olarak ekonomik ve sosyal e\u015fitsizliklerin artt\u0131\u011f\u0131na i\u015faret ederken, d\u00fcnyada sava\u015flar\u0131n ve m\u00fcdahalelerin yoksulla\u015fmaya, y\u0131k\u0131mlara, b\u00fcy\u00fck m\u00fclteci ve g\u00f6\u00e7men dalgalar\u0131na yol a\u00e7arak s\u00fcrd\u00fc\u011f\u00fcne, Ukrayna ile Rusya aras\u0131ndaki sava\u015f\u0131n devam etti\u011fine de i\u015faret etti.<\/span><\/p>\n<p style=\"font-weight: 300;\"><strong>\u2013 \u201cK\u0131br\u0131sl\u0131 Rum ve K\u0131br\u0131sl\u0131 T\u00fcrk emek\u00e7iler olarak Filistin halk\u0131n\u0131n yan\u0131nday\u0131z\u201d<\/strong><\/p>\n<p style=\"font-weight: 300;\"><span style=\"font-weight: 300 !important;\">A\u015fam, \u201c\u0130srail devletinin Filistin halk\u0131n\u0131 hedef alarak s\u00fcrd\u00fcrd\u00fc\u011f\u00fc soyk\u0131r\u0131ma t\u00fcm insanl\u0131\u011f\u0131n tan\u0131k oldu\u011funu\u201d belirterek, \u201cK\u0131br\u0131sl\u0131 Rum ve K\u0131br\u0131sl\u0131 T\u00fcrk emek\u00e7iler olarak, Filistin halk\u0131n\u0131n yan\u0131nday\u0131z. \u0130srail\u2019in soyk\u0131r\u0131ma ve i\u015fgale kar\u015f\u0131 d\u00fcnyan\u0131n t\u00fcm emek\u00e7ileriyle sesimizi birle\u015ftiriyoruz ve Filistin halk\u0131n\u0131n ba\u011f\u0131ms\u0131z Filistin devleti hakk\u0131na tam deste\u011fimizi ifade ediyoruz.\u201d dedi.<\/span><\/p>\n<p style=\"font-weight: 300;\"><span style=\"font-weight: 300 !important;\">Ortado\u011fu\u2019da gerilimin t\u0131rmand\u0131r\u0131lmas\u0131 d\u00fcnya bar\u0131\u015f\u0131n\u0131 tehlikeye att\u0131\u011f\u0131n\u0131 belirten A\u015fam, emek\u00e7iler olarak sava\u015flar\u0131 ve yabanc\u0131 m\u00fcdahaleleri k\u0131nad\u0131klar\u0131n\u0131, bar\u0131\u015f\u0131n h\u00e2kim olmas\u0131 i\u00e7in m\u00fccadele eden g\u00fc\u00e7lerle ayn\u0131 safta yer ald\u0131klar\u0131n\u0131 s\u00f6yledi.<\/span><\/p>\n<p>\u00a0<\/p>\n<p>\u00a0<\/p>\n<p>\u00a0<\/p>\n<p>\u00a0<\/p>\n<p>\u00a0<\/p>\n<p>\u00a0<\/p>\n<p>\u00a0<\/p>\n<p>\u00a0<\/p>\n<p>\u00a0<\/p>\n<p>\u00a0<\/p>\n<p>\u00a0<\/p>\n<p style=\"font-weight: 300;\">TAK<\/p>\n<\/p><\/div>\n<p><script async\n                    defer\n                    crossorigin=\"anonymous\"\n                    src=\"https:\/\/connect.facebook.net\/tr_TR\/sdk.js#xfbml=1&#038;version=v3.3\"\n            ><\/script><\/p>\n","protected":false},"excerpt":{"rendered":"<p>1 May\u0131s \u0130\u015f\u00e7i Bayram\u0131 nedeniyle, adan\u0131n her iki taraf\u0131ndan baz\u0131 sendika ve \u00f6rg\u00fctlerin kat\u0131l\u0131m\u0131yla Lefko\u015fa\u2019da ara b\u00f6lgede\u00a0 \u201cBar\u0131\u015f ve Sosyal Adalet \u0130\u00e7in Emek\u00e7iler Omuz Omuza\u201d slogan\u0131yla ortak bir etkinlik yap\u0131ld\u0131. D\u00fcnya \u0130\u015f\u00e7i Sendikalar\u0131 Federasyonu\u2019na \u00fcye G\u00fcney\u2019den PEO ve Kuzey\u2019den DEV-\u0130\u015e, KTAMS, KT\u00d6S, KTOE\u00d6S, BES, KOOP-SEN, DA\u00dc-SEN taraf\u0131ndan organize edilen ve iki taraftan baz\u0131 sivil toplum [&hellip;]<\/p>\n","protected":false},"author":1,"featured_media":1197,"comment_status":"open","ping_status":"open","sticky":false,"template":"","format":"standard","meta":{"jnews-multi-image_gallery":[],"jnews_single_post":[],"jnews_primary_category":[],"footnotes":""},"categories":[1],"tags":[],"class_list":["post-1202","post","type-post","status-publish","format-standard","has-post-thumbnail","hentry","category-kibris"],"yoast_head":"<!-- This site is optimized with the Yoast SEO plugin v27.5 - https:\/\/yoast.com\/product\/yoast-seo-wordpress\/ -->\n<title>1 May\u0131s ara b\u00f6lgede \u201cBar\u0131\u015f ve Sosyal Adalet \u0130\u00e7in Emek\u00e7iler Omuz Omuza\u201d adl\u0131 ortak etkinlikle kutland\u0131 - Haber Kuzey<\/title>\n<meta name=\"robots\" content=\"index, follow, max-snippet:-1, max-image-preview:large, max-video-preview:-1\" \/>\n<link rel=\"canonical\" href=\"https:\/\/haberkuzey.com\/index.php\/2024\/05\/01\/1-mayis-ara-bolgede-baris-ve-sosyal-adalet-icin-emekciler-omuz-omuza-adli-ortak-etkinlikle-kutlandi\/\" \/>\n<meta property=\"og:locale\" content=\"tr_TR\" \/>\n<meta property=\"og:type\" content=\"article\" \/>\n<meta property=\"og:title\" content=\"1 May\u0131s ara b\u00f6lgede \u201cBar\u0131\u015f ve Sosyal Adalet \u0130\u00e7in Emek\u00e7iler Omuz Omuza\u201d adl\u0131 ortak etkinlikle kutland\u0131 - Haber Kuzey\" \/>\n<meta property=\"og:description\" content=\"1 May\u0131s \u0130\u015f\u00e7i Bayram\u0131 nedeniyle, adan\u0131n her iki taraf\u0131ndan baz\u0131 sendika ve \u00f6rg\u00fctlerin kat\u0131l\u0131m\u0131yla Lefko\u015fa\u2019da ara b\u00f6lgede\u00a0 \u201cBar\u0131\u015f ve Sosyal Adalet \u0130\u00e7in Emek\u00e7iler Omuz Omuza\u201d slogan\u0131yla ortak bir etkinlik yap\u0131ld\u0131. D\u00fcnya \u0130\u015f\u00e7i Sendikalar\u0131 Federasyonu\u2019na \u00fcye G\u00fcney\u2019den PEO ve Kuzey\u2019den DEV-\u0130\u015e, KTAMS, KT\u00d6S, KTOE\u00d6S, BES, KOOP-SEN, DA\u00dc-SEN taraf\u0131ndan organize edilen ve iki taraftan baz\u0131 sivil toplum [&hellip;]\" \/>\n<meta property=\"og:url\" content=\"https:\/\/haberkuzey.com\/index.php\/2024\/05\/01\/1-mayis-ara-bolgede-baris-ve-sosyal-adalet-icin-emekciler-omuz-omuza-adli-ortak-etkinlikle-kutlandi\/\" \/>\n<meta property=\"og:site_name\" content=\"Haber Kuzey\" \/>\n<meta property=\"article:published_time\" content=\"2024-05-01T12:55:18+00:00\" \/>\n<meta property=\"og:image\" content=\"https:\/\/haberkuzey.com\/wp-content\/uploads\/2024\/05\/1-mayis-yuruyus-2-.jpg\" \/>\n\t<meta property=\"og:image:width\" content=\"1600\" \/>\n\t<meta property=\"og:image:height\" content=\"1066\" \/>\n\t<meta property=\"og:image:type\" content=\"image\/jpeg\" \/>\n<meta name=\"author\" content=\"haberkuzey\" \/>\n<meta name=\"twitter:card\" content=\"summary_large_image\" \/>\n<meta name=\"twitter:label1\" content=\"Yazan:\" \/>\n\t<meta name=\"twitter:data1\" content=\"haberkuzey\" \/>\n\t<meta name=\"twitter:label2\" content=\"Tahmini okuma s\u00fcresi\" \/>\n\t<meta name=\"twitter:data2\" content=\"3 dakika\" \/>\n<script type=\"application\/ld+json\" class=\"yoast-schema-graph\">{\"@context\":\"https:\\\/\\\/schema.org\",\"@graph\":[{\"@type\":\"Article\",\"@id\":\"https:\\\/\\\/haberkuzey.com\\\/index.php\\\/2024\\\/05\\\/01\\\/1-mayis-ara-bolgede-baris-ve-sosyal-adalet-icin-emekciler-omuz-omuza-adli-ortak-etkinlikle-kutlandi\\\/#article\",\"isPartOf\":{\"@id\":\"https:\\\/\\\/haberkuzey.com\\\/index.php\\\/2024\\\/05\\\/01\\\/1-mayis-ara-bolgede-baris-ve-sosyal-adalet-icin-emekciler-omuz-omuza-adli-ortak-etkinlikle-kutlandi\\\/\"},\"author\":{\"name\":\"haberkuzey\",\"@id\":\"https:\\\/\\\/haberkuzey.com\\\/#\\\/schema\\\/person\\\/3372109ec735f9333f4fa47ebb9605ca\"},\"headline\":\"1 May\u0131s ara b\u00f6lgede \u201cBar\u0131\u015f ve Sosyal Adalet \u0130\u00e7in Emek\u00e7iler Omuz Omuza\u201d adl\u0131 ortak etkinlikle kutland\u0131\",\"datePublished\":\"2024-05-01T12:55:18+00:00\",\"mainEntityOfPage\":{\"@id\":\"https:\\\/\\\/haberkuzey.com\\\/index.php\\\/2024\\\/05\\\/01\\\/1-mayis-ara-bolgede-baris-ve-sosyal-adalet-icin-emekciler-omuz-omuza-adli-ortak-etkinlikle-kutlandi\\\/\"},\"wordCount\":645,\"commentCount\":0,\"image\":{\"@id\":\"https:\\\/\\\/haberkuzey.com\\\/index.php\\\/2024\\\/05\\\/01\\\/1-mayis-ara-bolgede-baris-ve-sosyal-adalet-icin-emekciler-omuz-omuza-adli-ortak-etkinlikle-kutlandi\\\/#primaryimage\"},\"thumbnailUrl\":\"https:\\\/\\\/haberkuzey.com\\\/wp-content\\\/uploads\\\/2024\\\/05\\\/1-mayis-yuruyus-2-.jpg\",\"articleSection\":[\"K\u0131br\u0131s\"],\"inLanguage\":\"tr\",\"potentialAction\":[{\"@type\":\"CommentAction\",\"name\":\"Comment\",\"target\":[\"https:\\\/\\\/haberkuzey.com\\\/index.php\\\/2024\\\/05\\\/01\\\/1-mayis-ara-bolgede-baris-ve-sosyal-adalet-icin-emekciler-omuz-omuza-adli-ortak-etkinlikle-kutlandi\\\/#respond\"]}]},{\"@type\":\"WebPage\",\"@id\":\"https:\\\/\\\/haberkuzey.com\\\/index.php\\\/2024\\\/05\\\/01\\\/1-mayis-ara-bolgede-baris-ve-sosyal-adalet-icin-emekciler-omuz-omuza-adli-ortak-etkinlikle-kutlandi\\\/\",\"url\":\"https:\\\/\\\/haberkuzey.com\\\/index.php\\\/2024\\\/05\\\/01\\\/1-mayis-ara-bolgede-baris-ve-sosyal-adalet-icin-emekciler-omuz-omuza-adli-ortak-etkinlikle-kutlandi\\\/\",\"name\":\"1 May\u0131s ara b\u00f6lgede \u201cBar\u0131\u015f ve Sosyal Adalet \u0130\u00e7in Emek\u00e7iler Omuz Omuza\u201d adl\u0131 ortak etkinlikle kutland\u0131 - Haber Kuzey\",\"isPartOf\":{\"@id\":\"https:\\\/\\\/haberkuzey.com\\\/#website\"},\"primaryImageOfPage\":{\"@id\":\"https:\\\/\\\/haberkuzey.com\\\/index.php\\\/2024\\\/05\\\/01\\\/1-mayis-ara-bolgede-baris-ve-sosyal-adalet-icin-emekciler-omuz-omuza-adli-ortak-etkinlikle-kutlandi\\\/#primaryimage\"},\"image\":{\"@id\":\"https:\\\/\\\/haberkuzey.com\\\/index.php\\\/2024\\\/05\\\/01\\\/1-mayis-ara-bolgede-baris-ve-sosyal-adalet-icin-emekciler-omuz-omuza-adli-ortak-etkinlikle-kutlandi\\\/#primaryimage\"},\"thumbnailUrl\":\"https:\\\/\\\/haberkuzey.com\\\/wp-content\\\/uploads\\\/2024\\\/05\\\/1-mayis-yuruyus-2-.jpg\",\"datePublished\":\"2024-05-01T12:55:18+00:00\",\"author\":{\"@id\":\"https:\\\/\\\/haberkuzey.com\\\/#\\\/schema\\\/person\\\/3372109ec735f9333f4fa47ebb9605ca\"},\"breadcrumb\":{\"@id\":\"https:\\\/\\\/haberkuzey.com\\\/index.php\\\/2024\\\/05\\\/01\\\/1-mayis-ara-bolgede-baris-ve-sosyal-adalet-icin-emekciler-omuz-omuza-adli-ortak-etkinlikle-kutlandi\\\/#breadcrumb\"},\"inLanguage\":\"tr\",\"potentialAction\":[{\"@type\":\"ReadAction\",\"target\":[\"https:\\\/\\\/haberkuzey.com\\\/index.php\\\/2024\\\/05\\\/01\\\/1-mayis-ara-bolgede-baris-ve-sosyal-adalet-icin-emekciler-omuz-omuza-adli-ortak-etkinlikle-kutlandi\\\/\"]}]},{\"@type\":\"ImageObject\",\"inLanguage\":\"tr\",\"@id\":\"https:\\\/\\\/haberkuzey.com\\\/index.php\\\/2024\\\/05\\\/01\\\/1-mayis-ara-bolgede-baris-ve-sosyal-adalet-icin-emekciler-omuz-omuza-adli-ortak-etkinlikle-kutlandi\\\/#primaryimage\",\"url\":\"https:\\\/\\\/haberkuzey.com\\\/wp-content\\\/uploads\\\/2024\\\/05\\\/1-mayis-yuruyus-2-.jpg\",\"contentUrl\":\"https:\\\/\\\/haberkuzey.com\\\/wp-content\\\/uploads\\\/2024\\\/05\\\/1-mayis-yuruyus-2-.jpg\",\"width\":1600,\"height\":1066},{\"@type\":\"BreadcrumbList\",\"@id\":\"https:\\\/\\\/haberkuzey.com\\\/index.php\\\/2024\\\/05\\\/01\\\/1-mayis-ara-bolgede-baris-ve-sosyal-adalet-icin-emekciler-omuz-omuza-adli-ortak-etkinlikle-kutlandi\\\/#breadcrumb\",\"itemListElement\":[{\"@type\":\"ListItem\",\"position\":1,\"name\":\"Anasayfa\",\"item\":\"https:\\\/\\\/haberkuzey.com\\\/\"},{\"@type\":\"ListItem\",\"position\":2,\"name\":\"1 May\u0131s ara b\u00f6lgede \u201cBar\u0131\u015f ve Sosyal Adalet \u0130\u00e7in Emek\u00e7iler Omuz Omuza\u201d adl\u0131 ortak etkinlikle kutland\u0131\"}]},{\"@type\":\"WebSite\",\"@id\":\"https:\\\/\\\/haberkuzey.com\\\/#website\",\"url\":\"https:\\\/\\\/haberkuzey.com\\\/\",\"name\":\"Haber Kuzey\",\"description\":\"Do\u011fru Haberin Adresi\",\"potentialAction\":[{\"@type\":\"SearchAction\",\"target\":{\"@type\":\"EntryPoint\",\"urlTemplate\":\"https:\\\/\\\/haberkuzey.com\\\/?s={search_term_string}\"},\"query-input\":{\"@type\":\"PropertyValueSpecification\",\"valueRequired\":true,\"valueName\":\"search_term_string\"}}],\"inLanguage\":\"tr\"},{\"@type\":\"Person\",\"@id\":\"https:\\\/\\\/haberkuzey.com\\\/#\\\/schema\\\/person\\\/3372109ec735f9333f4fa47ebb9605ca\",\"name\":\"haberkuzey\",\"image\":{\"@type\":\"ImageObject\",\"inLanguage\":\"tr\",\"@id\":\"https:\\\/\\\/secure.gravatar.com\\\/avatar\\\/f5fc875574b1575324358c3b9e6a32b8227aa5b74f3fa22e3cadb63e26fcc39c?s=96&d=mm&r=g\",\"url\":\"https:\\\/\\\/secure.gravatar.com\\\/avatar\\\/f5fc875574b1575324358c3b9e6a32b8227aa5b74f3fa22e3cadb63e26fcc39c?s=96&d=mm&r=g\",\"contentUrl\":\"https:\\\/\\\/secure.gravatar.com\\\/avatar\\\/f5fc875574b1575324358c3b9e6a32b8227aa5b74f3fa22e3cadb63e26fcc39c?s=96&d=mm&r=g\",\"caption\":\"haberkuzey\"},\"sameAs\":[\"https:\\\/\\\/haberkuzey.com\"],\"url\":\"https:\\\/\\\/haberkuzey.com\\\/index.php\\\/author\\\/haberkuzey\\\/\"}]}<\/script>\n<!-- \/ Yoast SEO plugin. -->","yoast_head_json":{"title":"1 May\u0131s ara b\u00f6lgede \u201cBar\u0131\u015f ve Sosyal Adalet \u0130\u00e7in Emek\u00e7iler Omuz Omuza\u201d adl\u0131 ortak etkinlikle kutland\u0131 - Haber Kuzey","robots":{"index":"index","follow":"follow","max-snippet":"max-snippet:-1","max-image-preview":"max-image-preview:large","max-video-preview":"max-video-preview:-1"},"canonical":"https:\/\/haberkuzey.com\/index.php\/2024\/05\/01\/1-mayis-ara-bolgede-baris-ve-sosyal-adalet-icin-emekciler-omuz-omuza-adli-ortak-etkinlikle-kutlandi\/","og_locale":"tr_TR","og_type":"article","og_title":"1 May\u0131s ara b\u00f6lgede \u201cBar\u0131\u015f ve Sosyal Adalet \u0130\u00e7in Emek\u00e7iler Omuz Omuza\u201d adl\u0131 ortak etkinlikle kutland\u0131 - Haber Kuzey","og_description":"1 May\u0131s \u0130\u015f\u00e7i Bayram\u0131 nedeniyle, adan\u0131n her iki taraf\u0131ndan baz\u0131 sendika ve \u00f6rg\u00fctlerin kat\u0131l\u0131m\u0131yla Lefko\u015fa\u2019da ara b\u00f6lgede\u00a0 \u201cBar\u0131\u015f ve Sosyal Adalet \u0130\u00e7in Emek\u00e7iler Omuz Omuza\u201d slogan\u0131yla ortak bir etkinlik yap\u0131ld\u0131. D\u00fcnya \u0130\u015f\u00e7i Sendikalar\u0131 Federasyonu\u2019na \u00fcye G\u00fcney\u2019den PEO ve Kuzey\u2019den DEV-\u0130\u015e, KTAMS, KT\u00d6S, KTOE\u00d6S, BES, KOOP-SEN, DA\u00dc-SEN taraf\u0131ndan organize edilen ve iki taraftan baz\u0131 sivil toplum [&hellip;]","og_url":"https:\/\/haberkuzey.com\/index.php\/2024\/05\/01\/1-mayis-ara-bolgede-baris-ve-sosyal-adalet-icin-emekciler-omuz-omuza-adli-ortak-etkinlikle-kutlandi\/","og_site_name":"Haber Kuzey","article_published_time":"2024-05-01T12:55:18+00:00","og_image":[{"width":1600,"height":1066,"url":"https:\/\/haberkuzey.com\/wp-content\/uploads\/2024\/05\/1-mayis-yuruyus-2-.jpg","type":"image\/jpeg"}],"author":"haberkuzey","twitter_card":"summary_large_image","twitter_misc":{"Yazan:":"haberkuzey","Tahmini okuma s\u00fcresi":"3 dakika"},"schema":{"@context":"https:\/\/schema.org","@graph":[{"@type":"Article","@id":"https:\/\/haberkuzey.com\/index.php\/2024\/05\/01\/1-mayis-ara-bolgede-baris-ve-sosyal-adalet-icin-emekciler-omuz-omuza-adli-ortak-etkinlikle-kutlandi\/#article","isPartOf":{"@id":"https:\/\/haberkuzey.com\/index.php\/2024\/05\/01\/1-mayis-ara-bolgede-baris-ve-sosyal-adalet-icin-emekciler-omuz-omuza-adli-ortak-etkinlikle-kutlandi\/"},"author":{"name":"haberkuzey","@id":"https:\/\/haberkuzey.com\/#\/schema\/person\/3372109ec735f9333f4fa47ebb9605ca"},"headline":"1 May\u0131s ara b\u00f6lgede \u201cBar\u0131\u015f ve Sosyal Adalet \u0130\u00e7in Emek\u00e7iler Omuz Omuza\u201d adl\u0131 ortak etkinlikle kutland\u0131","datePublished":"2024-05-01T12:55:18+00:00","mainEntityOfPage":{"@id":"https:\/\/haberkuzey.com\/index.php\/2024\/05\/01\/1-mayis-ara-bolgede-baris-ve-sosyal-adalet-icin-emekciler-omuz-omuza-adli-ortak-etkinlikle-kutlandi\/"},"wordCount":645,"commentCount":0,"image":{"@id":"https:\/\/haberkuzey.com\/index.php\/2024\/05\/01\/1-mayis-ara-bolgede-baris-ve-sosyal-adalet-icin-emekciler-omuz-omuza-adli-ortak-etkinlikle-kutlandi\/#primaryimage"},"thumbnailUrl":"https:\/\/haberkuzey.com\/wp-content\/uploads\/2024\/05\/1-mayis-yuruyus-2-.jpg","articleSection":["K\u0131br\u0131s"],"inLanguage":"tr","potentialAction":[{"@type":"CommentAction","name":"Comment","target":["https:\/\/haberkuzey.com\/index.php\/2024\/05\/01\/1-mayis-ara-bolgede-baris-ve-sosyal-adalet-icin-emekciler-omuz-omuza-adli-ortak-etkinlikle-kutlandi\/#respond"]}]},{"@type":"WebPage","@id":"https:\/\/haberkuzey.com\/index.php\/2024\/05\/01\/1-mayis-ara-bolgede-baris-ve-sosyal-adalet-icin-emekciler-omuz-omuza-adli-ortak-etkinlikle-kutlandi\/","url":"https:\/\/haberkuzey.com\/index.php\/2024\/05\/01\/1-mayis-ara-bolgede-baris-ve-sosyal-adalet-icin-emekciler-omuz-omuza-adli-ortak-etkinlikle-kutlandi\/","name":"1 May\u0131s ara b\u00f6lgede \u201cBar\u0131\u015f ve Sosyal Adalet \u0130\u00e7in Emek\u00e7iler Omuz Omuza\u201d adl\u0131 ortak etkinlikle kutland\u0131 - Haber Kuzey","isPartOf":{"@id":"https:\/\/haberkuzey.com\/#website"},"primaryImageOfPage":{"@id":"https:\/\/haberkuzey.com\/index.php\/2024\/05\/01\/1-mayis-ara-bolgede-baris-ve-sosyal-adalet-icin-emekciler-omuz-omuza-adli-ortak-etkinlikle-kutlandi\/#primaryimage"},"image":{"@id":"https:\/\/haberkuzey.com\/index.php\/2024\/05\/01\/1-mayis-ara-bolgede-baris-ve-sosyal-adalet-icin-emekciler-omuz-omuza-adli-ortak-etkinlikle-kutlandi\/#primaryimage"},"thumbnailUrl":"https:\/\/haberkuzey.com\/wp-content\/uploads\/2024\/05\/1-mayis-yuruyus-2-.jpg","datePublished":"2024-05-01T12:55:18+00:00","author":{"@id":"https:\/\/haberkuzey.com\/#\/schema\/person\/3372109ec735f9333f4fa47ebb9605ca"},"breadcrumb":{"@id":"https:\/\/haberkuzey.com\/index.php\/2024\/05\/01\/1-mayis-ara-bolgede-baris-ve-sosyal-adalet-icin-emekciler-omuz-omuza-adli-ortak-etkinlikle-kutlandi\/#breadcrumb"},"inLanguage":"tr","potentialAction":[{"@type":"ReadAction","target":["https:\/\/haberkuzey.com\/index.php\/2024\/05\/01\/1-mayis-ara-bolgede-baris-ve-sosyal-adalet-icin-emekciler-omuz-omuza-adli-ortak-etkinlikle-kutlandi\/"]}]},{"@type":"ImageObject","inLanguage":"tr","@id":"https:\/\/haberkuzey.com\/index.php\/2024\/05\/01\/1-mayis-ara-bolgede-baris-ve-sosyal-adalet-icin-emekciler-omuz-omuza-adli-ortak-etkinlikle-kutlandi\/#primaryimage","url":"https:\/\/haberkuzey.com\/wp-content\/uploads\/2024\/05\/1-mayis-yuruyus-2-.jpg","contentUrl":"https:\/\/haberkuzey.com\/wp-content\/uploads\/2024\/05\/1-mayis-yuruyus-2-.jpg","width":1600,"height":1066},{"@type":"BreadcrumbList","@id":"https:\/\/haberkuzey.com\/index.php\/2024\/05\/01\/1-mayis-ara-bolgede-baris-ve-sosyal-adalet-icin-emekciler-omuz-omuza-adli-ortak-etkinlikle-kutlandi\/#breadcrumb","itemListElement":[{"@type":"ListItem","position":1,"name":"Anasayfa","item":"https:\/\/haberkuzey.com\/"},{"@type":"ListItem","position":2,"name":"1 May\u0131s ara b\u00f6lgede \u201cBar\u0131\u015f ve Sosyal Adalet \u0130\u00e7in Emek\u00e7iler Omuz Omuza\u201d adl\u0131 ortak etkinlikle kutland\u0131"}]},{"@type":"WebSite","@id":"https:\/\/haberkuzey.com\/#website","url":"https:\/\/haberkuzey.com\/","name":"Haber Kuzey","description":"Do\u011fru Haberin Adresi","potentialAction":[{"@type":"SearchAction","target":{"@type":"EntryPoint","urlTemplate":"https:\/\/haberkuzey.com\/?s={search_term_string}"},"query-input":{"@type":"PropertyValueSpecification","valueRequired":true,"valueName":"search_term_string"}}],"inLanguage":"tr"},{"@type":"Person","@id":"https:\/\/haberkuzey.com\/#\/schema\/person\/3372109ec735f9333f4fa47ebb9605ca","name":"haberkuzey","image":{"@type":"ImageObject","inLanguage":"tr","@id":"https:\/\/secure.gravatar.com\/avatar\/f5fc875574b1575324358c3b9e6a32b8227aa5b74f3fa22e3cadb63e26fcc39c?s=96&d=mm&r=g","url":"https:\/\/secure.gravatar.com\/avatar\/f5fc875574b1575324358c3b9e6a32b8227aa5b74f3fa22e3cadb63e26fcc39c?s=96&d=mm&r=g","contentUrl":"https:\/\/secure.gravatar.com\/avatar\/f5fc875574b1575324358c3b9e6a32b8227aa5b74f3fa22e3cadb63e26fcc39c?s=96&d=mm&r=g","caption":"haberkuzey"},"sameAs":["https:\/\/haberkuzey.com"],"url":"https:\/\/haberkuzey.com\/index.php\/author\/haberkuzey\/"}]}},"_links":{"self":[{"href":"https:\/\/haberkuzey.com\/index.php\/wp-json\/wp\/v2\/posts\/1202","targetHints":{"allow":["GET"]}}],"collection":[{"href":"https:\/\/haberkuzey.com\/index.php\/wp-json\/wp\/v2\/posts"}],"about":[{"href":"https:\/\/haberkuzey.com\/index.php\/wp-json\/wp\/v2\/types\/post"}],"author":[{"embeddable":true,"href":"https:\/\/haberkuzey.com\/index.php\/wp-json\/wp\/v2\/users\/1"}],"replies":[{"embeddable":true,"href":"https:\/\/haberkuzey.com\/index.php\/wp-json\/wp\/v2\/comments?post=1202"}],"version-history":[{"count":0,"href":"https:\/\/haberkuzey.com\/index.php\/wp-json\/wp\/v2\/posts\/1202\/revisions"}],"wp:featuredmedia":[{"embeddable":true,"href":"https:\/\/haberkuzey.com\/index.php\/wp-json\/wp\/v2\/media\/1197"}],"wp:attachment":[{"href":"https:\/\/haberkuzey.com\/index.php\/wp-json\/wp\/v2\/media?parent=1202"}],"wp:term":[{"taxonomy":"category","embeddable":true,"href":"https:\/\/haberkuzey.com\/index.php\/wp-json\/wp\/v2\/categories?post=1202"},{"taxonomy":"post_tag","embeddable":true,"href":"https:\/\/haberkuzey.com\/index.php\/wp-json\/wp\/v2\/tags?post=1202"}],"curies":[{"name":"wp","href":"https:\/\/api.w.org\/{rel}","templated":true}]}}