{"id":1196,"date":"2024-04-18T06:33:33","date_gmt":"2024-04-18T06:33:33","guid":{"rendered":"https:\/\/kibriskulis.com\/2024\/04\/18\/tataruluslararasi-hukukun-tanidigi-tasinmaz-mal-komisyonu-calismasina-buyuk-onem-verdigimiz-bir-kurumdur\/"},"modified":"2024-04-18T06:33:33","modified_gmt":"2024-04-18T06:33:33","slug":"tataruluslararasi-hukukun-tanidigi-tasinmaz-mal-komisyonu-calismasina-buyuk-onem-verdigimiz-bir-kurumdur","status":"publish","type":"post","link":"https:\/\/haberkuzey.com\/index.php\/2024\/04\/18\/tataruluslararasi-hukukun-tanidigi-tasinmaz-mal-komisyonu-calismasina-buyuk-onem-verdigimiz-bir-kurumdur\/","title":{"rendered":"Tatar:Uluslararas\u0131 hukukun tan\u0131d\u0131\u011f\u0131 Ta\u015f\u0131nmaz Mal Komisyonu, \u00e7al\u0131\u015fmas\u0131na b\u00fcy\u00fck \u00f6nem verdi\u011fimiz bir kurumdur"},"content":{"rendered":"<div>\n<div class=\"mariselle-image-container center\">\n                                            <\/div>\n<p>\u00a0<br \/>Cumhurba\u015fkan\u0131 Ersin Tatar, K\u0131br\u0131s T\u00fcrk Barolar (KTBB) Birli\u011fi\u2019nde olu\u015fturulan Ta\u015f\u0131nmaz Mal Komitesi\u2019nin Ba\u015fkan\u0131 \u00d6zkul \u00d6zyi\u011fit ve beraberindeki heyeti kabul etti.<\/p>\n<p>Cumhurba\u015fkan\u0131 Ersin Tatar, kabulde yapt\u0131\u011f\u0131 konu\u015fmada, K\u0131br\u0131s meselesinde mal-m\u00fclk sorunlar\u0131n\u0131n a\u015f\u0131lmas\u0131 i\u00e7in uluslararas\u0131 hukukun tan\u0131d\u0131\u011f\u0131 Ta\u015f\u0131nmaz Mal Komisyonu\u2019nun (TMK) \u00f6nemine dikkat \u00e7ekerek, g\u00f6revlerini yerine getirmesi ve yap\u0131lan m\u00fcracaatlar\u0131n gecikmeden cevapland\u0131r\u0131lmas\u0131 i\u00e7in gerekli kaynaklar\u0131n olu\u015fturulmas\u0131 gerekti\u011fine vurgu yapt\u0131.<\/p>\n<p>Ba\u015fbakan oldu\u011fu d\u00f6nemde TMK\u2019n\u0131n \u00e7al\u0131\u015fmalar\u0131n\u0131 her zaman yak\u0131ndan takip etti\u011fini belirten Cumhurba\u015fkan\u0131 Tatar, Cumhurba\u015fkan\u0131 oldu\u011fu d\u00f6nemde TMK Ba\u015fkan\u0131 N\u00f6vber Ferit Ve\u00e7hi ile s\u00fcrekli g\u00f6r\u00fc\u015ft\u00fcklerini ve sorunlar\u0131n a\u015f\u0131lmas\u0131 i\u00e7in Cumhurba\u015fkan\u0131 Hukuk \u0130\u015fleri Dan\u0131\u015fman\u0131 S\u00fclen Karabacak ile birlikte \u00e7al\u0131\u015f\u0131ld\u0131\u011f\u0131n\u0131 s\u00f6yledi.<\/p>\n<p>\u201cNiyetimiz etkin olan Ta\u015f\u0131nmaz Mal Komisyonu\u2019nu daha fazla \u00e7al\u0131\u015ft\u0131rmak\u201d diyen Cumhurba\u015fkan\u0131 Tatar, TMK Yasas\u0131\u2019nda ko\u015fullara ba\u011fl\u0131 olarak tazminat, takas ve iade oldu\u011funu kaydetti.<\/p>\n<p>K\u0131br\u0131s T\u00fcrk\u00fc\u2019n\u00fcn G\u00fcney K\u0131br\u0131s\u2019ta binlerce d\u00f6n\u00fcm mal b\u0131rakt\u0131\u011f\u0131n\u0131 kar\u015f\u0131l\u0131\u011f\u0131nda ise e\u015fde\u011fer olarak Kuzey\u2019de mal ald\u0131\u011f\u0131n\u0131 aktaran Cumhurba\u015fkan\u0131 Tatar, e\u015fde\u011fer olarak al\u0131nan mallardan feragat edildi\u011fini vurgulad\u0131.<\/p>\n<p>Kuzey K\u0131br\u0131s T\u00fcrk Cumhuriyeti\u2019nde binlerce d\u00f6n\u00fcm devletin lehine feragat edilmi\u015f mallar bulundu\u011funa dikkat \u00e7eken Cumhurba\u015fkan\u0131 Tatar, \u201cG\u00fcn gelecek bu mallarda komisyonda de\u011ferlendirmeye ve takasa girecek\u201d dedi.<\/p>\n<p>Federal temelde \u00e7\u00f6z\u00fcm\u00fc kabul etmediklerine ve K\u0131br\u0131s T\u00fcrk Taraf\u0131\u2019n\u0131n yeni siyasetinin 2 devletin i\u015fbirli\u011fine dayal\u0131 bir antla\u015fma oldu\u011funa i\u015faret eden Cumhurba\u015fkan\u0131 Tatar, mal-m\u00fclk sorununun takas, iade ve tazminatla \u00e7\u00f6z\u00fclece\u011fini, kurucu Cumhurba\u015fkan\u0131 Rauf Raif Denkta\u015f\u2019\u0131n ge\u00e7mi\u015fte \u00f6nerdi\u011fi gibi global takasa da gidilebilece\u011fini vurgulad\u0131.<\/p>\n<p>KKTC\u2019nin kurum ve kurulu\u015flar\u0131na duyulan g\u00fcvenin \u00f6nemli oldu\u011funu ve devam ettirilmesi i\u00e7in gayretlerin de s\u00fcrd\u00fcr\u00fclmesi gerekti\u011fini dile getiren Cumhurba\u015fkan\u0131 Tatar, TMK ba\u015fkan\u0131 ve y\u00f6netim kurulunu yapt\u0131\u011f\u0131 \u00e7al\u0131\u015fmalardan dolay\u0131 tebrik etti, kurumun ortaya \u00e7\u0131kmas\u0131nda eme\u011fi ge\u00e7enlere de te\u015fekk\u00fcrlerini sundu.<\/p>\n<p>KTBB Birli\u011fi Ta\u015f\u0131nmaz Mal Komitesi Ba\u015fkan\u0131 \u00d6zkul \u00d6zyi\u011fit ise TMK\u2019n\u0131n \u00e7ok \u00f6nemli bir kurum oldu\u011funu ve \u00f6nemini her platformda anlatt\u0131klar\u0131n\u0131 ifade etti.<\/p>\n<\/p><\/div>\n<p><script async\n                    defer\n                    crossorigin=\"anonymous\"\n                    src=\"https:\/\/connect.facebook.net\/tr_TR\/sdk.js#xfbml=1&#038;version=v3.3\"\n            ><\/script><\/p>\n","protected":false},"excerpt":{"rendered":"<p>\u00a0Cumhurba\u015fkan\u0131 Ersin Tatar, K\u0131br\u0131s T\u00fcrk Barolar (KTBB) Birli\u011fi\u2019nde olu\u015fturulan Ta\u015f\u0131nmaz Mal Komitesi\u2019nin Ba\u015fkan\u0131 \u00d6zkul \u00d6zyi\u011fit ve beraberindeki heyeti kabul etti. Cumhurba\u015fkan\u0131 Ersin Tatar, kabulde yapt\u0131\u011f\u0131 konu\u015fmada, K\u0131br\u0131s meselesinde mal-m\u00fclk sorunlar\u0131n\u0131n a\u015f\u0131lmas\u0131 i\u00e7in uluslararas\u0131 hukukun tan\u0131d\u0131\u011f\u0131 Ta\u015f\u0131nmaz Mal Komisyonu\u2019nun (TMK) \u00f6nemine dikkat \u00e7ekerek, g\u00f6revlerini yerine getirmesi ve yap\u0131lan m\u00fcracaatlar\u0131n gecikmeden cevapland\u0131r\u0131lmas\u0131 i\u00e7in gerekli kaynaklar\u0131n olu\u015fturulmas\u0131 gerekti\u011fine [&hellip;]<\/p>\n","protected":false},"author":1,"featured_media":18,"comment_status":"open","ping_status":"open","sticky":false,"template":"","format":"standard","meta":{"jnews-multi-image_gallery":[],"jnews_single_post":[],"jnews_primary_category":[],"footnotes":""},"categories":[1],"tags":[],"class_list":["post-1196","post","type-post","status-publish","format-standard","has-post-thumbnail","hentry","category-kibris"],"yoast_head":"<!-- This site is optimized with the Yoast SEO plugin v27.4 - https:\/\/yoast.com\/product\/yoast-seo-wordpress\/ -->\n<title>Tatar:Uluslararas\u0131 hukukun tan\u0131d\u0131\u011f\u0131 Ta\u015f\u0131nmaz Mal Komisyonu, \u00e7al\u0131\u015fmas\u0131na b\u00fcy\u00fck \u00f6nem verdi\u011fimiz bir kurumdur - Haber Kuzey<\/title>\n<meta name=\"robots\" content=\"index, follow, max-snippet:-1, max-image-preview:large, max-video-preview:-1\" \/>\n<link rel=\"canonical\" href=\"https:\/\/haberkuzey.com\/index.php\/2024\/04\/18\/tataruluslararasi-hukukun-tanidigi-tasinmaz-mal-komisyonu-calismasina-buyuk-onem-verdigimiz-bir-kurumdur\/\" \/>\n<meta property=\"og:locale\" content=\"tr_TR\" \/>\n<meta property=\"og:type\" content=\"article\" \/>\n<meta property=\"og:title\" content=\"Tatar:Uluslararas\u0131 hukukun tan\u0131d\u0131\u011f\u0131 Ta\u015f\u0131nmaz Mal Komisyonu, \u00e7al\u0131\u015fmas\u0131na b\u00fcy\u00fck \u00f6nem verdi\u011fimiz bir kurumdur - Haber Kuzey\" \/>\n<meta property=\"og:description\" content=\"\u00a0Cumhurba\u015fkan\u0131 Ersin Tatar, K\u0131br\u0131s T\u00fcrk Barolar (KTBB) Birli\u011fi\u2019nde olu\u015fturulan Ta\u015f\u0131nmaz Mal Komitesi\u2019nin Ba\u015fkan\u0131 \u00d6zkul \u00d6zyi\u011fit ve beraberindeki heyeti kabul etti. Cumhurba\u015fkan\u0131 Ersin Tatar, kabulde yapt\u0131\u011f\u0131 konu\u015fmada, K\u0131br\u0131s meselesinde mal-m\u00fclk sorunlar\u0131n\u0131n a\u015f\u0131lmas\u0131 i\u00e7in uluslararas\u0131 hukukun tan\u0131d\u0131\u011f\u0131 Ta\u015f\u0131nmaz Mal Komisyonu\u2019nun (TMK) \u00f6nemine dikkat \u00e7ekerek, g\u00f6revlerini yerine getirmesi ve yap\u0131lan m\u00fcracaatlar\u0131n gecikmeden cevapland\u0131r\u0131lmas\u0131 i\u00e7in gerekli kaynaklar\u0131n olu\u015fturulmas\u0131 gerekti\u011fine [&hellip;]\" \/>\n<meta property=\"og:url\" content=\"https:\/\/haberkuzey.com\/index.php\/2024\/04\/18\/tataruluslararasi-hukukun-tanidigi-tasinmaz-mal-komisyonu-calismasina-buyuk-onem-verdigimiz-bir-kurumdur\/\" \/>\n<meta property=\"og:site_name\" content=\"Haber Kuzey\" \/>\n<meta property=\"article:published_time\" content=\"2024-04-18T06:33:33+00:00\" \/>\n<meta property=\"og:image\" content=\"https:\/\/haberkuzey.com\/wp-content\/uploads\/2024\/04\/Screenshot_20240417_223218_X.jpg\" \/>\n\t<meta property=\"og:image:width\" content=\"870\" \/>\n\t<meta property=\"og:image:height\" content=\"411\" \/>\n\t<meta property=\"og:image:type\" content=\"image\/jpeg\" \/>\n<meta name=\"author\" content=\"haberkuzey\" \/>\n<meta name=\"twitter:card\" content=\"summary_large_image\" \/>\n<meta name=\"twitter:label1\" content=\"Yazan:\" \/>\n\t<meta name=\"twitter:data1\" content=\"haberkuzey\" \/>\n\t<meta name=\"twitter:label2\" content=\"Tahmini okuma s\u00fcresi\" \/>\n\t<meta name=\"twitter:data2\" content=\"2 dakika\" \/>\n<script type=\"application\/ld+json\" class=\"yoast-schema-graph\">{\"@context\":\"https:\\\/\\\/schema.org\",\"@graph\":[{\"@type\":\"Article\",\"@id\":\"https:\\\/\\\/haberkuzey.com\\\/index.php\\\/2024\\\/04\\\/18\\\/tataruluslararasi-hukukun-tanidigi-tasinmaz-mal-komisyonu-calismasina-buyuk-onem-verdigimiz-bir-kurumdur\\\/#article\",\"isPartOf\":{\"@id\":\"https:\\\/\\\/haberkuzey.com\\\/index.php\\\/2024\\\/04\\\/18\\\/tataruluslararasi-hukukun-tanidigi-tasinmaz-mal-komisyonu-calismasina-buyuk-onem-verdigimiz-bir-kurumdur\\\/\"},\"author\":{\"name\":\"haberkuzey\",\"@id\":\"https:\\\/\\\/haberkuzey.com\\\/#\\\/schema\\\/person\\\/3372109ec735f9333f4fa47ebb9605ca\"},\"headline\":\"Tatar:Uluslararas\u0131 hukukun tan\u0131d\u0131\u011f\u0131 Ta\u015f\u0131nmaz Mal Komisyonu, \u00e7al\u0131\u015fmas\u0131na b\u00fcy\u00fck \u00f6nem verdi\u011fimiz bir kurumdur\",\"datePublished\":\"2024-04-18T06:33:33+00:00\",\"mainEntityOfPage\":{\"@id\":\"https:\\\/\\\/haberkuzey.com\\\/index.php\\\/2024\\\/04\\\/18\\\/tataruluslararasi-hukukun-tanidigi-tasinmaz-mal-komisyonu-calismasina-buyuk-onem-verdigimiz-bir-kurumdur\\\/\"},\"wordCount\":444,\"commentCount\":0,\"image\":{\"@id\":\"https:\\\/\\\/haberkuzey.com\\\/index.php\\\/2024\\\/04\\\/18\\\/tataruluslararasi-hukukun-tanidigi-tasinmaz-mal-komisyonu-calismasina-buyuk-onem-verdigimiz-bir-kurumdur\\\/#primaryimage\"},\"thumbnailUrl\":\"https:\\\/\\\/haberkuzey.com\\\/wp-content\\\/uploads\\\/2024\\\/04\\\/Screenshot_20240417_223218_X.jpg\",\"articleSection\":[\"K\u0131br\u0131s\"],\"inLanguage\":\"tr\",\"potentialAction\":[{\"@type\":\"CommentAction\",\"name\":\"Comment\",\"target\":[\"https:\\\/\\\/haberkuzey.com\\\/index.php\\\/2024\\\/04\\\/18\\\/tataruluslararasi-hukukun-tanidigi-tasinmaz-mal-komisyonu-calismasina-buyuk-onem-verdigimiz-bir-kurumdur\\\/#respond\"]}]},{\"@type\":\"WebPage\",\"@id\":\"https:\\\/\\\/haberkuzey.com\\\/index.php\\\/2024\\\/04\\\/18\\\/tataruluslararasi-hukukun-tanidigi-tasinmaz-mal-komisyonu-calismasina-buyuk-onem-verdigimiz-bir-kurumdur\\\/\",\"url\":\"https:\\\/\\\/haberkuzey.com\\\/index.php\\\/2024\\\/04\\\/18\\\/tataruluslararasi-hukukun-tanidigi-tasinmaz-mal-komisyonu-calismasina-buyuk-onem-verdigimiz-bir-kurumdur\\\/\",\"name\":\"Tatar:Uluslararas\u0131 hukukun tan\u0131d\u0131\u011f\u0131 Ta\u015f\u0131nmaz Mal Komisyonu, \u00e7al\u0131\u015fmas\u0131na b\u00fcy\u00fck \u00f6nem verdi\u011fimiz bir kurumdur - Haber Kuzey\",\"isPartOf\":{\"@id\":\"https:\\\/\\\/haberkuzey.com\\\/#website\"},\"primaryImageOfPage\":{\"@id\":\"https:\\\/\\\/haberkuzey.com\\\/index.php\\\/2024\\\/04\\\/18\\\/tataruluslararasi-hukukun-tanidigi-tasinmaz-mal-komisyonu-calismasina-buyuk-onem-verdigimiz-bir-kurumdur\\\/#primaryimage\"},\"image\":{\"@id\":\"https:\\\/\\\/haberkuzey.com\\\/index.php\\\/2024\\\/04\\\/18\\\/tataruluslararasi-hukukun-tanidigi-tasinmaz-mal-komisyonu-calismasina-buyuk-onem-verdigimiz-bir-kurumdur\\\/#primaryimage\"},\"thumbnailUrl\":\"https:\\\/\\\/haberkuzey.com\\\/wp-content\\\/uploads\\\/2024\\\/04\\\/Screenshot_20240417_223218_X.jpg\",\"datePublished\":\"2024-04-18T06:33:33+00:00\",\"author\":{\"@id\":\"https:\\\/\\\/haberkuzey.com\\\/#\\\/schema\\\/person\\\/3372109ec735f9333f4fa47ebb9605ca\"},\"breadcrumb\":{\"@id\":\"https:\\\/\\\/haberkuzey.com\\\/index.php\\\/2024\\\/04\\\/18\\\/tataruluslararasi-hukukun-tanidigi-tasinmaz-mal-komisyonu-calismasina-buyuk-onem-verdigimiz-bir-kurumdur\\\/#breadcrumb\"},\"inLanguage\":\"tr\",\"potentialAction\":[{\"@type\":\"ReadAction\",\"target\":[\"https:\\\/\\\/haberkuzey.com\\\/index.php\\\/2024\\\/04\\\/18\\\/tataruluslararasi-hukukun-tanidigi-tasinmaz-mal-komisyonu-calismasina-buyuk-onem-verdigimiz-bir-kurumdur\\\/\"]}]},{\"@type\":\"ImageObject\",\"inLanguage\":\"tr\",\"@id\":\"https:\\\/\\\/haberkuzey.com\\\/index.php\\\/2024\\\/04\\\/18\\\/tataruluslararasi-hukukun-tanidigi-tasinmaz-mal-komisyonu-calismasina-buyuk-onem-verdigimiz-bir-kurumdur\\\/#primaryimage\",\"url\":\"https:\\\/\\\/haberkuzey.com\\\/wp-content\\\/uploads\\\/2024\\\/04\\\/Screenshot_20240417_223218_X.jpg\",\"contentUrl\":\"https:\\\/\\\/haberkuzey.com\\\/wp-content\\\/uploads\\\/2024\\\/04\\\/Screenshot_20240417_223218_X.jpg\",\"width\":870,\"height\":411},{\"@type\":\"BreadcrumbList\",\"@id\":\"https:\\\/\\\/haberkuzey.com\\\/index.php\\\/2024\\\/04\\\/18\\\/tataruluslararasi-hukukun-tanidigi-tasinmaz-mal-komisyonu-calismasina-buyuk-onem-verdigimiz-bir-kurumdur\\\/#breadcrumb\",\"itemListElement\":[{\"@type\":\"ListItem\",\"position\":1,\"name\":\"Anasayfa\",\"item\":\"https:\\\/\\\/haberkuzey.com\\\/\"},{\"@type\":\"ListItem\",\"position\":2,\"name\":\"Tatar:Uluslararas\u0131 hukukun tan\u0131d\u0131\u011f\u0131 Ta\u015f\u0131nmaz Mal Komisyonu, \u00e7al\u0131\u015fmas\u0131na b\u00fcy\u00fck \u00f6nem verdi\u011fimiz bir kurumdur\"}]},{\"@type\":\"WebSite\",\"@id\":\"https:\\\/\\\/haberkuzey.com\\\/#website\",\"url\":\"https:\\\/\\\/haberkuzey.com\\\/\",\"name\":\"Haber Kuzey\",\"description\":\"Do\u011fru Haberin Adresi\",\"potentialAction\":[{\"@type\":\"SearchAction\",\"target\":{\"@type\":\"EntryPoint\",\"urlTemplate\":\"https:\\\/\\\/haberkuzey.com\\\/?s={search_term_string}\"},\"query-input\":{\"@type\":\"PropertyValueSpecification\",\"valueRequired\":true,\"valueName\":\"search_term_string\"}}],\"inLanguage\":\"tr\"},{\"@type\":\"Person\",\"@id\":\"https:\\\/\\\/haberkuzey.com\\\/#\\\/schema\\\/person\\\/3372109ec735f9333f4fa47ebb9605ca\",\"name\":\"haberkuzey\",\"image\":{\"@type\":\"ImageObject\",\"inLanguage\":\"tr\",\"@id\":\"https:\\\/\\\/secure.gravatar.com\\\/avatar\\\/f5fc875574b1575324358c3b9e6a32b8227aa5b74f3fa22e3cadb63e26fcc39c?s=96&d=mm&r=g\",\"url\":\"https:\\\/\\\/secure.gravatar.com\\\/avatar\\\/f5fc875574b1575324358c3b9e6a32b8227aa5b74f3fa22e3cadb63e26fcc39c?s=96&d=mm&r=g\",\"contentUrl\":\"https:\\\/\\\/secure.gravatar.com\\\/avatar\\\/f5fc875574b1575324358c3b9e6a32b8227aa5b74f3fa22e3cadb63e26fcc39c?s=96&d=mm&r=g\",\"caption\":\"haberkuzey\"},\"sameAs\":[\"https:\\\/\\\/haberkuzey.com\"],\"url\":\"https:\\\/\\\/haberkuzey.com\\\/index.php\\\/author\\\/haberkuzey\\\/\"}]}<\/script>\n<!-- \/ Yoast SEO plugin. -->","yoast_head_json":{"title":"Tatar:Uluslararas\u0131 hukukun tan\u0131d\u0131\u011f\u0131 Ta\u015f\u0131nmaz Mal Komisyonu, \u00e7al\u0131\u015fmas\u0131na b\u00fcy\u00fck \u00f6nem verdi\u011fimiz bir kurumdur - Haber Kuzey","robots":{"index":"index","follow":"follow","max-snippet":"max-snippet:-1","max-image-preview":"max-image-preview:large","max-video-preview":"max-video-preview:-1"},"canonical":"https:\/\/haberkuzey.com\/index.php\/2024\/04\/18\/tataruluslararasi-hukukun-tanidigi-tasinmaz-mal-komisyonu-calismasina-buyuk-onem-verdigimiz-bir-kurumdur\/","og_locale":"tr_TR","og_type":"article","og_title":"Tatar:Uluslararas\u0131 hukukun tan\u0131d\u0131\u011f\u0131 Ta\u015f\u0131nmaz Mal Komisyonu, \u00e7al\u0131\u015fmas\u0131na b\u00fcy\u00fck \u00f6nem verdi\u011fimiz bir kurumdur - Haber Kuzey","og_description":"\u00a0Cumhurba\u015fkan\u0131 Ersin Tatar, K\u0131br\u0131s T\u00fcrk Barolar (KTBB) Birli\u011fi\u2019nde olu\u015fturulan Ta\u015f\u0131nmaz Mal Komitesi\u2019nin Ba\u015fkan\u0131 \u00d6zkul \u00d6zyi\u011fit ve beraberindeki heyeti kabul etti. Cumhurba\u015fkan\u0131 Ersin Tatar, kabulde yapt\u0131\u011f\u0131 konu\u015fmada, K\u0131br\u0131s meselesinde mal-m\u00fclk sorunlar\u0131n\u0131n a\u015f\u0131lmas\u0131 i\u00e7in uluslararas\u0131 hukukun tan\u0131d\u0131\u011f\u0131 Ta\u015f\u0131nmaz Mal Komisyonu\u2019nun (TMK) \u00f6nemine dikkat \u00e7ekerek, g\u00f6revlerini yerine getirmesi ve yap\u0131lan m\u00fcracaatlar\u0131n gecikmeden cevapland\u0131r\u0131lmas\u0131 i\u00e7in gerekli kaynaklar\u0131n olu\u015fturulmas\u0131 gerekti\u011fine [&hellip;]","og_url":"https:\/\/haberkuzey.com\/index.php\/2024\/04\/18\/tataruluslararasi-hukukun-tanidigi-tasinmaz-mal-komisyonu-calismasina-buyuk-onem-verdigimiz-bir-kurumdur\/","og_site_name":"Haber Kuzey","article_published_time":"2024-04-18T06:33:33+00:00","og_image":[{"width":870,"height":411,"url":"https:\/\/haberkuzey.com\/wp-content\/uploads\/2024\/04\/Screenshot_20240417_223218_X.jpg","type":"image\/jpeg"}],"author":"haberkuzey","twitter_card":"summary_large_image","twitter_misc":{"Yazan:":"haberkuzey","Tahmini okuma s\u00fcresi":"2 dakika"},"schema":{"@context":"https:\/\/schema.org","@graph":[{"@type":"Article","@id":"https:\/\/haberkuzey.com\/index.php\/2024\/04\/18\/tataruluslararasi-hukukun-tanidigi-tasinmaz-mal-komisyonu-calismasina-buyuk-onem-verdigimiz-bir-kurumdur\/#article","isPartOf":{"@id":"https:\/\/haberkuzey.com\/index.php\/2024\/04\/18\/tataruluslararasi-hukukun-tanidigi-tasinmaz-mal-komisyonu-calismasina-buyuk-onem-verdigimiz-bir-kurumdur\/"},"author":{"name":"haberkuzey","@id":"https:\/\/haberkuzey.com\/#\/schema\/person\/3372109ec735f9333f4fa47ebb9605ca"},"headline":"Tatar:Uluslararas\u0131 hukukun tan\u0131d\u0131\u011f\u0131 Ta\u015f\u0131nmaz Mal Komisyonu, \u00e7al\u0131\u015fmas\u0131na b\u00fcy\u00fck \u00f6nem verdi\u011fimiz bir kurumdur","datePublished":"2024-04-18T06:33:33+00:00","mainEntityOfPage":{"@id":"https:\/\/haberkuzey.com\/index.php\/2024\/04\/18\/tataruluslararasi-hukukun-tanidigi-tasinmaz-mal-komisyonu-calismasina-buyuk-onem-verdigimiz-bir-kurumdur\/"},"wordCount":444,"commentCount":0,"image":{"@id":"https:\/\/haberkuzey.com\/index.php\/2024\/04\/18\/tataruluslararasi-hukukun-tanidigi-tasinmaz-mal-komisyonu-calismasina-buyuk-onem-verdigimiz-bir-kurumdur\/#primaryimage"},"thumbnailUrl":"https:\/\/haberkuzey.com\/wp-content\/uploads\/2024\/04\/Screenshot_20240417_223218_X.jpg","articleSection":["K\u0131br\u0131s"],"inLanguage":"tr","potentialAction":[{"@type":"CommentAction","name":"Comment","target":["https:\/\/haberkuzey.com\/index.php\/2024\/04\/18\/tataruluslararasi-hukukun-tanidigi-tasinmaz-mal-komisyonu-calismasina-buyuk-onem-verdigimiz-bir-kurumdur\/#respond"]}]},{"@type":"WebPage","@id":"https:\/\/haberkuzey.com\/index.php\/2024\/04\/18\/tataruluslararasi-hukukun-tanidigi-tasinmaz-mal-komisyonu-calismasina-buyuk-onem-verdigimiz-bir-kurumdur\/","url":"https:\/\/haberkuzey.com\/index.php\/2024\/04\/18\/tataruluslararasi-hukukun-tanidigi-tasinmaz-mal-komisyonu-calismasina-buyuk-onem-verdigimiz-bir-kurumdur\/","name":"Tatar:Uluslararas\u0131 hukukun tan\u0131d\u0131\u011f\u0131 Ta\u015f\u0131nmaz Mal Komisyonu, \u00e7al\u0131\u015fmas\u0131na b\u00fcy\u00fck \u00f6nem verdi\u011fimiz bir kurumdur - Haber Kuzey","isPartOf":{"@id":"https:\/\/haberkuzey.com\/#website"},"primaryImageOfPage":{"@id":"https:\/\/haberkuzey.com\/index.php\/2024\/04\/18\/tataruluslararasi-hukukun-tanidigi-tasinmaz-mal-komisyonu-calismasina-buyuk-onem-verdigimiz-bir-kurumdur\/#primaryimage"},"image":{"@id":"https:\/\/haberkuzey.com\/index.php\/2024\/04\/18\/tataruluslararasi-hukukun-tanidigi-tasinmaz-mal-komisyonu-calismasina-buyuk-onem-verdigimiz-bir-kurumdur\/#primaryimage"},"thumbnailUrl":"https:\/\/haberkuzey.com\/wp-content\/uploads\/2024\/04\/Screenshot_20240417_223218_X.jpg","datePublished":"2024-04-18T06:33:33+00:00","author":{"@id":"https:\/\/haberkuzey.com\/#\/schema\/person\/3372109ec735f9333f4fa47ebb9605ca"},"breadcrumb":{"@id":"https:\/\/haberkuzey.com\/index.php\/2024\/04\/18\/tataruluslararasi-hukukun-tanidigi-tasinmaz-mal-komisyonu-calismasina-buyuk-onem-verdigimiz-bir-kurumdur\/#breadcrumb"},"inLanguage":"tr","potentialAction":[{"@type":"ReadAction","target":["https:\/\/haberkuzey.com\/index.php\/2024\/04\/18\/tataruluslararasi-hukukun-tanidigi-tasinmaz-mal-komisyonu-calismasina-buyuk-onem-verdigimiz-bir-kurumdur\/"]}]},{"@type":"ImageObject","inLanguage":"tr","@id":"https:\/\/haberkuzey.com\/index.php\/2024\/04\/18\/tataruluslararasi-hukukun-tanidigi-tasinmaz-mal-komisyonu-calismasina-buyuk-onem-verdigimiz-bir-kurumdur\/#primaryimage","url":"https:\/\/haberkuzey.com\/wp-content\/uploads\/2024\/04\/Screenshot_20240417_223218_X.jpg","contentUrl":"https:\/\/haberkuzey.com\/wp-content\/uploads\/2024\/04\/Screenshot_20240417_223218_X.jpg","width":870,"height":411},{"@type":"BreadcrumbList","@id":"https:\/\/haberkuzey.com\/index.php\/2024\/04\/18\/tataruluslararasi-hukukun-tanidigi-tasinmaz-mal-komisyonu-calismasina-buyuk-onem-verdigimiz-bir-kurumdur\/#breadcrumb","itemListElement":[{"@type":"ListItem","position":1,"name":"Anasayfa","item":"https:\/\/haberkuzey.com\/"},{"@type":"ListItem","position":2,"name":"Tatar:Uluslararas\u0131 hukukun tan\u0131d\u0131\u011f\u0131 Ta\u015f\u0131nmaz Mal Komisyonu, \u00e7al\u0131\u015fmas\u0131na b\u00fcy\u00fck \u00f6nem verdi\u011fimiz bir kurumdur"}]},{"@type":"WebSite","@id":"https:\/\/haberkuzey.com\/#website","url":"https:\/\/haberkuzey.com\/","name":"Haber Kuzey","description":"Do\u011fru Haberin Adresi","potentialAction":[{"@type":"SearchAction","target":{"@type":"EntryPoint","urlTemplate":"https:\/\/haberkuzey.com\/?s={search_term_string}"},"query-input":{"@type":"PropertyValueSpecification","valueRequired":true,"valueName":"search_term_string"}}],"inLanguage":"tr"},{"@type":"Person","@id":"https:\/\/haberkuzey.com\/#\/schema\/person\/3372109ec735f9333f4fa47ebb9605ca","name":"haberkuzey","image":{"@type":"ImageObject","inLanguage":"tr","@id":"https:\/\/secure.gravatar.com\/avatar\/f5fc875574b1575324358c3b9e6a32b8227aa5b74f3fa22e3cadb63e26fcc39c?s=96&d=mm&r=g","url":"https:\/\/secure.gravatar.com\/avatar\/f5fc875574b1575324358c3b9e6a32b8227aa5b74f3fa22e3cadb63e26fcc39c?s=96&d=mm&r=g","contentUrl":"https:\/\/secure.gravatar.com\/avatar\/f5fc875574b1575324358c3b9e6a32b8227aa5b74f3fa22e3cadb63e26fcc39c?s=96&d=mm&r=g","caption":"haberkuzey"},"sameAs":["https:\/\/haberkuzey.com"],"url":"https:\/\/haberkuzey.com\/index.php\/author\/haberkuzey\/"}]}},"_links":{"self":[{"href":"https:\/\/haberkuzey.com\/index.php\/wp-json\/wp\/v2\/posts\/1196","targetHints":{"allow":["GET"]}}],"collection":[{"href":"https:\/\/haberkuzey.com\/index.php\/wp-json\/wp\/v2\/posts"}],"about":[{"href":"https:\/\/haberkuzey.com\/index.php\/wp-json\/wp\/v2\/types\/post"}],"author":[{"embeddable":true,"href":"https:\/\/haberkuzey.com\/index.php\/wp-json\/wp\/v2\/users\/1"}],"replies":[{"embeddable":true,"href":"https:\/\/haberkuzey.com\/index.php\/wp-json\/wp\/v2\/comments?post=1196"}],"version-history":[{"count":0,"href":"https:\/\/haberkuzey.com\/index.php\/wp-json\/wp\/v2\/posts\/1196\/revisions"}],"wp:featuredmedia":[{"embeddable":true,"href":"https:\/\/haberkuzey.com\/index.php\/wp-json\/wp\/v2\/media\/18"}],"wp:attachment":[{"href":"https:\/\/haberkuzey.com\/index.php\/wp-json\/wp\/v2\/media?parent=1196"}],"wp:term":[{"taxonomy":"category","embeddable":true,"href":"https:\/\/haberkuzey.com\/index.php\/wp-json\/wp\/v2\/categories?post=1196"},{"taxonomy":"post_tag","embeddable":true,"href":"https:\/\/haberkuzey.com\/index.php\/wp-json\/wp\/v2\/tags?post=1196"}],"curies":[{"name":"wp","href":"https:\/\/api.w.org\/{rel}","templated":true}]}}