{"id":1174,"date":"2024-05-02T05:35:23","date_gmt":"2024-05-02T02:35:23","guid":{"rendered":"https:\/\/kuzeyinsesi.com\/index.php\/2024\/05\/02\/hamas-kolombiyanin-israille-diplomatik-iliskileri-kesme-kararindan-memnun\/"},"modified":"2024-05-02T05:35:23","modified_gmt":"2024-05-02T02:35:23","slug":"hamas-kolombiyanin-israille-diplomatik-iliskileri-kesme-kararindan-memnun","status":"publish","type":"post","link":"https:\/\/haberkuzey.com\/index.php\/2024\/05\/02\/hamas-kolombiyanin-israille-diplomatik-iliskileri-kesme-kararindan-memnun\/","title":{"rendered":"Hamas, Kolombiya&#039;n\u0131n \u0130srail&#039;le diplomatik ili\u015fkileri kesme karar\u0131ndan memnun"},"content":{"rendered":"<p><\/p>\n<div>\n<p>&#13;<br \/>\n\tHamas&#8217;tan konuya ili\u015fkin yap\u0131lan a\u00e7\u0131klamada,<em> &#8220;Nazi i\u015fgal ordusu (\u0130srail), <a href=\"https:\/\/www.trthaber.com\/etiket\/gazze\/\" target=\"_blank\" rel=\"noopener\">Gazze<\/a> \u015eeridi&#8217;ndeki Filistin halk\u0131na kar\u015f\u0131 y\u00fcr\u00fctt\u00fc\u011f\u00fc imha sald\u0131r\u0131lar\u0131na devam ederken, i\u015fgalci siyonist olu\u015fumla diplomatik ili\u015fkilerin kesilece\u011fini duyuran Ba\u015fkan Petro&#8217;nun siyasi tutumuna b\u00fcy\u00fck de\u011fer veriyoruz&#8221; <\/em>denildi.<\/p>\n<p>&#13;<br \/>\n\tA\u00e7\u0131klamada, <a href=\"https:\/\/www.trthaber.com\/etiket\/kolombiya\/\" target=\"_blank\" rel=\"noopener\">Kolombiya<\/a> Cumhurba\u015fkan\u0131 Petro&#8217;nun siyasi tutumunun &#8220;Filistinlilerin fedakarl\u0131klar\u0131 ve onlar\u0131n hakl\u0131 davas\u0131 i\u00e7in bir zafer&#8221; olarak de\u011ferlendirildi\u011fi belirtildi.<\/p>\n<p>&#13;<br \/>\n\tA\u00e7\u0131klamada ayr\u0131ca, G\u00fcney Amerika \u00fclkeleri ve t\u00fcm \u00fclkelere, <a href=\"https:\/\/www.trthaber.com\/etiket\/israil\/\" target=\"_blank\" rel=\"noopener\">\u0130srail<\/a> ile diplomatik ili\u015fkilerini tamamen kesmeleri \u00e7a\u011fr\u0131s\u0131nda bulunuldu.<\/p>\n<p>&#13;<br \/>\n\tBa\u015fkent Bogota&#8217;da d\u00fczenlenen &#8220;1 May\u0131s Emek ve Dayan\u0131\u015fma G\u00fcn\u00fc&#8221; kutlamalar\u0131na kat\u0131lan Petro, tarihi Bolivar Meydan\u0131&#8217;nda halka seslenmi\u015fti.<\/p>\n<p>&#13;<br \/>\n\tKolombiya Cumhurba\u015fkan\u0131 Gustavo Petro, Gazze&#8217;de Filistin halk\u0131na y\u00f6nelik devam eden sald\u0131r\u0131lar\u0131 nedeniyle \u0130srail ile diplomatik ili\u015fkileri kesece\u011fini duyurmu\u015ftu.<\/p>\n<p>&#13;<br \/>\n\t\u0130srail&#8217;in Gazze&#8217;de <a href=\"https:\/\/www.trthaber.com\/etiket\/soykirim\/\" target=\"_blank\" rel=\"noopener\">soyk\u0131r\u0131m<\/a> yapt\u0131\u011f\u0131n\u0131 vurgulayan Petro, <em>&#8220;Bug\u00fcn meydanlara inen t\u00fcm insanl\u0131k bizimle ayn\u0131 fikirde. Soyk\u0131r\u0131m \u00e7a\u011f\u0131na geri d\u00f6nemeyiz. \u0130nsanl\u0131\u011f\u0131n g\u00f6zleri \u00f6n\u00fcnde b\u00fct\u00fcn bir halk\u0131n yok edilmesine seyirci kalamay\u0131z, Filistin \u00f6l\u00fcrse insanl\u0131k da \u00f6l\u00fcr&#8221;<\/em> ifadelerini kullanm\u0131\u015ft\u0131.<\/p>\n<\/p><\/div>\n","protected":false},"excerpt":{"rendered":"<p>&#13; Hamas&#8217;tan konuya ili\u015fkin yap\u0131lan a\u00e7\u0131klamada, &#8220;Nazi i\u015fgal ordusu (\u0130srail), Gazze \u015eeridi&#8217;ndeki Filistin halk\u0131na kar\u015f\u0131 y\u00fcr\u00fctt\u00fc\u011f\u00fc imha sald\u0131r\u0131lar\u0131na devam ederken, i\u015fgalci siyonist olu\u015fumla diplomatik ili\u015fkilerin kesilece\u011fini duyuran Ba\u015fkan Petro&#8217;nun siyasi tutumuna b\u00fcy\u00fck de\u011fer veriyoruz&#8221; denildi. &#13; A\u00e7\u0131klamada, Kolombiya Cumhurba\u015fkan\u0131 Petro&#8217;nun siyasi tutumunun &#8220;Filistinlilerin fedakarl\u0131klar\u0131 ve onlar\u0131n hakl\u0131 davas\u0131 i\u00e7in bir zafer&#8221; olarak de\u011ferlendirildi\u011fi belirtildi. &#13; [&hellip;]<\/p>\n","protected":false},"author":1,"featured_media":1175,"comment_status":"open","ping_status":"open","sticky":false,"template":"","format":"standard","meta":{"jnews-multi-image_gallery":[],"jnews_single_post":[],"jnews_primary_category":[],"footnotes":""},"categories":[2],"tags":[],"class_list":["post-1174","post","type-post","status-publish","format-standard","has-post-thumbnail","hentry","category-dunya"],"yoast_head":"<!-- This site is optimized with the Yoast SEO plugin v27.5 - https:\/\/yoast.com\/product\/yoast-seo-wordpress\/ -->\n<title>Hamas, Kolombiya&#039;n\u0131n \u0130srail&#039;le diplomatik ili\u015fkileri kesme karar\u0131ndan memnun - Haber Kuzey<\/title>\n<meta name=\"robots\" content=\"index, follow, max-snippet:-1, max-image-preview:large, max-video-preview:-1\" \/>\n<link rel=\"canonical\" href=\"https:\/\/haberkuzey.com\/index.php\/2024\/05\/02\/hamas-kolombiyanin-israille-diplomatik-iliskileri-kesme-kararindan-memnun\/\" \/>\n<meta property=\"og:locale\" content=\"tr_TR\" \/>\n<meta property=\"og:type\" content=\"article\" \/>\n<meta property=\"og:title\" content=\"Hamas, Kolombiya&#039;n\u0131n \u0130srail&#039;le diplomatik ili\u015fkileri kesme karar\u0131ndan memnun - Haber Kuzey\" \/>\n<meta property=\"og:description\" content=\"&#013; Hamas&#8217;tan konuya ili\u015fkin yap\u0131lan a\u00e7\u0131klamada, &#8220;Nazi i\u015fgal ordusu (\u0130srail), Gazze \u015eeridi&#8217;ndeki Filistin halk\u0131na kar\u015f\u0131 y\u00fcr\u00fctt\u00fc\u011f\u00fc imha sald\u0131r\u0131lar\u0131na devam ederken, i\u015fgalci siyonist olu\u015fumla diplomatik ili\u015fkilerin kesilece\u011fini duyuran Ba\u015fkan Petro&#8217;nun siyasi tutumuna b\u00fcy\u00fck de\u011fer veriyoruz&#8221; denildi. &#013; A\u00e7\u0131klamada, Kolombiya Cumhurba\u015fkan\u0131 Petro&#8217;nun siyasi tutumunun &#8220;Filistinlilerin fedakarl\u0131klar\u0131 ve onlar\u0131n hakl\u0131 davas\u0131 i\u00e7in bir zafer&#8221; olarak de\u011ferlendirildi\u011fi belirtildi. &#013; [&hellip;]\" \/>\n<meta property=\"og:url\" content=\"https:\/\/haberkuzey.com\/index.php\/2024\/05\/02\/hamas-kolombiyanin-israille-diplomatik-iliskileri-kesme-kararindan-memnun\/\" \/>\n<meta property=\"og:site_name\" content=\"Haber Kuzey\" \/>\n<meta property=\"article:published_time\" content=\"2024-05-02T02:35:23+00:00\" \/>\n<meta property=\"og:image\" content=\"https:\/\/haberkuzey.com\/wp-content\/uploads\/2024\/05\/hamas-aa-1787339.jpg\" \/>\n\t<meta property=\"og:image:width\" content=\"1280\" \/>\n\t<meta property=\"og:image:height\" content=\"720\" \/>\n\t<meta property=\"og:image:type\" content=\"image\/jpeg\" \/>\n<meta name=\"author\" content=\"haberkuzey\" \/>\n<meta name=\"twitter:card\" content=\"summary_large_image\" \/>\n<meta name=\"twitter:label1\" content=\"Yazan:\" \/>\n\t<meta name=\"twitter:data1\" content=\"haberkuzey\" \/>\n\t<meta name=\"twitter:label2\" content=\"Tahmini okuma s\u00fcresi\" \/>\n\t<meta name=\"twitter:data2\" content=\"1 dakika\" \/>\n<script type=\"application\/ld+json\" class=\"yoast-schema-graph\">{\"@context\":\"https:\\\/\\\/schema.org\",\"@graph\":[{\"@type\":\"Article\",\"@id\":\"https:\\\/\\\/haberkuzey.com\\\/index.php\\\/2024\\\/05\\\/02\\\/hamas-kolombiyanin-israille-diplomatik-iliskileri-kesme-kararindan-memnun\\\/#article\",\"isPartOf\":{\"@id\":\"https:\\\/\\\/haberkuzey.com\\\/index.php\\\/2024\\\/05\\\/02\\\/hamas-kolombiyanin-israille-diplomatik-iliskileri-kesme-kararindan-memnun\\\/\"},\"author\":{\"name\":\"haberkuzey\",\"@id\":\"https:\\\/\\\/haberkuzey.com\\\/#\\\/schema\\\/person\\\/3372109ec735f9333f4fa47ebb9605ca\"},\"headline\":\"Hamas, Kolombiya&#039;n\u0131n \u0130srail&#039;le diplomatik ili\u015fkileri kesme karar\u0131ndan memnun\",\"datePublished\":\"2024-05-02T02:35:23+00:00\",\"mainEntityOfPage\":{\"@id\":\"https:\\\/\\\/haberkuzey.com\\\/index.php\\\/2024\\\/05\\\/02\\\/hamas-kolombiyanin-israille-diplomatik-iliskileri-kesme-kararindan-memnun\\\/\"},\"wordCount\":229,\"commentCount\":0,\"image\":{\"@id\":\"https:\\\/\\\/haberkuzey.com\\\/index.php\\\/2024\\\/05\\\/02\\\/hamas-kolombiyanin-israille-diplomatik-iliskileri-kesme-kararindan-memnun\\\/#primaryimage\"},\"thumbnailUrl\":\"https:\\\/\\\/haberkuzey.com\\\/wp-content\\\/uploads\\\/2024\\\/05\\\/hamas-aa-1787339.jpg\",\"articleSection\":[\"D\u00fcnya\"],\"inLanguage\":\"tr\",\"potentialAction\":[{\"@type\":\"CommentAction\",\"name\":\"Comment\",\"target\":[\"https:\\\/\\\/haberkuzey.com\\\/index.php\\\/2024\\\/05\\\/02\\\/hamas-kolombiyanin-israille-diplomatik-iliskileri-kesme-kararindan-memnun\\\/#respond\"]}]},{\"@type\":\"WebPage\",\"@id\":\"https:\\\/\\\/haberkuzey.com\\\/index.php\\\/2024\\\/05\\\/02\\\/hamas-kolombiyanin-israille-diplomatik-iliskileri-kesme-kararindan-memnun\\\/\",\"url\":\"https:\\\/\\\/haberkuzey.com\\\/index.php\\\/2024\\\/05\\\/02\\\/hamas-kolombiyanin-israille-diplomatik-iliskileri-kesme-kararindan-memnun\\\/\",\"name\":\"Hamas, Kolombiya&#039;n\u0131n \u0130srail&#039;le diplomatik ili\u015fkileri kesme karar\u0131ndan memnun - Haber Kuzey\",\"isPartOf\":{\"@id\":\"https:\\\/\\\/haberkuzey.com\\\/#website\"},\"primaryImageOfPage\":{\"@id\":\"https:\\\/\\\/haberkuzey.com\\\/index.php\\\/2024\\\/05\\\/02\\\/hamas-kolombiyanin-israille-diplomatik-iliskileri-kesme-kararindan-memnun\\\/#primaryimage\"},\"image\":{\"@id\":\"https:\\\/\\\/haberkuzey.com\\\/index.php\\\/2024\\\/05\\\/02\\\/hamas-kolombiyanin-israille-diplomatik-iliskileri-kesme-kararindan-memnun\\\/#primaryimage\"},\"thumbnailUrl\":\"https:\\\/\\\/haberkuzey.com\\\/wp-content\\\/uploads\\\/2024\\\/05\\\/hamas-aa-1787339.jpg\",\"datePublished\":\"2024-05-02T02:35:23+00:00\",\"author\":{\"@id\":\"https:\\\/\\\/haberkuzey.com\\\/#\\\/schema\\\/person\\\/3372109ec735f9333f4fa47ebb9605ca\"},\"breadcrumb\":{\"@id\":\"https:\\\/\\\/haberkuzey.com\\\/index.php\\\/2024\\\/05\\\/02\\\/hamas-kolombiyanin-israille-diplomatik-iliskileri-kesme-kararindan-memnun\\\/#breadcrumb\"},\"inLanguage\":\"tr\",\"potentialAction\":[{\"@type\":\"ReadAction\",\"target\":[\"https:\\\/\\\/haberkuzey.com\\\/index.php\\\/2024\\\/05\\\/02\\\/hamas-kolombiyanin-israille-diplomatik-iliskileri-kesme-kararindan-memnun\\\/\"]}]},{\"@type\":\"ImageObject\",\"inLanguage\":\"tr\",\"@id\":\"https:\\\/\\\/haberkuzey.com\\\/index.php\\\/2024\\\/05\\\/02\\\/hamas-kolombiyanin-israille-diplomatik-iliskileri-kesme-kararindan-memnun\\\/#primaryimage\",\"url\":\"https:\\\/\\\/haberkuzey.com\\\/wp-content\\\/uploads\\\/2024\\\/05\\\/hamas-aa-1787339.jpg\",\"contentUrl\":\"https:\\\/\\\/haberkuzey.com\\\/wp-content\\\/uploads\\\/2024\\\/05\\\/hamas-aa-1787339.jpg\",\"width\":1280,\"height\":720},{\"@type\":\"BreadcrumbList\",\"@id\":\"https:\\\/\\\/haberkuzey.com\\\/index.php\\\/2024\\\/05\\\/02\\\/hamas-kolombiyanin-israille-diplomatik-iliskileri-kesme-kararindan-memnun\\\/#breadcrumb\",\"itemListElement\":[{\"@type\":\"ListItem\",\"position\":1,\"name\":\"Anasayfa\",\"item\":\"https:\\\/\\\/haberkuzey.com\\\/\"},{\"@type\":\"ListItem\",\"position\":2,\"name\":\"Hamas, Kolombiya&#039;n\u0131n \u0130srail&#039;le diplomatik ili\u015fkileri kesme karar\u0131ndan memnun\"}]},{\"@type\":\"WebSite\",\"@id\":\"https:\\\/\\\/haberkuzey.com\\\/#website\",\"url\":\"https:\\\/\\\/haberkuzey.com\\\/\",\"name\":\"Haber Kuzey\",\"description\":\"Do\u011fru Haberin Adresi\",\"potentialAction\":[{\"@type\":\"SearchAction\",\"target\":{\"@type\":\"EntryPoint\",\"urlTemplate\":\"https:\\\/\\\/haberkuzey.com\\\/?s={search_term_string}\"},\"query-input\":{\"@type\":\"PropertyValueSpecification\",\"valueRequired\":true,\"valueName\":\"search_term_string\"}}],\"inLanguage\":\"tr\"},{\"@type\":\"Person\",\"@id\":\"https:\\\/\\\/haberkuzey.com\\\/#\\\/schema\\\/person\\\/3372109ec735f9333f4fa47ebb9605ca\",\"name\":\"haberkuzey\",\"image\":{\"@type\":\"ImageObject\",\"inLanguage\":\"tr\",\"@id\":\"https:\\\/\\\/secure.gravatar.com\\\/avatar\\\/f5fc875574b1575324358c3b9e6a32b8227aa5b74f3fa22e3cadb63e26fcc39c?s=96&d=mm&r=g\",\"url\":\"https:\\\/\\\/secure.gravatar.com\\\/avatar\\\/f5fc875574b1575324358c3b9e6a32b8227aa5b74f3fa22e3cadb63e26fcc39c?s=96&d=mm&r=g\",\"contentUrl\":\"https:\\\/\\\/secure.gravatar.com\\\/avatar\\\/f5fc875574b1575324358c3b9e6a32b8227aa5b74f3fa22e3cadb63e26fcc39c?s=96&d=mm&r=g\",\"caption\":\"haberkuzey\"},\"sameAs\":[\"https:\\\/\\\/haberkuzey.com\"],\"url\":\"https:\\\/\\\/haberkuzey.com\\\/index.php\\\/author\\\/haberkuzey\\\/\"}]}<\/script>\n<!-- \/ Yoast SEO plugin. -->","yoast_head_json":{"title":"Hamas, Kolombiya&#039;n\u0131n \u0130srail&#039;le diplomatik ili\u015fkileri kesme karar\u0131ndan memnun - Haber Kuzey","robots":{"index":"index","follow":"follow","max-snippet":"max-snippet:-1","max-image-preview":"max-image-preview:large","max-video-preview":"max-video-preview:-1"},"canonical":"https:\/\/haberkuzey.com\/index.php\/2024\/05\/02\/hamas-kolombiyanin-israille-diplomatik-iliskileri-kesme-kararindan-memnun\/","og_locale":"tr_TR","og_type":"article","og_title":"Hamas, Kolombiya&#039;n\u0131n \u0130srail&#039;le diplomatik ili\u015fkileri kesme karar\u0131ndan memnun - Haber Kuzey","og_description":"&#13; Hamas&#8217;tan konuya ili\u015fkin yap\u0131lan a\u00e7\u0131klamada, &#8220;Nazi i\u015fgal ordusu (\u0130srail), Gazze \u015eeridi&#8217;ndeki Filistin halk\u0131na kar\u015f\u0131 y\u00fcr\u00fctt\u00fc\u011f\u00fc imha sald\u0131r\u0131lar\u0131na devam ederken, i\u015fgalci siyonist olu\u015fumla diplomatik ili\u015fkilerin kesilece\u011fini duyuran Ba\u015fkan Petro&#8217;nun siyasi tutumuna b\u00fcy\u00fck de\u011fer veriyoruz&#8221; denildi. &#13; A\u00e7\u0131klamada, Kolombiya Cumhurba\u015fkan\u0131 Petro&#8217;nun siyasi tutumunun &#8220;Filistinlilerin fedakarl\u0131klar\u0131 ve onlar\u0131n hakl\u0131 davas\u0131 i\u00e7in bir zafer&#8221; olarak de\u011ferlendirildi\u011fi belirtildi. &#13; [&hellip;]","og_url":"https:\/\/haberkuzey.com\/index.php\/2024\/05\/02\/hamas-kolombiyanin-israille-diplomatik-iliskileri-kesme-kararindan-memnun\/","og_site_name":"Haber Kuzey","article_published_time":"2024-05-02T02:35:23+00:00","og_image":[{"width":1280,"height":720,"url":"https:\/\/haberkuzey.com\/wp-content\/uploads\/2024\/05\/hamas-aa-1787339.jpg","type":"image\/jpeg"}],"author":"haberkuzey","twitter_card":"summary_large_image","twitter_misc":{"Yazan:":"haberkuzey","Tahmini okuma s\u00fcresi":"1 dakika"},"schema":{"@context":"https:\/\/schema.org","@graph":[{"@type":"Article","@id":"https:\/\/haberkuzey.com\/index.php\/2024\/05\/02\/hamas-kolombiyanin-israille-diplomatik-iliskileri-kesme-kararindan-memnun\/#article","isPartOf":{"@id":"https:\/\/haberkuzey.com\/index.php\/2024\/05\/02\/hamas-kolombiyanin-israille-diplomatik-iliskileri-kesme-kararindan-memnun\/"},"author":{"name":"haberkuzey","@id":"https:\/\/haberkuzey.com\/#\/schema\/person\/3372109ec735f9333f4fa47ebb9605ca"},"headline":"Hamas, Kolombiya&#039;n\u0131n \u0130srail&#039;le diplomatik ili\u015fkileri kesme karar\u0131ndan memnun","datePublished":"2024-05-02T02:35:23+00:00","mainEntityOfPage":{"@id":"https:\/\/haberkuzey.com\/index.php\/2024\/05\/02\/hamas-kolombiyanin-israille-diplomatik-iliskileri-kesme-kararindan-memnun\/"},"wordCount":229,"commentCount":0,"image":{"@id":"https:\/\/haberkuzey.com\/index.php\/2024\/05\/02\/hamas-kolombiyanin-israille-diplomatik-iliskileri-kesme-kararindan-memnun\/#primaryimage"},"thumbnailUrl":"https:\/\/haberkuzey.com\/wp-content\/uploads\/2024\/05\/hamas-aa-1787339.jpg","articleSection":["D\u00fcnya"],"inLanguage":"tr","potentialAction":[{"@type":"CommentAction","name":"Comment","target":["https:\/\/haberkuzey.com\/index.php\/2024\/05\/02\/hamas-kolombiyanin-israille-diplomatik-iliskileri-kesme-kararindan-memnun\/#respond"]}]},{"@type":"WebPage","@id":"https:\/\/haberkuzey.com\/index.php\/2024\/05\/02\/hamas-kolombiyanin-israille-diplomatik-iliskileri-kesme-kararindan-memnun\/","url":"https:\/\/haberkuzey.com\/index.php\/2024\/05\/02\/hamas-kolombiyanin-israille-diplomatik-iliskileri-kesme-kararindan-memnun\/","name":"Hamas, Kolombiya&#039;n\u0131n \u0130srail&#039;le diplomatik ili\u015fkileri kesme karar\u0131ndan memnun - Haber Kuzey","isPartOf":{"@id":"https:\/\/haberkuzey.com\/#website"},"primaryImageOfPage":{"@id":"https:\/\/haberkuzey.com\/index.php\/2024\/05\/02\/hamas-kolombiyanin-israille-diplomatik-iliskileri-kesme-kararindan-memnun\/#primaryimage"},"image":{"@id":"https:\/\/haberkuzey.com\/index.php\/2024\/05\/02\/hamas-kolombiyanin-israille-diplomatik-iliskileri-kesme-kararindan-memnun\/#primaryimage"},"thumbnailUrl":"https:\/\/haberkuzey.com\/wp-content\/uploads\/2024\/05\/hamas-aa-1787339.jpg","datePublished":"2024-05-02T02:35:23+00:00","author":{"@id":"https:\/\/haberkuzey.com\/#\/schema\/person\/3372109ec735f9333f4fa47ebb9605ca"},"breadcrumb":{"@id":"https:\/\/haberkuzey.com\/index.php\/2024\/05\/02\/hamas-kolombiyanin-israille-diplomatik-iliskileri-kesme-kararindan-memnun\/#breadcrumb"},"inLanguage":"tr","potentialAction":[{"@type":"ReadAction","target":["https:\/\/haberkuzey.com\/index.php\/2024\/05\/02\/hamas-kolombiyanin-israille-diplomatik-iliskileri-kesme-kararindan-memnun\/"]}]},{"@type":"ImageObject","inLanguage":"tr","@id":"https:\/\/haberkuzey.com\/index.php\/2024\/05\/02\/hamas-kolombiyanin-israille-diplomatik-iliskileri-kesme-kararindan-memnun\/#primaryimage","url":"https:\/\/haberkuzey.com\/wp-content\/uploads\/2024\/05\/hamas-aa-1787339.jpg","contentUrl":"https:\/\/haberkuzey.com\/wp-content\/uploads\/2024\/05\/hamas-aa-1787339.jpg","width":1280,"height":720},{"@type":"BreadcrumbList","@id":"https:\/\/haberkuzey.com\/index.php\/2024\/05\/02\/hamas-kolombiyanin-israille-diplomatik-iliskileri-kesme-kararindan-memnun\/#breadcrumb","itemListElement":[{"@type":"ListItem","position":1,"name":"Anasayfa","item":"https:\/\/haberkuzey.com\/"},{"@type":"ListItem","position":2,"name":"Hamas, Kolombiya&#039;n\u0131n \u0130srail&#039;le diplomatik ili\u015fkileri kesme karar\u0131ndan memnun"}]},{"@type":"WebSite","@id":"https:\/\/haberkuzey.com\/#website","url":"https:\/\/haberkuzey.com\/","name":"Haber Kuzey","description":"Do\u011fru Haberin Adresi","potentialAction":[{"@type":"SearchAction","target":{"@type":"EntryPoint","urlTemplate":"https:\/\/haberkuzey.com\/?s={search_term_string}"},"query-input":{"@type":"PropertyValueSpecification","valueRequired":true,"valueName":"search_term_string"}}],"inLanguage":"tr"},{"@type":"Person","@id":"https:\/\/haberkuzey.com\/#\/schema\/person\/3372109ec735f9333f4fa47ebb9605ca","name":"haberkuzey","image":{"@type":"ImageObject","inLanguage":"tr","@id":"https:\/\/secure.gravatar.com\/avatar\/f5fc875574b1575324358c3b9e6a32b8227aa5b74f3fa22e3cadb63e26fcc39c?s=96&d=mm&r=g","url":"https:\/\/secure.gravatar.com\/avatar\/f5fc875574b1575324358c3b9e6a32b8227aa5b74f3fa22e3cadb63e26fcc39c?s=96&d=mm&r=g","contentUrl":"https:\/\/secure.gravatar.com\/avatar\/f5fc875574b1575324358c3b9e6a32b8227aa5b74f3fa22e3cadb63e26fcc39c?s=96&d=mm&r=g","caption":"haberkuzey"},"sameAs":["https:\/\/haberkuzey.com"],"url":"https:\/\/haberkuzey.com\/index.php\/author\/haberkuzey\/"}]}},"_links":{"self":[{"href":"https:\/\/haberkuzey.com\/index.php\/wp-json\/wp\/v2\/posts\/1174","targetHints":{"allow":["GET"]}}],"collection":[{"href":"https:\/\/haberkuzey.com\/index.php\/wp-json\/wp\/v2\/posts"}],"about":[{"href":"https:\/\/haberkuzey.com\/index.php\/wp-json\/wp\/v2\/types\/post"}],"author":[{"embeddable":true,"href":"https:\/\/haberkuzey.com\/index.php\/wp-json\/wp\/v2\/users\/1"}],"replies":[{"embeddable":true,"href":"https:\/\/haberkuzey.com\/index.php\/wp-json\/wp\/v2\/comments?post=1174"}],"version-history":[{"count":0,"href":"https:\/\/haberkuzey.com\/index.php\/wp-json\/wp\/v2\/posts\/1174\/revisions"}],"wp:featuredmedia":[{"embeddable":true,"href":"https:\/\/haberkuzey.com\/index.php\/wp-json\/wp\/v2\/media\/1175"}],"wp:attachment":[{"href":"https:\/\/haberkuzey.com\/index.php\/wp-json\/wp\/v2\/media?parent=1174"}],"wp:term":[{"taxonomy":"category","embeddable":true,"href":"https:\/\/haberkuzey.com\/index.php\/wp-json\/wp\/v2\/categories?post=1174"},{"taxonomy":"post_tag","embeddable":true,"href":"https:\/\/haberkuzey.com\/index.php\/wp-json\/wp\/v2\/tags?post=1174"}],"curies":[{"name":"wp","href":"https:\/\/api.w.org\/{rel}","templated":true}]}}