{"id":1110,"date":"2024-05-01T12:12:05","date_gmt":"2024-05-01T09:12:05","guid":{"rendered":"https:\/\/kuzeyinsesi.com\/index.php\/2024\/05\/01\/cumhurbaskani-tatarkibris-turk-ciftciler-birliginin-81-kurulus-yil-donumu-nedeniyle-mesaj-yayimladi\/"},"modified":"2024-05-01T12:12:05","modified_gmt":"2024-05-01T09:12:05","slug":"cumhurbaskani-tatarkibris-turk-ciftciler-birliginin-81-kurulus-yil-donumu-nedeniyle-mesaj-yayimladi","status":"publish","type":"post","link":"https:\/\/haberkuzey.com\/index.php\/2024\/05\/01\/cumhurbaskani-tatarkibris-turk-ciftciler-birliginin-81-kurulus-yil-donumu-nedeniyle-mesaj-yayimladi\/","title":{"rendered":"Cumhurba\u015fkan\u0131 Tatar,K\u0131br\u0131s T\u00fcrk \u00c7ift\u00e7iler Birli\u011fi\u2019nin 81.Kurulu\u015f Y\u0131l D\u00f6n\u00fcm\u00fc nedeniyle mesaj yay\u0131mlad\u0131"},"content":{"rendered":"<div>\n<div class=\"mariselle-image-container center\">\n                                            <\/div>\n<p>Cumhurba\u015fkan\u0131 Ersin Tatar,K\u0131br\u0131s T\u00fcrk \u00c7ift\u00e7iler Birli\u011fi\u2019nin 81.Kurulu\u015f Y\u0131l D\u00f6n\u00fcm\u00fc nedeniyle mesaj yay\u0131mlad\u0131.<\/p>\n<p>Cumhurba\u015fkan\u0131 Ersin Tatar yay\u0131mlad\u0131\u011f\u0131 mesaj\u0131nda \u015funlar\u0131 belirtti:<\/p>\n<p>\u201cK\u0131br\u0131s T\u00fcrk \u00c7ift\u00e7iler Birli\u011fi\u2019nin kurulurken K\u0131br\u0131s T\u00fcrk \u00e7ift\u00e7isinin \u00fcstlendi\u011fi misyon, bug\u00fcn ada \u00fczerinde hayatta kalmas\u0131na, ekme\u011fi ile birlikte topra\u011f\u0131na, \u00fcretimine ve en \u00f6nemlisi gelece\u011fine umutla bakmas\u0131na vesile olmu\u015ftur.<\/p>\n<p>K\u0131br\u0131s T\u00fcrk \u00c7ift\u00e7iler Birli\u011fi, 01 May\u0131s 1943 y\u0131l\u0131nda bundan tam 81 y\u0131l \u00f6nce, Rum \u00e7ift\u00e7ileriyle 1942 y\u0131l\u0131nda ortak kurduklar\u0131 birlikten ayr\u0131lmak zorunda b\u0131rak\u0131larak, \u00fcreticilerimiz taraf\u0131ndan kurulmu\u015ftur. 1942 y\u0131l\u0131nda T\u00fcrkler ve Rumlar\u0131n ortak kurduklar\u0131 BEK isimli \u00c7ift\u00e7iler Birli\u011fi, 1943 y\u0131l\u0131nda ger\u00e7ekle\u015ftirdi\u011fi ilk genel kurulda Rum ve \u0130ngiliz bayraklar\u0131 Rumlar taraf\u0131ndan as\u0131lmas\u0131na ra\u011fmen T\u00fcrk bayra\u011f\u0131n\u0131n as\u0131lmas\u0131na ve T\u00fcrk terc\u00fcman\u0131n bulunmas\u0131na kar\u015f\u0131 \u00e7\u0131karak ada \u00fczerindeki niyetlerini genel kurulda \u2018Enosis\u2019 e at\u0131fta bulunarak ger\u00e7ekle\u015ftirdiler. Birli\u011fin kurulu\u015funda bulunan T\u00fcrkler ise bu hareketten dolay\u0131 toplant\u0131y\u0131 terk edip h\u0131zl\u0131 bir \u015fekilde haz\u0131rlanarak K\u0131br\u0131s T\u00fcrk \u00c7ift\u00e7iler Birli\u011fi\u2019ni kurarlar. Bu sebepten K\u0131br\u0131s T\u00fcrk \u00c7ift\u00e7iler Birli\u011fi\u2019nin kuruldu\u011fu y\u0131llar\u0131 \u00f6rg\u00fctl\u00fc m\u00fccadelemizin temellerinin at\u0131lmaya ba\u015flad\u0131\u011f\u0131 y\u0131llar olarak kabul edebiliriz. 72 delege ve adan\u0131n her yan\u0131ndan olu\u015fan 15 ki\u015filik y\u00f6netim kurulu ile ada \u00fczerinde ya\u015fayan ve \u00f6zg\u00fcrl\u00fck m\u00fccadelesi sergileyen K\u0131br\u0131s T\u00fcrk halk\u0131n\u0131n geleceklerine o g\u00fcnlerde umut tohumlar\u0131 at\u0131lm\u0131\u015ft\u0131r.<\/p>\n<p>Zor \u015fartlar alt\u0131nda al\u0131n teri d\u00f6ken \u00e7ift\u00e7ilerin ekonomiye ve halk\u0131n refah\u0131na katk\u0131lar\u0131 k\u00fc\u00e7\u00fcmsenemez. D\u00fcnyay\u0131 saran salg\u0131n hastal\u0131klar vesilesi ile bir kez daha tar\u0131m\u0131n ve tar\u0131msal \u00fcretimin ne denli \u00f6nemli oldu\u011fu g\u00fcn y\u00fcz\u00fcne \u00e7\u0131km\u0131\u015ft\u0131r. Sadece \u00fclkemizde de\u011fil, d\u00fcnyam\u0131zda da Covid-19 \u00f6ncesi ve sonras\u0131 diye milat say\u0131lacak g\u00fcnler ya\u015fad\u0131k.<\/p>\n<p>\u00d6zellikle Rusya-Ukrayna aras\u0131nda ya\u015fanan sava\u015f\u0131n ard\u0131ndan zirai \u00fcr\u00fcnlerin tedarik zincirinde ya\u015fanan s\u0131k\u0131nt\u0131lar, tar\u0131msal \u00fcr\u00fcnlerin arz g\u00fcvenli\u011fi; \u00e7ift\u00e7imize ve tar\u0131m alanlar\u0131na sahip \u00e7\u0131kman\u0131n \u00f6nemini bir kere daha hepimize hat\u0131rlatm\u0131\u015ft\u0131r.<\/p>\n<p>81\u2019inci kurulu\u015f y\u0131l\u0131 vesilesi ile K\u0131br\u0131s T\u00fcrk \u00c7ift\u00e7iler Birli\u011fi\u2019nin kurulu\u015funa katk\u0131 koyan ilk icra heyeti ba\u015fkan\u0131 Beh\u00e7et Mirata\u2019y\u0131, genel sekreter M. Kemal Deniz\u2019i, veznedar Ali Rauf\u2019u, icra kurulu \u00fcyesi Bekir Naci\u2019yi uzun y\u0131llar genel ba\u015fkanl\u0131k yapm\u0131\u015f H\u00fcseyin G\u00fcltekin\u2019i an\u0131yorum. Ayr\u0131ca K\u0131br\u0131s T\u00fcrk \u00c7ift\u00e7iler Birli\u011fi\u2019nin bu g\u00fcnlere gelmesinde eme\u011fi olan t\u00fcm y\u00f6neticilere ve \u00fcreticilerimize en i\u00e7ten te\u015fekk\u00fcrlerimi sunmay\u0131 bir bor\u00e7 bilirim.\u201d<\/p>\n<\/p><\/div>\n<p><script async\n                    defer\n                    crossorigin=\"anonymous\"\n                    src=\"https:\/\/connect.facebook.net\/tr_TR\/sdk.js#xfbml=1&#038;version=v3.3\"\n            ><\/script><\/p>\n","protected":false},"excerpt":{"rendered":"<p>Cumhurba\u015fkan\u0131 Ersin Tatar,K\u0131br\u0131s T\u00fcrk \u00c7ift\u00e7iler Birli\u011fi\u2019nin 81.Kurulu\u015f Y\u0131l D\u00f6n\u00fcm\u00fc nedeniyle mesaj yay\u0131mlad\u0131. Cumhurba\u015fkan\u0131 Ersin Tatar yay\u0131mlad\u0131\u011f\u0131 mesaj\u0131nda \u015funlar\u0131 belirtti: \u201cK\u0131br\u0131s T\u00fcrk \u00c7ift\u00e7iler Birli\u011fi\u2019nin kurulurken K\u0131br\u0131s T\u00fcrk \u00e7ift\u00e7isinin \u00fcstlendi\u011fi misyon, bug\u00fcn ada \u00fczerinde hayatta kalmas\u0131na, ekme\u011fi ile birlikte topra\u011f\u0131na, \u00fcretimine ve en \u00f6nemlisi gelece\u011fine umutla bakmas\u0131na vesile olmu\u015ftur. K\u0131br\u0131s T\u00fcrk \u00c7ift\u00e7iler Birli\u011fi, 01 May\u0131s 1943 y\u0131l\u0131nda [&hellip;]<\/p>\n","protected":false},"author":1,"featured_media":1111,"comment_status":"open","ping_status":"open","sticky":false,"template":"","format":"standard","meta":{"jnews-multi-image_gallery":[],"jnews_single_post":[],"jnews_primary_category":[],"footnotes":""},"categories":[1],"tags":[],"class_list":["post-1110","post","type-post","status-publish","format-standard","has-post-thumbnail","hentry","category-kibris"],"yoast_head":"<!-- This site is optimized with the Yoast SEO plugin v27.5 - https:\/\/yoast.com\/product\/yoast-seo-wordpress\/ -->\n<title>Cumhurba\u015fkan\u0131 Tatar,K\u0131br\u0131s T\u00fcrk \u00c7ift\u00e7iler Birli\u011fi\u2019nin 81.Kurulu\u015f Y\u0131l D\u00f6n\u00fcm\u00fc nedeniyle mesaj yay\u0131mlad\u0131 - Haber Kuzey<\/title>\n<meta name=\"robots\" content=\"index, follow, max-snippet:-1, max-image-preview:large, max-video-preview:-1\" \/>\n<link rel=\"canonical\" href=\"https:\/\/haberkuzey.com\/index.php\/2024\/05\/01\/cumhurbaskani-tatarkibris-turk-ciftciler-birliginin-81-kurulus-yil-donumu-nedeniyle-mesaj-yayimladi\/\" \/>\n<meta property=\"og:locale\" content=\"tr_TR\" \/>\n<meta property=\"og:type\" content=\"article\" \/>\n<meta property=\"og:title\" content=\"Cumhurba\u015fkan\u0131 Tatar,K\u0131br\u0131s T\u00fcrk \u00c7ift\u00e7iler Birli\u011fi\u2019nin 81.Kurulu\u015f Y\u0131l D\u00f6n\u00fcm\u00fc nedeniyle mesaj yay\u0131mlad\u0131 - Haber Kuzey\" \/>\n<meta property=\"og:description\" content=\"Cumhurba\u015fkan\u0131 Ersin Tatar,K\u0131br\u0131s T\u00fcrk \u00c7ift\u00e7iler Birli\u011fi\u2019nin 81.Kurulu\u015f Y\u0131l D\u00f6n\u00fcm\u00fc nedeniyle mesaj yay\u0131mlad\u0131. Cumhurba\u015fkan\u0131 Ersin Tatar yay\u0131mlad\u0131\u011f\u0131 mesaj\u0131nda \u015funlar\u0131 belirtti: \u201cK\u0131br\u0131s T\u00fcrk \u00c7ift\u00e7iler Birli\u011fi\u2019nin kurulurken K\u0131br\u0131s T\u00fcrk \u00e7ift\u00e7isinin \u00fcstlendi\u011fi misyon, bug\u00fcn ada \u00fczerinde hayatta kalmas\u0131na, ekme\u011fi ile birlikte topra\u011f\u0131na, \u00fcretimine ve en \u00f6nemlisi gelece\u011fine umutla bakmas\u0131na vesile olmu\u015ftur. K\u0131br\u0131s T\u00fcrk \u00c7ift\u00e7iler Birli\u011fi, 01 May\u0131s 1943 y\u0131l\u0131nda [&hellip;]\" \/>\n<meta property=\"og:url\" content=\"https:\/\/haberkuzey.com\/index.php\/2024\/05\/01\/cumhurbaskani-tatarkibris-turk-ciftciler-birliginin-81-kurulus-yil-donumu-nedeniyle-mesaj-yayimladi\/\" \/>\n<meta property=\"og:site_name\" content=\"Haber Kuzey\" \/>\n<meta property=\"article:published_time\" content=\"2024-05-01T09:12:05+00:00\" \/>\n<meta property=\"og:image\" content=\"https:\/\/haberkuzey.com\/wp-content\/uploads\/2024\/05\/InShot_20240501_120846484-scaled-1.jpg\" \/>\n\t<meta property=\"og:image:width\" content=\"2560\" \/>\n\t<meta property=\"og:image:height\" content=\"1439\" \/>\n\t<meta property=\"og:image:type\" content=\"image\/jpeg\" \/>\n<meta name=\"author\" content=\"haberkuzey\" \/>\n<meta name=\"twitter:card\" content=\"summary_large_image\" \/>\n<meta name=\"twitter:label1\" content=\"Yazan:\" \/>\n\t<meta name=\"twitter:data1\" content=\"haberkuzey\" \/>\n\t<meta name=\"twitter:label2\" content=\"Tahmini okuma s\u00fcresi\" \/>\n\t<meta name=\"twitter:data2\" content=\"3 dakika\" \/>\n<script type=\"application\/ld+json\" class=\"yoast-schema-graph\">{\"@context\":\"https:\\\/\\\/schema.org\",\"@graph\":[{\"@type\":\"Article\",\"@id\":\"https:\\\/\\\/haberkuzey.com\\\/index.php\\\/2024\\\/05\\\/01\\\/cumhurbaskani-tatarkibris-turk-ciftciler-birliginin-81-kurulus-yil-donumu-nedeniyle-mesaj-yayimladi\\\/#article\",\"isPartOf\":{\"@id\":\"https:\\\/\\\/haberkuzey.com\\\/index.php\\\/2024\\\/05\\\/01\\\/cumhurbaskani-tatarkibris-turk-ciftciler-birliginin-81-kurulus-yil-donumu-nedeniyle-mesaj-yayimladi\\\/\"},\"author\":{\"name\":\"haberkuzey\",\"@id\":\"https:\\\/\\\/haberkuzey.com\\\/#\\\/schema\\\/person\\\/3372109ec735f9333f4fa47ebb9605ca\"},\"headline\":\"Cumhurba\u015fkan\u0131 Tatar,K\u0131br\u0131s T\u00fcrk \u00c7ift\u00e7iler Birli\u011fi\u2019nin 81.Kurulu\u015f Y\u0131l D\u00f6n\u00fcm\u00fc nedeniyle mesaj yay\u0131mlad\u0131\",\"datePublished\":\"2024-05-01T09:12:05+00:00\",\"mainEntityOfPage\":{\"@id\":\"https:\\\/\\\/haberkuzey.com\\\/index.php\\\/2024\\\/05\\\/01\\\/cumhurbaskani-tatarkibris-turk-ciftciler-birliginin-81-kurulus-yil-donumu-nedeniyle-mesaj-yayimladi\\\/\"},\"wordCount\":534,\"commentCount\":0,\"image\":{\"@id\":\"https:\\\/\\\/haberkuzey.com\\\/index.php\\\/2024\\\/05\\\/01\\\/cumhurbaskani-tatarkibris-turk-ciftciler-birliginin-81-kurulus-yil-donumu-nedeniyle-mesaj-yayimladi\\\/#primaryimage\"},\"thumbnailUrl\":\"https:\\\/\\\/haberkuzey.com\\\/wp-content\\\/uploads\\\/2024\\\/05\\\/InShot_20240501_120846484-scaled-1.jpg\",\"articleSection\":[\"K\u0131br\u0131s\"],\"inLanguage\":\"tr\",\"potentialAction\":[{\"@type\":\"CommentAction\",\"name\":\"Comment\",\"target\":[\"https:\\\/\\\/haberkuzey.com\\\/index.php\\\/2024\\\/05\\\/01\\\/cumhurbaskani-tatarkibris-turk-ciftciler-birliginin-81-kurulus-yil-donumu-nedeniyle-mesaj-yayimladi\\\/#respond\"]}]},{\"@type\":\"WebPage\",\"@id\":\"https:\\\/\\\/haberkuzey.com\\\/index.php\\\/2024\\\/05\\\/01\\\/cumhurbaskani-tatarkibris-turk-ciftciler-birliginin-81-kurulus-yil-donumu-nedeniyle-mesaj-yayimladi\\\/\",\"url\":\"https:\\\/\\\/haberkuzey.com\\\/index.php\\\/2024\\\/05\\\/01\\\/cumhurbaskani-tatarkibris-turk-ciftciler-birliginin-81-kurulus-yil-donumu-nedeniyle-mesaj-yayimladi\\\/\",\"name\":\"Cumhurba\u015fkan\u0131 Tatar,K\u0131br\u0131s T\u00fcrk \u00c7ift\u00e7iler Birli\u011fi\u2019nin 81.Kurulu\u015f Y\u0131l D\u00f6n\u00fcm\u00fc nedeniyle mesaj yay\u0131mlad\u0131 - Haber Kuzey\",\"isPartOf\":{\"@id\":\"https:\\\/\\\/haberkuzey.com\\\/#website\"},\"primaryImageOfPage\":{\"@id\":\"https:\\\/\\\/haberkuzey.com\\\/index.php\\\/2024\\\/05\\\/01\\\/cumhurbaskani-tatarkibris-turk-ciftciler-birliginin-81-kurulus-yil-donumu-nedeniyle-mesaj-yayimladi\\\/#primaryimage\"},\"image\":{\"@id\":\"https:\\\/\\\/haberkuzey.com\\\/index.php\\\/2024\\\/05\\\/01\\\/cumhurbaskani-tatarkibris-turk-ciftciler-birliginin-81-kurulus-yil-donumu-nedeniyle-mesaj-yayimladi\\\/#primaryimage\"},\"thumbnailUrl\":\"https:\\\/\\\/haberkuzey.com\\\/wp-content\\\/uploads\\\/2024\\\/05\\\/InShot_20240501_120846484-scaled-1.jpg\",\"datePublished\":\"2024-05-01T09:12:05+00:00\",\"author\":{\"@id\":\"https:\\\/\\\/haberkuzey.com\\\/#\\\/schema\\\/person\\\/3372109ec735f9333f4fa47ebb9605ca\"},\"breadcrumb\":{\"@id\":\"https:\\\/\\\/haberkuzey.com\\\/index.php\\\/2024\\\/05\\\/01\\\/cumhurbaskani-tatarkibris-turk-ciftciler-birliginin-81-kurulus-yil-donumu-nedeniyle-mesaj-yayimladi\\\/#breadcrumb\"},\"inLanguage\":\"tr\",\"potentialAction\":[{\"@type\":\"ReadAction\",\"target\":[\"https:\\\/\\\/haberkuzey.com\\\/index.php\\\/2024\\\/05\\\/01\\\/cumhurbaskani-tatarkibris-turk-ciftciler-birliginin-81-kurulus-yil-donumu-nedeniyle-mesaj-yayimladi\\\/\"]}]},{\"@type\":\"ImageObject\",\"inLanguage\":\"tr\",\"@id\":\"https:\\\/\\\/haberkuzey.com\\\/index.php\\\/2024\\\/05\\\/01\\\/cumhurbaskani-tatarkibris-turk-ciftciler-birliginin-81-kurulus-yil-donumu-nedeniyle-mesaj-yayimladi\\\/#primaryimage\",\"url\":\"https:\\\/\\\/haberkuzey.com\\\/wp-content\\\/uploads\\\/2024\\\/05\\\/InShot_20240501_120846484-scaled-1.jpg\",\"contentUrl\":\"https:\\\/\\\/haberkuzey.com\\\/wp-content\\\/uploads\\\/2024\\\/05\\\/InShot_20240501_120846484-scaled-1.jpg\",\"width\":2560,\"height\":1439},{\"@type\":\"BreadcrumbList\",\"@id\":\"https:\\\/\\\/haberkuzey.com\\\/index.php\\\/2024\\\/05\\\/01\\\/cumhurbaskani-tatarkibris-turk-ciftciler-birliginin-81-kurulus-yil-donumu-nedeniyle-mesaj-yayimladi\\\/#breadcrumb\",\"itemListElement\":[{\"@type\":\"ListItem\",\"position\":1,\"name\":\"Anasayfa\",\"item\":\"https:\\\/\\\/haberkuzey.com\\\/\"},{\"@type\":\"ListItem\",\"position\":2,\"name\":\"Cumhurba\u015fkan\u0131 Tatar,K\u0131br\u0131s T\u00fcrk \u00c7ift\u00e7iler Birli\u011fi\u2019nin 81.Kurulu\u015f Y\u0131l D\u00f6n\u00fcm\u00fc nedeniyle mesaj yay\u0131mlad\u0131\"}]},{\"@type\":\"WebSite\",\"@id\":\"https:\\\/\\\/haberkuzey.com\\\/#website\",\"url\":\"https:\\\/\\\/haberkuzey.com\\\/\",\"name\":\"Haber Kuzey\",\"description\":\"Do\u011fru Haberin Adresi\",\"potentialAction\":[{\"@type\":\"SearchAction\",\"target\":{\"@type\":\"EntryPoint\",\"urlTemplate\":\"https:\\\/\\\/haberkuzey.com\\\/?s={search_term_string}\"},\"query-input\":{\"@type\":\"PropertyValueSpecification\",\"valueRequired\":true,\"valueName\":\"search_term_string\"}}],\"inLanguage\":\"tr\"},{\"@type\":\"Person\",\"@id\":\"https:\\\/\\\/haberkuzey.com\\\/#\\\/schema\\\/person\\\/3372109ec735f9333f4fa47ebb9605ca\",\"name\":\"haberkuzey\",\"image\":{\"@type\":\"ImageObject\",\"inLanguage\":\"tr\",\"@id\":\"https:\\\/\\\/secure.gravatar.com\\\/avatar\\\/f5fc875574b1575324358c3b9e6a32b8227aa5b74f3fa22e3cadb63e26fcc39c?s=96&d=mm&r=g\",\"url\":\"https:\\\/\\\/secure.gravatar.com\\\/avatar\\\/f5fc875574b1575324358c3b9e6a32b8227aa5b74f3fa22e3cadb63e26fcc39c?s=96&d=mm&r=g\",\"contentUrl\":\"https:\\\/\\\/secure.gravatar.com\\\/avatar\\\/f5fc875574b1575324358c3b9e6a32b8227aa5b74f3fa22e3cadb63e26fcc39c?s=96&d=mm&r=g\",\"caption\":\"haberkuzey\"},\"sameAs\":[\"https:\\\/\\\/haberkuzey.com\"],\"url\":\"https:\\\/\\\/haberkuzey.com\\\/index.php\\\/author\\\/haberkuzey\\\/\"}]}<\/script>\n<!-- \/ Yoast SEO plugin. -->","yoast_head_json":{"title":"Cumhurba\u015fkan\u0131 Tatar,K\u0131br\u0131s T\u00fcrk \u00c7ift\u00e7iler Birli\u011fi\u2019nin 81.Kurulu\u015f Y\u0131l D\u00f6n\u00fcm\u00fc nedeniyle mesaj yay\u0131mlad\u0131 - Haber Kuzey","robots":{"index":"index","follow":"follow","max-snippet":"max-snippet:-1","max-image-preview":"max-image-preview:large","max-video-preview":"max-video-preview:-1"},"canonical":"https:\/\/haberkuzey.com\/index.php\/2024\/05\/01\/cumhurbaskani-tatarkibris-turk-ciftciler-birliginin-81-kurulus-yil-donumu-nedeniyle-mesaj-yayimladi\/","og_locale":"tr_TR","og_type":"article","og_title":"Cumhurba\u015fkan\u0131 Tatar,K\u0131br\u0131s T\u00fcrk \u00c7ift\u00e7iler Birli\u011fi\u2019nin 81.Kurulu\u015f Y\u0131l D\u00f6n\u00fcm\u00fc nedeniyle mesaj yay\u0131mlad\u0131 - Haber Kuzey","og_description":"Cumhurba\u015fkan\u0131 Ersin Tatar,K\u0131br\u0131s T\u00fcrk \u00c7ift\u00e7iler Birli\u011fi\u2019nin 81.Kurulu\u015f Y\u0131l D\u00f6n\u00fcm\u00fc nedeniyle mesaj yay\u0131mlad\u0131. Cumhurba\u015fkan\u0131 Ersin Tatar yay\u0131mlad\u0131\u011f\u0131 mesaj\u0131nda \u015funlar\u0131 belirtti: \u201cK\u0131br\u0131s T\u00fcrk \u00c7ift\u00e7iler Birli\u011fi\u2019nin kurulurken K\u0131br\u0131s T\u00fcrk \u00e7ift\u00e7isinin \u00fcstlendi\u011fi misyon, bug\u00fcn ada \u00fczerinde hayatta kalmas\u0131na, ekme\u011fi ile birlikte topra\u011f\u0131na, \u00fcretimine ve en \u00f6nemlisi gelece\u011fine umutla bakmas\u0131na vesile olmu\u015ftur. K\u0131br\u0131s T\u00fcrk \u00c7ift\u00e7iler Birli\u011fi, 01 May\u0131s 1943 y\u0131l\u0131nda [&hellip;]","og_url":"https:\/\/haberkuzey.com\/index.php\/2024\/05\/01\/cumhurbaskani-tatarkibris-turk-ciftciler-birliginin-81-kurulus-yil-donumu-nedeniyle-mesaj-yayimladi\/","og_site_name":"Haber Kuzey","article_published_time":"2024-05-01T09:12:05+00:00","og_image":[{"width":2560,"height":1439,"url":"https:\/\/haberkuzey.com\/wp-content\/uploads\/2024\/05\/InShot_20240501_120846484-scaled-1.jpg","type":"image\/jpeg"}],"author":"haberkuzey","twitter_card":"summary_large_image","twitter_misc":{"Yazan:":"haberkuzey","Tahmini okuma s\u00fcresi":"3 dakika"},"schema":{"@context":"https:\/\/schema.org","@graph":[{"@type":"Article","@id":"https:\/\/haberkuzey.com\/index.php\/2024\/05\/01\/cumhurbaskani-tatarkibris-turk-ciftciler-birliginin-81-kurulus-yil-donumu-nedeniyle-mesaj-yayimladi\/#article","isPartOf":{"@id":"https:\/\/haberkuzey.com\/index.php\/2024\/05\/01\/cumhurbaskani-tatarkibris-turk-ciftciler-birliginin-81-kurulus-yil-donumu-nedeniyle-mesaj-yayimladi\/"},"author":{"name":"haberkuzey","@id":"https:\/\/haberkuzey.com\/#\/schema\/person\/3372109ec735f9333f4fa47ebb9605ca"},"headline":"Cumhurba\u015fkan\u0131 Tatar,K\u0131br\u0131s T\u00fcrk \u00c7ift\u00e7iler Birli\u011fi\u2019nin 81.Kurulu\u015f Y\u0131l D\u00f6n\u00fcm\u00fc nedeniyle mesaj yay\u0131mlad\u0131","datePublished":"2024-05-01T09:12:05+00:00","mainEntityOfPage":{"@id":"https:\/\/haberkuzey.com\/index.php\/2024\/05\/01\/cumhurbaskani-tatarkibris-turk-ciftciler-birliginin-81-kurulus-yil-donumu-nedeniyle-mesaj-yayimladi\/"},"wordCount":534,"commentCount":0,"image":{"@id":"https:\/\/haberkuzey.com\/index.php\/2024\/05\/01\/cumhurbaskani-tatarkibris-turk-ciftciler-birliginin-81-kurulus-yil-donumu-nedeniyle-mesaj-yayimladi\/#primaryimage"},"thumbnailUrl":"https:\/\/haberkuzey.com\/wp-content\/uploads\/2024\/05\/InShot_20240501_120846484-scaled-1.jpg","articleSection":["K\u0131br\u0131s"],"inLanguage":"tr","potentialAction":[{"@type":"CommentAction","name":"Comment","target":["https:\/\/haberkuzey.com\/index.php\/2024\/05\/01\/cumhurbaskani-tatarkibris-turk-ciftciler-birliginin-81-kurulus-yil-donumu-nedeniyle-mesaj-yayimladi\/#respond"]}]},{"@type":"WebPage","@id":"https:\/\/haberkuzey.com\/index.php\/2024\/05\/01\/cumhurbaskani-tatarkibris-turk-ciftciler-birliginin-81-kurulus-yil-donumu-nedeniyle-mesaj-yayimladi\/","url":"https:\/\/haberkuzey.com\/index.php\/2024\/05\/01\/cumhurbaskani-tatarkibris-turk-ciftciler-birliginin-81-kurulus-yil-donumu-nedeniyle-mesaj-yayimladi\/","name":"Cumhurba\u015fkan\u0131 Tatar,K\u0131br\u0131s T\u00fcrk \u00c7ift\u00e7iler Birli\u011fi\u2019nin 81.Kurulu\u015f Y\u0131l D\u00f6n\u00fcm\u00fc nedeniyle mesaj yay\u0131mlad\u0131 - Haber Kuzey","isPartOf":{"@id":"https:\/\/haberkuzey.com\/#website"},"primaryImageOfPage":{"@id":"https:\/\/haberkuzey.com\/index.php\/2024\/05\/01\/cumhurbaskani-tatarkibris-turk-ciftciler-birliginin-81-kurulus-yil-donumu-nedeniyle-mesaj-yayimladi\/#primaryimage"},"image":{"@id":"https:\/\/haberkuzey.com\/index.php\/2024\/05\/01\/cumhurbaskani-tatarkibris-turk-ciftciler-birliginin-81-kurulus-yil-donumu-nedeniyle-mesaj-yayimladi\/#primaryimage"},"thumbnailUrl":"https:\/\/haberkuzey.com\/wp-content\/uploads\/2024\/05\/InShot_20240501_120846484-scaled-1.jpg","datePublished":"2024-05-01T09:12:05+00:00","author":{"@id":"https:\/\/haberkuzey.com\/#\/schema\/person\/3372109ec735f9333f4fa47ebb9605ca"},"breadcrumb":{"@id":"https:\/\/haberkuzey.com\/index.php\/2024\/05\/01\/cumhurbaskani-tatarkibris-turk-ciftciler-birliginin-81-kurulus-yil-donumu-nedeniyle-mesaj-yayimladi\/#breadcrumb"},"inLanguage":"tr","potentialAction":[{"@type":"ReadAction","target":["https:\/\/haberkuzey.com\/index.php\/2024\/05\/01\/cumhurbaskani-tatarkibris-turk-ciftciler-birliginin-81-kurulus-yil-donumu-nedeniyle-mesaj-yayimladi\/"]}]},{"@type":"ImageObject","inLanguage":"tr","@id":"https:\/\/haberkuzey.com\/index.php\/2024\/05\/01\/cumhurbaskani-tatarkibris-turk-ciftciler-birliginin-81-kurulus-yil-donumu-nedeniyle-mesaj-yayimladi\/#primaryimage","url":"https:\/\/haberkuzey.com\/wp-content\/uploads\/2024\/05\/InShot_20240501_120846484-scaled-1.jpg","contentUrl":"https:\/\/haberkuzey.com\/wp-content\/uploads\/2024\/05\/InShot_20240501_120846484-scaled-1.jpg","width":2560,"height":1439},{"@type":"BreadcrumbList","@id":"https:\/\/haberkuzey.com\/index.php\/2024\/05\/01\/cumhurbaskani-tatarkibris-turk-ciftciler-birliginin-81-kurulus-yil-donumu-nedeniyle-mesaj-yayimladi\/#breadcrumb","itemListElement":[{"@type":"ListItem","position":1,"name":"Anasayfa","item":"https:\/\/haberkuzey.com\/"},{"@type":"ListItem","position":2,"name":"Cumhurba\u015fkan\u0131 Tatar,K\u0131br\u0131s T\u00fcrk \u00c7ift\u00e7iler Birli\u011fi\u2019nin 81.Kurulu\u015f Y\u0131l D\u00f6n\u00fcm\u00fc nedeniyle mesaj yay\u0131mlad\u0131"}]},{"@type":"WebSite","@id":"https:\/\/haberkuzey.com\/#website","url":"https:\/\/haberkuzey.com\/","name":"Haber Kuzey","description":"Do\u011fru Haberin Adresi","potentialAction":[{"@type":"SearchAction","target":{"@type":"EntryPoint","urlTemplate":"https:\/\/haberkuzey.com\/?s={search_term_string}"},"query-input":{"@type":"PropertyValueSpecification","valueRequired":true,"valueName":"search_term_string"}}],"inLanguage":"tr"},{"@type":"Person","@id":"https:\/\/haberkuzey.com\/#\/schema\/person\/3372109ec735f9333f4fa47ebb9605ca","name":"haberkuzey","image":{"@type":"ImageObject","inLanguage":"tr","@id":"https:\/\/secure.gravatar.com\/avatar\/f5fc875574b1575324358c3b9e6a32b8227aa5b74f3fa22e3cadb63e26fcc39c?s=96&d=mm&r=g","url":"https:\/\/secure.gravatar.com\/avatar\/f5fc875574b1575324358c3b9e6a32b8227aa5b74f3fa22e3cadb63e26fcc39c?s=96&d=mm&r=g","contentUrl":"https:\/\/secure.gravatar.com\/avatar\/f5fc875574b1575324358c3b9e6a32b8227aa5b74f3fa22e3cadb63e26fcc39c?s=96&d=mm&r=g","caption":"haberkuzey"},"sameAs":["https:\/\/haberkuzey.com"],"url":"https:\/\/haberkuzey.com\/index.php\/author\/haberkuzey\/"}]}},"_links":{"self":[{"href":"https:\/\/haberkuzey.com\/index.php\/wp-json\/wp\/v2\/posts\/1110","targetHints":{"allow":["GET"]}}],"collection":[{"href":"https:\/\/haberkuzey.com\/index.php\/wp-json\/wp\/v2\/posts"}],"about":[{"href":"https:\/\/haberkuzey.com\/index.php\/wp-json\/wp\/v2\/types\/post"}],"author":[{"embeddable":true,"href":"https:\/\/haberkuzey.com\/index.php\/wp-json\/wp\/v2\/users\/1"}],"replies":[{"embeddable":true,"href":"https:\/\/haberkuzey.com\/index.php\/wp-json\/wp\/v2\/comments?post=1110"}],"version-history":[{"count":0,"href":"https:\/\/haberkuzey.com\/index.php\/wp-json\/wp\/v2\/posts\/1110\/revisions"}],"wp:featuredmedia":[{"embeddable":true,"href":"https:\/\/haberkuzey.com\/index.php\/wp-json\/wp\/v2\/media\/1111"}],"wp:attachment":[{"href":"https:\/\/haberkuzey.com\/index.php\/wp-json\/wp\/v2\/media?parent=1110"}],"wp:term":[{"taxonomy":"category","embeddable":true,"href":"https:\/\/haberkuzey.com\/index.php\/wp-json\/wp\/v2\/categories?post=1110"},{"taxonomy":"post_tag","embeddable":true,"href":"https:\/\/haberkuzey.com\/index.php\/wp-json\/wp\/v2\/tags?post=1110"}],"curies":[{"name":"wp","href":"https:\/\/api.w.org\/{rel}","templated":true}]}}