{"id":1102,"date":"2024-05-01T11:07:11","date_gmt":"2024-05-01T08:07:11","guid":{"rendered":"https:\/\/kuzeyinsesi.com\/index.php\/2024\/05\/01\/1-mayis-isci-bayrami-bugun-kutlaniyor\/"},"modified":"2024-05-01T11:07:11","modified_gmt":"2024-05-01T08:07:11","slug":"1-mayis-isci-bayrami-bugun-kutlaniyor","status":"publish","type":"post","link":"https:\/\/haberkuzey.com\/index.php\/2024\/05\/01\/1-mayis-isci-bayrami-bugun-kutlaniyor\/","title":{"rendered":"1 May\u0131s \u0130\u015f\u00e7i Bayram\u0131 bug\u00fcn kutlan\u0131yor"},"content":{"rendered":"<div>\n<div class=\"mariselle-image-container none\">\n                                            <\/div>\n<p>1 May\u0131s \u0130\u015f\u00e7i Bayram\u0131 bug\u00fcn kutlan\u0131yor.<\/p>\n<p>1 May\u0131s \u0130\u015f\u00e7i Bayram\u0131 nedeniyle, sivil toplum \u00f6rg\u00fct\u00fc ve kurulu\u015flar bug\u00fcn saat 11.00\u2019de Lefko\u015fa\u2019da Ledra Palas ara b\u00f6lgede iki toplumlu \u201cBar\u0131\u015f ve Sosyal Adalet i\u00e7in Omuz Omuza\u201d etkinli\u011fi d\u00fczenliyor.<\/p>\n<p>Ara b\u00f6lgede yap\u0131lacak etkinlikte, iki dilde ortak bildiri okunacak, Kulis Theodoru ile Umut Albayrak konseri yap\u0131lacak.<\/p>\n<p>-Serdaro\u011flu: \u201c\u0130\u015f\u00e7inin emek\u00e7inin, \u00e7al\u0131\u015fan\u0131n, \u00fcretenin bayram\u0131 1 May\u0131s kutlu olsun\u201d<\/p>\n<p>H\u00fcr \u0130\u015f\u00e7i Sendikalar\u0131 Federasyonu (H\u00fcr-\u0130\u015f) ve Kamu \u0130\u015f\u00e7ileri Sendikas\u0131 (Kamu-\u0130\u015f) Ba\u015fkan\u0131 Ahmet Serdaro\u011flu 1 May\u0131s \u0130\u015f\u00e7i Bayram\u0131 nedeniyle yay\u0131mlad\u0131\u011f\u0131 mesajda, \u201c\u0130\u015f\u00e7inin emek\u00e7inin, \u00e7al\u0131\u015fan\u0131n, \u00fcretenin bayram\u0131 1 May\u0131s kutlu olsun\u201d dedi.<\/p>\n<p>1 May\u0131s\u2019\u0131n m\u00fccadele ve dayan\u0131\u015fma anlam\u0131na geldi\u011fini s\u00f6yleyen Serdaro\u011flu, mesaj\u0131nda \u201cBizler de \u00fclkemizde bu m\u00fccadeleyi terimizin son damlas\u0131na kadar vermenin gururunu ya\u015f\u0131yoruz. Att\u0131\u011f\u0131m\u0131z her ad\u0131mda, ald\u0131\u011f\u0131m\u0131z her kararda, temel ilkemiz bizlere g\u00fcvenen emek\u00e7ilerin hakk\u0131n\u0131 savunmakt\u0131r\u201d ifadelerine yer verdi.<\/p>\n<p>Gerek asgari \u00fccret masas\u0131nda, gerekse kamudaki toplu i\u015f s\u00f6zle\u015fmelerinde bu m\u00fccadeleyi verirken kimsenin \u00f6n\u00fcnde diz \u00e7\u00f6kmediklerini, korkmad\u0131klar\u0131n\u0131, \u00e7ekinmediklerini ve hi\u00e7bir partinin adam\u0131 \u00a0olmad\u0131klar\u0131n\u0131 s\u00f6yleyen Serdaro\u011flu mesaj\u0131nda \u015fu ifadelere yer verdi:<\/p>\n<p>\u201cAtt\u0131\u011f\u0131m\u0131z her ad\u0131mda bize hesap soracak tek kesim sadece \u00fcyelerimizdir, emek\u00e7ilerdir. Ancak hesap verebilece\u011fimiz bir kesim daha vard\u0131r ki, onlar bu \u00fclkenin gelece\u011fidir, \u00e7ocuklar\u0131m\u0131zd\u0131r.<\/p>\n<p>Bu \u00fclke, bize bu m\u00fccadeleyi b\u0131rakan bizden \u00f6nceki ku\u015fa\u011f\u0131n emanetidir. Bizler de bu emaneti bizden sonraki ku\u015fa\u011fa, \u00e7ocuklar\u0131m\u0131za bize yak\u0131\u015f\u0131r bir \u015fekilde aktarmaya yeminliyiz.<\/p>\n<p>\u00dclkede karamsarl\u0131\u011f\u0131n, umutsuzlu\u011fun en \u00e7ok yay\u0131ld\u0131\u011f\u0131 s\u0131rada dahi m\u00fccadele azmimiz, bu d\u00fc\u015f\u00fcncenin eseridir. Elbette bu m\u00fccadeleyi verirken \u00f6n\u00fcm\u00fcze \u00e7\u0131kanlar, yolumuza ta\u015f koyanlar, i\u015f\u00e7inin emek\u00e7inin sofras\u0131ndaki bir lokma ekme\u011fe g\u00f6z koyanlar olacakt\u0131r.<\/p>\n<p>Ancak onlar\u0131 da elbette hep omuz omuza birlikte, dayan\u0131\u015fmayla yendik, yenmeye devam edece\u011fiz. \u00c7\u00fcnk\u00fc biz direne direne kazanmay\u0131 bilen bir \u00fclkenin evlatlar\u0131y\u0131z.\u201d<\/p>\n<p>Emek s\u00f6m\u00fcr\u00fcs\u00fcne kar\u015f\u0131 at\u0131lan her ad\u0131m\u0131n kar\u015f\u0131s\u0131nda olacaklar\u0131n\u0131 vurgulayan Serdaro\u011flu, bug\u00fcne kadar bu m\u00fccadeleden geri ad\u0131m atmad\u0131klar\u0131n\u0131 ve atmayacaklar\u0131n\u0131 kaydetti.<\/p>\n<p>Serdaro\u011flu, \u201c1 May\u0131s \u0130\u015f\u00e7i Bayram\u0131, ba\u015fta \u00fcyelerimiz ve \u00fclkemizdeki t\u00fcm \u00e7al\u0131\u015fanlar olmak \u00fczere T\u00fcrkiye\u2019deki emek\u00e7i karde\u015flerimiz ve t\u00fcm d\u00fcnya emek\u00e7ileri i\u00e7in kutlu olsun. Ya\u015fas\u0131n i\u015f\u00e7ilerin onurlu m\u00fccadelesi, Ya\u015fas\u0131n 1 May\u0131s.\u201d dedi.<\/p>\n<\/p><\/div>\n<p><script async\n                    defer\n                    crossorigin=\"anonymous\"\n                    src=\"https:\/\/connect.facebook.net\/tr_TR\/sdk.js#xfbml=1&#038;version=v3.3\"\n            ><\/script><\/p>\n","protected":false},"excerpt":{"rendered":"<p>1 May\u0131s \u0130\u015f\u00e7i Bayram\u0131 bug\u00fcn kutlan\u0131yor. 1 May\u0131s \u0130\u015f\u00e7i Bayram\u0131 nedeniyle, sivil toplum \u00f6rg\u00fct\u00fc ve kurulu\u015flar bug\u00fcn saat 11.00\u2019de Lefko\u015fa\u2019da Ledra Palas ara b\u00f6lgede iki toplumlu \u201cBar\u0131\u015f ve Sosyal Adalet i\u00e7in Omuz Omuza\u201d etkinli\u011fi d\u00fczenliyor. Ara b\u00f6lgede yap\u0131lacak etkinlikte, iki dilde ortak bildiri okunacak, Kulis Theodoru ile Umut Albayrak konseri yap\u0131lacak. -Serdaro\u011flu: \u201c\u0130\u015f\u00e7inin emek\u00e7inin, \u00e7al\u0131\u015fan\u0131n, [&hellip;]<\/p>\n","protected":false},"author":1,"featured_media":1103,"comment_status":"open","ping_status":"open","sticky":false,"template":"","format":"standard","meta":{"jnews-multi-image_gallery":[],"jnews_single_post":[],"jnews_primary_category":[],"footnotes":""},"categories":[1],"tags":[],"class_list":["post-1102","post","type-post","status-publish","format-standard","has-post-thumbnail","hentry","category-kibris"],"yoast_head":"<!-- This site is optimized with the Yoast SEO plugin v27.5 - https:\/\/yoast.com\/product\/yoast-seo-wordpress\/ -->\n<title>1 May\u0131s \u0130\u015f\u00e7i Bayram\u0131 bug\u00fcn kutlan\u0131yor - Haber Kuzey<\/title>\n<meta name=\"robots\" content=\"index, follow, max-snippet:-1, max-image-preview:large, max-video-preview:-1\" \/>\n<link rel=\"canonical\" href=\"https:\/\/haberkuzey.com\/index.php\/2024\/05\/01\/1-mayis-isci-bayrami-bugun-kutlaniyor\/\" \/>\n<meta property=\"og:locale\" content=\"tr_TR\" \/>\n<meta property=\"og:type\" content=\"article\" \/>\n<meta property=\"og:title\" content=\"1 May\u0131s \u0130\u015f\u00e7i Bayram\u0131 bug\u00fcn kutlan\u0131yor - Haber Kuzey\" \/>\n<meta property=\"og:description\" content=\"1 May\u0131s \u0130\u015f\u00e7i Bayram\u0131 bug\u00fcn kutlan\u0131yor. 1 May\u0131s \u0130\u015f\u00e7i Bayram\u0131 nedeniyle, sivil toplum \u00f6rg\u00fct\u00fc ve kurulu\u015flar bug\u00fcn saat 11.00\u2019de Lefko\u015fa\u2019da Ledra Palas ara b\u00f6lgede iki toplumlu \u201cBar\u0131\u015f ve Sosyal Adalet i\u00e7in Omuz Omuza\u201d etkinli\u011fi d\u00fczenliyor. Ara b\u00f6lgede yap\u0131lacak etkinlikte, iki dilde ortak bildiri okunacak, Kulis Theodoru ile Umut Albayrak konseri yap\u0131lacak. -Serdaro\u011flu: \u201c\u0130\u015f\u00e7inin emek\u00e7inin, \u00e7al\u0131\u015fan\u0131n, [&hellip;]\" \/>\n<meta property=\"og:url\" content=\"https:\/\/haberkuzey.com\/index.php\/2024\/05\/01\/1-mayis-isci-bayrami-bugun-kutlaniyor\/\" \/>\n<meta property=\"og:site_name\" content=\"Haber Kuzey\" \/>\n<meta property=\"article:published_time\" content=\"2024-05-01T08:07:11+00:00\" \/>\n<meta property=\"og:image\" content=\"https:\/\/haberkuzey.com\/wp-content\/uploads\/2024\/05\/1-mayis5.jpg\" \/>\n\t<meta property=\"og:image:width\" content=\"510\" \/>\n\t<meta property=\"og:image:height\" content=\"330\" \/>\n\t<meta property=\"og:image:type\" content=\"image\/jpeg\" \/>\n<meta name=\"author\" content=\"haberkuzey\" \/>\n<meta name=\"twitter:card\" content=\"summary_large_image\" \/>\n<meta name=\"twitter:label1\" content=\"Yazan:\" \/>\n\t<meta name=\"twitter:data1\" content=\"haberkuzey\" \/>\n\t<meta name=\"twitter:label2\" content=\"Tahmini okuma s\u00fcresi\" \/>\n\t<meta name=\"twitter:data2\" content=\"2 dakika\" \/>\n<script type=\"application\/ld+json\" class=\"yoast-schema-graph\">{\"@context\":\"https:\\\/\\\/schema.org\",\"@graph\":[{\"@type\":\"Article\",\"@id\":\"https:\\\/\\\/haberkuzey.com\\\/index.php\\\/2024\\\/05\\\/01\\\/1-mayis-isci-bayrami-bugun-kutlaniyor\\\/#article\",\"isPartOf\":{\"@id\":\"https:\\\/\\\/haberkuzey.com\\\/index.php\\\/2024\\\/05\\\/01\\\/1-mayis-isci-bayrami-bugun-kutlaniyor\\\/\"},\"author\":{\"name\":\"haberkuzey\",\"@id\":\"https:\\\/\\\/haberkuzey.com\\\/#\\\/schema\\\/person\\\/3372109ec735f9333f4fa47ebb9605ca\"},\"headline\":\"1 May\u0131s \u0130\u015f\u00e7i Bayram\u0131 bug\u00fcn kutlan\u0131yor\",\"datePublished\":\"2024-05-01T08:07:11+00:00\",\"mainEntityOfPage\":{\"@id\":\"https:\\\/\\\/haberkuzey.com\\\/index.php\\\/2024\\\/05\\\/01\\\/1-mayis-isci-bayrami-bugun-kutlaniyor\\\/\"},\"wordCount\":451,\"commentCount\":0,\"image\":{\"@id\":\"https:\\\/\\\/haberkuzey.com\\\/index.php\\\/2024\\\/05\\\/01\\\/1-mayis-isci-bayrami-bugun-kutlaniyor\\\/#primaryimage\"},\"thumbnailUrl\":\"https:\\\/\\\/haberkuzey.com\\\/wp-content\\\/uploads\\\/2024\\\/05\\\/1-mayis5.jpg\",\"articleSection\":[\"K\u0131br\u0131s\"],\"inLanguage\":\"tr\",\"potentialAction\":[{\"@type\":\"CommentAction\",\"name\":\"Comment\",\"target\":[\"https:\\\/\\\/haberkuzey.com\\\/index.php\\\/2024\\\/05\\\/01\\\/1-mayis-isci-bayrami-bugun-kutlaniyor\\\/#respond\"]}]},{\"@type\":\"WebPage\",\"@id\":\"https:\\\/\\\/haberkuzey.com\\\/index.php\\\/2024\\\/05\\\/01\\\/1-mayis-isci-bayrami-bugun-kutlaniyor\\\/\",\"url\":\"https:\\\/\\\/haberkuzey.com\\\/index.php\\\/2024\\\/05\\\/01\\\/1-mayis-isci-bayrami-bugun-kutlaniyor\\\/\",\"name\":\"1 May\u0131s \u0130\u015f\u00e7i Bayram\u0131 bug\u00fcn kutlan\u0131yor - Haber Kuzey\",\"isPartOf\":{\"@id\":\"https:\\\/\\\/haberkuzey.com\\\/#website\"},\"primaryImageOfPage\":{\"@id\":\"https:\\\/\\\/haberkuzey.com\\\/index.php\\\/2024\\\/05\\\/01\\\/1-mayis-isci-bayrami-bugun-kutlaniyor\\\/#primaryimage\"},\"image\":{\"@id\":\"https:\\\/\\\/haberkuzey.com\\\/index.php\\\/2024\\\/05\\\/01\\\/1-mayis-isci-bayrami-bugun-kutlaniyor\\\/#primaryimage\"},\"thumbnailUrl\":\"https:\\\/\\\/haberkuzey.com\\\/wp-content\\\/uploads\\\/2024\\\/05\\\/1-mayis5.jpg\",\"datePublished\":\"2024-05-01T08:07:11+00:00\",\"author\":{\"@id\":\"https:\\\/\\\/haberkuzey.com\\\/#\\\/schema\\\/person\\\/3372109ec735f9333f4fa47ebb9605ca\"},\"breadcrumb\":{\"@id\":\"https:\\\/\\\/haberkuzey.com\\\/index.php\\\/2024\\\/05\\\/01\\\/1-mayis-isci-bayrami-bugun-kutlaniyor\\\/#breadcrumb\"},\"inLanguage\":\"tr\",\"potentialAction\":[{\"@type\":\"ReadAction\",\"target\":[\"https:\\\/\\\/haberkuzey.com\\\/index.php\\\/2024\\\/05\\\/01\\\/1-mayis-isci-bayrami-bugun-kutlaniyor\\\/\"]}]},{\"@type\":\"ImageObject\",\"inLanguage\":\"tr\",\"@id\":\"https:\\\/\\\/haberkuzey.com\\\/index.php\\\/2024\\\/05\\\/01\\\/1-mayis-isci-bayrami-bugun-kutlaniyor\\\/#primaryimage\",\"url\":\"https:\\\/\\\/haberkuzey.com\\\/wp-content\\\/uploads\\\/2024\\\/05\\\/1-mayis5.jpg\",\"contentUrl\":\"https:\\\/\\\/haberkuzey.com\\\/wp-content\\\/uploads\\\/2024\\\/05\\\/1-mayis5.jpg\",\"width\":510,\"height\":330},{\"@type\":\"BreadcrumbList\",\"@id\":\"https:\\\/\\\/haberkuzey.com\\\/index.php\\\/2024\\\/05\\\/01\\\/1-mayis-isci-bayrami-bugun-kutlaniyor\\\/#breadcrumb\",\"itemListElement\":[{\"@type\":\"ListItem\",\"position\":1,\"name\":\"Anasayfa\",\"item\":\"https:\\\/\\\/haberkuzey.com\\\/\"},{\"@type\":\"ListItem\",\"position\":2,\"name\":\"1 May\u0131s \u0130\u015f\u00e7i Bayram\u0131 bug\u00fcn kutlan\u0131yor\"}]},{\"@type\":\"WebSite\",\"@id\":\"https:\\\/\\\/haberkuzey.com\\\/#website\",\"url\":\"https:\\\/\\\/haberkuzey.com\\\/\",\"name\":\"Haber Kuzey\",\"description\":\"Do\u011fru Haberin Adresi\",\"potentialAction\":[{\"@type\":\"SearchAction\",\"target\":{\"@type\":\"EntryPoint\",\"urlTemplate\":\"https:\\\/\\\/haberkuzey.com\\\/?s={search_term_string}\"},\"query-input\":{\"@type\":\"PropertyValueSpecification\",\"valueRequired\":true,\"valueName\":\"search_term_string\"}}],\"inLanguage\":\"tr\"},{\"@type\":\"Person\",\"@id\":\"https:\\\/\\\/haberkuzey.com\\\/#\\\/schema\\\/person\\\/3372109ec735f9333f4fa47ebb9605ca\",\"name\":\"haberkuzey\",\"image\":{\"@type\":\"ImageObject\",\"inLanguage\":\"tr\",\"@id\":\"https:\\\/\\\/secure.gravatar.com\\\/avatar\\\/f5fc875574b1575324358c3b9e6a32b8227aa5b74f3fa22e3cadb63e26fcc39c?s=96&d=mm&r=g\",\"url\":\"https:\\\/\\\/secure.gravatar.com\\\/avatar\\\/f5fc875574b1575324358c3b9e6a32b8227aa5b74f3fa22e3cadb63e26fcc39c?s=96&d=mm&r=g\",\"contentUrl\":\"https:\\\/\\\/secure.gravatar.com\\\/avatar\\\/f5fc875574b1575324358c3b9e6a32b8227aa5b74f3fa22e3cadb63e26fcc39c?s=96&d=mm&r=g\",\"caption\":\"haberkuzey\"},\"sameAs\":[\"https:\\\/\\\/haberkuzey.com\"],\"url\":\"https:\\\/\\\/haberkuzey.com\\\/index.php\\\/author\\\/haberkuzey\\\/\"}]}<\/script>\n<!-- \/ Yoast SEO plugin. -->","yoast_head_json":{"title":"1 May\u0131s \u0130\u015f\u00e7i Bayram\u0131 bug\u00fcn kutlan\u0131yor - Haber Kuzey","robots":{"index":"index","follow":"follow","max-snippet":"max-snippet:-1","max-image-preview":"max-image-preview:large","max-video-preview":"max-video-preview:-1"},"canonical":"https:\/\/haberkuzey.com\/index.php\/2024\/05\/01\/1-mayis-isci-bayrami-bugun-kutlaniyor\/","og_locale":"tr_TR","og_type":"article","og_title":"1 May\u0131s \u0130\u015f\u00e7i Bayram\u0131 bug\u00fcn kutlan\u0131yor - Haber Kuzey","og_description":"1 May\u0131s \u0130\u015f\u00e7i Bayram\u0131 bug\u00fcn kutlan\u0131yor. 1 May\u0131s \u0130\u015f\u00e7i Bayram\u0131 nedeniyle, sivil toplum \u00f6rg\u00fct\u00fc ve kurulu\u015flar bug\u00fcn saat 11.00\u2019de Lefko\u015fa\u2019da Ledra Palas ara b\u00f6lgede iki toplumlu \u201cBar\u0131\u015f ve Sosyal Adalet i\u00e7in Omuz Omuza\u201d etkinli\u011fi d\u00fczenliyor. Ara b\u00f6lgede yap\u0131lacak etkinlikte, iki dilde ortak bildiri okunacak, Kulis Theodoru ile Umut Albayrak konseri yap\u0131lacak. -Serdaro\u011flu: \u201c\u0130\u015f\u00e7inin emek\u00e7inin, \u00e7al\u0131\u015fan\u0131n, [&hellip;]","og_url":"https:\/\/haberkuzey.com\/index.php\/2024\/05\/01\/1-mayis-isci-bayrami-bugun-kutlaniyor\/","og_site_name":"Haber Kuzey","article_published_time":"2024-05-01T08:07:11+00:00","og_image":[{"width":510,"height":330,"url":"https:\/\/haberkuzey.com\/wp-content\/uploads\/2024\/05\/1-mayis5.jpg","type":"image\/jpeg"}],"author":"haberkuzey","twitter_card":"summary_large_image","twitter_misc":{"Yazan:":"haberkuzey","Tahmini okuma s\u00fcresi":"2 dakika"},"schema":{"@context":"https:\/\/schema.org","@graph":[{"@type":"Article","@id":"https:\/\/haberkuzey.com\/index.php\/2024\/05\/01\/1-mayis-isci-bayrami-bugun-kutlaniyor\/#article","isPartOf":{"@id":"https:\/\/haberkuzey.com\/index.php\/2024\/05\/01\/1-mayis-isci-bayrami-bugun-kutlaniyor\/"},"author":{"name":"haberkuzey","@id":"https:\/\/haberkuzey.com\/#\/schema\/person\/3372109ec735f9333f4fa47ebb9605ca"},"headline":"1 May\u0131s \u0130\u015f\u00e7i Bayram\u0131 bug\u00fcn kutlan\u0131yor","datePublished":"2024-05-01T08:07:11+00:00","mainEntityOfPage":{"@id":"https:\/\/haberkuzey.com\/index.php\/2024\/05\/01\/1-mayis-isci-bayrami-bugun-kutlaniyor\/"},"wordCount":451,"commentCount":0,"image":{"@id":"https:\/\/haberkuzey.com\/index.php\/2024\/05\/01\/1-mayis-isci-bayrami-bugun-kutlaniyor\/#primaryimage"},"thumbnailUrl":"https:\/\/haberkuzey.com\/wp-content\/uploads\/2024\/05\/1-mayis5.jpg","articleSection":["K\u0131br\u0131s"],"inLanguage":"tr","potentialAction":[{"@type":"CommentAction","name":"Comment","target":["https:\/\/haberkuzey.com\/index.php\/2024\/05\/01\/1-mayis-isci-bayrami-bugun-kutlaniyor\/#respond"]}]},{"@type":"WebPage","@id":"https:\/\/haberkuzey.com\/index.php\/2024\/05\/01\/1-mayis-isci-bayrami-bugun-kutlaniyor\/","url":"https:\/\/haberkuzey.com\/index.php\/2024\/05\/01\/1-mayis-isci-bayrami-bugun-kutlaniyor\/","name":"1 May\u0131s \u0130\u015f\u00e7i Bayram\u0131 bug\u00fcn kutlan\u0131yor - Haber Kuzey","isPartOf":{"@id":"https:\/\/haberkuzey.com\/#website"},"primaryImageOfPage":{"@id":"https:\/\/haberkuzey.com\/index.php\/2024\/05\/01\/1-mayis-isci-bayrami-bugun-kutlaniyor\/#primaryimage"},"image":{"@id":"https:\/\/haberkuzey.com\/index.php\/2024\/05\/01\/1-mayis-isci-bayrami-bugun-kutlaniyor\/#primaryimage"},"thumbnailUrl":"https:\/\/haberkuzey.com\/wp-content\/uploads\/2024\/05\/1-mayis5.jpg","datePublished":"2024-05-01T08:07:11+00:00","author":{"@id":"https:\/\/haberkuzey.com\/#\/schema\/person\/3372109ec735f9333f4fa47ebb9605ca"},"breadcrumb":{"@id":"https:\/\/haberkuzey.com\/index.php\/2024\/05\/01\/1-mayis-isci-bayrami-bugun-kutlaniyor\/#breadcrumb"},"inLanguage":"tr","potentialAction":[{"@type":"ReadAction","target":["https:\/\/haberkuzey.com\/index.php\/2024\/05\/01\/1-mayis-isci-bayrami-bugun-kutlaniyor\/"]}]},{"@type":"ImageObject","inLanguage":"tr","@id":"https:\/\/haberkuzey.com\/index.php\/2024\/05\/01\/1-mayis-isci-bayrami-bugun-kutlaniyor\/#primaryimage","url":"https:\/\/haberkuzey.com\/wp-content\/uploads\/2024\/05\/1-mayis5.jpg","contentUrl":"https:\/\/haberkuzey.com\/wp-content\/uploads\/2024\/05\/1-mayis5.jpg","width":510,"height":330},{"@type":"BreadcrumbList","@id":"https:\/\/haberkuzey.com\/index.php\/2024\/05\/01\/1-mayis-isci-bayrami-bugun-kutlaniyor\/#breadcrumb","itemListElement":[{"@type":"ListItem","position":1,"name":"Anasayfa","item":"https:\/\/haberkuzey.com\/"},{"@type":"ListItem","position":2,"name":"1 May\u0131s \u0130\u015f\u00e7i Bayram\u0131 bug\u00fcn kutlan\u0131yor"}]},{"@type":"WebSite","@id":"https:\/\/haberkuzey.com\/#website","url":"https:\/\/haberkuzey.com\/","name":"Haber Kuzey","description":"Do\u011fru Haberin Adresi","potentialAction":[{"@type":"SearchAction","target":{"@type":"EntryPoint","urlTemplate":"https:\/\/haberkuzey.com\/?s={search_term_string}"},"query-input":{"@type":"PropertyValueSpecification","valueRequired":true,"valueName":"search_term_string"}}],"inLanguage":"tr"},{"@type":"Person","@id":"https:\/\/haberkuzey.com\/#\/schema\/person\/3372109ec735f9333f4fa47ebb9605ca","name":"haberkuzey","image":{"@type":"ImageObject","inLanguage":"tr","@id":"https:\/\/secure.gravatar.com\/avatar\/f5fc875574b1575324358c3b9e6a32b8227aa5b74f3fa22e3cadb63e26fcc39c?s=96&d=mm&r=g","url":"https:\/\/secure.gravatar.com\/avatar\/f5fc875574b1575324358c3b9e6a32b8227aa5b74f3fa22e3cadb63e26fcc39c?s=96&d=mm&r=g","contentUrl":"https:\/\/secure.gravatar.com\/avatar\/f5fc875574b1575324358c3b9e6a32b8227aa5b74f3fa22e3cadb63e26fcc39c?s=96&d=mm&r=g","caption":"haberkuzey"},"sameAs":["https:\/\/haberkuzey.com"],"url":"https:\/\/haberkuzey.com\/index.php\/author\/haberkuzey\/"}]}},"_links":{"self":[{"href":"https:\/\/haberkuzey.com\/index.php\/wp-json\/wp\/v2\/posts\/1102","targetHints":{"allow":["GET"]}}],"collection":[{"href":"https:\/\/haberkuzey.com\/index.php\/wp-json\/wp\/v2\/posts"}],"about":[{"href":"https:\/\/haberkuzey.com\/index.php\/wp-json\/wp\/v2\/types\/post"}],"author":[{"embeddable":true,"href":"https:\/\/haberkuzey.com\/index.php\/wp-json\/wp\/v2\/users\/1"}],"replies":[{"embeddable":true,"href":"https:\/\/haberkuzey.com\/index.php\/wp-json\/wp\/v2\/comments?post=1102"}],"version-history":[{"count":0,"href":"https:\/\/haberkuzey.com\/index.php\/wp-json\/wp\/v2\/posts\/1102\/revisions"}],"wp:featuredmedia":[{"embeddable":true,"href":"https:\/\/haberkuzey.com\/index.php\/wp-json\/wp\/v2\/media\/1103"}],"wp:attachment":[{"href":"https:\/\/haberkuzey.com\/index.php\/wp-json\/wp\/v2\/media?parent=1102"}],"wp:term":[{"taxonomy":"category","embeddable":true,"href":"https:\/\/haberkuzey.com\/index.php\/wp-json\/wp\/v2\/categories?post=1102"},{"taxonomy":"post_tag","embeddable":true,"href":"https:\/\/haberkuzey.com\/index.php\/wp-json\/wp\/v2\/tags?post=1102"}],"curies":[{"name":"wp","href":"https:\/\/api.w.org\/{rel}","templated":true}]}}