{"id":1056,"date":"2024-04-30T19:54:06","date_gmt":"2024-04-30T16:54:06","guid":{"rendered":"https:\/\/kuzeyinsesi.com\/index.php\/2024\/04\/30\/beyaz-saraydan-israile-refah-operasyonuna-karsiyiz-mesaji\/"},"modified":"2024-04-30T19:54:06","modified_gmt":"2024-04-30T16:54:06","slug":"beyaz-saraydan-israile-refah-operasyonuna-karsiyiz-mesaji","status":"publish","type":"post","link":"https:\/\/haberkuzey.com\/index.php\/2024\/04\/30\/beyaz-saraydan-israile-refah-operasyonuna-karsiyiz-mesaji\/","title":{"rendered":"Beyaz Saray&#039;dan \u0130srail&#039;e Refah operasyonuna kar\u015f\u0131y\u0131z mesaj\u0131"},"content":{"rendered":"<p><\/p>\n<div>\n<p>&#13;<br \/>\n\t<a href=\"https:\/\/www.trthaber.com\/etiket\/beyaz-saray\/\" target=\"_blank\" rel=\"noopener\">Beyaz Saray<\/a> Ulusal G\u00fcvenlik <a href=\"https:\/\/www.trthaber.com\/etiket\/iletisim\/\" target=\"_blank\" rel=\"noopener\">\u0130leti\u015fim<\/a> Dan\u0131\u015fman\u0131 John Kirby, telekonferans yoluyla d\u00fczenledi\u011fi bas\u0131n brifinginde, <a href=\"https:\/\/www.trthaber.com\/etiket\/gazze\/\" target=\"_blank\" rel=\"noopener\">Gazze<\/a> ve b\u00f6lgedeki son durumu de\u011ferlendirdi.<\/p>\n<p>&#13;<br \/>\n\tKirby, Hamas&#8217;la Gazze&#8217;de ate\u015fkes konusunda bir anla\u015fma sa\u011flansa da sa\u011flanmasa da Refah&#8217;a y\u00f6nelik kara operasyonuna ba\u015flayacaklar\u0131n\u0131 a\u00e7\u0131klayan <a href=\"https:\/\/www.trthaber.com\/etiket\/israil\/\" target=\"_blank\" rel=\"noopener\">\u0130srail<\/a> Ba\u015fbakan\u0131 Netanyahu&#8217;nun s\u00f6zlerine tepki g\u00f6sterdi.<\/p>\n<p>&#13;<br \/>\n\tNetanyahu&#8217;nun s\u00f6zlerine ili\u015fkin Kirby, &#8220;Refah&#8217;ta kapsaml\u0131 kara operasyonu g\u00f6rmek istemiyoruz. Oraya s\u0131\u011f\u0131nm\u0131\u015f olan 1,5 milyon insan\u0131n g\u00fcvenlik ve emniyetini g\u00f6z \u00f6n\u00fcnde bulundurmayan bir operasyon g\u00f6rmek istemiyoruz.&#8221; de\u011ferlendirmesini yapt\u0131.<\/p>\n<p>&#13;<br \/>\n\tKirby, \u0130srail taraf\u0131ndan kendilerine halen Refah&#8217;la ilgili bir askeri plan iletilmedi\u011fini de vurgulayarak, ABD&#8217;nin bu t\u00fcr bir g\u00fcvenilir planlama olmaks\u0131z\u0131n Refah&#8217;a yap\u0131lacak kara sald\u0131r\u0131lar\u0131na kar\u015f\u0131 oldu\u011funu ifade etti.<\/p>\n<p>&#13;<br \/>\n\t\u0130srail Ba\u015fbakan\u0131 Netanyahu, <a href=\"https:\/\/www.trthaber.com\/etiket\/hamas\/\" target=\"_blank\" rel=\"noopener\">Hamas<\/a> ile rehine takas\u0131 mutabakat\u0131na var\u0131lsa da var\u0131lmasa da Gazze \u015eeridi&#8217;nin g\u00fcneyindeki Refah kentine kara sald\u0131r\u0131s\u0131 ba\u015flatacaklar\u0131n\u0131 a\u00e7\u0131klam\u0131\u015ft\u0131.<\/p>\n<p>&#13;<br \/>\n\t<strong>Ate\u015fkes konusunda g\u00fcncel teklif masada<\/strong><\/p>\n<p>&#13;<br \/>\n\tKirby, Gazze&#8217;de ate\u015fkes anla\u015fmas\u0131yla ilgili masaya sunulan g\u00fcncel teklifin, Hamas taraf\u0131ndan halen de\u011ferlendirildi\u011fini ve bu konuda Hamas&#8217;\u0131n cevab\u0131n\u0131 beklediklerini aktard\u0131.<\/p>\n<p>&#13;<br \/>\n\t<a href=\"https:\/\/www.trthaber.com\/etiket\/abd\/\" target=\"_blank\" rel=\"noopener\">ABD<\/a> D\u0131\u015fi\u015fleri Bakan\u0131 Antony Blinken&#8217;\u0131n da Orta Do\u011fu&#8217;da ilgili \u00fclke ve liderlerle ate\u015fkesle ilgili g\u00f6r\u00fc\u015fmelerini s\u00fcrd\u00fcrd\u00fc\u011f\u00fcn\u00fc hat\u0131rlatan Kirby, ate\u015fkese bir an \u00f6nce var\u0131lmas\u0131n\u0131, rehinelerin serbest b\u0131rak\u0131lmas\u0131n\u0131 ve Gazze&#8217;ye yo\u011fun miktarda insani yard\u0131m\u0131n girmesini umduklar\u0131n\u0131 belirtti.<\/p>\n<p>&#13;<br \/>\n\t<strong>\u0130srail&#8217;in Refah&#8217;a olas\u0131 kara sald\u0131r\u0131s\u0131<\/strong><\/p>\n<p>&#13;<br \/>\n\tGazze&#8217;nin g\u00fcneyinde <a href=\"https:\/\/www.trthaber.com\/etiket\/misir\/\" target=\"_blank\" rel=\"noopener\">M\u0131s\u0131r<\/a> s\u0131n\u0131r\u0131nda yer alan Refah kenti, \u0130srail sald\u0131r\u0131lar\u0131ndan \u00f6nce yakla\u015f\u0131k 280 bin Filistinliye ev sahipli\u011fi yap\u0131yordu. \u0130srail&#8217;in 7 Ekim 2023&#8217;ten bu yana devam eden sald\u0131r\u0131lar\u0131 nedeniyle 2,3 milyon n\u00fcfusa sahip Gazze \u015eeridi&#8217;nde 1,9 milyon ki\u015fi yerinden edildi.<\/p>\n<p>&#13;<br \/>\n\tYerinden edilen Filistinlilerin b\u00fcy\u00fck b\u00f6l\u00fcm\u00fc, \u0130srail&#8217;in daha \u00f6nce &#8220;g\u00fcvenli oldu\u011funu&#8221; iddia etti\u011fi Refah&#8217;a s\u0131\u011f\u0131nd\u0131. Kuzey b\u00f6lgelerden gelenlerle Refah&#8217;\u0131n n\u00fcfusu, 4 kat\u0131ndan fazla artarak 1,5 milyona ula\u015ft\u0131.<\/p>\n<p>&#13;<br \/>\n\tYeterli <a href=\"https:\/\/www.trthaber.com\/etiket\/konut\/\" target=\"_blank\" rel=\"noopener\">konut<\/a> olmamas\u0131 nedeniyle Refah&#8217;a s\u0131\u011f\u0131nan Filistinlilerin b\u00fcy\u00fck bir b\u00f6l\u00fcm\u00fc derme \u00e7atma \u00e7ad\u0131rlardan olu\u015fan kamplarda ya\u015fam m\u00fccadelesi veriyor.<\/p>\n<p>&#13;<br \/>\n\t\u0130srail ordusu, Refah kentini s\u0131k s\u0131k hava sald\u0131r\u0131lar\u0131yla hedef al\u0131yor. \u0130srail&#8217;in Refah kentine kara sald\u0131r\u0131s\u0131 ba\u015flatmas\u0131 halinde sivillerin Gazze \u015eeridi&#8217;nde s\u0131\u011f\u0131nacak bir yerinin kalmayaca\u011f\u0131ndan endi\u015fe ediliyor.<\/p>\n<p>&#13;<br \/>\n\tUluslararas\u0131 uyar\u0131lara ra\u011fmen Refah&#8217;a sald\u0131r\u0131 plan\u0131n\u0131 onaylad\u0131\u011f\u0131n\u0131 defalarca yineleyen \u0130srail Ba\u015fbakan\u0131 Binyamin Netanyahu, 8 Nisan&#8217;da yapt\u0131\u011f\u0131 a\u00e7\u0131klamada, sald\u0131r\u0131 i\u00e7in tarih belirlendi\u011fini belirtmi\u015fti.<\/p>\n<p>&#13;<br \/>\n\t\u0130srail devlet televizyonu KAN, \u0130srail ordusunun, Refah&#8217;a kara sald\u0131r\u0131s\u0131n\u0131 &#8220;\u00e7ok yak\u0131nda&#8221; ba\u015flataca\u011f\u0131n\u0131 bildirmi\u015fti.<\/p>\n<\/p><\/div>\n","protected":false},"excerpt":{"rendered":"<p>&#13; Beyaz Saray Ulusal G\u00fcvenlik \u0130leti\u015fim Dan\u0131\u015fman\u0131 John Kirby, telekonferans yoluyla d\u00fczenledi\u011fi bas\u0131n brifinginde, Gazze ve b\u00f6lgedeki son durumu de\u011ferlendirdi. &#13; Kirby, Hamas&#8217;la Gazze&#8217;de ate\u015fkes konusunda bir anla\u015fma sa\u011flansa da sa\u011flanmasa da Refah&#8217;a y\u00f6nelik kara operasyonuna ba\u015flayacaklar\u0131n\u0131 a\u00e7\u0131klayan \u0130srail Ba\u015fbakan\u0131 Netanyahu&#8217;nun s\u00f6zlerine tepki g\u00f6sterdi. &#13; Netanyahu&#8217;nun s\u00f6zlerine ili\u015fkin Kirby, &#8220;Refah&#8217;ta kapsaml\u0131 kara operasyonu g\u00f6rmek istemiyoruz. [&hellip;]<\/p>\n","protected":false},"author":1,"featured_media":1057,"comment_status":"open","ping_status":"open","sticky":false,"template":"","format":"standard","meta":{"jnews-multi-image_gallery":[],"jnews_single_post":[],"jnews_primary_category":[],"footnotes":""},"categories":[2],"tags":[],"class_list":["post-1056","post","type-post","status-publish","format-standard","has-post-thumbnail","hentry","category-dunya"],"yoast_head":"<!-- This site is optimized with the Yoast SEO plugin v27.5 - https:\/\/yoast.com\/product\/yoast-seo-wordpress\/ -->\n<title>Beyaz Saray&#039;dan \u0130srail&#039;e Refah operasyonuna kar\u015f\u0131y\u0131z mesaj\u0131 - Haber Kuzey<\/title>\n<meta name=\"robots\" content=\"index, follow, max-snippet:-1, max-image-preview:large, max-video-preview:-1\" \/>\n<link rel=\"canonical\" href=\"https:\/\/haberkuzey.com\/index.php\/2024\/04\/30\/beyaz-saraydan-israile-refah-operasyonuna-karsiyiz-mesaji\/\" \/>\n<meta property=\"og:locale\" content=\"tr_TR\" \/>\n<meta property=\"og:type\" content=\"article\" \/>\n<meta property=\"og:title\" content=\"Beyaz Saray&#039;dan \u0130srail&#039;e Refah operasyonuna kar\u015f\u0131y\u0131z mesaj\u0131 - Haber Kuzey\" \/>\n<meta property=\"og:description\" content=\"&#013; Beyaz Saray Ulusal G\u00fcvenlik \u0130leti\u015fim Dan\u0131\u015fman\u0131 John Kirby, telekonferans yoluyla d\u00fczenledi\u011fi bas\u0131n brifinginde, Gazze ve b\u00f6lgedeki son durumu de\u011ferlendirdi. &#013; Kirby, Hamas&#8217;la Gazze&#8217;de ate\u015fkes konusunda bir anla\u015fma sa\u011flansa da sa\u011flanmasa da Refah&#8217;a y\u00f6nelik kara operasyonuna ba\u015flayacaklar\u0131n\u0131 a\u00e7\u0131klayan \u0130srail Ba\u015fbakan\u0131 Netanyahu&#8217;nun s\u00f6zlerine tepki g\u00f6sterdi. &#013; Netanyahu&#8217;nun s\u00f6zlerine ili\u015fkin Kirby, &#8220;Refah&#8217;ta kapsaml\u0131 kara operasyonu g\u00f6rmek istemiyoruz. [&hellip;]\" \/>\n<meta property=\"og:url\" content=\"https:\/\/haberkuzey.com\/index.php\/2024\/04\/30\/beyaz-saraydan-israile-refah-operasyonuna-karsiyiz-mesaji\/\" \/>\n<meta property=\"og:site_name\" content=\"Haber Kuzey\" \/>\n<meta property=\"article:published_time\" content=\"2024-04-30T16:54:06+00:00\" \/>\n<meta property=\"og:image\" content=\"https:\/\/haberkuzey.com\/wp-content\/uploads\/2024\/04\/1714496047_beyaz-saray-reu-1935651.jpg\" \/>\n\t<meta property=\"og:image:width\" content=\"1280\" \/>\n\t<meta property=\"og:image:height\" content=\"720\" \/>\n\t<meta property=\"og:image:type\" content=\"image\/jpeg\" \/>\n<meta name=\"author\" content=\"haberkuzey\" \/>\n<meta name=\"twitter:card\" content=\"summary_large_image\" \/>\n<meta name=\"twitter:label1\" content=\"Yazan:\" \/>\n\t<meta name=\"twitter:data1\" content=\"haberkuzey\" \/>\n\t<meta name=\"twitter:label2\" content=\"Tahmini okuma s\u00fcresi\" \/>\n\t<meta name=\"twitter:data2\" content=\"2 dakika\" \/>\n<script type=\"application\/ld+json\" class=\"yoast-schema-graph\">{\"@context\":\"https:\\\/\\\/schema.org\",\"@graph\":[{\"@type\":\"Article\",\"@id\":\"https:\\\/\\\/haberkuzey.com\\\/index.php\\\/2024\\\/04\\\/30\\\/beyaz-saraydan-israile-refah-operasyonuna-karsiyiz-mesaji\\\/#article\",\"isPartOf\":{\"@id\":\"https:\\\/\\\/haberkuzey.com\\\/index.php\\\/2024\\\/04\\\/30\\\/beyaz-saraydan-israile-refah-operasyonuna-karsiyiz-mesaji\\\/\"},\"author\":{\"name\":\"haberkuzey\",\"@id\":\"https:\\\/\\\/haberkuzey.com\\\/#\\\/schema\\\/person\\\/3372109ec735f9333f4fa47ebb9605ca\"},\"headline\":\"Beyaz Saray&#039;dan \u0130srail&#039;e Refah operasyonuna kar\u015f\u0131y\u0131z mesaj\u0131\",\"datePublished\":\"2024-04-30T16:54:06+00:00\",\"mainEntityOfPage\":{\"@id\":\"https:\\\/\\\/haberkuzey.com\\\/index.php\\\/2024\\\/04\\\/30\\\/beyaz-saraydan-israile-refah-operasyonuna-karsiyiz-mesaji\\\/\"},\"wordCount\":510,\"commentCount\":0,\"image\":{\"@id\":\"https:\\\/\\\/haberkuzey.com\\\/index.php\\\/2024\\\/04\\\/30\\\/beyaz-saraydan-israile-refah-operasyonuna-karsiyiz-mesaji\\\/#primaryimage\"},\"thumbnailUrl\":\"https:\\\/\\\/haberkuzey.com\\\/wp-content\\\/uploads\\\/2024\\\/04\\\/1714496047_beyaz-saray-reu-1935651.jpg\",\"articleSection\":[\"D\u00fcnya\"],\"inLanguage\":\"tr\",\"potentialAction\":[{\"@type\":\"CommentAction\",\"name\":\"Comment\",\"target\":[\"https:\\\/\\\/haberkuzey.com\\\/index.php\\\/2024\\\/04\\\/30\\\/beyaz-saraydan-israile-refah-operasyonuna-karsiyiz-mesaji\\\/#respond\"]}]},{\"@type\":\"WebPage\",\"@id\":\"https:\\\/\\\/haberkuzey.com\\\/index.php\\\/2024\\\/04\\\/30\\\/beyaz-saraydan-israile-refah-operasyonuna-karsiyiz-mesaji\\\/\",\"url\":\"https:\\\/\\\/haberkuzey.com\\\/index.php\\\/2024\\\/04\\\/30\\\/beyaz-saraydan-israile-refah-operasyonuna-karsiyiz-mesaji\\\/\",\"name\":\"Beyaz Saray&#039;dan \u0130srail&#039;e Refah operasyonuna kar\u015f\u0131y\u0131z mesaj\u0131 - Haber Kuzey\",\"isPartOf\":{\"@id\":\"https:\\\/\\\/haberkuzey.com\\\/#website\"},\"primaryImageOfPage\":{\"@id\":\"https:\\\/\\\/haberkuzey.com\\\/index.php\\\/2024\\\/04\\\/30\\\/beyaz-saraydan-israile-refah-operasyonuna-karsiyiz-mesaji\\\/#primaryimage\"},\"image\":{\"@id\":\"https:\\\/\\\/haberkuzey.com\\\/index.php\\\/2024\\\/04\\\/30\\\/beyaz-saraydan-israile-refah-operasyonuna-karsiyiz-mesaji\\\/#primaryimage\"},\"thumbnailUrl\":\"https:\\\/\\\/haberkuzey.com\\\/wp-content\\\/uploads\\\/2024\\\/04\\\/1714496047_beyaz-saray-reu-1935651.jpg\",\"datePublished\":\"2024-04-30T16:54:06+00:00\",\"author\":{\"@id\":\"https:\\\/\\\/haberkuzey.com\\\/#\\\/schema\\\/person\\\/3372109ec735f9333f4fa47ebb9605ca\"},\"breadcrumb\":{\"@id\":\"https:\\\/\\\/haberkuzey.com\\\/index.php\\\/2024\\\/04\\\/30\\\/beyaz-saraydan-israile-refah-operasyonuna-karsiyiz-mesaji\\\/#breadcrumb\"},\"inLanguage\":\"tr\",\"potentialAction\":[{\"@type\":\"ReadAction\",\"target\":[\"https:\\\/\\\/haberkuzey.com\\\/index.php\\\/2024\\\/04\\\/30\\\/beyaz-saraydan-israile-refah-operasyonuna-karsiyiz-mesaji\\\/\"]}]},{\"@type\":\"ImageObject\",\"inLanguage\":\"tr\",\"@id\":\"https:\\\/\\\/haberkuzey.com\\\/index.php\\\/2024\\\/04\\\/30\\\/beyaz-saraydan-israile-refah-operasyonuna-karsiyiz-mesaji\\\/#primaryimage\",\"url\":\"https:\\\/\\\/haberkuzey.com\\\/wp-content\\\/uploads\\\/2024\\\/04\\\/1714496047_beyaz-saray-reu-1935651.jpg\",\"contentUrl\":\"https:\\\/\\\/haberkuzey.com\\\/wp-content\\\/uploads\\\/2024\\\/04\\\/1714496047_beyaz-saray-reu-1935651.jpg\",\"width\":1280,\"height\":720},{\"@type\":\"BreadcrumbList\",\"@id\":\"https:\\\/\\\/haberkuzey.com\\\/index.php\\\/2024\\\/04\\\/30\\\/beyaz-saraydan-israile-refah-operasyonuna-karsiyiz-mesaji\\\/#breadcrumb\",\"itemListElement\":[{\"@type\":\"ListItem\",\"position\":1,\"name\":\"Anasayfa\",\"item\":\"https:\\\/\\\/haberkuzey.com\\\/\"},{\"@type\":\"ListItem\",\"position\":2,\"name\":\"Beyaz Saray&#039;dan \u0130srail&#039;e Refah operasyonuna kar\u015f\u0131y\u0131z mesaj\u0131\"}]},{\"@type\":\"WebSite\",\"@id\":\"https:\\\/\\\/haberkuzey.com\\\/#website\",\"url\":\"https:\\\/\\\/haberkuzey.com\\\/\",\"name\":\"Haber Kuzey\",\"description\":\"Do\u011fru Haberin Adresi\",\"potentialAction\":[{\"@type\":\"SearchAction\",\"target\":{\"@type\":\"EntryPoint\",\"urlTemplate\":\"https:\\\/\\\/haberkuzey.com\\\/?s={search_term_string}\"},\"query-input\":{\"@type\":\"PropertyValueSpecification\",\"valueRequired\":true,\"valueName\":\"search_term_string\"}}],\"inLanguage\":\"tr\"},{\"@type\":\"Person\",\"@id\":\"https:\\\/\\\/haberkuzey.com\\\/#\\\/schema\\\/person\\\/3372109ec735f9333f4fa47ebb9605ca\",\"name\":\"haberkuzey\",\"image\":{\"@type\":\"ImageObject\",\"inLanguage\":\"tr\",\"@id\":\"https:\\\/\\\/secure.gravatar.com\\\/avatar\\\/f5fc875574b1575324358c3b9e6a32b8227aa5b74f3fa22e3cadb63e26fcc39c?s=96&d=mm&r=g\",\"url\":\"https:\\\/\\\/secure.gravatar.com\\\/avatar\\\/f5fc875574b1575324358c3b9e6a32b8227aa5b74f3fa22e3cadb63e26fcc39c?s=96&d=mm&r=g\",\"contentUrl\":\"https:\\\/\\\/secure.gravatar.com\\\/avatar\\\/f5fc875574b1575324358c3b9e6a32b8227aa5b74f3fa22e3cadb63e26fcc39c?s=96&d=mm&r=g\",\"caption\":\"haberkuzey\"},\"sameAs\":[\"https:\\\/\\\/haberkuzey.com\"],\"url\":\"https:\\\/\\\/haberkuzey.com\\\/index.php\\\/author\\\/haberkuzey\\\/\"}]}<\/script>\n<!-- \/ Yoast SEO plugin. -->","yoast_head_json":{"title":"Beyaz Saray&#039;dan \u0130srail&#039;e Refah operasyonuna kar\u015f\u0131y\u0131z mesaj\u0131 - Haber Kuzey","robots":{"index":"index","follow":"follow","max-snippet":"max-snippet:-1","max-image-preview":"max-image-preview:large","max-video-preview":"max-video-preview:-1"},"canonical":"https:\/\/haberkuzey.com\/index.php\/2024\/04\/30\/beyaz-saraydan-israile-refah-operasyonuna-karsiyiz-mesaji\/","og_locale":"tr_TR","og_type":"article","og_title":"Beyaz Saray&#039;dan \u0130srail&#039;e Refah operasyonuna kar\u015f\u0131y\u0131z mesaj\u0131 - Haber Kuzey","og_description":"&#13; Beyaz Saray Ulusal G\u00fcvenlik \u0130leti\u015fim Dan\u0131\u015fman\u0131 John Kirby, telekonferans yoluyla d\u00fczenledi\u011fi bas\u0131n brifinginde, Gazze ve b\u00f6lgedeki son durumu de\u011ferlendirdi. &#13; Kirby, Hamas&#8217;la Gazze&#8217;de ate\u015fkes konusunda bir anla\u015fma sa\u011flansa da sa\u011flanmasa da Refah&#8217;a y\u00f6nelik kara operasyonuna ba\u015flayacaklar\u0131n\u0131 a\u00e7\u0131klayan \u0130srail Ba\u015fbakan\u0131 Netanyahu&#8217;nun s\u00f6zlerine tepki g\u00f6sterdi. &#13; Netanyahu&#8217;nun s\u00f6zlerine ili\u015fkin Kirby, &#8220;Refah&#8217;ta kapsaml\u0131 kara operasyonu g\u00f6rmek istemiyoruz. [&hellip;]","og_url":"https:\/\/haberkuzey.com\/index.php\/2024\/04\/30\/beyaz-saraydan-israile-refah-operasyonuna-karsiyiz-mesaji\/","og_site_name":"Haber Kuzey","article_published_time":"2024-04-30T16:54:06+00:00","og_image":[{"width":1280,"height":720,"url":"https:\/\/haberkuzey.com\/wp-content\/uploads\/2024\/04\/1714496047_beyaz-saray-reu-1935651.jpg","type":"image\/jpeg"}],"author":"haberkuzey","twitter_card":"summary_large_image","twitter_misc":{"Yazan:":"haberkuzey","Tahmini okuma s\u00fcresi":"2 dakika"},"schema":{"@context":"https:\/\/schema.org","@graph":[{"@type":"Article","@id":"https:\/\/haberkuzey.com\/index.php\/2024\/04\/30\/beyaz-saraydan-israile-refah-operasyonuna-karsiyiz-mesaji\/#article","isPartOf":{"@id":"https:\/\/haberkuzey.com\/index.php\/2024\/04\/30\/beyaz-saraydan-israile-refah-operasyonuna-karsiyiz-mesaji\/"},"author":{"name":"haberkuzey","@id":"https:\/\/haberkuzey.com\/#\/schema\/person\/3372109ec735f9333f4fa47ebb9605ca"},"headline":"Beyaz Saray&#039;dan \u0130srail&#039;e Refah operasyonuna kar\u015f\u0131y\u0131z mesaj\u0131","datePublished":"2024-04-30T16:54:06+00:00","mainEntityOfPage":{"@id":"https:\/\/haberkuzey.com\/index.php\/2024\/04\/30\/beyaz-saraydan-israile-refah-operasyonuna-karsiyiz-mesaji\/"},"wordCount":510,"commentCount":0,"image":{"@id":"https:\/\/haberkuzey.com\/index.php\/2024\/04\/30\/beyaz-saraydan-israile-refah-operasyonuna-karsiyiz-mesaji\/#primaryimage"},"thumbnailUrl":"https:\/\/haberkuzey.com\/wp-content\/uploads\/2024\/04\/1714496047_beyaz-saray-reu-1935651.jpg","articleSection":["D\u00fcnya"],"inLanguage":"tr","potentialAction":[{"@type":"CommentAction","name":"Comment","target":["https:\/\/haberkuzey.com\/index.php\/2024\/04\/30\/beyaz-saraydan-israile-refah-operasyonuna-karsiyiz-mesaji\/#respond"]}]},{"@type":"WebPage","@id":"https:\/\/haberkuzey.com\/index.php\/2024\/04\/30\/beyaz-saraydan-israile-refah-operasyonuna-karsiyiz-mesaji\/","url":"https:\/\/haberkuzey.com\/index.php\/2024\/04\/30\/beyaz-saraydan-israile-refah-operasyonuna-karsiyiz-mesaji\/","name":"Beyaz Saray&#039;dan \u0130srail&#039;e Refah operasyonuna kar\u015f\u0131y\u0131z mesaj\u0131 - Haber Kuzey","isPartOf":{"@id":"https:\/\/haberkuzey.com\/#website"},"primaryImageOfPage":{"@id":"https:\/\/haberkuzey.com\/index.php\/2024\/04\/30\/beyaz-saraydan-israile-refah-operasyonuna-karsiyiz-mesaji\/#primaryimage"},"image":{"@id":"https:\/\/haberkuzey.com\/index.php\/2024\/04\/30\/beyaz-saraydan-israile-refah-operasyonuna-karsiyiz-mesaji\/#primaryimage"},"thumbnailUrl":"https:\/\/haberkuzey.com\/wp-content\/uploads\/2024\/04\/1714496047_beyaz-saray-reu-1935651.jpg","datePublished":"2024-04-30T16:54:06+00:00","author":{"@id":"https:\/\/haberkuzey.com\/#\/schema\/person\/3372109ec735f9333f4fa47ebb9605ca"},"breadcrumb":{"@id":"https:\/\/haberkuzey.com\/index.php\/2024\/04\/30\/beyaz-saraydan-israile-refah-operasyonuna-karsiyiz-mesaji\/#breadcrumb"},"inLanguage":"tr","potentialAction":[{"@type":"ReadAction","target":["https:\/\/haberkuzey.com\/index.php\/2024\/04\/30\/beyaz-saraydan-israile-refah-operasyonuna-karsiyiz-mesaji\/"]}]},{"@type":"ImageObject","inLanguage":"tr","@id":"https:\/\/haberkuzey.com\/index.php\/2024\/04\/30\/beyaz-saraydan-israile-refah-operasyonuna-karsiyiz-mesaji\/#primaryimage","url":"https:\/\/haberkuzey.com\/wp-content\/uploads\/2024\/04\/1714496047_beyaz-saray-reu-1935651.jpg","contentUrl":"https:\/\/haberkuzey.com\/wp-content\/uploads\/2024\/04\/1714496047_beyaz-saray-reu-1935651.jpg","width":1280,"height":720},{"@type":"BreadcrumbList","@id":"https:\/\/haberkuzey.com\/index.php\/2024\/04\/30\/beyaz-saraydan-israile-refah-operasyonuna-karsiyiz-mesaji\/#breadcrumb","itemListElement":[{"@type":"ListItem","position":1,"name":"Anasayfa","item":"https:\/\/haberkuzey.com\/"},{"@type":"ListItem","position":2,"name":"Beyaz Saray&#039;dan \u0130srail&#039;e Refah operasyonuna kar\u015f\u0131y\u0131z mesaj\u0131"}]},{"@type":"WebSite","@id":"https:\/\/haberkuzey.com\/#website","url":"https:\/\/haberkuzey.com\/","name":"Haber Kuzey","description":"Do\u011fru Haberin Adresi","potentialAction":[{"@type":"SearchAction","target":{"@type":"EntryPoint","urlTemplate":"https:\/\/haberkuzey.com\/?s={search_term_string}"},"query-input":{"@type":"PropertyValueSpecification","valueRequired":true,"valueName":"search_term_string"}}],"inLanguage":"tr"},{"@type":"Person","@id":"https:\/\/haberkuzey.com\/#\/schema\/person\/3372109ec735f9333f4fa47ebb9605ca","name":"haberkuzey","image":{"@type":"ImageObject","inLanguage":"tr","@id":"https:\/\/secure.gravatar.com\/avatar\/f5fc875574b1575324358c3b9e6a32b8227aa5b74f3fa22e3cadb63e26fcc39c?s=96&d=mm&r=g","url":"https:\/\/secure.gravatar.com\/avatar\/f5fc875574b1575324358c3b9e6a32b8227aa5b74f3fa22e3cadb63e26fcc39c?s=96&d=mm&r=g","contentUrl":"https:\/\/secure.gravatar.com\/avatar\/f5fc875574b1575324358c3b9e6a32b8227aa5b74f3fa22e3cadb63e26fcc39c?s=96&d=mm&r=g","caption":"haberkuzey"},"sameAs":["https:\/\/haberkuzey.com"],"url":"https:\/\/haberkuzey.com\/index.php\/author\/haberkuzey\/"}]}},"_links":{"self":[{"href":"https:\/\/haberkuzey.com\/index.php\/wp-json\/wp\/v2\/posts\/1056","targetHints":{"allow":["GET"]}}],"collection":[{"href":"https:\/\/haberkuzey.com\/index.php\/wp-json\/wp\/v2\/posts"}],"about":[{"href":"https:\/\/haberkuzey.com\/index.php\/wp-json\/wp\/v2\/types\/post"}],"author":[{"embeddable":true,"href":"https:\/\/haberkuzey.com\/index.php\/wp-json\/wp\/v2\/users\/1"}],"replies":[{"embeddable":true,"href":"https:\/\/haberkuzey.com\/index.php\/wp-json\/wp\/v2\/comments?post=1056"}],"version-history":[{"count":0,"href":"https:\/\/haberkuzey.com\/index.php\/wp-json\/wp\/v2\/posts\/1056\/revisions"}],"wp:featuredmedia":[{"embeddable":true,"href":"https:\/\/haberkuzey.com\/index.php\/wp-json\/wp\/v2\/media\/1057"}],"wp:attachment":[{"href":"https:\/\/haberkuzey.com\/index.php\/wp-json\/wp\/v2\/media?parent=1056"}],"wp:term":[{"taxonomy":"category","embeddable":true,"href":"https:\/\/haberkuzey.com\/index.php\/wp-json\/wp\/v2\/categories?post=1056"},{"taxonomy":"post_tag","embeddable":true,"href":"https:\/\/haberkuzey.com\/index.php\/wp-json\/wp\/v2\/tags?post=1056"}],"curies":[{"name":"wp","href":"https:\/\/api.w.org\/{rel}","templated":true}]}}