{"id":1016,"date":"2024-04-30T15:09:12","date_gmt":"2024-04-30T12:09:12","guid":{"rendered":"https:\/\/kuzeyinsesi.com\/index.php\/2024\/04\/30\/cumhurbaskani-ersin-tatar-dr-suat-gunsel-girne-universitesi-hastanesi-cocuk-sagligi-ve-hastaliklari-uzmani-prof-dr-ruveyde-bundak-ve-beraberindeki-akademisyenleri-kabul-etti\/"},"modified":"2024-04-30T15:09:12","modified_gmt":"2024-04-30T12:09:12","slug":"cumhurbaskani-ersin-tatar-dr-suat-gunsel-girne-universitesi-hastanesi-cocuk-sagligi-ve-hastaliklari-uzmani-prof-dr-ruveyde-bundak-ve-beraberindeki-akademisyenleri-kabul-etti","status":"publish","type":"post","link":"https:\/\/haberkuzey.com\/index.php\/2024\/04\/30\/cumhurbaskani-ersin-tatar-dr-suat-gunsel-girne-universitesi-hastanesi-cocuk-sagligi-ve-hastaliklari-uzmani-prof-dr-ruveyde-bundak-ve-beraberindeki-akademisyenleri-kabul-etti\/","title":{"rendered":"Cumhurba\u015fkan\u0131 Ersin Tatar, Dr. Suat G\u00fcnsel Girne \u00dcniversitesi Hastanesi \u00c7ocuk Sa\u011fl\u0131\u011f\u0131 ve Hastal\u0131klar\u0131 Uzman\u0131 Prof. Dr. R\u00fcveyde Bundak ve beraberindeki akademisyenleri kabul etti"},"content":{"rendered":"<div>\n<div class=\"mariselle-image-container center\">\n                                            <\/div>\n<p>Cumhurba\u015fkan\u0131 Ersin Tatar, Dr. Suat G\u00fcnsel Girne \u00dcniversitesi Hastanesi \u00c7ocuk Sa\u011fl\u0131\u011f\u0131 ve Hastal\u0131klar\u0131 Uzman\u0131 Prof. Dr. R\u00fcveyde Bundak ve beraberindeki akademisyenleri kabul etti<\/p>\n<p>Kabulde Cumhurba\u015fkan\u0131 Tatar, Girne \u00dcniversitesi ve Yak\u0131n Do\u011fu \u00dcniversitesi T\u0131p Fak\u00fclteleri \u00c7ocuk Endokrinoloji ve Diyabet Bilim Dallar\u0131 ve Dr. Burhan Nalbanto\u011flu i\u015f birli\u011finde \u00c7ocuk Endokrinoloji ve Diyabet Derne\u011fi taraf\u0131ndan d\u00fczenlenecek olan 28. Ulusal Pediatrik Endokrinoloji ve Diyabet Kongresi\u2019ne davet edildi.<\/p>\n<p>Cumhurba\u015fkan\u0131 Tatar, T\u00fcrkiye Cumhuriyeti\u2019nin \u00f6nemli \u00fcniversitelerinden akademisyenlerin \u00fclkemizde kongreye kat\u0131lmas\u0131n\u0131, \u00fclke tan\u0131t\u0131m\u0131 a\u00e7\u0131s\u0131ndan \u00f6nemli bir geli\u015fme olarak de\u011ferlendirerek, KKTC\u2019nin, farkl\u0131 tesislerimizin \u00f6nemli kongrelere ev sahipli\u011fi yapabilece\u011fi bir merkez haline geldi\u011fini g\u00f6rmekten memnuniyet duydu\u011funu s\u00f6yledi. <\/p>\n<p>Geli\u015fen KKTC\u2019de sa\u011fl\u0131k alan\u0131nda \u00f6nemli a\u015famalar kaydedilmekte oldu\u011funu ifade eden Cumhurba\u015fkan\u0131 Tatar, vatanda\u015flar\u0131n sa\u011fl\u0131k hizmeti alabilmeleri i\u00e7in di\u011fer baz\u0131 \u00fclkelere k\u0131yasla daha k\u0131sa zamanda randevu alabildi\u011fine de\u011findi. <\/p>\n<p>Cumhurba\u015fkan\u0131 Tatar, de\u011ferli doktor ve akademisyenlerin \u00fclkemizde \u00f6nemli bir kongre d\u00fczenlemesine \u00f6nc\u00fcl\u00fck etmeleri dolay\u0131s\u0131yla Prof. Dr. R\u00fcveyde Bundak\u2019a ve eme\u011fi ge\u00e7enlere te\u015fekk\u00fcr etti.<\/p>\n<\/p><\/div>\n<p><script async\n                    defer\n                    crossorigin=\"anonymous\"\n                    src=\"https:\/\/connect.facebook.net\/tr_TR\/sdk.js#xfbml=1&#038;version=v3.3\"\n            ><\/script><\/p>\n","protected":false},"excerpt":{"rendered":"<p>Cumhurba\u015fkan\u0131 Ersin Tatar, Dr. Suat G\u00fcnsel Girne \u00dcniversitesi Hastanesi \u00c7ocuk Sa\u011fl\u0131\u011f\u0131 ve Hastal\u0131klar\u0131 Uzman\u0131 Prof. Dr. R\u00fcveyde Bundak ve beraberindeki akademisyenleri kabul etti Kabulde Cumhurba\u015fkan\u0131 Tatar, Girne \u00dcniversitesi ve Yak\u0131n Do\u011fu \u00dcniversitesi T\u0131p Fak\u00fclteleri \u00c7ocuk Endokrinoloji ve Diyabet Bilim Dallar\u0131 ve Dr. Burhan Nalbanto\u011flu i\u015f birli\u011finde \u00c7ocuk Endokrinoloji ve Diyabet Derne\u011fi taraf\u0131ndan d\u00fczenlenecek olan 28. [&hellip;]<\/p>\n","protected":false},"author":1,"featured_media":1017,"comment_status":"open","ping_status":"open","sticky":false,"template":"","format":"standard","meta":{"jnews-multi-image_gallery":[],"jnews_single_post":[],"jnews_primary_category":[],"footnotes":""},"categories":[1],"tags":[],"class_list":["post-1016","post","type-post","status-publish","format-standard","has-post-thumbnail","hentry","category-kibris"],"yoast_head":"<!-- This site is optimized with the Yoast SEO plugin v27.5 - https:\/\/yoast.com\/product\/yoast-seo-wordpress\/ -->\n<title>Cumhurba\u015fkan\u0131 Ersin Tatar, Dr. Suat G\u00fcnsel Girne \u00dcniversitesi Hastanesi \u00c7ocuk Sa\u011fl\u0131\u011f\u0131 ve Hastal\u0131klar\u0131 Uzman\u0131 Prof. Dr. R\u00fcveyde Bundak ve beraberindeki akademisyenleri kabul etti - Haber Kuzey<\/title>\n<meta name=\"robots\" content=\"index, follow, max-snippet:-1, max-image-preview:large, max-video-preview:-1\" \/>\n<link rel=\"canonical\" href=\"https:\/\/haberkuzey.com\/index.php\/2024\/04\/30\/cumhurbaskani-ersin-tatar-dr-suat-gunsel-girne-universitesi-hastanesi-cocuk-sagligi-ve-hastaliklari-uzmani-prof-dr-ruveyde-bundak-ve-beraberindeki-akademisyenleri-kabul-etti\/\" \/>\n<meta property=\"og:locale\" content=\"tr_TR\" \/>\n<meta property=\"og:type\" content=\"article\" \/>\n<meta property=\"og:title\" content=\"Cumhurba\u015fkan\u0131 Ersin Tatar, Dr. Suat G\u00fcnsel Girne \u00dcniversitesi Hastanesi \u00c7ocuk Sa\u011fl\u0131\u011f\u0131 ve Hastal\u0131klar\u0131 Uzman\u0131 Prof. Dr. R\u00fcveyde Bundak ve beraberindeki akademisyenleri kabul etti - Haber Kuzey\" \/>\n<meta property=\"og:description\" content=\"Cumhurba\u015fkan\u0131 Ersin Tatar, Dr. Suat G\u00fcnsel Girne \u00dcniversitesi Hastanesi \u00c7ocuk Sa\u011fl\u0131\u011f\u0131 ve Hastal\u0131klar\u0131 Uzman\u0131 Prof. Dr. R\u00fcveyde Bundak ve beraberindeki akademisyenleri kabul etti Kabulde Cumhurba\u015fkan\u0131 Tatar, Girne \u00dcniversitesi ve Yak\u0131n Do\u011fu \u00dcniversitesi T\u0131p Fak\u00fclteleri \u00c7ocuk Endokrinoloji ve Diyabet Bilim Dallar\u0131 ve Dr. Burhan Nalbanto\u011flu i\u015f birli\u011finde \u00c7ocuk Endokrinoloji ve Diyabet Derne\u011fi taraf\u0131ndan d\u00fczenlenecek olan 28. [&hellip;]\" \/>\n<meta property=\"og:url\" content=\"https:\/\/haberkuzey.com\/index.php\/2024\/04\/30\/cumhurbaskani-ersin-tatar-dr-suat-gunsel-girne-universitesi-hastanesi-cocuk-sagligi-ve-hastaliklari-uzmani-prof-dr-ruveyde-bundak-ve-beraberindeki-akademisyenleri-kabul-etti\/\" \/>\n<meta property=\"og:site_name\" content=\"Haber Kuzey\" \/>\n<meta property=\"article:published_time\" content=\"2024-04-30T12:09:12+00:00\" \/>\n<meta property=\"og:image\" content=\"https:\/\/haberkuzey.com\/wp-content\/uploads\/2024\/04\/125006987.jpg\" \/>\n\t<meta property=\"og:image:width\" content=\"805\" \/>\n\t<meta property=\"og:image:height\" content=\"400\" \/>\n\t<meta property=\"og:image:type\" content=\"image\/jpeg\" \/>\n<meta name=\"author\" content=\"haberkuzey\" \/>\n<meta name=\"twitter:card\" content=\"summary_large_image\" \/>\n<meta name=\"twitter:label1\" content=\"Yazan:\" \/>\n\t<meta name=\"twitter:data1\" content=\"haberkuzey\" \/>\n\t<meta name=\"twitter:label2\" content=\"Tahmini okuma s\u00fcresi\" \/>\n\t<meta name=\"twitter:data2\" content=\"1 dakika\" \/>\n<script type=\"application\/ld+json\" class=\"yoast-schema-graph\">{\"@context\":\"https:\\\/\\\/schema.org\",\"@graph\":[{\"@type\":\"Article\",\"@id\":\"https:\\\/\\\/haberkuzey.com\\\/index.php\\\/2024\\\/04\\\/30\\\/cumhurbaskani-ersin-tatar-dr-suat-gunsel-girne-universitesi-hastanesi-cocuk-sagligi-ve-hastaliklari-uzmani-prof-dr-ruveyde-bundak-ve-beraberindeki-akademisyenleri-kabul-etti\\\/#article\",\"isPartOf\":{\"@id\":\"https:\\\/\\\/haberkuzey.com\\\/index.php\\\/2024\\\/04\\\/30\\\/cumhurbaskani-ersin-tatar-dr-suat-gunsel-girne-universitesi-hastanesi-cocuk-sagligi-ve-hastaliklari-uzmani-prof-dr-ruveyde-bundak-ve-beraberindeki-akademisyenleri-kabul-etti\\\/\"},\"author\":{\"name\":\"haberkuzey\",\"@id\":\"https:\\\/\\\/haberkuzey.com\\\/#\\\/schema\\\/person\\\/3372109ec735f9333f4fa47ebb9605ca\"},\"headline\":\"Cumhurba\u015fkan\u0131 Ersin Tatar, Dr. Suat G\u00fcnsel Girne \u00dcniversitesi Hastanesi \u00c7ocuk Sa\u011fl\u0131\u011f\u0131 ve Hastal\u0131klar\u0131 Uzman\u0131 Prof. Dr. R\u00fcveyde Bundak ve beraberindeki akademisyenleri kabul etti\",\"datePublished\":\"2024-04-30T12:09:12+00:00\",\"mainEntityOfPage\":{\"@id\":\"https:\\\/\\\/haberkuzey.com\\\/index.php\\\/2024\\\/04\\\/30\\\/cumhurbaskani-ersin-tatar-dr-suat-gunsel-girne-universitesi-hastanesi-cocuk-sagligi-ve-hastaliklari-uzmani-prof-dr-ruveyde-bundak-ve-beraberindeki-akademisyenleri-kabul-etti\\\/\"},\"wordCount\":239,\"commentCount\":0,\"image\":{\"@id\":\"https:\\\/\\\/haberkuzey.com\\\/index.php\\\/2024\\\/04\\\/30\\\/cumhurbaskani-ersin-tatar-dr-suat-gunsel-girne-universitesi-hastanesi-cocuk-sagligi-ve-hastaliklari-uzmani-prof-dr-ruveyde-bundak-ve-beraberindeki-akademisyenleri-kabul-etti\\\/#primaryimage\"},\"thumbnailUrl\":\"https:\\\/\\\/haberkuzey.com\\\/wp-content\\\/uploads\\\/2024\\\/04\\\/125006987.jpg\",\"articleSection\":[\"K\u0131br\u0131s\"],\"inLanguage\":\"tr\",\"potentialAction\":[{\"@type\":\"CommentAction\",\"name\":\"Comment\",\"target\":[\"https:\\\/\\\/haberkuzey.com\\\/index.php\\\/2024\\\/04\\\/30\\\/cumhurbaskani-ersin-tatar-dr-suat-gunsel-girne-universitesi-hastanesi-cocuk-sagligi-ve-hastaliklari-uzmani-prof-dr-ruveyde-bundak-ve-beraberindeki-akademisyenleri-kabul-etti\\\/#respond\"]}]},{\"@type\":\"WebPage\",\"@id\":\"https:\\\/\\\/haberkuzey.com\\\/index.php\\\/2024\\\/04\\\/30\\\/cumhurbaskani-ersin-tatar-dr-suat-gunsel-girne-universitesi-hastanesi-cocuk-sagligi-ve-hastaliklari-uzmani-prof-dr-ruveyde-bundak-ve-beraberindeki-akademisyenleri-kabul-etti\\\/\",\"url\":\"https:\\\/\\\/haberkuzey.com\\\/index.php\\\/2024\\\/04\\\/30\\\/cumhurbaskani-ersin-tatar-dr-suat-gunsel-girne-universitesi-hastanesi-cocuk-sagligi-ve-hastaliklari-uzmani-prof-dr-ruveyde-bundak-ve-beraberindeki-akademisyenleri-kabul-etti\\\/\",\"name\":\"Cumhurba\u015fkan\u0131 Ersin Tatar, Dr. Suat G\u00fcnsel Girne \u00dcniversitesi Hastanesi \u00c7ocuk Sa\u011fl\u0131\u011f\u0131 ve Hastal\u0131klar\u0131 Uzman\u0131 Prof. Dr. R\u00fcveyde Bundak ve beraberindeki akademisyenleri kabul etti - Haber Kuzey\",\"isPartOf\":{\"@id\":\"https:\\\/\\\/haberkuzey.com\\\/#website\"},\"primaryImageOfPage\":{\"@id\":\"https:\\\/\\\/haberkuzey.com\\\/index.php\\\/2024\\\/04\\\/30\\\/cumhurbaskani-ersin-tatar-dr-suat-gunsel-girne-universitesi-hastanesi-cocuk-sagligi-ve-hastaliklari-uzmani-prof-dr-ruveyde-bundak-ve-beraberindeki-akademisyenleri-kabul-etti\\\/#primaryimage\"},\"image\":{\"@id\":\"https:\\\/\\\/haberkuzey.com\\\/index.php\\\/2024\\\/04\\\/30\\\/cumhurbaskani-ersin-tatar-dr-suat-gunsel-girne-universitesi-hastanesi-cocuk-sagligi-ve-hastaliklari-uzmani-prof-dr-ruveyde-bundak-ve-beraberindeki-akademisyenleri-kabul-etti\\\/#primaryimage\"},\"thumbnailUrl\":\"https:\\\/\\\/haberkuzey.com\\\/wp-content\\\/uploads\\\/2024\\\/04\\\/125006987.jpg\",\"datePublished\":\"2024-04-30T12:09:12+00:00\",\"author\":{\"@id\":\"https:\\\/\\\/haberkuzey.com\\\/#\\\/schema\\\/person\\\/3372109ec735f9333f4fa47ebb9605ca\"},\"breadcrumb\":{\"@id\":\"https:\\\/\\\/haberkuzey.com\\\/index.php\\\/2024\\\/04\\\/30\\\/cumhurbaskani-ersin-tatar-dr-suat-gunsel-girne-universitesi-hastanesi-cocuk-sagligi-ve-hastaliklari-uzmani-prof-dr-ruveyde-bundak-ve-beraberindeki-akademisyenleri-kabul-etti\\\/#breadcrumb\"},\"inLanguage\":\"tr\",\"potentialAction\":[{\"@type\":\"ReadAction\",\"target\":[\"https:\\\/\\\/haberkuzey.com\\\/index.php\\\/2024\\\/04\\\/30\\\/cumhurbaskani-ersin-tatar-dr-suat-gunsel-girne-universitesi-hastanesi-cocuk-sagligi-ve-hastaliklari-uzmani-prof-dr-ruveyde-bundak-ve-beraberindeki-akademisyenleri-kabul-etti\\\/\"]}]},{\"@type\":\"ImageObject\",\"inLanguage\":\"tr\",\"@id\":\"https:\\\/\\\/haberkuzey.com\\\/index.php\\\/2024\\\/04\\\/30\\\/cumhurbaskani-ersin-tatar-dr-suat-gunsel-girne-universitesi-hastanesi-cocuk-sagligi-ve-hastaliklari-uzmani-prof-dr-ruveyde-bundak-ve-beraberindeki-akademisyenleri-kabul-etti\\\/#primaryimage\",\"url\":\"https:\\\/\\\/haberkuzey.com\\\/wp-content\\\/uploads\\\/2024\\\/04\\\/125006987.jpg\",\"contentUrl\":\"https:\\\/\\\/haberkuzey.com\\\/wp-content\\\/uploads\\\/2024\\\/04\\\/125006987.jpg\",\"width\":805,\"height\":400},{\"@type\":\"BreadcrumbList\",\"@id\":\"https:\\\/\\\/haberkuzey.com\\\/index.php\\\/2024\\\/04\\\/30\\\/cumhurbaskani-ersin-tatar-dr-suat-gunsel-girne-universitesi-hastanesi-cocuk-sagligi-ve-hastaliklari-uzmani-prof-dr-ruveyde-bundak-ve-beraberindeki-akademisyenleri-kabul-etti\\\/#breadcrumb\",\"itemListElement\":[{\"@type\":\"ListItem\",\"position\":1,\"name\":\"Anasayfa\",\"item\":\"https:\\\/\\\/haberkuzey.com\\\/\"},{\"@type\":\"ListItem\",\"position\":2,\"name\":\"Cumhurba\u015fkan\u0131 Ersin Tatar, Dr. Suat G\u00fcnsel Girne \u00dcniversitesi Hastanesi \u00c7ocuk Sa\u011fl\u0131\u011f\u0131 ve Hastal\u0131klar\u0131 Uzman\u0131 Prof. Dr. R\u00fcveyde Bundak ve beraberindeki akademisyenleri kabul etti\"}]},{\"@type\":\"WebSite\",\"@id\":\"https:\\\/\\\/haberkuzey.com\\\/#website\",\"url\":\"https:\\\/\\\/haberkuzey.com\\\/\",\"name\":\"Haber Kuzey\",\"description\":\"Do\u011fru Haberin Adresi\",\"potentialAction\":[{\"@type\":\"SearchAction\",\"target\":{\"@type\":\"EntryPoint\",\"urlTemplate\":\"https:\\\/\\\/haberkuzey.com\\\/?s={search_term_string}\"},\"query-input\":{\"@type\":\"PropertyValueSpecification\",\"valueRequired\":true,\"valueName\":\"search_term_string\"}}],\"inLanguage\":\"tr\"},{\"@type\":\"Person\",\"@id\":\"https:\\\/\\\/haberkuzey.com\\\/#\\\/schema\\\/person\\\/3372109ec735f9333f4fa47ebb9605ca\",\"name\":\"haberkuzey\",\"image\":{\"@type\":\"ImageObject\",\"inLanguage\":\"tr\",\"@id\":\"https:\\\/\\\/secure.gravatar.com\\\/avatar\\\/f5fc875574b1575324358c3b9e6a32b8227aa5b74f3fa22e3cadb63e26fcc39c?s=96&d=mm&r=g\",\"url\":\"https:\\\/\\\/secure.gravatar.com\\\/avatar\\\/f5fc875574b1575324358c3b9e6a32b8227aa5b74f3fa22e3cadb63e26fcc39c?s=96&d=mm&r=g\",\"contentUrl\":\"https:\\\/\\\/secure.gravatar.com\\\/avatar\\\/f5fc875574b1575324358c3b9e6a32b8227aa5b74f3fa22e3cadb63e26fcc39c?s=96&d=mm&r=g\",\"caption\":\"haberkuzey\"},\"sameAs\":[\"https:\\\/\\\/haberkuzey.com\"],\"url\":\"https:\\\/\\\/haberkuzey.com\\\/index.php\\\/author\\\/haberkuzey\\\/\"}]}<\/script>\n<!-- \/ Yoast SEO plugin. -->","yoast_head_json":{"title":"Cumhurba\u015fkan\u0131 Ersin Tatar, Dr. Suat G\u00fcnsel Girne \u00dcniversitesi Hastanesi \u00c7ocuk Sa\u011fl\u0131\u011f\u0131 ve Hastal\u0131klar\u0131 Uzman\u0131 Prof. Dr. R\u00fcveyde Bundak ve beraberindeki akademisyenleri kabul etti - Haber Kuzey","robots":{"index":"index","follow":"follow","max-snippet":"max-snippet:-1","max-image-preview":"max-image-preview:large","max-video-preview":"max-video-preview:-1"},"canonical":"https:\/\/haberkuzey.com\/index.php\/2024\/04\/30\/cumhurbaskani-ersin-tatar-dr-suat-gunsel-girne-universitesi-hastanesi-cocuk-sagligi-ve-hastaliklari-uzmani-prof-dr-ruveyde-bundak-ve-beraberindeki-akademisyenleri-kabul-etti\/","og_locale":"tr_TR","og_type":"article","og_title":"Cumhurba\u015fkan\u0131 Ersin Tatar, Dr. Suat G\u00fcnsel Girne \u00dcniversitesi Hastanesi \u00c7ocuk Sa\u011fl\u0131\u011f\u0131 ve Hastal\u0131klar\u0131 Uzman\u0131 Prof. Dr. R\u00fcveyde Bundak ve beraberindeki akademisyenleri kabul etti - Haber Kuzey","og_description":"Cumhurba\u015fkan\u0131 Ersin Tatar, Dr. Suat G\u00fcnsel Girne \u00dcniversitesi Hastanesi \u00c7ocuk Sa\u011fl\u0131\u011f\u0131 ve Hastal\u0131klar\u0131 Uzman\u0131 Prof. Dr. R\u00fcveyde Bundak ve beraberindeki akademisyenleri kabul etti Kabulde Cumhurba\u015fkan\u0131 Tatar, Girne \u00dcniversitesi ve Yak\u0131n Do\u011fu \u00dcniversitesi T\u0131p Fak\u00fclteleri \u00c7ocuk Endokrinoloji ve Diyabet Bilim Dallar\u0131 ve Dr. Burhan Nalbanto\u011flu i\u015f birli\u011finde \u00c7ocuk Endokrinoloji ve Diyabet Derne\u011fi taraf\u0131ndan d\u00fczenlenecek olan 28. [&hellip;]","og_url":"https:\/\/haberkuzey.com\/index.php\/2024\/04\/30\/cumhurbaskani-ersin-tatar-dr-suat-gunsel-girne-universitesi-hastanesi-cocuk-sagligi-ve-hastaliklari-uzmani-prof-dr-ruveyde-bundak-ve-beraberindeki-akademisyenleri-kabul-etti\/","og_site_name":"Haber Kuzey","article_published_time":"2024-04-30T12:09:12+00:00","og_image":[{"width":805,"height":400,"url":"https:\/\/haberkuzey.com\/wp-content\/uploads\/2024\/04\/125006987.jpg","type":"image\/jpeg"}],"author":"haberkuzey","twitter_card":"summary_large_image","twitter_misc":{"Yazan:":"haberkuzey","Tahmini okuma s\u00fcresi":"1 dakika"},"schema":{"@context":"https:\/\/schema.org","@graph":[{"@type":"Article","@id":"https:\/\/haberkuzey.com\/index.php\/2024\/04\/30\/cumhurbaskani-ersin-tatar-dr-suat-gunsel-girne-universitesi-hastanesi-cocuk-sagligi-ve-hastaliklari-uzmani-prof-dr-ruveyde-bundak-ve-beraberindeki-akademisyenleri-kabul-etti\/#article","isPartOf":{"@id":"https:\/\/haberkuzey.com\/index.php\/2024\/04\/30\/cumhurbaskani-ersin-tatar-dr-suat-gunsel-girne-universitesi-hastanesi-cocuk-sagligi-ve-hastaliklari-uzmani-prof-dr-ruveyde-bundak-ve-beraberindeki-akademisyenleri-kabul-etti\/"},"author":{"name":"haberkuzey","@id":"https:\/\/haberkuzey.com\/#\/schema\/person\/3372109ec735f9333f4fa47ebb9605ca"},"headline":"Cumhurba\u015fkan\u0131 Ersin Tatar, Dr. Suat G\u00fcnsel Girne \u00dcniversitesi Hastanesi \u00c7ocuk Sa\u011fl\u0131\u011f\u0131 ve Hastal\u0131klar\u0131 Uzman\u0131 Prof. Dr. R\u00fcveyde Bundak ve beraberindeki akademisyenleri kabul etti","datePublished":"2024-04-30T12:09:12+00:00","mainEntityOfPage":{"@id":"https:\/\/haberkuzey.com\/index.php\/2024\/04\/30\/cumhurbaskani-ersin-tatar-dr-suat-gunsel-girne-universitesi-hastanesi-cocuk-sagligi-ve-hastaliklari-uzmani-prof-dr-ruveyde-bundak-ve-beraberindeki-akademisyenleri-kabul-etti\/"},"wordCount":239,"commentCount":0,"image":{"@id":"https:\/\/haberkuzey.com\/index.php\/2024\/04\/30\/cumhurbaskani-ersin-tatar-dr-suat-gunsel-girne-universitesi-hastanesi-cocuk-sagligi-ve-hastaliklari-uzmani-prof-dr-ruveyde-bundak-ve-beraberindeki-akademisyenleri-kabul-etti\/#primaryimage"},"thumbnailUrl":"https:\/\/haberkuzey.com\/wp-content\/uploads\/2024\/04\/125006987.jpg","articleSection":["K\u0131br\u0131s"],"inLanguage":"tr","potentialAction":[{"@type":"CommentAction","name":"Comment","target":["https:\/\/haberkuzey.com\/index.php\/2024\/04\/30\/cumhurbaskani-ersin-tatar-dr-suat-gunsel-girne-universitesi-hastanesi-cocuk-sagligi-ve-hastaliklari-uzmani-prof-dr-ruveyde-bundak-ve-beraberindeki-akademisyenleri-kabul-etti\/#respond"]}]},{"@type":"WebPage","@id":"https:\/\/haberkuzey.com\/index.php\/2024\/04\/30\/cumhurbaskani-ersin-tatar-dr-suat-gunsel-girne-universitesi-hastanesi-cocuk-sagligi-ve-hastaliklari-uzmani-prof-dr-ruveyde-bundak-ve-beraberindeki-akademisyenleri-kabul-etti\/","url":"https:\/\/haberkuzey.com\/index.php\/2024\/04\/30\/cumhurbaskani-ersin-tatar-dr-suat-gunsel-girne-universitesi-hastanesi-cocuk-sagligi-ve-hastaliklari-uzmani-prof-dr-ruveyde-bundak-ve-beraberindeki-akademisyenleri-kabul-etti\/","name":"Cumhurba\u015fkan\u0131 Ersin Tatar, Dr. Suat G\u00fcnsel Girne \u00dcniversitesi Hastanesi \u00c7ocuk Sa\u011fl\u0131\u011f\u0131 ve Hastal\u0131klar\u0131 Uzman\u0131 Prof. Dr. R\u00fcveyde Bundak ve beraberindeki akademisyenleri kabul etti - Haber Kuzey","isPartOf":{"@id":"https:\/\/haberkuzey.com\/#website"},"primaryImageOfPage":{"@id":"https:\/\/haberkuzey.com\/index.php\/2024\/04\/30\/cumhurbaskani-ersin-tatar-dr-suat-gunsel-girne-universitesi-hastanesi-cocuk-sagligi-ve-hastaliklari-uzmani-prof-dr-ruveyde-bundak-ve-beraberindeki-akademisyenleri-kabul-etti\/#primaryimage"},"image":{"@id":"https:\/\/haberkuzey.com\/index.php\/2024\/04\/30\/cumhurbaskani-ersin-tatar-dr-suat-gunsel-girne-universitesi-hastanesi-cocuk-sagligi-ve-hastaliklari-uzmani-prof-dr-ruveyde-bundak-ve-beraberindeki-akademisyenleri-kabul-etti\/#primaryimage"},"thumbnailUrl":"https:\/\/haberkuzey.com\/wp-content\/uploads\/2024\/04\/125006987.jpg","datePublished":"2024-04-30T12:09:12+00:00","author":{"@id":"https:\/\/haberkuzey.com\/#\/schema\/person\/3372109ec735f9333f4fa47ebb9605ca"},"breadcrumb":{"@id":"https:\/\/haberkuzey.com\/index.php\/2024\/04\/30\/cumhurbaskani-ersin-tatar-dr-suat-gunsel-girne-universitesi-hastanesi-cocuk-sagligi-ve-hastaliklari-uzmani-prof-dr-ruveyde-bundak-ve-beraberindeki-akademisyenleri-kabul-etti\/#breadcrumb"},"inLanguage":"tr","potentialAction":[{"@type":"ReadAction","target":["https:\/\/haberkuzey.com\/index.php\/2024\/04\/30\/cumhurbaskani-ersin-tatar-dr-suat-gunsel-girne-universitesi-hastanesi-cocuk-sagligi-ve-hastaliklari-uzmani-prof-dr-ruveyde-bundak-ve-beraberindeki-akademisyenleri-kabul-etti\/"]}]},{"@type":"ImageObject","inLanguage":"tr","@id":"https:\/\/haberkuzey.com\/index.php\/2024\/04\/30\/cumhurbaskani-ersin-tatar-dr-suat-gunsel-girne-universitesi-hastanesi-cocuk-sagligi-ve-hastaliklari-uzmani-prof-dr-ruveyde-bundak-ve-beraberindeki-akademisyenleri-kabul-etti\/#primaryimage","url":"https:\/\/haberkuzey.com\/wp-content\/uploads\/2024\/04\/125006987.jpg","contentUrl":"https:\/\/haberkuzey.com\/wp-content\/uploads\/2024\/04\/125006987.jpg","width":805,"height":400},{"@type":"BreadcrumbList","@id":"https:\/\/haberkuzey.com\/index.php\/2024\/04\/30\/cumhurbaskani-ersin-tatar-dr-suat-gunsel-girne-universitesi-hastanesi-cocuk-sagligi-ve-hastaliklari-uzmani-prof-dr-ruveyde-bundak-ve-beraberindeki-akademisyenleri-kabul-etti\/#breadcrumb","itemListElement":[{"@type":"ListItem","position":1,"name":"Anasayfa","item":"https:\/\/haberkuzey.com\/"},{"@type":"ListItem","position":2,"name":"Cumhurba\u015fkan\u0131 Ersin Tatar, Dr. Suat G\u00fcnsel Girne \u00dcniversitesi Hastanesi \u00c7ocuk Sa\u011fl\u0131\u011f\u0131 ve Hastal\u0131klar\u0131 Uzman\u0131 Prof. Dr. R\u00fcveyde Bundak ve beraberindeki akademisyenleri kabul etti"}]},{"@type":"WebSite","@id":"https:\/\/haberkuzey.com\/#website","url":"https:\/\/haberkuzey.com\/","name":"Haber Kuzey","description":"Do\u011fru Haberin Adresi","potentialAction":[{"@type":"SearchAction","target":{"@type":"EntryPoint","urlTemplate":"https:\/\/haberkuzey.com\/?s={search_term_string}"},"query-input":{"@type":"PropertyValueSpecification","valueRequired":true,"valueName":"search_term_string"}}],"inLanguage":"tr"},{"@type":"Person","@id":"https:\/\/haberkuzey.com\/#\/schema\/person\/3372109ec735f9333f4fa47ebb9605ca","name":"haberkuzey","image":{"@type":"ImageObject","inLanguage":"tr","@id":"https:\/\/secure.gravatar.com\/avatar\/f5fc875574b1575324358c3b9e6a32b8227aa5b74f3fa22e3cadb63e26fcc39c?s=96&d=mm&r=g","url":"https:\/\/secure.gravatar.com\/avatar\/f5fc875574b1575324358c3b9e6a32b8227aa5b74f3fa22e3cadb63e26fcc39c?s=96&d=mm&r=g","contentUrl":"https:\/\/secure.gravatar.com\/avatar\/f5fc875574b1575324358c3b9e6a32b8227aa5b74f3fa22e3cadb63e26fcc39c?s=96&d=mm&r=g","caption":"haberkuzey"},"sameAs":["https:\/\/haberkuzey.com"],"url":"https:\/\/haberkuzey.com\/index.php\/author\/haberkuzey\/"}]}},"_links":{"self":[{"href":"https:\/\/haberkuzey.com\/index.php\/wp-json\/wp\/v2\/posts\/1016","targetHints":{"allow":["GET"]}}],"collection":[{"href":"https:\/\/haberkuzey.com\/index.php\/wp-json\/wp\/v2\/posts"}],"about":[{"href":"https:\/\/haberkuzey.com\/index.php\/wp-json\/wp\/v2\/types\/post"}],"author":[{"embeddable":true,"href":"https:\/\/haberkuzey.com\/index.php\/wp-json\/wp\/v2\/users\/1"}],"replies":[{"embeddable":true,"href":"https:\/\/haberkuzey.com\/index.php\/wp-json\/wp\/v2\/comments?post=1016"}],"version-history":[{"count":0,"href":"https:\/\/haberkuzey.com\/index.php\/wp-json\/wp\/v2\/posts\/1016\/revisions"}],"wp:featuredmedia":[{"embeddable":true,"href":"https:\/\/haberkuzey.com\/index.php\/wp-json\/wp\/v2\/media\/1017"}],"wp:attachment":[{"href":"https:\/\/haberkuzey.com\/index.php\/wp-json\/wp\/v2\/media?parent=1016"}],"wp:term":[{"taxonomy":"category","embeddable":true,"href":"https:\/\/haberkuzey.com\/index.php\/wp-json\/wp\/v2\/categories?post=1016"},{"taxonomy":"post_tag","embeddable":true,"href":"https:\/\/haberkuzey.com\/index.php\/wp-json\/wp\/v2\/tags?post=1016"}],"curies":[{"name":"wp","href":"https:\/\/api.w.org\/{rel}","templated":true}]}}