{"id":1008,"date":"2024-04-30T13:47:27","date_gmt":"2024-04-30T10:47:27","guid":{"rendered":"https:\/\/kuzeyinsesi.com\/index.php\/2024\/04\/30\/ctp-tum-halki-ara-bolgedeki-1-mayis-etkinligine-davet-etti\/"},"modified":"2024-04-30T13:47:27","modified_gmt":"2024-04-30T10:47:27","slug":"ctp-tum-halki-ara-bolgedeki-1-mayis-etkinligine-davet-etti","status":"publish","type":"post","link":"https:\/\/haberkuzey.com\/index.php\/2024\/04\/30\/ctp-tum-halki-ara-bolgedeki-1-mayis-etkinligine-davet-etti\/","title":{"rendered":"CTP, t\u00fcm halk\u0131 ara b\u00f6lgedeki 1 May\u0131s etkinli\u011fine davet etti"},"content":{"rendered":"<div>\n<div class=\"mariselle-image-container center\">\n                                            <\/div>\n<p>: Cumhuriyet\u00e7i T\u00fcrk Partisi, yar\u0131n saat 09.30\u2019da Ku\u011fulu Park\u2019ta toplanarak iki toplumlu etkinlikte bulu\u015fmak i\u00e7in ara b\u00f6lgedeki \u00c7etinkaya Sahas\u0131\u2019na y\u00fcr\u00fcyeceklerini belirterek, t\u00fcm halk\u0131, meydanlara, bar\u0131\u015fa ve eme\u011fe sahip \u00e7\u0131kmaya davet etti.<\/p>\n<p>CTP Genel Sekreteri As\u0131m Akansoy yapt\u0131\u011f\u0131 yaz\u0131l\u0131 a\u00e7\u0131klamada, 1 May\u0131s Emek ve Dayan\u0131\u015fma G\u00fcn\u00fc\u2019n\u00fcn, bu y\u0131l da ekonomik krizin g\u00f6lgesinde kutland\u0131\u011f\u0131n\u0131 s\u00f6yleyerek, \u201cAl\u0131m g\u00fcc\u00fcn\u00fcn d\u00fc\u015ft\u00fc\u011f\u00fc, gen\u00e7lerin g\u00f6zlerini g\u00f6\u00e7 yollar\u0131na dikti\u011fi, enflasyonun patlama yapt\u0131\u011f\u0131, emek\u00e7i halk\u0131n zor g\u00fcnler ge\u00e7irdi\u011fi g\u00fcn\u00fcm\u00fczde, 1 May\u0131s\u2019ta birlikte y\u00fcr\u00fcyece\u011fiz, birlikte ses verece\u011fiz\u201d dedi.<\/p>\n<p>T\u00fcm temel g\u0131da maddelerinin fiyatlar\u0131n\u0131n y\u00fckseldi\u011fini, emek\u00e7inin al\u0131m g\u00fcc\u00fcn\u00fcn g\u00fcnden g\u00fcne d\u00fc\u015ft\u00fc\u011f\u00fcn\u00fc s\u00f6yleyen Akansoy, a\u00e7\u0131klamas\u0131nda \u015fu ifadelere yer verdi:<\/p>\n<p>\u201c\u00dclke insan\u0131m\u0131z\u0131n kaliteli ya\u015fam s\u00fcrmesini sa\u011flayacak olan \u00f6nlemler ise ne yaz\u0131k ki ad\u0131na \u2018h\u00fck\u00fcmet\u2019 denen yap\u0131 taraf\u0131ndan al\u0131nmamaktad\u0131r. Bu da yetmezmi\u015f gibi g\u00fcn ge\u00e7miyor ki; bir konuda yolsuzluk, usuls\u00fczl\u00fck ortaya \u00e7\u0131kmas\u0131n. Diploma skandal\u0131, elektrik kurumunda yolsuzluk, ilaca eri\u015fimde zorluk, yani hayat\u0131n her alan\u0131nda kaos \u00fclkeyi y\u00f6netti\u011fini iddia edenlerin eseridir.<\/p>\n<p>\u00d6zel sekt\u00f6r emek\u00e7ilerini yok sayan, asgari \u00fccretliyi a\u00e7l\u0131\u011fa mahkum eden zihniyete kar\u015f\u0131 CTP olarak, \u00f6zelde sendikal \u00f6rg\u00fctlenmenin sa\u011flanmas\u0131na sonuna kadar destek olaca\u011f\u0131z.<\/p>\n<p>\u00c7al\u0131\u015fanlar aras\u0131ndaki sosyo-ekonomik hak ve \u00f6zg\u00fcrl\u00fck e\u015fitsizli\u011finin giderilmesi i\u00e7in ve federal \u00e7\u00f6z\u00fcm\u00fcn ger\u00e7ekle\u015ftirilmesi i\u00e7in \u00e7al\u0131\u015fmaya y\u0131lmadan devam edece\u011fiz.\u201d<\/p>\n<\/p><\/div>\n<p><script async\n                    defer\n                    crossorigin=\"anonymous\"\n                    src=\"https:\/\/connect.facebook.net\/tr_TR\/sdk.js#xfbml=1&#038;version=v3.3\"\n            ><\/script><\/p>\n","protected":false},"excerpt":{"rendered":"<p>: Cumhuriyet\u00e7i T\u00fcrk Partisi, yar\u0131n saat 09.30\u2019da Ku\u011fulu Park\u2019ta toplanarak iki toplumlu etkinlikte bulu\u015fmak i\u00e7in ara b\u00f6lgedeki \u00c7etinkaya Sahas\u0131\u2019na y\u00fcr\u00fcyeceklerini belirterek, t\u00fcm halk\u0131, meydanlara, bar\u0131\u015fa ve eme\u011fe sahip \u00e7\u0131kmaya davet etti. CTP Genel Sekreteri As\u0131m Akansoy yapt\u0131\u011f\u0131 yaz\u0131l\u0131 a\u00e7\u0131klamada, 1 May\u0131s Emek ve Dayan\u0131\u015fma G\u00fcn\u00fc\u2019n\u00fcn, bu y\u0131l da ekonomik krizin g\u00f6lgesinde kutland\u0131\u011f\u0131n\u0131 s\u00f6yleyerek, \u201cAl\u0131m g\u00fcc\u00fcn\u00fcn [&hellip;]<\/p>\n","protected":false},"author":1,"featured_media":1009,"comment_status":"open","ping_status":"open","sticky":false,"template":"","format":"standard","meta":{"jnews-multi-image_gallery":[],"jnews_single_post":[],"jnews_primary_category":[],"footnotes":""},"categories":[1],"tags":[],"class_list":["post-1008","post","type-post","status-publish","format-standard","has-post-thumbnail","hentry","category-kibris"],"yoast_head":"<!-- This site is optimized with the Yoast SEO plugin v27.5 - https:\/\/yoast.com\/product\/yoast-seo-wordpress\/ -->\n<title>CTP, t\u00fcm halk\u0131 ara b\u00f6lgedeki 1 May\u0131s etkinli\u011fine davet etti - Haber Kuzey<\/title>\n<meta name=\"robots\" content=\"index, follow, max-snippet:-1, max-image-preview:large, max-video-preview:-1\" \/>\n<link rel=\"canonical\" href=\"https:\/\/haberkuzey.com\/index.php\/2024\/04\/30\/ctp-tum-halki-ara-bolgedeki-1-mayis-etkinligine-davet-etti\/\" \/>\n<meta property=\"og:locale\" content=\"tr_TR\" \/>\n<meta property=\"og:type\" content=\"article\" \/>\n<meta property=\"og:title\" content=\"CTP, t\u00fcm halk\u0131 ara b\u00f6lgedeki 1 May\u0131s etkinli\u011fine davet etti - Haber Kuzey\" \/>\n<meta property=\"og:description\" content=\": Cumhuriyet\u00e7i T\u00fcrk Partisi, yar\u0131n saat 09.30\u2019da Ku\u011fulu Park\u2019ta toplanarak iki toplumlu etkinlikte bulu\u015fmak i\u00e7in ara b\u00f6lgedeki \u00c7etinkaya Sahas\u0131\u2019na y\u00fcr\u00fcyeceklerini belirterek, t\u00fcm halk\u0131, meydanlara, bar\u0131\u015fa ve eme\u011fe sahip \u00e7\u0131kmaya davet etti. CTP Genel Sekreteri As\u0131m Akansoy yapt\u0131\u011f\u0131 yaz\u0131l\u0131 a\u00e7\u0131klamada, 1 May\u0131s Emek ve Dayan\u0131\u015fma G\u00fcn\u00fc\u2019n\u00fcn, bu y\u0131l da ekonomik krizin g\u00f6lgesinde kutland\u0131\u011f\u0131n\u0131 s\u00f6yleyerek, \u201cAl\u0131m g\u00fcc\u00fcn\u00fcn [&hellip;]\" \/>\n<meta property=\"og:url\" content=\"https:\/\/haberkuzey.com\/index.php\/2024\/04\/30\/ctp-tum-halki-ara-bolgedeki-1-mayis-etkinligine-davet-etti\/\" \/>\n<meta property=\"og:site_name\" content=\"Haber Kuzey\" \/>\n<meta property=\"article:published_time\" content=\"2024-04-30T10:47:27+00:00\" \/>\n<meta property=\"og:image\" content=\"https:\/\/haberkuzey.com\/wp-content\/uploads\/2024\/04\/ctp46.jpg\" \/>\n\t<meta property=\"og:image:width\" content=\"971\" \/>\n\t<meta property=\"og:image:height\" content=\"551\" \/>\n\t<meta property=\"og:image:type\" content=\"image\/jpeg\" \/>\n<meta name=\"author\" content=\"haberkuzey\" \/>\n<meta name=\"twitter:card\" content=\"summary_large_image\" \/>\n<meta name=\"twitter:label1\" content=\"Yazan:\" \/>\n\t<meta name=\"twitter:data1\" content=\"haberkuzey\" \/>\n\t<meta name=\"twitter:label2\" content=\"Tahmini okuma s\u00fcresi\" \/>\n\t<meta name=\"twitter:data2\" content=\"1 dakika\" \/>\n<script type=\"application\/ld+json\" class=\"yoast-schema-graph\">{\"@context\":\"https:\\\/\\\/schema.org\",\"@graph\":[{\"@type\":\"Article\",\"@id\":\"https:\\\/\\\/haberkuzey.com\\\/index.php\\\/2024\\\/04\\\/30\\\/ctp-tum-halki-ara-bolgedeki-1-mayis-etkinligine-davet-etti\\\/#article\",\"isPartOf\":{\"@id\":\"https:\\\/\\\/haberkuzey.com\\\/index.php\\\/2024\\\/04\\\/30\\\/ctp-tum-halki-ara-bolgedeki-1-mayis-etkinligine-davet-etti\\\/\"},\"author\":{\"name\":\"haberkuzey\",\"@id\":\"https:\\\/\\\/haberkuzey.com\\\/#\\\/schema\\\/person\\\/3372109ec735f9333f4fa47ebb9605ca\"},\"headline\":\"CTP, t\u00fcm halk\u0131 ara b\u00f6lgedeki 1 May\u0131s etkinli\u011fine davet etti\",\"datePublished\":\"2024-04-30T10:47:27+00:00\",\"mainEntityOfPage\":{\"@id\":\"https:\\\/\\\/haberkuzey.com\\\/index.php\\\/2024\\\/04\\\/30\\\/ctp-tum-halki-ara-bolgedeki-1-mayis-etkinligine-davet-etti\\\/\"},\"wordCount\":309,\"commentCount\":0,\"image\":{\"@id\":\"https:\\\/\\\/haberkuzey.com\\\/index.php\\\/2024\\\/04\\\/30\\\/ctp-tum-halki-ara-bolgedeki-1-mayis-etkinligine-davet-etti\\\/#primaryimage\"},\"thumbnailUrl\":\"https:\\\/\\\/haberkuzey.com\\\/wp-content\\\/uploads\\\/2024\\\/04\\\/ctp46.jpg\",\"articleSection\":[\"K\u0131br\u0131s\"],\"inLanguage\":\"tr\",\"potentialAction\":[{\"@type\":\"CommentAction\",\"name\":\"Comment\",\"target\":[\"https:\\\/\\\/haberkuzey.com\\\/index.php\\\/2024\\\/04\\\/30\\\/ctp-tum-halki-ara-bolgedeki-1-mayis-etkinligine-davet-etti\\\/#respond\"]}]},{\"@type\":\"WebPage\",\"@id\":\"https:\\\/\\\/haberkuzey.com\\\/index.php\\\/2024\\\/04\\\/30\\\/ctp-tum-halki-ara-bolgedeki-1-mayis-etkinligine-davet-etti\\\/\",\"url\":\"https:\\\/\\\/haberkuzey.com\\\/index.php\\\/2024\\\/04\\\/30\\\/ctp-tum-halki-ara-bolgedeki-1-mayis-etkinligine-davet-etti\\\/\",\"name\":\"CTP, t\u00fcm halk\u0131 ara b\u00f6lgedeki 1 May\u0131s etkinli\u011fine davet etti - Haber Kuzey\",\"isPartOf\":{\"@id\":\"https:\\\/\\\/haberkuzey.com\\\/#website\"},\"primaryImageOfPage\":{\"@id\":\"https:\\\/\\\/haberkuzey.com\\\/index.php\\\/2024\\\/04\\\/30\\\/ctp-tum-halki-ara-bolgedeki-1-mayis-etkinligine-davet-etti\\\/#primaryimage\"},\"image\":{\"@id\":\"https:\\\/\\\/haberkuzey.com\\\/index.php\\\/2024\\\/04\\\/30\\\/ctp-tum-halki-ara-bolgedeki-1-mayis-etkinligine-davet-etti\\\/#primaryimage\"},\"thumbnailUrl\":\"https:\\\/\\\/haberkuzey.com\\\/wp-content\\\/uploads\\\/2024\\\/04\\\/ctp46.jpg\",\"datePublished\":\"2024-04-30T10:47:27+00:00\",\"author\":{\"@id\":\"https:\\\/\\\/haberkuzey.com\\\/#\\\/schema\\\/person\\\/3372109ec735f9333f4fa47ebb9605ca\"},\"breadcrumb\":{\"@id\":\"https:\\\/\\\/haberkuzey.com\\\/index.php\\\/2024\\\/04\\\/30\\\/ctp-tum-halki-ara-bolgedeki-1-mayis-etkinligine-davet-etti\\\/#breadcrumb\"},\"inLanguage\":\"tr\",\"potentialAction\":[{\"@type\":\"ReadAction\",\"target\":[\"https:\\\/\\\/haberkuzey.com\\\/index.php\\\/2024\\\/04\\\/30\\\/ctp-tum-halki-ara-bolgedeki-1-mayis-etkinligine-davet-etti\\\/\"]}]},{\"@type\":\"ImageObject\",\"inLanguage\":\"tr\",\"@id\":\"https:\\\/\\\/haberkuzey.com\\\/index.php\\\/2024\\\/04\\\/30\\\/ctp-tum-halki-ara-bolgedeki-1-mayis-etkinligine-davet-etti\\\/#primaryimage\",\"url\":\"https:\\\/\\\/haberkuzey.com\\\/wp-content\\\/uploads\\\/2024\\\/04\\\/ctp46.jpg\",\"contentUrl\":\"https:\\\/\\\/haberkuzey.com\\\/wp-content\\\/uploads\\\/2024\\\/04\\\/ctp46.jpg\",\"width\":971,\"height\":551},{\"@type\":\"BreadcrumbList\",\"@id\":\"https:\\\/\\\/haberkuzey.com\\\/index.php\\\/2024\\\/04\\\/30\\\/ctp-tum-halki-ara-bolgedeki-1-mayis-etkinligine-davet-etti\\\/#breadcrumb\",\"itemListElement\":[{\"@type\":\"ListItem\",\"position\":1,\"name\":\"Anasayfa\",\"item\":\"https:\\\/\\\/haberkuzey.com\\\/\"},{\"@type\":\"ListItem\",\"position\":2,\"name\":\"CTP, t\u00fcm halk\u0131 ara b\u00f6lgedeki 1 May\u0131s etkinli\u011fine davet etti\"}]},{\"@type\":\"WebSite\",\"@id\":\"https:\\\/\\\/haberkuzey.com\\\/#website\",\"url\":\"https:\\\/\\\/haberkuzey.com\\\/\",\"name\":\"Haber Kuzey\",\"description\":\"Do\u011fru Haberin Adresi\",\"potentialAction\":[{\"@type\":\"SearchAction\",\"target\":{\"@type\":\"EntryPoint\",\"urlTemplate\":\"https:\\\/\\\/haberkuzey.com\\\/?s={search_term_string}\"},\"query-input\":{\"@type\":\"PropertyValueSpecification\",\"valueRequired\":true,\"valueName\":\"search_term_string\"}}],\"inLanguage\":\"tr\"},{\"@type\":\"Person\",\"@id\":\"https:\\\/\\\/haberkuzey.com\\\/#\\\/schema\\\/person\\\/3372109ec735f9333f4fa47ebb9605ca\",\"name\":\"haberkuzey\",\"image\":{\"@type\":\"ImageObject\",\"inLanguage\":\"tr\",\"@id\":\"https:\\\/\\\/secure.gravatar.com\\\/avatar\\\/f5fc875574b1575324358c3b9e6a32b8227aa5b74f3fa22e3cadb63e26fcc39c?s=96&d=mm&r=g\",\"url\":\"https:\\\/\\\/secure.gravatar.com\\\/avatar\\\/f5fc875574b1575324358c3b9e6a32b8227aa5b74f3fa22e3cadb63e26fcc39c?s=96&d=mm&r=g\",\"contentUrl\":\"https:\\\/\\\/secure.gravatar.com\\\/avatar\\\/f5fc875574b1575324358c3b9e6a32b8227aa5b74f3fa22e3cadb63e26fcc39c?s=96&d=mm&r=g\",\"caption\":\"haberkuzey\"},\"sameAs\":[\"https:\\\/\\\/haberkuzey.com\"],\"url\":\"https:\\\/\\\/haberkuzey.com\\\/index.php\\\/author\\\/haberkuzey\\\/\"}]}<\/script>\n<!-- \/ Yoast SEO plugin. -->","yoast_head_json":{"title":"CTP, t\u00fcm halk\u0131 ara b\u00f6lgedeki 1 May\u0131s etkinli\u011fine davet etti - Haber Kuzey","robots":{"index":"index","follow":"follow","max-snippet":"max-snippet:-1","max-image-preview":"max-image-preview:large","max-video-preview":"max-video-preview:-1"},"canonical":"https:\/\/haberkuzey.com\/index.php\/2024\/04\/30\/ctp-tum-halki-ara-bolgedeki-1-mayis-etkinligine-davet-etti\/","og_locale":"tr_TR","og_type":"article","og_title":"CTP, t\u00fcm halk\u0131 ara b\u00f6lgedeki 1 May\u0131s etkinli\u011fine davet etti - Haber Kuzey","og_description":": Cumhuriyet\u00e7i T\u00fcrk Partisi, yar\u0131n saat 09.30\u2019da Ku\u011fulu Park\u2019ta toplanarak iki toplumlu etkinlikte bulu\u015fmak i\u00e7in ara b\u00f6lgedeki \u00c7etinkaya Sahas\u0131\u2019na y\u00fcr\u00fcyeceklerini belirterek, t\u00fcm halk\u0131, meydanlara, bar\u0131\u015fa ve eme\u011fe sahip \u00e7\u0131kmaya davet etti. CTP Genel Sekreteri As\u0131m Akansoy yapt\u0131\u011f\u0131 yaz\u0131l\u0131 a\u00e7\u0131klamada, 1 May\u0131s Emek ve Dayan\u0131\u015fma G\u00fcn\u00fc\u2019n\u00fcn, bu y\u0131l da ekonomik krizin g\u00f6lgesinde kutland\u0131\u011f\u0131n\u0131 s\u00f6yleyerek, \u201cAl\u0131m g\u00fcc\u00fcn\u00fcn [&hellip;]","og_url":"https:\/\/haberkuzey.com\/index.php\/2024\/04\/30\/ctp-tum-halki-ara-bolgedeki-1-mayis-etkinligine-davet-etti\/","og_site_name":"Haber Kuzey","article_published_time":"2024-04-30T10:47:27+00:00","og_image":[{"width":971,"height":551,"url":"https:\/\/haberkuzey.com\/wp-content\/uploads\/2024\/04\/ctp46.jpg","type":"image\/jpeg"}],"author":"haberkuzey","twitter_card":"summary_large_image","twitter_misc":{"Yazan:":"haberkuzey","Tahmini okuma s\u00fcresi":"1 dakika"},"schema":{"@context":"https:\/\/schema.org","@graph":[{"@type":"Article","@id":"https:\/\/haberkuzey.com\/index.php\/2024\/04\/30\/ctp-tum-halki-ara-bolgedeki-1-mayis-etkinligine-davet-etti\/#article","isPartOf":{"@id":"https:\/\/haberkuzey.com\/index.php\/2024\/04\/30\/ctp-tum-halki-ara-bolgedeki-1-mayis-etkinligine-davet-etti\/"},"author":{"name":"haberkuzey","@id":"https:\/\/haberkuzey.com\/#\/schema\/person\/3372109ec735f9333f4fa47ebb9605ca"},"headline":"CTP, t\u00fcm halk\u0131 ara b\u00f6lgedeki 1 May\u0131s etkinli\u011fine davet etti","datePublished":"2024-04-30T10:47:27+00:00","mainEntityOfPage":{"@id":"https:\/\/haberkuzey.com\/index.php\/2024\/04\/30\/ctp-tum-halki-ara-bolgedeki-1-mayis-etkinligine-davet-etti\/"},"wordCount":309,"commentCount":0,"image":{"@id":"https:\/\/haberkuzey.com\/index.php\/2024\/04\/30\/ctp-tum-halki-ara-bolgedeki-1-mayis-etkinligine-davet-etti\/#primaryimage"},"thumbnailUrl":"https:\/\/haberkuzey.com\/wp-content\/uploads\/2024\/04\/ctp46.jpg","articleSection":["K\u0131br\u0131s"],"inLanguage":"tr","potentialAction":[{"@type":"CommentAction","name":"Comment","target":["https:\/\/haberkuzey.com\/index.php\/2024\/04\/30\/ctp-tum-halki-ara-bolgedeki-1-mayis-etkinligine-davet-etti\/#respond"]}]},{"@type":"WebPage","@id":"https:\/\/haberkuzey.com\/index.php\/2024\/04\/30\/ctp-tum-halki-ara-bolgedeki-1-mayis-etkinligine-davet-etti\/","url":"https:\/\/haberkuzey.com\/index.php\/2024\/04\/30\/ctp-tum-halki-ara-bolgedeki-1-mayis-etkinligine-davet-etti\/","name":"CTP, t\u00fcm halk\u0131 ara b\u00f6lgedeki 1 May\u0131s etkinli\u011fine davet etti - Haber Kuzey","isPartOf":{"@id":"https:\/\/haberkuzey.com\/#website"},"primaryImageOfPage":{"@id":"https:\/\/haberkuzey.com\/index.php\/2024\/04\/30\/ctp-tum-halki-ara-bolgedeki-1-mayis-etkinligine-davet-etti\/#primaryimage"},"image":{"@id":"https:\/\/haberkuzey.com\/index.php\/2024\/04\/30\/ctp-tum-halki-ara-bolgedeki-1-mayis-etkinligine-davet-etti\/#primaryimage"},"thumbnailUrl":"https:\/\/haberkuzey.com\/wp-content\/uploads\/2024\/04\/ctp46.jpg","datePublished":"2024-04-30T10:47:27+00:00","author":{"@id":"https:\/\/haberkuzey.com\/#\/schema\/person\/3372109ec735f9333f4fa47ebb9605ca"},"breadcrumb":{"@id":"https:\/\/haberkuzey.com\/index.php\/2024\/04\/30\/ctp-tum-halki-ara-bolgedeki-1-mayis-etkinligine-davet-etti\/#breadcrumb"},"inLanguage":"tr","potentialAction":[{"@type":"ReadAction","target":["https:\/\/haberkuzey.com\/index.php\/2024\/04\/30\/ctp-tum-halki-ara-bolgedeki-1-mayis-etkinligine-davet-etti\/"]}]},{"@type":"ImageObject","inLanguage":"tr","@id":"https:\/\/haberkuzey.com\/index.php\/2024\/04\/30\/ctp-tum-halki-ara-bolgedeki-1-mayis-etkinligine-davet-etti\/#primaryimage","url":"https:\/\/haberkuzey.com\/wp-content\/uploads\/2024\/04\/ctp46.jpg","contentUrl":"https:\/\/haberkuzey.com\/wp-content\/uploads\/2024\/04\/ctp46.jpg","width":971,"height":551},{"@type":"BreadcrumbList","@id":"https:\/\/haberkuzey.com\/index.php\/2024\/04\/30\/ctp-tum-halki-ara-bolgedeki-1-mayis-etkinligine-davet-etti\/#breadcrumb","itemListElement":[{"@type":"ListItem","position":1,"name":"Anasayfa","item":"https:\/\/haberkuzey.com\/"},{"@type":"ListItem","position":2,"name":"CTP, t\u00fcm halk\u0131 ara b\u00f6lgedeki 1 May\u0131s etkinli\u011fine davet etti"}]},{"@type":"WebSite","@id":"https:\/\/haberkuzey.com\/#website","url":"https:\/\/haberkuzey.com\/","name":"Haber Kuzey","description":"Do\u011fru Haberin Adresi","potentialAction":[{"@type":"SearchAction","target":{"@type":"EntryPoint","urlTemplate":"https:\/\/haberkuzey.com\/?s={search_term_string}"},"query-input":{"@type":"PropertyValueSpecification","valueRequired":true,"valueName":"search_term_string"}}],"inLanguage":"tr"},{"@type":"Person","@id":"https:\/\/haberkuzey.com\/#\/schema\/person\/3372109ec735f9333f4fa47ebb9605ca","name":"haberkuzey","image":{"@type":"ImageObject","inLanguage":"tr","@id":"https:\/\/secure.gravatar.com\/avatar\/f5fc875574b1575324358c3b9e6a32b8227aa5b74f3fa22e3cadb63e26fcc39c?s=96&d=mm&r=g","url":"https:\/\/secure.gravatar.com\/avatar\/f5fc875574b1575324358c3b9e6a32b8227aa5b74f3fa22e3cadb63e26fcc39c?s=96&d=mm&r=g","contentUrl":"https:\/\/secure.gravatar.com\/avatar\/f5fc875574b1575324358c3b9e6a32b8227aa5b74f3fa22e3cadb63e26fcc39c?s=96&d=mm&r=g","caption":"haberkuzey"},"sameAs":["https:\/\/haberkuzey.com"],"url":"https:\/\/haberkuzey.com\/index.php\/author\/haberkuzey\/"}]}},"_links":{"self":[{"href":"https:\/\/haberkuzey.com\/index.php\/wp-json\/wp\/v2\/posts\/1008","targetHints":{"allow":["GET"]}}],"collection":[{"href":"https:\/\/haberkuzey.com\/index.php\/wp-json\/wp\/v2\/posts"}],"about":[{"href":"https:\/\/haberkuzey.com\/index.php\/wp-json\/wp\/v2\/types\/post"}],"author":[{"embeddable":true,"href":"https:\/\/haberkuzey.com\/index.php\/wp-json\/wp\/v2\/users\/1"}],"replies":[{"embeddable":true,"href":"https:\/\/haberkuzey.com\/index.php\/wp-json\/wp\/v2\/comments?post=1008"}],"version-history":[{"count":0,"href":"https:\/\/haberkuzey.com\/index.php\/wp-json\/wp\/v2\/posts\/1008\/revisions"}],"wp:featuredmedia":[{"embeddable":true,"href":"https:\/\/haberkuzey.com\/index.php\/wp-json\/wp\/v2\/media\/1009"}],"wp:attachment":[{"href":"https:\/\/haberkuzey.com\/index.php\/wp-json\/wp\/v2\/media?parent=1008"}],"wp:term":[{"taxonomy":"category","embeddable":true,"href":"https:\/\/haberkuzey.com\/index.php\/wp-json\/wp\/v2\/categories?post=1008"},{"taxonomy":"post_tag","embeddable":true,"href":"https:\/\/haberkuzey.com\/index.php\/wp-json\/wp\/v2\/tags?post=1008"}],"curies":[{"name":"wp","href":"https:\/\/api.w.org\/{rel}","templated":true}]}}